{"id":62620,"date":"2019-10-20T15:24:06","date_gmt":"2019-10-20T12:24:06","guid":{"rendered":"http:\/\/www.btv.md\/?p=62620"},"modified":"2019-10-20T15:24:06","modified_gmt":"2019-10-20T12:24:06","slug":"elevii-de-la-doua-licee-din-capitala-s-au-batut-in-plina-zi-in-fata-unui-local","status":"publish","type":"post","link":"https:\/\/www.btv.md\/ro\/elevii-de-la-doua-licee-din-capitala-s-au-batut-in-plina-zi-in-fata-unui-local\/","title":{"rendered":"Elevii de la dou\u0103 licee din capital\u0103 s-au b\u0103tut \u00een plin\u0103 zi \u00een fa\u021ba unui local"},"content":{"rendered":"<p><strong>Trei elevi din clasa a XI-a de la Liceul \u201eMircea Eliade\u201d au fost snopiti in bataie in plina zi intr-un local din centrul capitalei. Incidentul a avut loc vineri, 4 octombrie, iar in urma incaierarii, minorii au avut nevoie de ingrijiri medicale. Camerele de supraveghere instalate in local au surprins momentele in care cei trei minori sunt luati la pumni de un grup de de elevi de clasa a XII-a la Liceul \u201eGheorghe Asachi\u201d, scrie ZdG.md<\/strong><\/p>\n<p><em>\u201eCopiii sunt in clasa a XI-a, iar in acea zi au avut lectii prescurtate, asa ca s-au eliberat mai devreme si au mers la un ceai, o cafea, la restaurant. Erau cinci baieti si o fata. In video se vede cum apare un baiat si cauta bataie. Fiul meu, pana in ziua de azi, imi spune ca nu stie care este motivul bataii\u201d<\/em>, a povestit tatal unuia dintre minorii agresati.<\/p>\n<p>Din imaginile video se vede ca unul dintre elevii de la \u201eGheorghe Asachi\u201d se apropie de masa la care stateau elevii de la \u201eMircea Eliade\u201d, iar la un moment dat, ii aplica unui baiat o lovitura puternica cu cotul. Ulterior, cei trei minori, insotiti de cativa baieti din gasca de alaturi, au iesit din local, iar conflictul a degenerat.<\/p>\n<p>Potrivit tatalui unuia dintre minori, cele doua grupuri de elevi nu se cunosteau. Totodata, acesta declara ca nu cunoaste motivele care au generat bataia.<\/p>\n<p><em>\u201eIn timpul bataii, oamenii si chelnerii se apropiau de geam si se uitau cum se bat. A trecut un anumit timp, iar chelnerul nu a reactionat. Nu a chemat paza. Paza trebuia sa fie acolo in 3, 4, maxim cinci minute. Pe mine m-a telefonat baiatul si de la Buiucani am ajuns acolo in vreo 15 minute. Fiul meu a fost internat la spitalul Cotaga. La spital a fost cusut la ochi si a stat in stationar o saptamana\u201d,<\/em>\u00a0povesteste Alexandru Cozmac.<\/p>\n<p>De cealalta parte, administratia localului si unul dintre chelneri declara ca a apelat la paza imediat ce a sesizat conflictul.<\/p>\n<p><em>\u201eDaca au chemat paza, asta deja inseamna ca ei au reactionat. Ce trebuiau sa faca? Daca paza a venit tarziu, asta e deja intrebarea catre paza\u201d,<\/em>\u00a0a declarat administratoarea localului.<\/p>\n<p>Ziarul de Garda a reusit sa ia legatura cu unul dintre elevii de la Liceul \u201eGheorghe Asachi\u201d, implicat in altercatie.<\/p>\n<p><em>\u201eAltercatia a fost provocata de ei. Cand am iesit afara, se observa ca primul a fost lovit colegul nostru. Stiu ca in local ei radeau in mod ironic de noi, dar noi nu le atrageam atentia. Vatamari corporale au atat ei, cat si noi. Evident ca ne pare rau, insa conflictul nu a fost iscat de noi. Nimeni nu ar fi vrut sa se ajunga pana aici. Noi suntem absolventi si nu ne trebuiesc probleme. Mai mult imaginea liceului are de suferit\u201d<\/em>, a povestit elevul.<\/p>\n<div id=\"fb-root\"><\/div>\n<p><script async=\"1\" defer=\"1\" crossorigin=\"anonymous\" src=\"https:\/\/connect.facebook.net\/de_DE\/sdk.js#xfbml=1&amp;version=v4.0\"><\/script><\/p>\n<div class=\"fb-video\" data-href=\"https:\/\/www.facebook.com\/btvmoldova\/videos\/2171194643173668\/\" data-width=\"1170\">\n<blockquote cite=\"https:\/\/www.facebook.com\/btvmoldova\/videos\/2171194643173668\/\" class=\"fb-xfbml-parse-ignore\"><p><a href=\"https:\/\/www.facebook.com\/btvmoldova\/videos\/2171194643173668\/\">Elevii de la dou\u0103 licee din capital\u0103 s-au b\u0103tut \u00een plin\u0103 zi \u00een fa\u021ba unui local<\/a><\/p>\n<p>Elevii de la dou\u0103 licee din capital\u0103 s-au b\u0103tut \u00een plin\u0103 zi \u00een fa\u021ba unui local<\/p>\n<p>Gepostet von <a href=\"https:\/\/www.facebook.com\/btvmoldova\/\">\u0422\u0435\u043b\u0435\u043a\u043e\u043c\u043f\u0430\u043d\u0438\u044f BTV &#8211; Balti, \u0411\u0435\u043b\u044c\u0446\u044b<\/a> am Freitag, 18. Oktober 2019<\/p><\/blockquote>\n<\/div>\n","protected":false},"excerpt":{"rendered":"<p>Trei elevi din clasa a XI-a de la Liceul \u201eMircea Eliade\u201d au fost snopiti in bataie in plina zi intr-un local din centrul capitalei. Incidentul a avut loc vineri, 4 octombrie, iar in urma incaierarii, minorii au avut nevoie de ingrijiri medicale. Camerele de supraveghere instalate in local au surprins momentele in care cei trei [&hellip;]<\/p>\n","protected":false},"author":4,"featured_media":62622,"comment_status":"closed","ping_status":"closed","sticky":false,"template":"","format":"standard","meta":{"footnotes":""},"categories":[6349],"tags":[8364,7771,8683],"class_list":["post-62620","post","type-post","status-publish","format-standard","has-post-thumbnail","hentry","category-social","tag-bataie-ro","tag-elevi-ro","tag-local"],"yoast_head":"<!-- This site is optimized with the Yoast SEO plugin v27.4 - https:\/\/yoast.com\/product\/yoast-seo-wordpress\/ -->\n<title>Elevii de la dou\u0103 licee din capital\u0103 s-au b\u0103tut \u00een plin\u0103 zi \u00een fa\u021ba unui local - BTV<\/title>\n<meta name=\"robots\" content=\"index, follow, max-snippet:-1, max-image-preview:large, max-video-preview:-1\" \/>\n<link rel=\"canonical\" href=\"https:\/\/www.btv.md\/ro\/elevii-de-la-doua-licee-din-capitala-s-au-batut-in-plina-zi-in-fata-unui-local\/\" \/>\n<meta property=\"og:locale\" content=\"ro_RO\" \/>\n<meta property=\"og:type\" content=\"article\" \/>\n<meta property=\"og:title\" content=\"Elevii de la dou\u0103 licee din capital\u0103 s-au b\u0103tut \u00een plin\u0103 zi \u00een fa\u021ba unui local - BTV\" \/>\n<meta property=\"og:description\" content=\"Trei elevi din clasa a XI-a de la Liceul \u201eMircea Eliade\u201d au fost snopiti in bataie in plina zi intr-un local din centrul capitalei. Incidentul a avut loc vineri, 4 octombrie, iar in urma incaierarii, minorii au avut nevoie de ingrijiri medicale. Camerele de supraveghere instalate in local au surprins momentele in care cei trei [&hellip;]\" \/>\n<meta property=\"og:url\" content=\"https:\/\/www.btv.md\/ro\/elevii-de-la-doua-licee-din-capitala-s-au-batut-in-plina-zi-in-fata-unui-local\/\" \/>\n<meta property=\"og:site_name\" content=\"BTV\" \/>\n<meta property=\"article:publisher\" content=\"https:\/\/www.facebook.com\/btvmoldova\/\" \/>\n<meta property=\"article:published_time\" content=\"2019-10-20T12:24:06+00:00\" \/>\n<meta property=\"og:image\" content=\"https:\/\/www.btv.md\/wp-content\/uploads\/2019\/10\/a87a1d051b80620f840e2236812dd67f.jpg\" \/>\n\t<meta property=\"og:image:width\" content=\"600\" \/>\n\t<meta property=\"og:image:height\" content=\"315\" \/>\n\t<meta property=\"og:image:type\" content=\"image\/jpeg\" \/>\n<meta name=\"author\" content=\"admin\" \/>\n<meta name=\"twitter:label1\" content=\"Scris de\" \/>\n\t<meta name=\"twitter:data1\" content=\"admin\" \/>\n\t<meta name=\"twitter:label2\" content=\"Timp estimat pentru citire\" \/>\n\t<meta name=\"twitter:data2\" content=\"2 minute\" \/>\n<script type=\"application\/ld+json\" class=\"yoast-schema-graph\">{\"@context\":\"https:\\\/\\\/schema.org\",\"@graph\":[{\"@type\":\"Article\",\"@id\":\"https:\\\/\\\/www.btv.md\\\/ro\\\/elevii-de-la-doua-licee-din-capitala-s-au-batut-in-plina-zi-in-fata-unui-local\\\/#article\",\"isPartOf\":{\"@id\":\"https:\\\/\\\/www.btv.md\\\/ro\\\/elevii-de-la-doua-licee-din-capitala-s-au-batut-in-plina-zi-in-fata-unui-local\\\/\"},\"author\":{\"name\":\"admin\",\"@id\":\"https:\\\/\\\/www.btv.md\\\/#\\\/schema\\\/person\\\/8fadce81561b3ce2c34c46dadc4ccbf2\"},\"headline\":\"Elevii de la dou\u0103 licee din capital\u0103 s-au b\u0103tut \u00een plin\u0103 zi \u00een fa\u021ba unui local\",\"datePublished\":\"2019-10-20T12:24:06+00:00\",\"mainEntityOfPage\":{\"@id\":\"https:\\\/\\\/www.btv.md\\\/ro\\\/elevii-de-la-doua-licee-din-capitala-s-au-batut-in-plina-zi-in-fata-unui-local\\\/\"},\"wordCount\":487,\"image\":{\"@id\":\"https:\\\/\\\/www.btv.md\\\/ro\\\/elevii-de-la-doua-licee-din-capitala-s-au-batut-in-plina-zi-in-fata-unui-local\\\/#primaryimage\"},\"thumbnailUrl\":\"https:\\\/\\\/www.btv.md\\\/wp-content\\\/uploads\\\/2019\\\/10\\\/a87a1d051b80620f840e2236812dd67f.jpg\",\"keywords\":[\"b\u0103taie\",\"elevi\",\"local\"],\"articleSection\":[\"Social\"],\"inLanguage\":\"ro-RO\"},{\"@type\":\"WebPage\",\"@id\":\"https:\\\/\\\/www.btv.md\\\/ro\\\/elevii-de-la-doua-licee-din-capitala-s-au-batut-in-plina-zi-in-fata-unui-local\\\/\",\"url\":\"https:\\\/\\\/www.btv.md\\\/ro\\\/elevii-de-la-doua-licee-din-capitala-s-au-batut-in-plina-zi-in-fata-unui-local\\\/\",\"name\":\"Elevii de la dou\u0103 licee din capital\u0103 s-au b\u0103tut \u00een plin\u0103 zi \u00een fa\u021ba unui local - BTV\",\"isPartOf\":{\"@id\":\"https:\\\/\\\/www.btv.md\\\/#website\"},\"primaryImageOfPage\":{\"@id\":\"https:\\\/\\\/www.btv.md\\\/ro\\\/elevii-de-la-doua-licee-din-capitala-s-au-batut-in-plina-zi-in-fata-unui-local\\\/#primaryimage\"},\"image\":{\"@id\":\"https:\\\/\\\/www.btv.md\\\/ro\\\/elevii-de-la-doua-licee-din-capitala-s-au-batut-in-plina-zi-in-fata-unui-local\\\/#primaryimage\"},\"thumbnailUrl\":\"https:\\\/\\\/www.btv.md\\\/wp-content\\\/uploads\\\/2019\\\/10\\\/a87a1d051b80620f840e2236812dd67f.jpg\",\"datePublished\":\"2019-10-20T12:24:06+00:00\",\"author\":{\"@id\":\"https:\\\/\\\/www.btv.md\\\/#\\\/schema\\\/person\\\/8fadce81561b3ce2c34c46dadc4ccbf2\"},\"inLanguage\":\"ro-RO\",\"potentialAction\":[{\"@type\":\"ReadAction\",\"target\":[\"https:\\\/\\\/www.btv.md\\\/ro\\\/elevii-de-la-doua-licee-din-capitala-s-au-batut-in-plina-zi-in-fata-unui-local\\\/\"]}]},{\"@type\":\"ImageObject\",\"inLanguage\":\"ro-RO\",\"@id\":\"https:\\\/\\\/www.btv.md\\\/ro\\\/elevii-de-la-doua-licee-din-capitala-s-au-batut-in-plina-zi-in-fata-unui-local\\\/#primaryimage\",\"url\":\"https:\\\/\\\/www.btv.md\\\/wp-content\\\/uploads\\\/2019\\\/10\\\/a87a1d051b80620f840e2236812dd67f.jpg\",\"contentUrl\":\"https:\\\/\\\/www.btv.md\\\/wp-content\\\/uploads\\\/2019\\\/10\\\/a87a1d051b80620f840e2236812dd67f.jpg\",\"width\":600,\"height\":315},{\"@type\":\"WebSite\",\"@id\":\"https:\\\/\\\/www.btv.md\\\/#website\",\"url\":\"https:\\\/\\\/www.btv.md\\\/\",\"name\":\"BTV\",\"description\":\"\u0411\u0435\u043b\u044c\u0446\u043a\u043e\u0435 \u0442\u0435\u043b\u0435\u0432\u0438\u0434\u0435\u043d\u0438\u0435\",\"potentialAction\":[{\"@type\":\"SearchAction\",\"target\":{\"@type\":\"EntryPoint\",\"urlTemplate\":\"https:\\\/\\\/www.btv.md\\\/?s={search_term_string}\"},\"query-input\":{\"@type\":\"PropertyValueSpecification\",\"valueRequired\":true,\"valueName\":\"search_term_string\"}}],\"inLanguage\":\"ro-RO\"},{\"@type\":\"Person\",\"@id\":\"https:\\\/\\\/www.btv.md\\\/#\\\/schema\\\/person\\\/8fadce81561b3ce2c34c46dadc4ccbf2\",\"name\":\"admin\"}]}<\/script>\n<!-- \/ Yoast SEO plugin. -->","yoast_head_json":{"title":"Elevii de la dou\u0103 licee din capital\u0103 s-au b\u0103tut \u00een plin\u0103 zi \u00een fa\u021ba unui local - BTV","robots":{"index":"index","follow":"follow","max-snippet":"max-snippet:-1","max-image-preview":"max-image-preview:large","max-video-preview":"max-video-preview:-1"},"canonical":"https:\/\/www.btv.md\/ro\/elevii-de-la-doua-licee-din-capitala-s-au-batut-in-plina-zi-in-fata-unui-local\/","og_locale":"ro_RO","og_type":"article","og_title":"Elevii de la dou\u0103 licee din capital\u0103 s-au b\u0103tut \u00een plin\u0103 zi \u00een fa\u021ba unui local - BTV","og_description":"Trei elevi din clasa a XI-a de la Liceul \u201eMircea Eliade\u201d au fost snopiti in bataie in plina zi intr-un local din centrul capitalei. Incidentul a avut loc vineri, 4 octombrie, iar in urma incaierarii, minorii au avut nevoie de ingrijiri medicale. Camerele de supraveghere instalate in local au surprins momentele in care cei trei [&hellip;]","og_url":"https:\/\/www.btv.md\/ro\/elevii-de-la-doua-licee-din-capitala-s-au-batut-in-plina-zi-in-fata-unui-local\/","og_site_name":"BTV","article_publisher":"https:\/\/www.facebook.com\/btvmoldova\/","article_published_time":"2019-10-20T12:24:06+00:00","og_image":[{"width":600,"height":315,"url":"https:\/\/www.btv.md\/wp-content\/uploads\/2019\/10\/a87a1d051b80620f840e2236812dd67f.jpg","type":"image\/jpeg"}],"author":"admin","twitter_misc":{"Scris de":"admin","Timp estimat pentru citire":"2 minute"},"schema":{"@context":"https:\/\/schema.org","@graph":[{"@type":"Article","@id":"https:\/\/www.btv.md\/ro\/elevii-de-la-doua-licee-din-capitala-s-au-batut-in-plina-zi-in-fata-unui-local\/#article","isPartOf":{"@id":"https:\/\/www.btv.md\/ro\/elevii-de-la-doua-licee-din-capitala-s-au-batut-in-plina-zi-in-fata-unui-local\/"},"author":{"name":"admin","@id":"https:\/\/www.btv.md\/#\/schema\/person\/8fadce81561b3ce2c34c46dadc4ccbf2"},"headline":"Elevii de la dou\u0103 licee din capital\u0103 s-au b\u0103tut \u00een plin\u0103 zi \u00een fa\u021ba unui local","datePublished":"2019-10-20T12:24:06+00:00","mainEntityOfPage":{"@id":"https:\/\/www.btv.md\/ro\/elevii-de-la-doua-licee-din-capitala-s-au-batut-in-plina-zi-in-fata-unui-local\/"},"wordCount":487,"image":{"@id":"https:\/\/www.btv.md\/ro\/elevii-de-la-doua-licee-din-capitala-s-au-batut-in-plina-zi-in-fata-unui-local\/#primaryimage"},"thumbnailUrl":"https:\/\/www.btv.md\/wp-content\/uploads\/2019\/10\/a87a1d051b80620f840e2236812dd67f.jpg","keywords":["b\u0103taie","elevi","local"],"articleSection":["Social"],"inLanguage":"ro-RO"},{"@type":"WebPage","@id":"https:\/\/www.btv.md\/ro\/elevii-de-la-doua-licee-din-capitala-s-au-batut-in-plina-zi-in-fata-unui-local\/","url":"https:\/\/www.btv.md\/ro\/elevii-de-la-doua-licee-din-capitala-s-au-batut-in-plina-zi-in-fata-unui-local\/","name":"Elevii de la dou\u0103 licee din capital\u0103 s-au b\u0103tut \u00een plin\u0103 zi \u00een fa\u021ba unui local - BTV","isPartOf":{"@id":"https:\/\/www.btv.md\/#website"},"primaryImageOfPage":{"@id":"https:\/\/www.btv.md\/ro\/elevii-de-la-doua-licee-din-capitala-s-au-batut-in-plina-zi-in-fata-unui-local\/#primaryimage"},"image":{"@id":"https:\/\/www.btv.md\/ro\/elevii-de-la-doua-licee-din-capitala-s-au-batut-in-plina-zi-in-fata-unui-local\/#primaryimage"},"thumbnailUrl":"https:\/\/www.btv.md\/wp-content\/uploads\/2019\/10\/a87a1d051b80620f840e2236812dd67f.jpg","datePublished":"2019-10-20T12:24:06+00:00","author":{"@id":"https:\/\/www.btv.md\/#\/schema\/person\/8fadce81561b3ce2c34c46dadc4ccbf2"},"inLanguage":"ro-RO","potentialAction":[{"@type":"ReadAction","target":["https:\/\/www.btv.md\/ro\/elevii-de-la-doua-licee-din-capitala-s-au-batut-in-plina-zi-in-fata-unui-local\/"]}]},{"@type":"ImageObject","inLanguage":"ro-RO","@id":"https:\/\/www.btv.md\/ro\/elevii-de-la-doua-licee-din-capitala-s-au-batut-in-plina-zi-in-fata-unui-local\/#primaryimage","url":"https:\/\/www.btv.md\/wp-content\/uploads\/2019\/10\/a87a1d051b80620f840e2236812dd67f.jpg","contentUrl":"https:\/\/www.btv.md\/wp-content\/uploads\/2019\/10\/a87a1d051b80620f840e2236812dd67f.jpg","width":600,"height":315},{"@type":"WebSite","@id":"https:\/\/www.btv.md\/#website","url":"https:\/\/www.btv.md\/","name":"BTV","description":"\u0411\u0435\u043b\u044c\u0446\u043a\u043e\u0435 \u0442\u0435\u043b\u0435\u0432\u0438\u0434\u0435\u043d\u0438\u0435","potentialAction":[{"@type":"SearchAction","target":{"@type":"EntryPoint","urlTemplate":"https:\/\/www.btv.md\/?s={search_term_string}"},"query-input":{"@type":"PropertyValueSpecification","valueRequired":true,"valueName":"search_term_string"}}],"inLanguage":"ro-RO"},{"@type":"Person","@id":"https:\/\/www.btv.md\/#\/schema\/person\/8fadce81561b3ce2c34c46dadc4ccbf2","name":"admin"}]}},"_links":{"self":[{"href":"https:\/\/www.btv.md\/ro\/wp-json\/wp\/v2\/posts\/62620","targetHints":{"allow":["GET"]}}],"collection":[{"href":"https:\/\/www.btv.md\/ro\/wp-json\/wp\/v2\/posts"}],"about":[{"href":"https:\/\/www.btv.md\/ro\/wp-json\/wp\/v2\/types\/post"}],"author":[{"embeddable":true,"href":"https:\/\/www.btv.md\/ro\/wp-json\/wp\/v2\/users\/4"}],"replies":[{"embeddable":true,"href":"https:\/\/www.btv.md\/ro\/wp-json\/wp\/v2\/comments?post=62620"}],"version-history":[{"count":0,"href":"https:\/\/www.btv.md\/ro\/wp-json\/wp\/v2\/posts\/62620\/revisions"}],"wp:featuredmedia":[{"embeddable":true,"href":"https:\/\/www.btv.md\/ro\/wp-json\/wp\/v2\/media\/62622"}],"wp:attachment":[{"href":"https:\/\/www.btv.md\/ro\/wp-json\/wp\/v2\/media?parent=62620"}],"wp:term":[{"taxonomy":"category","embeddable":true,"href":"https:\/\/www.btv.md\/ro\/wp-json\/wp\/v2\/categories?post=62620"},{"taxonomy":"post_tag","embeddable":true,"href":"https:\/\/www.btv.md\/ro\/wp-json\/wp\/v2\/tags?post=62620"}],"curies":[{"name":"wp","href":"https:\/\/api.w.org\/{rel}","templated":true}]}}