{"id":62626,"date":"2019-10-20T15:39:03","date_gmt":"2019-10-20T12:39:03","guid":{"rendered":"http:\/\/www.btv.md\/?p=62626"},"modified":"2019-10-20T15:39:03","modified_gmt":"2019-10-20T12:39:03","slug":"aerul-din-chisinau-si-balti-este-poluat","status":"publish","type":"post","link":"https:\/\/www.btv.md\/ro\/aerul-din-chisinau-si-balti-este-poluat\/","title":{"rendered":"Aerul din Chi\u0219in\u0103u \u0219i B\u0103l\u021bi este poluat"},"content":{"rendered":"<p><strong>Plimb\u0103rile \u00een aer liber prin capital\u0103, dar \u0219i \u00een municipiul B\u0103l\u021bi nu sunt recomandate \u00een aceste zile din cauza nivelului ridicat al polu\u0103rii aerului, transmite TV8.<\/strong><\/p>\n<p>Serviciul Hidrometeorologic de Stat anun\u021b\u0103 c\u0103 v\u00e2ntul, \u00een combina\u021bie cu cea\u021ba dens\u0103, a contribuit la acumularea poluan\u021bilor \u00een aer, astfel \u00eenc\u00e2t unii indicatori au dep\u0103\u0219it de c\u00e2teva ori normele admisibile.<\/p>\n<p>Potrivit m\u0103sur\u0103torilor,\u00a0 \u00een Chi\u0219in\u0103u concentra\u021bia maxim\u0103 admisibil\u0103 pentru aldehid\u0103 formic\u0103 a fost dep\u0103\u0219it\u0103 de 3,4 ori, pentru dioxid de azot \u2013 de 1,5 ori, monoxid de azot \u2013 de 1,7 ori, iar fenol \u2013 de 1,2 ori.<\/p>\n<p>\u0218i \u00een municipiul B\u0103l\u021bi nivelul polu\u0103rii aerului privind con\u021binutul de dioxid de azot s-a constatat ca fiind sporit. Au fost dep\u0103\u0219ite normele la suspensii solide \u2013 de 1,4 ori, dioxid de azot \u2013 de 2 ori \u0219i aldehid\u0103 formic\u0103 \u2013 de 2,4 ori.<\/p>\n<div id=\"fb-root\"><\/div>\n<p><script async=\"1\" defer=\"1\" crossorigin=\"anonymous\" src=\"https:\/\/connect.facebook.net\/de_DE\/sdk.js#xfbml=1&amp;version=v4.0\"><\/script><\/p>\n<div class=\"fb-video\" data-href=\"https:\/\/www.facebook.com\/btvmoldova\/videos\/2369280003313245\/\" data-width=\"1170\">\n<blockquote cite=\"https:\/\/www.facebook.com\/btvmoldova\/videos\/2369280003313245\/\" class=\"fb-xfbml-parse-ignore\"><p><a href=\"https:\/\/www.facebook.com\/btvmoldova\/videos\/2369280003313245\/\">Aerul din Chi\u0219in\u0103u \u0219i B\u0103l\u021bi este poluat<\/a><\/p>\n<p>Aerul din Chi\u0219in\u0103u \u0219i B\u0103l\u021bi este poluatUnii indicatori au dep\u0103\u0219it normele de c\u00e2teva ori<\/p>\n<p>Gepostet von <a href=\"https:\/\/www.facebook.com\/btvmoldova\/\">\u0422\u0435\u043b\u0435\u043a\u043e\u043c\u043f\u0430\u043d\u0438\u044f BTV &#8211; Balti, \u0411\u0435\u043b\u044c\u0446\u044b<\/a> am Freitag, 18. Oktober 2019<\/p><\/blockquote>\n<\/div>\n","protected":false},"excerpt":{"rendered":"<p>Plimb\u0103rile \u00een aer liber prin capital\u0103, dar \u0219i \u00een municipiul B\u0103l\u021bi nu sunt recomandate \u00een aceste zile din cauza nivelului ridicat al polu\u0103rii aerului, transmite TV8. Serviciul Hidrometeorologic de Stat anun\u021b\u0103 c\u0103 v\u00e2ntul, \u00een combina\u021bie cu cea\u021ba dens\u0103, a contribuit la acumularea poluan\u021bilor \u00een aer, astfel \u00eenc\u00e2t unii indicatori au dep\u0103\u0219it de c\u00e2teva ori normele [&hellip;]<\/p>\n","protected":false},"author":4,"featured_media":62628,"comment_status":"closed","ping_status":"closed","sticky":false,"template":"","format":"standard","meta":{"footnotes":""},"categories":[6349],"tags":[8684,7755,8685],"class_list":["post-62626","post","type-post","status-publish","format-standard","has-post-thumbnail","hentry","category-social","tag-aerul","tag-chisinau-ro","tag-poluat"],"yoast_head":"<!-- This site is optimized with the Yoast SEO plugin v27.4 - https:\/\/yoast.com\/product\/yoast-seo-wordpress\/ -->\n<title>Aerul din Chi\u0219in\u0103u \u0219i B\u0103l\u021bi este poluat - BTV<\/title>\n<meta name=\"robots\" content=\"index, follow, max-snippet:-1, max-image-preview:large, max-video-preview:-1\" \/>\n<link rel=\"canonical\" href=\"https:\/\/www.btv.md\/ro\/aerul-din-chisinau-si-balti-este-poluat\/\" \/>\n<meta property=\"og:locale\" content=\"ro_RO\" \/>\n<meta property=\"og:type\" content=\"article\" \/>\n<meta property=\"og:title\" content=\"Aerul din Chi\u0219in\u0103u \u0219i B\u0103l\u021bi este poluat - BTV\" \/>\n<meta property=\"og:description\" content=\"Plimb\u0103rile \u00een aer liber prin capital\u0103, dar \u0219i \u00een municipiul B\u0103l\u021bi nu sunt recomandate \u00een aceste zile din cauza nivelului ridicat al polu\u0103rii aerului, transmite TV8. Serviciul Hidrometeorologic de Stat anun\u021b\u0103 c\u0103 v\u00e2ntul, \u00een combina\u021bie cu cea\u021ba dens\u0103, a contribuit la acumularea poluan\u021bilor \u00een aer, astfel \u00eenc\u00e2t unii indicatori au dep\u0103\u0219it de c\u00e2teva ori normele [&hellip;]\" \/>\n<meta property=\"og:url\" content=\"https:\/\/www.btv.md\/ro\/aerul-din-chisinau-si-balti-este-poluat\/\" \/>\n<meta property=\"og:site_name\" content=\"BTV\" \/>\n<meta property=\"article:publisher\" content=\"https:\/\/www.facebook.com\/btvmoldova\/\" \/>\n<meta property=\"article:published_time\" content=\"2019-10-20T12:39:03+00:00\" \/>\n<meta property=\"og:image\" content=\"https:\/\/www.btv.md\/wp-content\/uploads\/2019\/10\/397885.jpg\" \/>\n\t<meta property=\"og:image:width\" content=\"760\" \/>\n\t<meta property=\"og:image:height\" content=\"500\" \/>\n\t<meta property=\"og:image:type\" content=\"image\/jpeg\" \/>\n<meta name=\"author\" content=\"admin\" \/>\n<meta name=\"twitter:label1\" content=\"Scris de\" \/>\n\t<meta name=\"twitter:data1\" content=\"admin\" \/>\n\t<meta name=\"twitter:label2\" content=\"Timp estimat pentru citire\" \/>\n\t<meta name=\"twitter:data2\" content=\"1 minut\" \/>\n<script type=\"application\/ld+json\" class=\"yoast-schema-graph\">{\"@context\":\"https:\\\/\\\/schema.org\",\"@graph\":[{\"@type\":\"Article\",\"@id\":\"https:\\\/\\\/www.btv.md\\\/ro\\\/aerul-din-chisinau-si-balti-este-poluat\\\/#article\",\"isPartOf\":{\"@id\":\"https:\\\/\\\/www.btv.md\\\/ro\\\/aerul-din-chisinau-si-balti-este-poluat\\\/\"},\"author\":{\"name\":\"admin\",\"@id\":\"https:\\\/\\\/www.btv.md\\\/#\\\/schema\\\/person\\\/8fadce81561b3ce2c34c46dadc4ccbf2\"},\"headline\":\"Aerul din Chi\u0219in\u0103u \u0219i B\u0103l\u021bi este poluat\",\"datePublished\":\"2019-10-20T12:39:03+00:00\",\"mainEntityOfPage\":{\"@id\":\"https:\\\/\\\/www.btv.md\\\/ro\\\/aerul-din-chisinau-si-balti-este-poluat\\\/\"},\"wordCount\":162,\"image\":{\"@id\":\"https:\\\/\\\/www.btv.md\\\/ro\\\/aerul-din-chisinau-si-balti-este-poluat\\\/#primaryimage\"},\"thumbnailUrl\":\"https:\\\/\\\/www.btv.md\\\/wp-content\\\/uploads\\\/2019\\\/10\\\/397885.jpg\",\"keywords\":[\"aerul\",\"Chi\u0219in\u0103u\",\"poluat\"],\"articleSection\":[\"Social\"],\"inLanguage\":\"ro-RO\"},{\"@type\":\"WebPage\",\"@id\":\"https:\\\/\\\/www.btv.md\\\/ro\\\/aerul-din-chisinau-si-balti-este-poluat\\\/\",\"url\":\"https:\\\/\\\/www.btv.md\\\/ro\\\/aerul-din-chisinau-si-balti-este-poluat\\\/\",\"name\":\"Aerul din Chi\u0219in\u0103u \u0219i B\u0103l\u021bi este poluat - BTV\",\"isPartOf\":{\"@id\":\"https:\\\/\\\/www.btv.md\\\/#website\"},\"primaryImageOfPage\":{\"@id\":\"https:\\\/\\\/www.btv.md\\\/ro\\\/aerul-din-chisinau-si-balti-este-poluat\\\/#primaryimage\"},\"image\":{\"@id\":\"https:\\\/\\\/www.btv.md\\\/ro\\\/aerul-din-chisinau-si-balti-este-poluat\\\/#primaryimage\"},\"thumbnailUrl\":\"https:\\\/\\\/www.btv.md\\\/wp-content\\\/uploads\\\/2019\\\/10\\\/397885.jpg\",\"datePublished\":\"2019-10-20T12:39:03+00:00\",\"author\":{\"@id\":\"https:\\\/\\\/www.btv.md\\\/#\\\/schema\\\/person\\\/8fadce81561b3ce2c34c46dadc4ccbf2\"},\"inLanguage\":\"ro-RO\",\"potentialAction\":[{\"@type\":\"ReadAction\",\"target\":[\"https:\\\/\\\/www.btv.md\\\/ro\\\/aerul-din-chisinau-si-balti-este-poluat\\\/\"]}]},{\"@type\":\"ImageObject\",\"inLanguage\":\"ro-RO\",\"@id\":\"https:\\\/\\\/www.btv.md\\\/ro\\\/aerul-din-chisinau-si-balti-este-poluat\\\/#primaryimage\",\"url\":\"https:\\\/\\\/www.btv.md\\\/wp-content\\\/uploads\\\/2019\\\/10\\\/397885.jpg\",\"contentUrl\":\"https:\\\/\\\/www.btv.md\\\/wp-content\\\/uploads\\\/2019\\\/10\\\/397885.jpg\",\"width\":760,\"height\":500},{\"@type\":\"WebSite\",\"@id\":\"https:\\\/\\\/www.btv.md\\\/#website\",\"url\":\"https:\\\/\\\/www.btv.md\\\/\",\"name\":\"BTV\",\"description\":\"\u0411\u0435\u043b\u044c\u0446\u043a\u043e\u0435 \u0442\u0435\u043b\u0435\u0432\u0438\u0434\u0435\u043d\u0438\u0435\",\"potentialAction\":[{\"@type\":\"SearchAction\",\"target\":{\"@type\":\"EntryPoint\",\"urlTemplate\":\"https:\\\/\\\/www.btv.md\\\/?s={search_term_string}\"},\"query-input\":{\"@type\":\"PropertyValueSpecification\",\"valueRequired\":true,\"valueName\":\"search_term_string\"}}],\"inLanguage\":\"ro-RO\"},{\"@type\":\"Person\",\"@id\":\"https:\\\/\\\/www.btv.md\\\/#\\\/schema\\\/person\\\/8fadce81561b3ce2c34c46dadc4ccbf2\",\"name\":\"admin\"}]}<\/script>\n<!-- \/ Yoast SEO plugin. -->","yoast_head_json":{"title":"Aerul din Chi\u0219in\u0103u \u0219i B\u0103l\u021bi este poluat - BTV","robots":{"index":"index","follow":"follow","max-snippet":"max-snippet:-1","max-image-preview":"max-image-preview:large","max-video-preview":"max-video-preview:-1"},"canonical":"https:\/\/www.btv.md\/ro\/aerul-din-chisinau-si-balti-este-poluat\/","og_locale":"ro_RO","og_type":"article","og_title":"Aerul din Chi\u0219in\u0103u \u0219i B\u0103l\u021bi este poluat - BTV","og_description":"Plimb\u0103rile \u00een aer liber prin capital\u0103, dar \u0219i \u00een municipiul B\u0103l\u021bi nu sunt recomandate \u00een aceste zile din cauza nivelului ridicat al polu\u0103rii aerului, transmite TV8. Serviciul Hidrometeorologic de Stat anun\u021b\u0103 c\u0103 v\u00e2ntul, \u00een combina\u021bie cu cea\u021ba dens\u0103, a contribuit la acumularea poluan\u021bilor \u00een aer, astfel \u00eenc\u00e2t unii indicatori au dep\u0103\u0219it de c\u00e2teva ori normele [&hellip;]","og_url":"https:\/\/www.btv.md\/ro\/aerul-din-chisinau-si-balti-este-poluat\/","og_site_name":"BTV","article_publisher":"https:\/\/www.facebook.com\/btvmoldova\/","article_published_time":"2019-10-20T12:39:03+00:00","og_image":[{"width":760,"height":500,"url":"https:\/\/www.btv.md\/wp-content\/uploads\/2019\/10\/397885.jpg","type":"image\/jpeg"}],"author":"admin","twitter_misc":{"Scris de":"admin","Timp estimat pentru citire":"1 minut"},"schema":{"@context":"https:\/\/schema.org","@graph":[{"@type":"Article","@id":"https:\/\/www.btv.md\/ro\/aerul-din-chisinau-si-balti-este-poluat\/#article","isPartOf":{"@id":"https:\/\/www.btv.md\/ro\/aerul-din-chisinau-si-balti-este-poluat\/"},"author":{"name":"admin","@id":"https:\/\/www.btv.md\/#\/schema\/person\/8fadce81561b3ce2c34c46dadc4ccbf2"},"headline":"Aerul din Chi\u0219in\u0103u \u0219i B\u0103l\u021bi este poluat","datePublished":"2019-10-20T12:39:03+00:00","mainEntityOfPage":{"@id":"https:\/\/www.btv.md\/ro\/aerul-din-chisinau-si-balti-este-poluat\/"},"wordCount":162,"image":{"@id":"https:\/\/www.btv.md\/ro\/aerul-din-chisinau-si-balti-este-poluat\/#primaryimage"},"thumbnailUrl":"https:\/\/www.btv.md\/wp-content\/uploads\/2019\/10\/397885.jpg","keywords":["aerul","Chi\u0219in\u0103u","poluat"],"articleSection":["Social"],"inLanguage":"ro-RO"},{"@type":"WebPage","@id":"https:\/\/www.btv.md\/ro\/aerul-din-chisinau-si-balti-este-poluat\/","url":"https:\/\/www.btv.md\/ro\/aerul-din-chisinau-si-balti-este-poluat\/","name":"Aerul din Chi\u0219in\u0103u \u0219i B\u0103l\u021bi este poluat - BTV","isPartOf":{"@id":"https:\/\/www.btv.md\/#website"},"primaryImageOfPage":{"@id":"https:\/\/www.btv.md\/ro\/aerul-din-chisinau-si-balti-este-poluat\/#primaryimage"},"image":{"@id":"https:\/\/www.btv.md\/ro\/aerul-din-chisinau-si-balti-este-poluat\/#primaryimage"},"thumbnailUrl":"https:\/\/www.btv.md\/wp-content\/uploads\/2019\/10\/397885.jpg","datePublished":"2019-10-20T12:39:03+00:00","author":{"@id":"https:\/\/www.btv.md\/#\/schema\/person\/8fadce81561b3ce2c34c46dadc4ccbf2"},"inLanguage":"ro-RO","potentialAction":[{"@type":"ReadAction","target":["https:\/\/www.btv.md\/ro\/aerul-din-chisinau-si-balti-este-poluat\/"]}]},{"@type":"ImageObject","inLanguage":"ro-RO","@id":"https:\/\/www.btv.md\/ro\/aerul-din-chisinau-si-balti-este-poluat\/#primaryimage","url":"https:\/\/www.btv.md\/wp-content\/uploads\/2019\/10\/397885.jpg","contentUrl":"https:\/\/www.btv.md\/wp-content\/uploads\/2019\/10\/397885.jpg","width":760,"height":500},{"@type":"WebSite","@id":"https:\/\/www.btv.md\/#website","url":"https:\/\/www.btv.md\/","name":"BTV","description":"\u0411\u0435\u043b\u044c\u0446\u043a\u043e\u0435 \u0442\u0435\u043b\u0435\u0432\u0438\u0434\u0435\u043d\u0438\u0435","potentialAction":[{"@type":"SearchAction","target":{"@type":"EntryPoint","urlTemplate":"https:\/\/www.btv.md\/?s={search_term_string}"},"query-input":{"@type":"PropertyValueSpecification","valueRequired":true,"valueName":"search_term_string"}}],"inLanguage":"ro-RO"},{"@type":"Person","@id":"https:\/\/www.btv.md\/#\/schema\/person\/8fadce81561b3ce2c34c46dadc4ccbf2","name":"admin"}]}},"_links":{"self":[{"href":"https:\/\/www.btv.md\/ro\/wp-json\/wp\/v2\/posts\/62626","targetHints":{"allow":["GET"]}}],"collection":[{"href":"https:\/\/www.btv.md\/ro\/wp-json\/wp\/v2\/posts"}],"about":[{"href":"https:\/\/www.btv.md\/ro\/wp-json\/wp\/v2\/types\/post"}],"author":[{"embeddable":true,"href":"https:\/\/www.btv.md\/ro\/wp-json\/wp\/v2\/users\/4"}],"replies":[{"embeddable":true,"href":"https:\/\/www.btv.md\/ro\/wp-json\/wp\/v2\/comments?post=62626"}],"version-history":[{"count":0,"href":"https:\/\/www.btv.md\/ro\/wp-json\/wp\/v2\/posts\/62626\/revisions"}],"wp:featuredmedia":[{"embeddable":true,"href":"https:\/\/www.btv.md\/ro\/wp-json\/wp\/v2\/media\/62628"}],"wp:attachment":[{"href":"https:\/\/www.btv.md\/ro\/wp-json\/wp\/v2\/media?parent=62626"}],"wp:term":[{"taxonomy":"category","embeddable":true,"href":"https:\/\/www.btv.md\/ro\/wp-json\/wp\/v2\/categories?post=62626"},{"taxonomy":"post_tag","embeddable":true,"href":"https:\/\/www.btv.md\/ro\/wp-json\/wp\/v2\/tags?post=62626"}],"curies":[{"name":"wp","href":"https:\/\/api.w.org\/{rel}","templated":true}]}}