{"id":6387,"date":"2016-02-01T13:21:50","date_gmt":"2016-02-01T10:21:50","guid":{"rendered":"http:\/\/btv.md\/?p=6387"},"modified":"2016-02-01T14:21:38","modified_gmt":"2016-02-01T11:21:38","slug":"o-grenada-a-explodat-pe-balconul-casei-lui-dragutanu","status":"publish","type":"post","link":"https:\/\/www.btv.md\/ro\/o-grenada-a-explodat-pe-balconul-casei-lui-dragutanu\/","title":{"rendered":"O GRENAD\u0102 A EXPLODAT PE BALCONUL CASEI LUI DR\u0102GU\u021aANU"},"content":{"rendered":"<p><strong>Casa fostului guvernator al B\u0103ncii Na\u021bionale a Moldovei, Dorin Dr\u0103gu\u021banu a fost \u021binta unui atentat cu grenad\u0103. \u0218eful interimar al Inspectoratului General de Poli\u021bie, Gheorghe Cavcaliuc, a declarat pentru BTV c\u0103 incidentul s-a produs \u00een jurul orei 2:50, c\u00e2nd  o persoan\u0103 necunoscut\u0103 a aruncat un obiect explozibil pe balconul casei. <\/strong><\/p>\n<p>\u201e<em>Ast\u0103 noapte \u00een jurul orei 02:50 a parvenit un sunet de la proprietarul casei, care a auzit un zgomot asem\u0103n\u0103tor cu o deflagra\u021bie. Imediat la fa\u021ba locului s-au deplasat grupele operative \u0219i pompierii, pentru a verifica dac\u0103 este vorba de explozibil sau nu. S-a constatat c\u0103 a fost aruncat un obiect explozibil, \u00een urma deflagra\u021biei nu a avut de suferit nimeni. Pu\u021bin au fost filate geamurile \u0219i fa\u021bada casei.  \u00cen prezent sunt create grupuri operative din cei mai experimenta\u021bi ofi\u021beri  \u0219i procurori pentru a investiga cazul<\/em>.\u201d <\/p>\n<p>De asemenea, Gheorghe Cavcaliuc a men\u021bionat c\u0103 au fost identifica\u021bi unii suspec\u021bi. Ofi\u021berul de pres\u0103 al Procuraturii Generale, Maria Vieru a declarat c\u0103 anchetatorii au prornit o cauz\u0103 penal\u0103 pentru terrorism.<\/p>\n<p>\u201e<em>Procuratura General\u0103 a declan\u0219at o urm\u0103rire penal\u0103 pe cazul exploziei unei grenade aruncate \u00een casa guvernatorului BNM, Dorin Dr\u0103gu\u021banu. 00:54 01:09 Dosarul Penal a fost deschis pe infrac\u021biune de act terrorist. \u00cencestiga\u021biile sunt efectuate de un grup mixt de urm\u0103rire penal\u0103 cu participarea procurorilor de urm\u0103rire penal\u0103, pecauze de criminalitate organizat\u0103. Sunt antrena\u021bi ofi\u021beri de investiga\u021bie a poli\u021biei \u0219i Serviciului de informa\u021bii \u0219i Securitate<\/em>.\u201d<\/p>\n<p>Pentru infrac\u021biunea respectiv\u0103 f\u0103pta\u0219ii risc\u0103 de la opt p\u00e2n\u0103 la 15 ani de \u00eenchisoare.<\/p>\n<p><iframe width=\"420\" height=\"315\" data-src=\"https:\/\/www.youtube.com\/embed\/MP3cO7M_tCE\" frameborder=\"0\" allowfullscreen src=\"data:image\/svg+xml;base64,PHN2ZyB3aWR0aD0iMSIgaGVpZ2h0PSIxIiB4bWxucz0iaHR0cDovL3d3dy53My5vcmcvMjAwMC9zdmciPjwvc3ZnPg==\" class=\"lazyload\" data-load-mode=\"1\"><\/iframe><\/p>\n","protected":false},"excerpt":{"rendered":"<p>Casa fostului guvernator al B\u0103ncii Na\u021bionale a Moldovei, Dorin Dr\u0103gu\u021banu a fost \u021binta unui atentat cu grenad\u0103. \u0218eful interimar al Inspectoratului General de Poli\u021bie, Gheorghe Cavcaliuc, a declarat pentru BTV c\u0103 incidentul s-a produs \u00een jurul orei 2:50, c\u00e2nd o persoan\u0103 necunoscut\u0103 a aruncat un obiect explozibil pe balconul casei. \u201eAst\u0103 noapte \u00een jurul orei [&hellip;]<\/p>\n","protected":false},"author":4,"featured_media":6388,"comment_status":"closed","ping_status":"closed","sticky":false,"template":"","format":"standard","meta":{"footnotes":""},"categories":[15],"tags":[],"class_list":["post-6387","post","type-post","status-publish","format-standard","has-post-thumbnail","hentry","category-proishestvia"],"yoast_head":"<!-- This site is optimized with the Yoast SEO plugin v27.4 - https:\/\/yoast.com\/product\/yoast-seo-wordpress\/ -->\n<title>O GRENAD\u0102 A EXPLODAT PE BALCONUL CASEI LUI DR\u0102GU\u021aANU - BTV<\/title>\n<meta name=\"robots\" content=\"index, follow, max-snippet:-1, max-image-preview:large, max-video-preview:-1\" \/>\n<link rel=\"canonical\" href=\"https:\/\/www.btv.md\/ro\/o-grenada-a-explodat-pe-balconul-casei-lui-dragutanu\/\" \/>\n<meta property=\"og:locale\" content=\"ro_RO\" \/>\n<meta property=\"og:type\" content=\"article\" \/>\n<meta property=\"og:title\" content=\"O GRENAD\u0102 A EXPLODAT PE BALCONUL CASEI LUI DR\u0102GU\u021aANU - BTV\" \/>\n<meta property=\"og:description\" content=\"Casa fostului guvernator al B\u0103ncii Na\u021bionale a Moldovei, Dorin Dr\u0103gu\u021banu a fost \u021binta unui atentat cu grenad\u0103. \u0218eful interimar al Inspectoratului General de Poli\u021bie, Gheorghe Cavcaliuc, a declarat pentru BTV c\u0103 incidentul s-a produs \u00een jurul orei 2:50, c\u00e2nd o persoan\u0103 necunoscut\u0103 a aruncat un obiect explozibil pe balconul casei. \u201eAst\u0103 noapte \u00een jurul orei [&hellip;]\" \/>\n<meta property=\"og:url\" content=\"https:\/\/www.btv.md\/ro\/o-grenada-a-explodat-pe-balconul-casei-lui-dragutanu\/\" \/>\n<meta property=\"og:site_name\" content=\"BTV\" \/>\n<meta property=\"article:publisher\" content=\"https:\/\/www.facebook.com\/btvmoldova\/\" \/>\n<meta property=\"article:published_time\" content=\"2016-02-01T10:21:50+00:00\" \/>\n<meta property=\"article:modified_time\" content=\"2016-02-01T11:21:38+00:00\" \/>\n<meta property=\"og:image\" content=\"https:\/\/www.btv.md\/wp-content\/uploads\/2016\/02\/today.md_.jpg\" \/>\n\t<meta property=\"og:image:width\" content=\"840\" \/>\n\t<meta property=\"og:image:height\" content=\"402\" \/>\n\t<meta property=\"og:image:type\" content=\"image\/jpeg\" \/>\n<meta name=\"author\" content=\"admin\" \/>\n<meta name=\"twitter:label1\" content=\"Scris de\" \/>\n\t<meta name=\"twitter:data1\" content=\"admin\" \/>\n\t<meta name=\"twitter:label2\" content=\"Timp estimat pentru citire\" \/>\n\t<meta name=\"twitter:data2\" content=\"1 minut\" \/>\n<script type=\"application\/ld+json\" class=\"yoast-schema-graph\">{\"@context\":\"https:\\\/\\\/schema.org\",\"@graph\":[{\"@type\":\"Article\",\"@id\":\"https:\\\/\\\/www.btv.md\\\/ro\\\/o-grenada-a-explodat-pe-balconul-casei-lui-dragutanu\\\/#article\",\"isPartOf\":{\"@id\":\"https:\\\/\\\/www.btv.md\\\/ro\\\/o-grenada-a-explodat-pe-balconul-casei-lui-dragutanu\\\/\"},\"author\":{\"name\":\"admin\",\"@id\":\"https:\\\/\\\/www.btv.md\\\/#\\\/schema\\\/person\\\/8fadce81561b3ce2c34c46dadc4ccbf2\"},\"headline\":\"O GRENAD\u0102 A EXPLODAT PE BALCONUL CASEI LUI DR\u0102GU\u021aANU\",\"datePublished\":\"2016-02-01T10:21:50+00:00\",\"dateModified\":\"2016-02-01T11:21:38+00:00\",\"mainEntityOfPage\":{\"@id\":\"https:\\\/\\\/www.btv.md\\\/ro\\\/o-grenada-a-explodat-pe-balconul-casei-lui-dragutanu\\\/\"},\"wordCount\":287,\"image\":{\"@id\":\"https:\\\/\\\/www.btv.md\\\/ro\\\/o-grenada-a-explodat-pe-balconul-casei-lui-dragutanu\\\/#primaryimage\"},\"thumbnailUrl\":\"https:\\\/\\\/www.btv.md\\\/wp-content\\\/uploads\\\/2016\\\/02\\\/today.md_.jpg\",\"articleSection\":[\"\u041f\u0440\u043e\u0438\u0441\u0448\u0435\u0441\u0442\u0432\u0438\u044f\"],\"inLanguage\":\"ro-RO\"},{\"@type\":\"WebPage\",\"@id\":\"https:\\\/\\\/www.btv.md\\\/ro\\\/o-grenada-a-explodat-pe-balconul-casei-lui-dragutanu\\\/\",\"url\":\"https:\\\/\\\/www.btv.md\\\/ro\\\/o-grenada-a-explodat-pe-balconul-casei-lui-dragutanu\\\/\",\"name\":\"O GRENAD\u0102 A EXPLODAT PE BALCONUL CASEI LUI DR\u0102GU\u021aANU - BTV\",\"isPartOf\":{\"@id\":\"https:\\\/\\\/www.btv.md\\\/#website\"},\"primaryImageOfPage\":{\"@id\":\"https:\\\/\\\/www.btv.md\\\/ro\\\/o-grenada-a-explodat-pe-balconul-casei-lui-dragutanu\\\/#primaryimage\"},\"image\":{\"@id\":\"https:\\\/\\\/www.btv.md\\\/ro\\\/o-grenada-a-explodat-pe-balconul-casei-lui-dragutanu\\\/#primaryimage\"},\"thumbnailUrl\":\"https:\\\/\\\/www.btv.md\\\/wp-content\\\/uploads\\\/2016\\\/02\\\/today.md_.jpg\",\"datePublished\":\"2016-02-01T10:21:50+00:00\",\"dateModified\":\"2016-02-01T11:21:38+00:00\",\"author\":{\"@id\":\"https:\\\/\\\/www.btv.md\\\/#\\\/schema\\\/person\\\/8fadce81561b3ce2c34c46dadc4ccbf2\"},\"inLanguage\":\"ro-RO\",\"potentialAction\":[{\"@type\":\"ReadAction\",\"target\":[\"https:\\\/\\\/www.btv.md\\\/ro\\\/o-grenada-a-explodat-pe-balconul-casei-lui-dragutanu\\\/\"]}]},{\"@type\":\"ImageObject\",\"inLanguage\":\"ro-RO\",\"@id\":\"https:\\\/\\\/www.btv.md\\\/ro\\\/o-grenada-a-explodat-pe-balconul-casei-lui-dragutanu\\\/#primaryimage\",\"url\":\"https:\\\/\\\/www.btv.md\\\/wp-content\\\/uploads\\\/2016\\\/02\\\/today.md_.jpg\",\"contentUrl\":\"https:\\\/\\\/www.btv.md\\\/wp-content\\\/uploads\\\/2016\\\/02\\\/today.md_.jpg\",\"width\":840,\"height\":402,\"caption\":\"today.md\"},{\"@type\":\"WebSite\",\"@id\":\"https:\\\/\\\/www.btv.md\\\/#website\",\"url\":\"https:\\\/\\\/www.btv.md\\\/\",\"name\":\"BTV\",\"description\":\"\u0411\u0435\u043b\u044c\u0446\u043a\u043e\u0435 \u0442\u0435\u043b\u0435\u0432\u0438\u0434\u0435\u043d\u0438\u0435\",\"potentialAction\":[{\"@type\":\"SearchAction\",\"target\":{\"@type\":\"EntryPoint\",\"urlTemplate\":\"https:\\\/\\\/www.btv.md\\\/?s={search_term_string}\"},\"query-input\":{\"@type\":\"PropertyValueSpecification\",\"valueRequired\":true,\"valueName\":\"search_term_string\"}}],\"inLanguage\":\"ro-RO\"},{\"@type\":\"Person\",\"@id\":\"https:\\\/\\\/www.btv.md\\\/#\\\/schema\\\/person\\\/8fadce81561b3ce2c34c46dadc4ccbf2\",\"name\":\"admin\"}]}<\/script>\n<!-- \/ Yoast SEO plugin. -->","yoast_head_json":{"title":"O GRENAD\u0102 A EXPLODAT PE BALCONUL CASEI LUI DR\u0102GU\u021aANU - BTV","robots":{"index":"index","follow":"follow","max-snippet":"max-snippet:-1","max-image-preview":"max-image-preview:large","max-video-preview":"max-video-preview:-1"},"canonical":"https:\/\/www.btv.md\/ro\/o-grenada-a-explodat-pe-balconul-casei-lui-dragutanu\/","og_locale":"ro_RO","og_type":"article","og_title":"O GRENAD\u0102 A EXPLODAT PE BALCONUL CASEI LUI DR\u0102GU\u021aANU - BTV","og_description":"Casa fostului guvernator al B\u0103ncii Na\u021bionale a Moldovei, Dorin Dr\u0103gu\u021banu a fost \u021binta unui atentat cu grenad\u0103. \u0218eful interimar al Inspectoratului General de Poli\u021bie, Gheorghe Cavcaliuc, a declarat pentru BTV c\u0103 incidentul s-a produs \u00een jurul orei 2:50, c\u00e2nd o persoan\u0103 necunoscut\u0103 a aruncat un obiect explozibil pe balconul casei. \u201eAst\u0103 noapte \u00een jurul orei [&hellip;]","og_url":"https:\/\/www.btv.md\/ro\/o-grenada-a-explodat-pe-balconul-casei-lui-dragutanu\/","og_site_name":"BTV","article_publisher":"https:\/\/www.facebook.com\/btvmoldova\/","article_published_time":"2016-02-01T10:21:50+00:00","article_modified_time":"2016-02-01T11:21:38+00:00","og_image":[{"width":840,"height":402,"url":"https:\/\/www.btv.md\/wp-content\/uploads\/2016\/02\/today.md_.jpg","type":"image\/jpeg"}],"author":"admin","twitter_misc":{"Scris de":"admin","Timp estimat pentru citire":"1 minut"},"schema":{"@context":"https:\/\/schema.org","@graph":[{"@type":"Article","@id":"https:\/\/www.btv.md\/ro\/o-grenada-a-explodat-pe-balconul-casei-lui-dragutanu\/#article","isPartOf":{"@id":"https:\/\/www.btv.md\/ro\/o-grenada-a-explodat-pe-balconul-casei-lui-dragutanu\/"},"author":{"name":"admin","@id":"https:\/\/www.btv.md\/#\/schema\/person\/8fadce81561b3ce2c34c46dadc4ccbf2"},"headline":"O GRENAD\u0102 A EXPLODAT PE BALCONUL CASEI LUI DR\u0102GU\u021aANU","datePublished":"2016-02-01T10:21:50+00:00","dateModified":"2016-02-01T11:21:38+00:00","mainEntityOfPage":{"@id":"https:\/\/www.btv.md\/ro\/o-grenada-a-explodat-pe-balconul-casei-lui-dragutanu\/"},"wordCount":287,"image":{"@id":"https:\/\/www.btv.md\/ro\/o-grenada-a-explodat-pe-balconul-casei-lui-dragutanu\/#primaryimage"},"thumbnailUrl":"https:\/\/www.btv.md\/wp-content\/uploads\/2016\/02\/today.md_.jpg","articleSection":["\u041f\u0440\u043e\u0438\u0441\u0448\u0435\u0441\u0442\u0432\u0438\u044f"],"inLanguage":"ro-RO"},{"@type":"WebPage","@id":"https:\/\/www.btv.md\/ro\/o-grenada-a-explodat-pe-balconul-casei-lui-dragutanu\/","url":"https:\/\/www.btv.md\/ro\/o-grenada-a-explodat-pe-balconul-casei-lui-dragutanu\/","name":"O GRENAD\u0102 A EXPLODAT PE BALCONUL CASEI LUI DR\u0102GU\u021aANU - BTV","isPartOf":{"@id":"https:\/\/www.btv.md\/#website"},"primaryImageOfPage":{"@id":"https:\/\/www.btv.md\/ro\/o-grenada-a-explodat-pe-balconul-casei-lui-dragutanu\/#primaryimage"},"image":{"@id":"https:\/\/www.btv.md\/ro\/o-grenada-a-explodat-pe-balconul-casei-lui-dragutanu\/#primaryimage"},"thumbnailUrl":"https:\/\/www.btv.md\/wp-content\/uploads\/2016\/02\/today.md_.jpg","datePublished":"2016-02-01T10:21:50+00:00","dateModified":"2016-02-01T11:21:38+00:00","author":{"@id":"https:\/\/www.btv.md\/#\/schema\/person\/8fadce81561b3ce2c34c46dadc4ccbf2"},"inLanguage":"ro-RO","potentialAction":[{"@type":"ReadAction","target":["https:\/\/www.btv.md\/ro\/o-grenada-a-explodat-pe-balconul-casei-lui-dragutanu\/"]}]},{"@type":"ImageObject","inLanguage":"ro-RO","@id":"https:\/\/www.btv.md\/ro\/o-grenada-a-explodat-pe-balconul-casei-lui-dragutanu\/#primaryimage","url":"https:\/\/www.btv.md\/wp-content\/uploads\/2016\/02\/today.md_.jpg","contentUrl":"https:\/\/www.btv.md\/wp-content\/uploads\/2016\/02\/today.md_.jpg","width":840,"height":402,"caption":"today.md"},{"@type":"WebSite","@id":"https:\/\/www.btv.md\/#website","url":"https:\/\/www.btv.md\/","name":"BTV","description":"\u0411\u0435\u043b\u044c\u0446\u043a\u043e\u0435 \u0442\u0435\u043b\u0435\u0432\u0438\u0434\u0435\u043d\u0438\u0435","potentialAction":[{"@type":"SearchAction","target":{"@type":"EntryPoint","urlTemplate":"https:\/\/www.btv.md\/?s={search_term_string}"},"query-input":{"@type":"PropertyValueSpecification","valueRequired":true,"valueName":"search_term_string"}}],"inLanguage":"ro-RO"},{"@type":"Person","@id":"https:\/\/www.btv.md\/#\/schema\/person\/8fadce81561b3ce2c34c46dadc4ccbf2","name":"admin"}]}},"_links":{"self":[{"href":"https:\/\/www.btv.md\/ro\/wp-json\/wp\/v2\/posts\/6387","targetHints":{"allow":["GET"]}}],"collection":[{"href":"https:\/\/www.btv.md\/ro\/wp-json\/wp\/v2\/posts"}],"about":[{"href":"https:\/\/www.btv.md\/ro\/wp-json\/wp\/v2\/types\/post"}],"author":[{"embeddable":true,"href":"https:\/\/www.btv.md\/ro\/wp-json\/wp\/v2\/users\/4"}],"replies":[{"embeddable":true,"href":"https:\/\/www.btv.md\/ro\/wp-json\/wp\/v2\/comments?post=6387"}],"version-history":[{"count":0,"href":"https:\/\/www.btv.md\/ro\/wp-json\/wp\/v2\/posts\/6387\/revisions"}],"wp:featuredmedia":[{"embeddable":true,"href":"https:\/\/www.btv.md\/ro\/wp-json\/wp\/v2\/media\/6388"}],"wp:attachment":[{"href":"https:\/\/www.btv.md\/ro\/wp-json\/wp\/v2\/media?parent=6387"}],"wp:term":[{"taxonomy":"category","embeddable":true,"href":"https:\/\/www.btv.md\/ro\/wp-json\/wp\/v2\/categories?post=6387"},{"taxonomy":"post_tag","embeddable":true,"href":"https:\/\/www.btv.md\/ro\/wp-json\/wp\/v2\/tags?post=6387"}],"curies":[{"name":"wp","href":"https:\/\/api.w.org\/{rel}","templated":true}]}}