{"id":6418,"date":"2016-02-01T11:20:52","date_gmt":"2016-02-01T08:20:52","guid":{"rendered":"http:\/\/btv.md\/?p=6418"},"modified":"2016-02-01T15:51:35","modified_gmt":"2016-02-01T12:51:35","slug":"ministrul-finantelor-avem-bani-doar-pentru-achitarea-pensiilor-si-salariilor","status":"publish","type":"post","link":"https:\/\/www.btv.md\/ro\/ministrul-finantelor-avem-bani-doar-pentru-achitarea-pensiilor-si-salariilor\/","title":{"rendered":"Ministrul Finan\u021belor: \u201dAvem bani doar pentru achitarea pensiilor \u015fi salariilor\u201d"},"content":{"rendered":"<p><strong>Pensionarii \u015fi salaria\u0163ii din sectorul public din Republica Moldova \u00ee\u0219i vor primi banii chiar dac\u0103 situa\u021bia din sistemul financiar nu este tocmai bun\u0103, a anun\u021bat ministrul Finan\u0163elor, Octavian Arma\u015fu, \u00een cadrul unei emisiuni de la postul de televiziune \u201ePrime\u201d.<\/strong><\/p>\n<p>\u201e<em>Vreau s\u0103 v\u0103 asigur c\u0103 vom g\u0103si solu\u021bii. Sunt cheltuieli doar pentru achitarea pensiilor \u0219i salariilor bugetarilor, restul cheltuielilor sunt, practic, oprite, nu se cump\u0103r\u0103 un calculator, un pix sau un fotoliu. \u00cencas\u0103rile curente sunt suficiente pentru a acoperi achitarea pensiilor \u015fi salariilor<\/em>\u201d, a spus Arma\u015fu.<\/p>\n<p>Acesta \u00ee\u0219i pune mari speran\u021be \u00een prima tran\u0219\u0103 a creditului promis de Guvernul Rom\u00e2niei, contra unor ac\u021biuni concrete. Potrivit ministrului, \u00een primul r\u00e2nd, banii vor fi folosi\u021bi pentru stabilizarea sistemului bugetar fiscal.<\/p>\n","protected":false},"excerpt":{"rendered":"<p>Pensionarii \u015fi salaria\u0163ii din sectorul public din Republica Moldova \u00ee\u0219i vor primi banii chiar dac\u0103 situa\u021bia din sistemul financiar nu este tocmai bun\u0103, a anun\u021bat ministrul Finan\u0163elor, Octavian Arma\u015fu, \u00een cadrul unei emisiuni de la postul de televiziune \u201ePrime\u201d. \u201eVreau s\u0103 v\u0103 asigur c\u0103 vom g\u0103si solu\u021bii. Sunt cheltuieli doar pentru achitarea pensiilor \u0219i salariilor [&hellip;]<\/p>\n","protected":false},"author":4,"featured_media":6419,"comment_status":"closed","ping_status":"closed","sticky":false,"template":"","format":"standard","meta":{"footnotes":""},"categories":[6349],"tags":[],"class_list":["post-6418","post","type-post","status-publish","format-standard","has-post-thumbnail","hentry","category-social"],"yoast_head":"<!-- This site is optimized with the Yoast SEO plugin v27.4 - https:\/\/yoast.com\/product\/yoast-seo-wordpress\/ -->\n<title>Ministrul Finan\u021belor: \u201dAvem bani doar pentru achitarea pensiilor \u015fi salariilor\u201d - BTV<\/title>\n<meta name=\"robots\" content=\"index, follow, max-snippet:-1, max-image-preview:large, max-video-preview:-1\" \/>\n<link rel=\"canonical\" href=\"https:\/\/www.btv.md\/ro\/ministrul-finantelor-avem-bani-doar-pentru-achitarea-pensiilor-si-salariilor\/\" \/>\n<meta property=\"og:locale\" content=\"ro_RO\" \/>\n<meta property=\"og:type\" content=\"article\" \/>\n<meta property=\"og:title\" content=\"Ministrul Finan\u021belor: \u201dAvem bani doar pentru achitarea pensiilor \u015fi salariilor\u201d - BTV\" \/>\n<meta property=\"og:description\" content=\"Pensionarii \u015fi salaria\u0163ii din sectorul public din Republica Moldova \u00ee\u0219i vor primi banii chiar dac\u0103 situa\u021bia din sistemul financiar nu este tocmai bun\u0103, a anun\u021bat ministrul Finan\u0163elor, Octavian Arma\u015fu, \u00een cadrul unei emisiuni de la postul de televiziune \u201ePrime\u201d. \u201eVreau s\u0103 v\u0103 asigur c\u0103 vom g\u0103si solu\u021bii. Sunt cheltuieli doar pentru achitarea pensiilor \u0219i salariilor [&hellip;]\" \/>\n<meta property=\"og:url\" content=\"https:\/\/www.btv.md\/ro\/ministrul-finantelor-avem-bani-doar-pentru-achitarea-pensiilor-si-salariilor\/\" \/>\n<meta property=\"og:site_name\" content=\"BTV\" \/>\n<meta property=\"article:publisher\" content=\"https:\/\/www.facebook.com\/btvmoldova\/\" \/>\n<meta property=\"article:published_time\" content=\"2016-02-01T08:20:52+00:00\" \/>\n<meta property=\"article:modified_time\" content=\"2016-02-01T12:51:35+00:00\" \/>\n<meta property=\"og:image\" content=\"https:\/\/www.btv.md\/wp-content\/uploads\/2016\/02\/octavian-armasu.png\" \/>\n\t<meta property=\"og:image:width\" content=\"524\" \/>\n\t<meta property=\"og:image:height\" content=\"290\" \/>\n\t<meta property=\"og:image:type\" content=\"image\/png\" \/>\n<meta name=\"author\" content=\"admin\" \/>\n<meta name=\"twitter:label1\" content=\"Scris de\" \/>\n\t<meta name=\"twitter:data1\" content=\"admin\" \/>\n\t<meta name=\"twitter:label2\" content=\"Timp estimat pentru citire\" \/>\n\t<meta name=\"twitter:data2\" content=\"1 minut\" \/>\n<script type=\"application\/ld+json\" class=\"yoast-schema-graph\">{\"@context\":\"https:\\\/\\\/schema.org\",\"@graph\":[{\"@type\":\"Article\",\"@id\":\"https:\\\/\\\/www.btv.md\\\/ro\\\/ministrul-finantelor-avem-bani-doar-pentru-achitarea-pensiilor-si-salariilor\\\/#article\",\"isPartOf\":{\"@id\":\"https:\\\/\\\/www.btv.md\\\/ro\\\/ministrul-finantelor-avem-bani-doar-pentru-achitarea-pensiilor-si-salariilor\\\/\"},\"author\":{\"name\":\"admin\",\"@id\":\"https:\\\/\\\/www.btv.md\\\/#\\\/schema\\\/person\\\/8fadce81561b3ce2c34c46dadc4ccbf2\"},\"headline\":\"Ministrul Finan\u021belor: \u201dAvem bani doar pentru achitarea pensiilor \u015fi salariilor\u201d\",\"datePublished\":\"2016-02-01T08:20:52+00:00\",\"dateModified\":\"2016-02-01T12:51:35+00:00\",\"mainEntityOfPage\":{\"@id\":\"https:\\\/\\\/www.btv.md\\\/ro\\\/ministrul-finantelor-avem-bani-doar-pentru-achitarea-pensiilor-si-salariilor\\\/\"},\"wordCount\":143,\"image\":{\"@id\":\"https:\\\/\\\/www.btv.md\\\/ro\\\/ministrul-finantelor-avem-bani-doar-pentru-achitarea-pensiilor-si-salariilor\\\/#primaryimage\"},\"thumbnailUrl\":\"https:\\\/\\\/www.btv.md\\\/wp-content\\\/uploads\\\/2016\\\/02\\\/octavian-armasu.png\",\"articleSection\":[\"Social\"],\"inLanguage\":\"ro-RO\"},{\"@type\":\"WebPage\",\"@id\":\"https:\\\/\\\/www.btv.md\\\/ro\\\/ministrul-finantelor-avem-bani-doar-pentru-achitarea-pensiilor-si-salariilor\\\/\",\"url\":\"https:\\\/\\\/www.btv.md\\\/ro\\\/ministrul-finantelor-avem-bani-doar-pentru-achitarea-pensiilor-si-salariilor\\\/\",\"name\":\"Ministrul Finan\u021belor: \u201dAvem bani doar pentru achitarea pensiilor \u015fi salariilor\u201d - BTV\",\"isPartOf\":{\"@id\":\"https:\\\/\\\/www.btv.md\\\/#website\"},\"primaryImageOfPage\":{\"@id\":\"https:\\\/\\\/www.btv.md\\\/ro\\\/ministrul-finantelor-avem-bani-doar-pentru-achitarea-pensiilor-si-salariilor\\\/#primaryimage\"},\"image\":{\"@id\":\"https:\\\/\\\/www.btv.md\\\/ro\\\/ministrul-finantelor-avem-bani-doar-pentru-achitarea-pensiilor-si-salariilor\\\/#primaryimage\"},\"thumbnailUrl\":\"https:\\\/\\\/www.btv.md\\\/wp-content\\\/uploads\\\/2016\\\/02\\\/octavian-armasu.png\",\"datePublished\":\"2016-02-01T08:20:52+00:00\",\"dateModified\":\"2016-02-01T12:51:35+00:00\",\"author\":{\"@id\":\"https:\\\/\\\/www.btv.md\\\/#\\\/schema\\\/person\\\/8fadce81561b3ce2c34c46dadc4ccbf2\"},\"inLanguage\":\"ro-RO\",\"potentialAction\":[{\"@type\":\"ReadAction\",\"target\":[\"https:\\\/\\\/www.btv.md\\\/ro\\\/ministrul-finantelor-avem-bani-doar-pentru-achitarea-pensiilor-si-salariilor\\\/\"]}]},{\"@type\":\"ImageObject\",\"inLanguage\":\"ro-RO\",\"@id\":\"https:\\\/\\\/www.btv.md\\\/ro\\\/ministrul-finantelor-avem-bani-doar-pentru-achitarea-pensiilor-si-salariilor\\\/#primaryimage\",\"url\":\"https:\\\/\\\/www.btv.md\\\/wp-content\\\/uploads\\\/2016\\\/02\\\/octavian-armasu.png\",\"contentUrl\":\"https:\\\/\\\/www.btv.md\\\/wp-content\\\/uploads\\\/2016\\\/02\\\/octavian-armasu.png\",\"width\":524,\"height\":290,\"caption\":\"argumentul.info\"},{\"@type\":\"WebSite\",\"@id\":\"https:\\\/\\\/www.btv.md\\\/#website\",\"url\":\"https:\\\/\\\/www.btv.md\\\/\",\"name\":\"BTV\",\"description\":\"\u0411\u0435\u043b\u044c\u0446\u043a\u043e\u0435 \u0442\u0435\u043b\u0435\u0432\u0438\u0434\u0435\u043d\u0438\u0435\",\"potentialAction\":[{\"@type\":\"SearchAction\",\"target\":{\"@type\":\"EntryPoint\",\"urlTemplate\":\"https:\\\/\\\/www.btv.md\\\/?s={search_term_string}\"},\"query-input\":{\"@type\":\"PropertyValueSpecification\",\"valueRequired\":true,\"valueName\":\"search_term_string\"}}],\"inLanguage\":\"ro-RO\"},{\"@type\":\"Person\",\"@id\":\"https:\\\/\\\/www.btv.md\\\/#\\\/schema\\\/person\\\/8fadce81561b3ce2c34c46dadc4ccbf2\",\"name\":\"admin\"}]}<\/script>\n<!-- \/ Yoast SEO plugin. -->","yoast_head_json":{"title":"Ministrul Finan\u021belor: \u201dAvem bani doar pentru achitarea pensiilor \u015fi salariilor\u201d - BTV","robots":{"index":"index","follow":"follow","max-snippet":"max-snippet:-1","max-image-preview":"max-image-preview:large","max-video-preview":"max-video-preview:-1"},"canonical":"https:\/\/www.btv.md\/ro\/ministrul-finantelor-avem-bani-doar-pentru-achitarea-pensiilor-si-salariilor\/","og_locale":"ro_RO","og_type":"article","og_title":"Ministrul Finan\u021belor: \u201dAvem bani doar pentru achitarea pensiilor \u015fi salariilor\u201d - BTV","og_description":"Pensionarii \u015fi salaria\u0163ii din sectorul public din Republica Moldova \u00ee\u0219i vor primi banii chiar dac\u0103 situa\u021bia din sistemul financiar nu este tocmai bun\u0103, a anun\u021bat ministrul Finan\u0163elor, Octavian Arma\u015fu, \u00een cadrul unei emisiuni de la postul de televiziune \u201ePrime\u201d. \u201eVreau s\u0103 v\u0103 asigur c\u0103 vom g\u0103si solu\u021bii. Sunt cheltuieli doar pentru achitarea pensiilor \u0219i salariilor [&hellip;]","og_url":"https:\/\/www.btv.md\/ro\/ministrul-finantelor-avem-bani-doar-pentru-achitarea-pensiilor-si-salariilor\/","og_site_name":"BTV","article_publisher":"https:\/\/www.facebook.com\/btvmoldova\/","article_published_time":"2016-02-01T08:20:52+00:00","article_modified_time":"2016-02-01T12:51:35+00:00","og_image":[{"width":524,"height":290,"url":"https:\/\/www.btv.md\/wp-content\/uploads\/2016\/02\/octavian-armasu.png","type":"image\/png"}],"author":"admin","twitter_misc":{"Scris de":"admin","Timp estimat pentru citire":"1 minut"},"schema":{"@context":"https:\/\/schema.org","@graph":[{"@type":"Article","@id":"https:\/\/www.btv.md\/ro\/ministrul-finantelor-avem-bani-doar-pentru-achitarea-pensiilor-si-salariilor\/#article","isPartOf":{"@id":"https:\/\/www.btv.md\/ro\/ministrul-finantelor-avem-bani-doar-pentru-achitarea-pensiilor-si-salariilor\/"},"author":{"name":"admin","@id":"https:\/\/www.btv.md\/#\/schema\/person\/8fadce81561b3ce2c34c46dadc4ccbf2"},"headline":"Ministrul Finan\u021belor: \u201dAvem bani doar pentru achitarea pensiilor \u015fi salariilor\u201d","datePublished":"2016-02-01T08:20:52+00:00","dateModified":"2016-02-01T12:51:35+00:00","mainEntityOfPage":{"@id":"https:\/\/www.btv.md\/ro\/ministrul-finantelor-avem-bani-doar-pentru-achitarea-pensiilor-si-salariilor\/"},"wordCount":143,"image":{"@id":"https:\/\/www.btv.md\/ro\/ministrul-finantelor-avem-bani-doar-pentru-achitarea-pensiilor-si-salariilor\/#primaryimage"},"thumbnailUrl":"https:\/\/www.btv.md\/wp-content\/uploads\/2016\/02\/octavian-armasu.png","articleSection":["Social"],"inLanguage":"ro-RO"},{"@type":"WebPage","@id":"https:\/\/www.btv.md\/ro\/ministrul-finantelor-avem-bani-doar-pentru-achitarea-pensiilor-si-salariilor\/","url":"https:\/\/www.btv.md\/ro\/ministrul-finantelor-avem-bani-doar-pentru-achitarea-pensiilor-si-salariilor\/","name":"Ministrul Finan\u021belor: \u201dAvem bani doar pentru achitarea pensiilor \u015fi salariilor\u201d - BTV","isPartOf":{"@id":"https:\/\/www.btv.md\/#website"},"primaryImageOfPage":{"@id":"https:\/\/www.btv.md\/ro\/ministrul-finantelor-avem-bani-doar-pentru-achitarea-pensiilor-si-salariilor\/#primaryimage"},"image":{"@id":"https:\/\/www.btv.md\/ro\/ministrul-finantelor-avem-bani-doar-pentru-achitarea-pensiilor-si-salariilor\/#primaryimage"},"thumbnailUrl":"https:\/\/www.btv.md\/wp-content\/uploads\/2016\/02\/octavian-armasu.png","datePublished":"2016-02-01T08:20:52+00:00","dateModified":"2016-02-01T12:51:35+00:00","author":{"@id":"https:\/\/www.btv.md\/#\/schema\/person\/8fadce81561b3ce2c34c46dadc4ccbf2"},"inLanguage":"ro-RO","potentialAction":[{"@type":"ReadAction","target":["https:\/\/www.btv.md\/ro\/ministrul-finantelor-avem-bani-doar-pentru-achitarea-pensiilor-si-salariilor\/"]}]},{"@type":"ImageObject","inLanguage":"ro-RO","@id":"https:\/\/www.btv.md\/ro\/ministrul-finantelor-avem-bani-doar-pentru-achitarea-pensiilor-si-salariilor\/#primaryimage","url":"https:\/\/www.btv.md\/wp-content\/uploads\/2016\/02\/octavian-armasu.png","contentUrl":"https:\/\/www.btv.md\/wp-content\/uploads\/2016\/02\/octavian-armasu.png","width":524,"height":290,"caption":"argumentul.info"},{"@type":"WebSite","@id":"https:\/\/www.btv.md\/#website","url":"https:\/\/www.btv.md\/","name":"BTV","description":"\u0411\u0435\u043b\u044c\u0446\u043a\u043e\u0435 \u0442\u0435\u043b\u0435\u0432\u0438\u0434\u0435\u043d\u0438\u0435","potentialAction":[{"@type":"SearchAction","target":{"@type":"EntryPoint","urlTemplate":"https:\/\/www.btv.md\/?s={search_term_string}"},"query-input":{"@type":"PropertyValueSpecification","valueRequired":true,"valueName":"search_term_string"}}],"inLanguage":"ro-RO"},{"@type":"Person","@id":"https:\/\/www.btv.md\/#\/schema\/person\/8fadce81561b3ce2c34c46dadc4ccbf2","name":"admin"}]}},"_links":{"self":[{"href":"https:\/\/www.btv.md\/ro\/wp-json\/wp\/v2\/posts\/6418","targetHints":{"allow":["GET"]}}],"collection":[{"href":"https:\/\/www.btv.md\/ro\/wp-json\/wp\/v2\/posts"}],"about":[{"href":"https:\/\/www.btv.md\/ro\/wp-json\/wp\/v2\/types\/post"}],"author":[{"embeddable":true,"href":"https:\/\/www.btv.md\/ro\/wp-json\/wp\/v2\/users\/4"}],"replies":[{"embeddable":true,"href":"https:\/\/www.btv.md\/ro\/wp-json\/wp\/v2\/comments?post=6418"}],"version-history":[{"count":0,"href":"https:\/\/www.btv.md\/ro\/wp-json\/wp\/v2\/posts\/6418\/revisions"}],"wp:featuredmedia":[{"embeddable":true,"href":"https:\/\/www.btv.md\/ro\/wp-json\/wp\/v2\/media\/6419"}],"wp:attachment":[{"href":"https:\/\/www.btv.md\/ro\/wp-json\/wp\/v2\/media?parent=6418"}],"wp:term":[{"taxonomy":"category","embeddable":true,"href":"https:\/\/www.btv.md\/ro\/wp-json\/wp\/v2\/categories?post=6418"},{"taxonomy":"post_tag","embeddable":true,"href":"https:\/\/www.btv.md\/ro\/wp-json\/wp\/v2\/tags?post=6418"}],"curies":[{"name":"wp","href":"https:\/\/api.w.org\/{rel}","templated":true}]}}