{"id":6421,"date":"2016-02-01T11:25:55","date_gmt":"2016-02-01T08:25:55","guid":{"rendered":"http:\/\/btv.md\/?p=6421"},"modified":"2016-02-01T15:53:57","modified_gmt":"2016-02-01T12:53:57","slug":"numarul-copiilor-care-fug-de-acasa-tot-mai-mare-in-r-moldova","status":"publish","type":"post","link":"https:\/\/www.btv.md\/ro\/numarul-copiilor-care-fug-de-acasa-tot-mai-mare-in-r-moldova\/","title":{"rendered":"NUM\u0102RUL  COPIILOR  CARE  FUG  DE-ACAS\u0102, TOT  MAI  MARE  \u00ceN  R. MOLDOVA"},"content":{"rendered":"<p><strong>\u00cen anul 2015, procurorii au \u00eenregistrat 698 de cazuri \u00een care copiii au abandonat domiciliul, cu 158 de cazuri mai mult dec\u00e2t \u00een anul 2014, c\u00e2nd au fost \u00eenregistrate 540 de astfel de cazuri, informeaz\u0103 <a href=\"http:\/\/www.ziarulnational.md\/numarul-copiilor-care-fug-de-acasa-tot-mai-mare-in-r-moldova\/\" target=\"_blank\">Ziarul Na\u021bional<\/a>.<\/strong><\/p>\n<p>De asemenea, au fost \u00eenregistrate \u0219i cazuri c\u00e2nd p\u0103rin\u021bii \u0219i-au abandonat copiii, dar \u0219i copii care au fugit de acas\u0103 pe motiv de abuz, lipsa supravegherii din partea p\u0103rin\u0163ilor ori modul de via\u0163\u0103 antisocial al acestora. Consecin\u0163ele acestor situa\u0163ii sunt vagabondajul, cer\u015fetoria \u0219i infrac\u0163ionalitatea. <\/p>\n<p>Potrvit procurorilor, din 513 investiga\u0163ii efectuate \u00een domeniu, au fost \u00eenaintat 269 de acte de sesizare pentru \u00eenl\u0103turarea \u00eenc\u0103lc\u0103rilor depistate \u015fi au fost pornite 38 de cauze penale. \u00cen interesele copiilor \u015fi altor categorii de persoane social-vulnerabile procurorii au intentat \u015fi remis spre examinare \u00een instan\u0163ele de judecat\u0103 355 de ac\u0163iuni civile \u00een valoare de 8,3 milioane de lei. <\/p>\n<p>De asemenea, \u00een cursul anului trecut, au fost examinate 74 de cereri de \u00eencuviin\u0163are a adop\u0163iei, mai mult fa\u0163\u0103 de anul 2014, c\u00e2nd au fost examinate 41 de cereri. <\/p>\n<p>Totodat\u0103, \u00een cursul anului trecut, procurorii au examinat 298 de peti\u0163ii privind \u00eenc\u0103lcarea drepturilor copilului, din care 80 au fost recunoscute fondate \u015fi admise. Printre problemele cel mai des invocate se reg\u0103sesc litigiile dintre p\u0103rin\u0163i referitor la domiciliul copiilor dup\u0103 divor\u0163, revendicarea pensiei de \u00eentre\u0163inere, pretinse cazuri de r\u0103pire a copilului sau scoatere ilegal\u0103 a copilului din \u0163ar\u0103, contestarea ac\u0163iunilor cadrelor didactice etc. <\/p>\n<p>Pentru responsabilizarea persoanelor, \u00een obliga\u0163ia c\u0103rora intr\u0103 \u00eengrijirea \u015fi educa\u0163ia copilului, au fost examinate circa 4 367 de proceduri contraven\u0163ionale. <\/p>\n<p>\u00cen majoritatea cazurilor, cei care s-au f\u0103cut vinova\u021bi au fost amenda\u021bi. <\/p>\n","protected":false},"excerpt":{"rendered":"<p>\u00cen anul 2015, procurorii au \u00eenregistrat 698 de cazuri \u00een care copiii au abandonat domiciliul, cu 158 de cazuri mai mult dec\u00e2t \u00een anul 2014, c\u00e2nd au fost \u00eenregistrate 540 de astfel de cazuri, informeaz\u0103 Ziarul Na\u021bional. De asemenea, au fost \u00eenregistrate \u0219i cazuri c\u00e2nd p\u0103rin\u021bii \u0219i-au abandonat copiii, dar \u0219i copii care au fugit [&hellip;]<\/p>\n","protected":false},"author":4,"featured_media":6422,"comment_status":"closed","ping_status":"closed","sticky":false,"template":"","format":"standard","meta":{"footnotes":""},"categories":[8],"tags":[],"class_list":["post-6421","post","type-post","status-publish","format-standard","has-post-thumbnail","hentry","category-obshestvo"],"yoast_head":"<!-- This site is optimized with the Yoast SEO plugin v27.4 - https:\/\/yoast.com\/product\/yoast-seo-wordpress\/ -->\n<title>NUM\u0102RUL COPIILOR CARE FUG DE-ACAS\u0102, TOT MAI MARE \u00ceN R. MOLDOVA - BTV<\/title>\n<meta name=\"robots\" content=\"index, follow, max-snippet:-1, max-image-preview:large, max-video-preview:-1\" \/>\n<link rel=\"canonical\" href=\"https:\/\/www.btv.md\/ro\/numarul-copiilor-care-fug-de-acasa-tot-mai-mare-in-r-moldova\/\" \/>\n<meta property=\"og:locale\" content=\"ro_RO\" \/>\n<meta property=\"og:type\" content=\"article\" \/>\n<meta property=\"og:title\" content=\"NUM\u0102RUL COPIILOR CARE FUG DE-ACAS\u0102, TOT MAI MARE \u00ceN R. MOLDOVA - BTV\" \/>\n<meta property=\"og:description\" content=\"\u00cen anul 2015, procurorii au \u00eenregistrat 698 de cazuri \u00een care copiii au abandonat domiciliul, cu 158 de cazuri mai mult dec\u00e2t \u00een anul 2014, c\u00e2nd au fost \u00eenregistrate 540 de astfel de cazuri, informeaz\u0103 Ziarul Na\u021bional. De asemenea, au fost \u00eenregistrate \u0219i cazuri c\u00e2nd p\u0103rin\u021bii \u0219i-au abandonat copiii, dar \u0219i copii care au fugit [&hellip;]\" \/>\n<meta property=\"og:url\" content=\"https:\/\/www.btv.md\/ro\/numarul-copiilor-care-fug-de-acasa-tot-mai-mare-in-r-moldova\/\" \/>\n<meta property=\"og:site_name\" content=\"BTV\" \/>\n<meta property=\"article:publisher\" content=\"https:\/\/www.facebook.com\/btvmoldova\/\" \/>\n<meta property=\"article:published_time\" content=\"2016-02-01T08:25:55+00:00\" \/>\n<meta property=\"article:modified_time\" content=\"2016-02-01T12:53:57+00:00\" \/>\n<meta property=\"og:image\" content=\"https:\/\/www.btv.md\/wp-content\/uploads\/2016\/02\/646x404.jpg\" \/>\n\t<meta property=\"og:image:width\" content=\"646\" \/>\n\t<meta property=\"og:image:height\" content=\"404\" \/>\n\t<meta property=\"og:image:type\" content=\"image\/jpeg\" \/>\n<meta name=\"author\" content=\"admin\" \/>\n<meta name=\"twitter:label1\" content=\"Scris de\" \/>\n\t<meta name=\"twitter:data1\" content=\"admin\" \/>\n\t<meta name=\"twitter:label2\" content=\"Timp estimat pentru citire\" \/>\n\t<meta name=\"twitter:data2\" content=\"1 minut\" \/>\n<script type=\"application\/ld+json\" class=\"yoast-schema-graph\">{\"@context\":\"https:\\\/\\\/schema.org\",\"@graph\":[{\"@type\":\"Article\",\"@id\":\"https:\\\/\\\/www.btv.md\\\/ro\\\/numarul-copiilor-care-fug-de-acasa-tot-mai-mare-in-r-moldova\\\/#article\",\"isPartOf\":{\"@id\":\"https:\\\/\\\/www.btv.md\\\/ro\\\/numarul-copiilor-care-fug-de-acasa-tot-mai-mare-in-r-moldova\\\/\"},\"author\":{\"name\":\"admin\",\"@id\":\"https:\\\/\\\/www.btv.md\\\/#\\\/schema\\\/person\\\/8fadce81561b3ce2c34c46dadc4ccbf2\"},\"headline\":\"NUM\u0102RUL COPIILOR CARE FUG DE-ACAS\u0102, TOT MAI MARE \u00ceN R. MOLDOVA\",\"datePublished\":\"2016-02-01T08:25:55+00:00\",\"dateModified\":\"2016-02-01T12:53:57+00:00\",\"mainEntityOfPage\":{\"@id\":\"https:\\\/\\\/www.btv.md\\\/ro\\\/numarul-copiilor-care-fug-de-acasa-tot-mai-mare-in-r-moldova\\\/\"},\"wordCount\":294,\"image\":{\"@id\":\"https:\\\/\\\/www.btv.md\\\/ro\\\/numarul-copiilor-care-fug-de-acasa-tot-mai-mare-in-r-moldova\\\/#primaryimage\"},\"thumbnailUrl\":\"https:\\\/\\\/www.btv.md\\\/wp-content\\\/uploads\\\/2016\\\/02\\\/646x404.jpg\",\"articleSection\":[\"\u041e\u0431\u0449\u0435\u0441\u0442\u0432\u043e\"],\"inLanguage\":\"ro-RO\"},{\"@type\":\"WebPage\",\"@id\":\"https:\\\/\\\/www.btv.md\\\/ro\\\/numarul-copiilor-care-fug-de-acasa-tot-mai-mare-in-r-moldova\\\/\",\"url\":\"https:\\\/\\\/www.btv.md\\\/ro\\\/numarul-copiilor-care-fug-de-acasa-tot-mai-mare-in-r-moldova\\\/\",\"name\":\"NUM\u0102RUL COPIILOR CARE FUG DE-ACAS\u0102, TOT MAI MARE \u00ceN R. MOLDOVA - BTV\",\"isPartOf\":{\"@id\":\"https:\\\/\\\/www.btv.md\\\/#website\"},\"primaryImageOfPage\":{\"@id\":\"https:\\\/\\\/www.btv.md\\\/ro\\\/numarul-copiilor-care-fug-de-acasa-tot-mai-mare-in-r-moldova\\\/#primaryimage\"},\"image\":{\"@id\":\"https:\\\/\\\/www.btv.md\\\/ro\\\/numarul-copiilor-care-fug-de-acasa-tot-mai-mare-in-r-moldova\\\/#primaryimage\"},\"thumbnailUrl\":\"https:\\\/\\\/www.btv.md\\\/wp-content\\\/uploads\\\/2016\\\/02\\\/646x404.jpg\",\"datePublished\":\"2016-02-01T08:25:55+00:00\",\"dateModified\":\"2016-02-01T12:53:57+00:00\",\"author\":{\"@id\":\"https:\\\/\\\/www.btv.md\\\/#\\\/schema\\\/person\\\/8fadce81561b3ce2c34c46dadc4ccbf2\"},\"inLanguage\":\"ro-RO\",\"potentialAction\":[{\"@type\":\"ReadAction\",\"target\":[\"https:\\\/\\\/www.btv.md\\\/ro\\\/numarul-copiilor-care-fug-de-acasa-tot-mai-mare-in-r-moldova\\\/\"]}]},{\"@type\":\"ImageObject\",\"inLanguage\":\"ro-RO\",\"@id\":\"https:\\\/\\\/www.btv.md\\\/ro\\\/numarul-copiilor-care-fug-de-acasa-tot-mai-mare-in-r-moldova\\\/#primaryimage\",\"url\":\"https:\\\/\\\/www.btv.md\\\/wp-content\\\/uploads\\\/2016\\\/02\\\/646x404.jpg\",\"contentUrl\":\"https:\\\/\\\/www.btv.md\\\/wp-content\\\/uploads\\\/2016\\\/02\\\/646x404.jpg\",\"width\":646,\"height\":404,\"caption\":\"adevarul.ro\"},{\"@type\":\"WebSite\",\"@id\":\"https:\\\/\\\/www.btv.md\\\/#website\",\"url\":\"https:\\\/\\\/www.btv.md\\\/\",\"name\":\"BTV\",\"description\":\"\u0411\u0435\u043b\u044c\u0446\u043a\u043e\u0435 \u0442\u0435\u043b\u0435\u0432\u0438\u0434\u0435\u043d\u0438\u0435\",\"potentialAction\":[{\"@type\":\"SearchAction\",\"target\":{\"@type\":\"EntryPoint\",\"urlTemplate\":\"https:\\\/\\\/www.btv.md\\\/?s={search_term_string}\"},\"query-input\":{\"@type\":\"PropertyValueSpecification\",\"valueRequired\":true,\"valueName\":\"search_term_string\"}}],\"inLanguage\":\"ro-RO\"},{\"@type\":\"Person\",\"@id\":\"https:\\\/\\\/www.btv.md\\\/#\\\/schema\\\/person\\\/8fadce81561b3ce2c34c46dadc4ccbf2\",\"name\":\"admin\"}]}<\/script>\n<!-- \/ Yoast SEO plugin. -->","yoast_head_json":{"title":"NUM\u0102RUL COPIILOR CARE FUG DE-ACAS\u0102, TOT MAI MARE \u00ceN R. MOLDOVA - BTV","robots":{"index":"index","follow":"follow","max-snippet":"max-snippet:-1","max-image-preview":"max-image-preview:large","max-video-preview":"max-video-preview:-1"},"canonical":"https:\/\/www.btv.md\/ro\/numarul-copiilor-care-fug-de-acasa-tot-mai-mare-in-r-moldova\/","og_locale":"ro_RO","og_type":"article","og_title":"NUM\u0102RUL COPIILOR CARE FUG DE-ACAS\u0102, TOT MAI MARE \u00ceN R. MOLDOVA - BTV","og_description":"\u00cen anul 2015, procurorii au \u00eenregistrat 698 de cazuri \u00een care copiii au abandonat domiciliul, cu 158 de cazuri mai mult dec\u00e2t \u00een anul 2014, c\u00e2nd au fost \u00eenregistrate 540 de astfel de cazuri, informeaz\u0103 Ziarul Na\u021bional. De asemenea, au fost \u00eenregistrate \u0219i cazuri c\u00e2nd p\u0103rin\u021bii \u0219i-au abandonat copiii, dar \u0219i copii care au fugit [&hellip;]","og_url":"https:\/\/www.btv.md\/ro\/numarul-copiilor-care-fug-de-acasa-tot-mai-mare-in-r-moldova\/","og_site_name":"BTV","article_publisher":"https:\/\/www.facebook.com\/btvmoldova\/","article_published_time":"2016-02-01T08:25:55+00:00","article_modified_time":"2016-02-01T12:53:57+00:00","og_image":[{"width":646,"height":404,"url":"https:\/\/www.btv.md\/wp-content\/uploads\/2016\/02\/646x404.jpg","type":"image\/jpeg"}],"author":"admin","twitter_misc":{"Scris de":"admin","Timp estimat pentru citire":"1 minut"},"schema":{"@context":"https:\/\/schema.org","@graph":[{"@type":"Article","@id":"https:\/\/www.btv.md\/ro\/numarul-copiilor-care-fug-de-acasa-tot-mai-mare-in-r-moldova\/#article","isPartOf":{"@id":"https:\/\/www.btv.md\/ro\/numarul-copiilor-care-fug-de-acasa-tot-mai-mare-in-r-moldova\/"},"author":{"name":"admin","@id":"https:\/\/www.btv.md\/#\/schema\/person\/8fadce81561b3ce2c34c46dadc4ccbf2"},"headline":"NUM\u0102RUL COPIILOR CARE FUG DE-ACAS\u0102, TOT MAI MARE \u00ceN R. MOLDOVA","datePublished":"2016-02-01T08:25:55+00:00","dateModified":"2016-02-01T12:53:57+00:00","mainEntityOfPage":{"@id":"https:\/\/www.btv.md\/ro\/numarul-copiilor-care-fug-de-acasa-tot-mai-mare-in-r-moldova\/"},"wordCount":294,"image":{"@id":"https:\/\/www.btv.md\/ro\/numarul-copiilor-care-fug-de-acasa-tot-mai-mare-in-r-moldova\/#primaryimage"},"thumbnailUrl":"https:\/\/www.btv.md\/wp-content\/uploads\/2016\/02\/646x404.jpg","articleSection":["\u041e\u0431\u0449\u0435\u0441\u0442\u0432\u043e"],"inLanguage":"ro-RO"},{"@type":"WebPage","@id":"https:\/\/www.btv.md\/ro\/numarul-copiilor-care-fug-de-acasa-tot-mai-mare-in-r-moldova\/","url":"https:\/\/www.btv.md\/ro\/numarul-copiilor-care-fug-de-acasa-tot-mai-mare-in-r-moldova\/","name":"NUM\u0102RUL COPIILOR CARE FUG DE-ACAS\u0102, TOT MAI MARE \u00ceN R. MOLDOVA - BTV","isPartOf":{"@id":"https:\/\/www.btv.md\/#website"},"primaryImageOfPage":{"@id":"https:\/\/www.btv.md\/ro\/numarul-copiilor-care-fug-de-acasa-tot-mai-mare-in-r-moldova\/#primaryimage"},"image":{"@id":"https:\/\/www.btv.md\/ro\/numarul-copiilor-care-fug-de-acasa-tot-mai-mare-in-r-moldova\/#primaryimage"},"thumbnailUrl":"https:\/\/www.btv.md\/wp-content\/uploads\/2016\/02\/646x404.jpg","datePublished":"2016-02-01T08:25:55+00:00","dateModified":"2016-02-01T12:53:57+00:00","author":{"@id":"https:\/\/www.btv.md\/#\/schema\/person\/8fadce81561b3ce2c34c46dadc4ccbf2"},"inLanguage":"ro-RO","potentialAction":[{"@type":"ReadAction","target":["https:\/\/www.btv.md\/ro\/numarul-copiilor-care-fug-de-acasa-tot-mai-mare-in-r-moldova\/"]}]},{"@type":"ImageObject","inLanguage":"ro-RO","@id":"https:\/\/www.btv.md\/ro\/numarul-copiilor-care-fug-de-acasa-tot-mai-mare-in-r-moldova\/#primaryimage","url":"https:\/\/www.btv.md\/wp-content\/uploads\/2016\/02\/646x404.jpg","contentUrl":"https:\/\/www.btv.md\/wp-content\/uploads\/2016\/02\/646x404.jpg","width":646,"height":404,"caption":"adevarul.ro"},{"@type":"WebSite","@id":"https:\/\/www.btv.md\/#website","url":"https:\/\/www.btv.md\/","name":"BTV","description":"\u0411\u0435\u043b\u044c\u0446\u043a\u043e\u0435 \u0442\u0435\u043b\u0435\u0432\u0438\u0434\u0435\u043d\u0438\u0435","potentialAction":[{"@type":"SearchAction","target":{"@type":"EntryPoint","urlTemplate":"https:\/\/www.btv.md\/?s={search_term_string}"},"query-input":{"@type":"PropertyValueSpecification","valueRequired":true,"valueName":"search_term_string"}}],"inLanguage":"ro-RO"},{"@type":"Person","@id":"https:\/\/www.btv.md\/#\/schema\/person\/8fadce81561b3ce2c34c46dadc4ccbf2","name":"admin"}]}},"_links":{"self":[{"href":"https:\/\/www.btv.md\/ro\/wp-json\/wp\/v2\/posts\/6421","targetHints":{"allow":["GET"]}}],"collection":[{"href":"https:\/\/www.btv.md\/ro\/wp-json\/wp\/v2\/posts"}],"about":[{"href":"https:\/\/www.btv.md\/ro\/wp-json\/wp\/v2\/types\/post"}],"author":[{"embeddable":true,"href":"https:\/\/www.btv.md\/ro\/wp-json\/wp\/v2\/users\/4"}],"replies":[{"embeddable":true,"href":"https:\/\/www.btv.md\/ro\/wp-json\/wp\/v2\/comments?post=6421"}],"version-history":[{"count":0,"href":"https:\/\/www.btv.md\/ro\/wp-json\/wp\/v2\/posts\/6421\/revisions"}],"wp:featuredmedia":[{"embeddable":true,"href":"https:\/\/www.btv.md\/ro\/wp-json\/wp\/v2\/media\/6422"}],"wp:attachment":[{"href":"https:\/\/www.btv.md\/ro\/wp-json\/wp\/v2\/media?parent=6421"}],"wp:term":[{"taxonomy":"category","embeddable":true,"href":"https:\/\/www.btv.md\/ro\/wp-json\/wp\/v2\/categories?post=6421"},{"taxonomy":"post_tag","embeddable":true,"href":"https:\/\/www.btv.md\/ro\/wp-json\/wp\/v2\/tags?post=6421"}],"curies":[{"name":"wp","href":"https:\/\/api.w.org\/{rel}","templated":true}]}}