{"id":6459,"date":"2016-02-01T18:33:58","date_gmt":"2016-02-01T15:33:58","guid":{"rendered":"http:\/\/btv.md\/?p=6459"},"modified":"2016-02-01T18:33:58","modified_gmt":"2016-02-01T15:33:58","slug":"tinerii-modelieri-din-balti-au-schimbat-stofa-pe-hartie","status":"publish","type":"post","link":"https:\/\/www.btv.md\/ro\/tinerii-modelieri-din-balti-au-schimbat-stofa-pe-hartie\/","title":{"rendered":"Tinerii modelieri din B\u0103l\u021bi au schimbat stofa pe h\u00e2rtie"},"content":{"rendered":"<p><strong>Au schimbat stofa pe h\u00e2rtie. Mai mul\u021bi tineri modelieri din B\u0103l\u021bi \u0219i-au pus mintea la contribu\u021bie pentru a confec\u021biona haine \u0219i accesorii numai din h\u00e2rtie. Lucr\u0103rile au fost prezentate \u00een cadrul unui defileu de mod\u0103.<\/strong><\/p>\n<p>La concurs au participat zeci de elevi \u0219i studen\u021bi de la mai multe institu\u021bii de \u00eenv\u0103\u021b\u0103m\u00e2nt dar \u0219i centre de instruire. Ei spun c\u0103 au muncit mult \u0219i sunt mul\u021bumi\u021bi de rezultate.<\/p>\n<p>\u201e<em>Am confec\u021bionat o rochie din c\u0103r\u021bi. Am lucrat mult la ea, am depus mult efort \u0219i sper ca juriul s\u0103 ne aprecieze lucrul<\/em>\u201d.<\/p>\n<p>\u201e<em>Am creat modelul dup\u0103 rochiile lui Lady Gaga. M-au impresionat rochiile ei. Am folosit 1400 de \u0219erve\u021bele. Rochia este foarte comod\u0103<\/em>\u201d.<\/p>\n<p>\u201e<em>A fost o experien\u021b\u0103 unic\u0103. Am ales acest stil na\u021bional, pentru a reda emo\u021biile noatre, s\u0103 ne aducem aminte de tradi\u021biile noastre \u0219i s\u0103 nu ne uit\u0103m istoria<\/em>\u201d.<\/p>\n<p>Una dintre organizatorii evenimentului, Tatiana Popovici, spune c\u0103 scopul concursului este de a pune tinerii la \u00eencercare.<\/p>\n<p>\u201e<em>Suntem obi\u0219nui\u021bi s\u0103 confec\u021bion\u0103m din materiale textile. Acum, am hot\u0103r\u00e2t s\u0103 organiz\u0103m un concurs de haine \u0219i accesorii confec\u021bionate din materiale netradi\u021bionale, cum este h\u00e2rtia\u201d<\/em>.<\/p>\n<p>Cei mai ingenio\u0219i modelieri s-au ales cu premii, precum:  materiale textile \u0219i un masterclass \u00eentr-un atelier din municipiu.<\/p>\n<p>Concursul a fost organizat la ini\u021biativa Colegiului de Industrie U\u0219oar\u0103 din B\u0103l\u021bi.<\/p>\n<p><iframe width=\"420\" height=\"315\" data-src=\"https:\/\/www.youtube.com\/embed\/ge20O1WiZMI\" frameborder=\"0\" allowfullscreen src=\"data:image\/svg+xml;base64,PHN2ZyB3aWR0aD0iMSIgaGVpZ2h0PSIxIiB4bWxucz0iaHR0cDovL3d3dy53My5vcmcvMjAwMC9zdmciPjwvc3ZnPg==\" class=\"lazyload\" data-load-mode=\"1\"><\/iframe><\/p>\n","protected":false},"excerpt":{"rendered":"<p>Au schimbat stofa pe h\u00e2rtie. Mai mul\u021bi tineri modelieri din B\u0103l\u021bi \u0219i-au pus mintea la contribu\u021bie pentru a confec\u021biona haine \u0219i accesorii numai din h\u00e2rtie. Lucr\u0103rile au fost prezentate \u00een cadrul unui defileu de mod\u0103. La concurs au participat zeci de elevi \u0219i studen\u021bi de la mai multe institu\u021bii de \u00eenv\u0103\u021b\u0103m\u00e2nt dar \u0219i centre de [&hellip;]<\/p>\n","protected":false},"author":4,"featured_media":6460,"comment_status":"closed","ping_status":"closed","sticky":false,"template":"","format":"standard","meta":{"footnotes":""},"categories":[6353],"tags":[],"class_list":["post-6459","post","type-post","status-publish","format-standard","has-post-thumbnail","hentry","category-oras"],"yoast_head":"<!-- This site is optimized with the Yoast SEO plugin v27.4 - https:\/\/yoast.com\/product\/yoast-seo-wordpress\/ -->\n<title>Tinerii modelieri din B\u0103l\u021bi au schimbat stofa pe h\u00e2rtie - BTV<\/title>\n<meta name=\"robots\" content=\"index, follow, max-snippet:-1, max-image-preview:large, max-video-preview:-1\" \/>\n<link rel=\"canonical\" href=\"https:\/\/www.btv.md\/ro\/tinerii-modelieri-din-balti-au-schimbat-stofa-pe-hartie\/\" \/>\n<meta property=\"og:locale\" content=\"ro_RO\" \/>\n<meta property=\"og:type\" content=\"article\" \/>\n<meta property=\"og:title\" content=\"Tinerii modelieri din B\u0103l\u021bi au schimbat stofa pe h\u00e2rtie - BTV\" \/>\n<meta property=\"og:description\" content=\"Au schimbat stofa pe h\u00e2rtie. Mai mul\u021bi tineri modelieri din B\u0103l\u021bi \u0219i-au pus mintea la contribu\u021bie pentru a confec\u021biona haine \u0219i accesorii numai din h\u00e2rtie. Lucr\u0103rile au fost prezentate \u00een cadrul unui defileu de mod\u0103. La concurs au participat zeci de elevi \u0219i studen\u021bi de la mai multe institu\u021bii de \u00eenv\u0103\u021b\u0103m\u00e2nt dar \u0219i centre de [&hellip;]\" \/>\n<meta property=\"og:url\" content=\"https:\/\/www.btv.md\/ro\/tinerii-modelieri-din-balti-au-schimbat-stofa-pe-hartie\/\" \/>\n<meta property=\"og:site_name\" content=\"BTV\" \/>\n<meta property=\"article:publisher\" content=\"https:\/\/www.facebook.com\/btvmoldova\/\" \/>\n<meta property=\"article:published_time\" content=\"2016-02-01T15:33:58+00:00\" \/>\n<meta property=\"og:image\" content=\"https:\/\/www.btv.md\/wp-content\/uploads\/2016\/02\/DEFILEU.jpg\" \/>\n\t<meta property=\"og:image:width\" content=\"999\" \/>\n\t<meta property=\"og:image:height\" content=\"571\" \/>\n\t<meta property=\"og:image:type\" content=\"image\/jpeg\" \/>\n<meta name=\"author\" content=\"admin\" \/>\n<meta name=\"twitter:label1\" content=\"Scris de\" \/>\n\t<meta name=\"twitter:data1\" content=\"admin\" \/>\n\t<meta name=\"twitter:label2\" content=\"Timp estimat pentru citire\" \/>\n\t<meta name=\"twitter:data2\" content=\"1 minut\" \/>\n<script type=\"application\/ld+json\" class=\"yoast-schema-graph\">{\"@context\":\"https:\\\/\\\/schema.org\",\"@graph\":[{\"@type\":\"Article\",\"@id\":\"https:\\\/\\\/www.btv.md\\\/ro\\\/tinerii-modelieri-din-balti-au-schimbat-stofa-pe-hartie\\\/#article\",\"isPartOf\":{\"@id\":\"https:\\\/\\\/www.btv.md\\\/ro\\\/tinerii-modelieri-din-balti-au-schimbat-stofa-pe-hartie\\\/\"},\"author\":{\"name\":\"admin\",\"@id\":\"https:\\\/\\\/www.btv.md\\\/#\\\/schema\\\/person\\\/8fadce81561b3ce2c34c46dadc4ccbf2\"},\"headline\":\"Tinerii modelieri din B\u0103l\u021bi au schimbat stofa pe h\u00e2rtie\",\"datePublished\":\"2016-02-01T15:33:58+00:00\",\"mainEntityOfPage\":{\"@id\":\"https:\\\/\\\/www.btv.md\\\/ro\\\/tinerii-modelieri-din-balti-au-schimbat-stofa-pe-hartie\\\/\"},\"wordCount\":259,\"image\":{\"@id\":\"https:\\\/\\\/www.btv.md\\\/ro\\\/tinerii-modelieri-din-balti-au-schimbat-stofa-pe-hartie\\\/#primaryimage\"},\"thumbnailUrl\":\"https:\\\/\\\/www.btv.md\\\/wp-content\\\/uploads\\\/2016\\\/02\\\/DEFILEU.jpg\",\"articleSection\":[\"Ora\u0219\"],\"inLanguage\":\"ro-RO\"},{\"@type\":\"WebPage\",\"@id\":\"https:\\\/\\\/www.btv.md\\\/ro\\\/tinerii-modelieri-din-balti-au-schimbat-stofa-pe-hartie\\\/\",\"url\":\"https:\\\/\\\/www.btv.md\\\/ro\\\/tinerii-modelieri-din-balti-au-schimbat-stofa-pe-hartie\\\/\",\"name\":\"Tinerii modelieri din B\u0103l\u021bi au schimbat stofa pe h\u00e2rtie - BTV\",\"isPartOf\":{\"@id\":\"https:\\\/\\\/www.btv.md\\\/#website\"},\"primaryImageOfPage\":{\"@id\":\"https:\\\/\\\/www.btv.md\\\/ro\\\/tinerii-modelieri-din-balti-au-schimbat-stofa-pe-hartie\\\/#primaryimage\"},\"image\":{\"@id\":\"https:\\\/\\\/www.btv.md\\\/ro\\\/tinerii-modelieri-din-balti-au-schimbat-stofa-pe-hartie\\\/#primaryimage\"},\"thumbnailUrl\":\"https:\\\/\\\/www.btv.md\\\/wp-content\\\/uploads\\\/2016\\\/02\\\/DEFILEU.jpg\",\"datePublished\":\"2016-02-01T15:33:58+00:00\",\"author\":{\"@id\":\"https:\\\/\\\/www.btv.md\\\/#\\\/schema\\\/person\\\/8fadce81561b3ce2c34c46dadc4ccbf2\"},\"inLanguage\":\"ro-RO\",\"potentialAction\":[{\"@type\":\"ReadAction\",\"target\":[\"https:\\\/\\\/www.btv.md\\\/ro\\\/tinerii-modelieri-din-balti-au-schimbat-stofa-pe-hartie\\\/\"]}]},{\"@type\":\"ImageObject\",\"inLanguage\":\"ro-RO\",\"@id\":\"https:\\\/\\\/www.btv.md\\\/ro\\\/tinerii-modelieri-din-balti-au-schimbat-stofa-pe-hartie\\\/#primaryimage\",\"url\":\"https:\\\/\\\/www.btv.md\\\/wp-content\\\/uploads\\\/2016\\\/02\\\/DEFILEU.jpg\",\"contentUrl\":\"https:\\\/\\\/www.btv.md\\\/wp-content\\\/uploads\\\/2016\\\/02\\\/DEFILEU.jpg\",\"width\":999,\"height\":571},{\"@type\":\"WebSite\",\"@id\":\"https:\\\/\\\/www.btv.md\\\/#website\",\"url\":\"https:\\\/\\\/www.btv.md\\\/\",\"name\":\"BTV\",\"description\":\"\u0411\u0435\u043b\u044c\u0446\u043a\u043e\u0435 \u0442\u0435\u043b\u0435\u0432\u0438\u0434\u0435\u043d\u0438\u0435\",\"potentialAction\":[{\"@type\":\"SearchAction\",\"target\":{\"@type\":\"EntryPoint\",\"urlTemplate\":\"https:\\\/\\\/www.btv.md\\\/?s={search_term_string}\"},\"query-input\":{\"@type\":\"PropertyValueSpecification\",\"valueRequired\":true,\"valueName\":\"search_term_string\"}}],\"inLanguage\":\"ro-RO\"},{\"@type\":\"Person\",\"@id\":\"https:\\\/\\\/www.btv.md\\\/#\\\/schema\\\/person\\\/8fadce81561b3ce2c34c46dadc4ccbf2\",\"name\":\"admin\"}]}<\/script>\n<!-- \/ Yoast SEO plugin. -->","yoast_head_json":{"title":"Tinerii modelieri din B\u0103l\u021bi au schimbat stofa pe h\u00e2rtie - BTV","robots":{"index":"index","follow":"follow","max-snippet":"max-snippet:-1","max-image-preview":"max-image-preview:large","max-video-preview":"max-video-preview:-1"},"canonical":"https:\/\/www.btv.md\/ro\/tinerii-modelieri-din-balti-au-schimbat-stofa-pe-hartie\/","og_locale":"ro_RO","og_type":"article","og_title":"Tinerii modelieri din B\u0103l\u021bi au schimbat stofa pe h\u00e2rtie - BTV","og_description":"Au schimbat stofa pe h\u00e2rtie. Mai mul\u021bi tineri modelieri din B\u0103l\u021bi \u0219i-au pus mintea la contribu\u021bie pentru a confec\u021biona haine \u0219i accesorii numai din h\u00e2rtie. Lucr\u0103rile au fost prezentate \u00een cadrul unui defileu de mod\u0103. La concurs au participat zeci de elevi \u0219i studen\u021bi de la mai multe institu\u021bii de \u00eenv\u0103\u021b\u0103m\u00e2nt dar \u0219i centre de [&hellip;]","og_url":"https:\/\/www.btv.md\/ro\/tinerii-modelieri-din-balti-au-schimbat-stofa-pe-hartie\/","og_site_name":"BTV","article_publisher":"https:\/\/www.facebook.com\/btvmoldova\/","article_published_time":"2016-02-01T15:33:58+00:00","og_image":[{"width":999,"height":571,"url":"https:\/\/www.btv.md\/wp-content\/uploads\/2016\/02\/DEFILEU.jpg","type":"image\/jpeg"}],"author":"admin","twitter_misc":{"Scris de":"admin","Timp estimat pentru citire":"1 minut"},"schema":{"@context":"https:\/\/schema.org","@graph":[{"@type":"Article","@id":"https:\/\/www.btv.md\/ro\/tinerii-modelieri-din-balti-au-schimbat-stofa-pe-hartie\/#article","isPartOf":{"@id":"https:\/\/www.btv.md\/ro\/tinerii-modelieri-din-balti-au-schimbat-stofa-pe-hartie\/"},"author":{"name":"admin","@id":"https:\/\/www.btv.md\/#\/schema\/person\/8fadce81561b3ce2c34c46dadc4ccbf2"},"headline":"Tinerii modelieri din B\u0103l\u021bi au schimbat stofa pe h\u00e2rtie","datePublished":"2016-02-01T15:33:58+00:00","mainEntityOfPage":{"@id":"https:\/\/www.btv.md\/ro\/tinerii-modelieri-din-balti-au-schimbat-stofa-pe-hartie\/"},"wordCount":259,"image":{"@id":"https:\/\/www.btv.md\/ro\/tinerii-modelieri-din-balti-au-schimbat-stofa-pe-hartie\/#primaryimage"},"thumbnailUrl":"https:\/\/www.btv.md\/wp-content\/uploads\/2016\/02\/DEFILEU.jpg","articleSection":["Ora\u0219"],"inLanguage":"ro-RO"},{"@type":"WebPage","@id":"https:\/\/www.btv.md\/ro\/tinerii-modelieri-din-balti-au-schimbat-stofa-pe-hartie\/","url":"https:\/\/www.btv.md\/ro\/tinerii-modelieri-din-balti-au-schimbat-stofa-pe-hartie\/","name":"Tinerii modelieri din B\u0103l\u021bi au schimbat stofa pe h\u00e2rtie - BTV","isPartOf":{"@id":"https:\/\/www.btv.md\/#website"},"primaryImageOfPage":{"@id":"https:\/\/www.btv.md\/ro\/tinerii-modelieri-din-balti-au-schimbat-stofa-pe-hartie\/#primaryimage"},"image":{"@id":"https:\/\/www.btv.md\/ro\/tinerii-modelieri-din-balti-au-schimbat-stofa-pe-hartie\/#primaryimage"},"thumbnailUrl":"https:\/\/www.btv.md\/wp-content\/uploads\/2016\/02\/DEFILEU.jpg","datePublished":"2016-02-01T15:33:58+00:00","author":{"@id":"https:\/\/www.btv.md\/#\/schema\/person\/8fadce81561b3ce2c34c46dadc4ccbf2"},"inLanguage":"ro-RO","potentialAction":[{"@type":"ReadAction","target":["https:\/\/www.btv.md\/ro\/tinerii-modelieri-din-balti-au-schimbat-stofa-pe-hartie\/"]}]},{"@type":"ImageObject","inLanguage":"ro-RO","@id":"https:\/\/www.btv.md\/ro\/tinerii-modelieri-din-balti-au-schimbat-stofa-pe-hartie\/#primaryimage","url":"https:\/\/www.btv.md\/wp-content\/uploads\/2016\/02\/DEFILEU.jpg","contentUrl":"https:\/\/www.btv.md\/wp-content\/uploads\/2016\/02\/DEFILEU.jpg","width":999,"height":571},{"@type":"WebSite","@id":"https:\/\/www.btv.md\/#website","url":"https:\/\/www.btv.md\/","name":"BTV","description":"\u0411\u0435\u043b\u044c\u0446\u043a\u043e\u0435 \u0442\u0435\u043b\u0435\u0432\u0438\u0434\u0435\u043d\u0438\u0435","potentialAction":[{"@type":"SearchAction","target":{"@type":"EntryPoint","urlTemplate":"https:\/\/www.btv.md\/?s={search_term_string}"},"query-input":{"@type":"PropertyValueSpecification","valueRequired":true,"valueName":"search_term_string"}}],"inLanguage":"ro-RO"},{"@type":"Person","@id":"https:\/\/www.btv.md\/#\/schema\/person\/8fadce81561b3ce2c34c46dadc4ccbf2","name":"admin"}]}},"_links":{"self":[{"href":"https:\/\/www.btv.md\/ro\/wp-json\/wp\/v2\/posts\/6459","targetHints":{"allow":["GET"]}}],"collection":[{"href":"https:\/\/www.btv.md\/ro\/wp-json\/wp\/v2\/posts"}],"about":[{"href":"https:\/\/www.btv.md\/ro\/wp-json\/wp\/v2\/types\/post"}],"author":[{"embeddable":true,"href":"https:\/\/www.btv.md\/ro\/wp-json\/wp\/v2\/users\/4"}],"replies":[{"embeddable":true,"href":"https:\/\/www.btv.md\/ro\/wp-json\/wp\/v2\/comments?post=6459"}],"version-history":[{"count":0,"href":"https:\/\/www.btv.md\/ro\/wp-json\/wp\/v2\/posts\/6459\/revisions"}],"wp:featuredmedia":[{"embeddable":true,"href":"https:\/\/www.btv.md\/ro\/wp-json\/wp\/v2\/media\/6460"}],"wp:attachment":[{"href":"https:\/\/www.btv.md\/ro\/wp-json\/wp\/v2\/media?parent=6459"}],"wp:term":[{"taxonomy":"category","embeddable":true,"href":"https:\/\/www.btv.md\/ro\/wp-json\/wp\/v2\/categories?post=6459"},{"taxonomy":"post_tag","embeddable":true,"href":"https:\/\/www.btv.md\/ro\/wp-json\/wp\/v2\/tags?post=6459"}],"curies":[{"name":"wp","href":"https:\/\/api.w.org\/{rel}","templated":true}]}}