{"id":6484,"date":"2016-02-02T13:50:34","date_gmt":"2016-02-02T10:50:34","guid":{"rendered":"http:\/\/btv.md\/?p=6484"},"modified":"2016-02-02T13:50:34","modified_gmt":"2016-02-02T10:50:34","slug":"dosarul-filat-a-treia-sedinta-de-judecata-amanata-filat-invoca-probleme-de-sanatate","status":"publish","type":"post","link":"https:\/\/www.btv.md\/ro\/dosarul-filat-a-treia-sedinta-de-judecata-amanata-filat-invoca-probleme-de-sanatate\/","title":{"rendered":"DOSARUL FILAT | A TREIA \u0218EDIN\u021a\u0102 DE JUDECAT\u0102, AM\u00c2NAT\u0102. FILAT INVOC\u0102 PROBLEME DE S\u0102N\u0102TATE"},"content":{"rendered":"<p><strong>O alt\u0103 \u0219edin\u021b\u0103 de judecat\u0103 \u00een dosarul Filat a fost am\u00e2nat\u0103. Despre aceasta a anun\u021bat avocatul lui Vlad Filat, Igor Popa. Potrivit lui, ex-premierul nu s-a prezentat \u00een fa\u021ba magistra\u021bilor din motive de s\u0103n\u0103tate. Astfel, Popa a mai ad\u0103ugat c\u0103 urm\u0103toarea \u0219edin\u021b\u0103 se va desf\u0103\u0219ura \u00een dat de 17 februarie.<\/strong><\/p>\n<p>\u201eAm primit o concluzie de la medicii din penitenciar. Filat sufer\u0103 de o tit\u0103 cronic\u0103, respectiv nu este \u00een stare s\u0103 participe la \u0219edin\u021ba de judecat\u0103. Urm\u0103toarea \u0219edin\u021b\u0103 s-a am\u00e2nat  pentru data de 17 februarie 10:30.\u201d <\/p>\n<p>La fel, avocatul lui Vlad Filat a men\u021bionat c\u0103 a primit o \u00een\u0219tiin\u021bare cu privire la pl\u00e2ngerea expediat\u0103 la CEDO \u00een privin\u021ba clientului s\u0103u. <\/p>\n<p>\u00cen data de 15 octombrie 2015, la prima \u0219edin\u021b\u0103 a Parlamentului din sesiunea toamn\u0103-iarn\u0103, lui Vlad Filat i-a fost retras\u0103 imunitatea parlamentar\u0103 cu votul a 79 din totalul de 101 de deputa\u021bi, dup\u0103 ce cu o solicitare \u00een acest sens \u00een plenul parlamentului a venit procurorul general Corneliu Gurin, care a declarat c\u0103 exit\u0103 b\u0103nuieli \u0219i depozi\u021bia lui Ilan Shor cum c\u0103 Vlad Filat ar fi implicat direct \u00een fraudele de la Banca de Economii, fapte de corup\u021bie \u0219i trafic de influen\u021b\u0103.<\/p>\n<p><iframe width=\"420\" height=\"315\" data-src=\"https:\/\/www.youtube.com\/embed\/yBjXbBMvQZA\" frameborder=\"0\" allowfullscreen src=\"data:image\/svg+xml;base64,PHN2ZyB3aWR0aD0iMSIgaGVpZ2h0PSIxIiB4bWxucz0iaHR0cDovL3d3dy53My5vcmcvMjAwMC9zdmciPjwvc3ZnPg==\" class=\"lazyload\" data-load-mode=\"1\"><\/iframe><\/p>\n","protected":false},"excerpt":{"rendered":"<p>O alt\u0103 \u0219edin\u021b\u0103 de judecat\u0103 \u00een dosarul Filat a fost am\u00e2nat\u0103. Despre aceasta a anun\u021bat avocatul lui Vlad Filat, Igor Popa. Potrivit lui, ex-premierul nu s-a prezentat \u00een fa\u021ba magistra\u021bilor din motive de s\u0103n\u0103tate. Astfel, Popa a mai ad\u0103ugat c\u0103 urm\u0103toarea \u0219edin\u021b\u0103 se va desf\u0103\u0219ura \u00een dat de 17 februarie. \u201eAm primit o concluzie de [&hellip;]<\/p>\n","protected":false},"author":4,"featured_media":6485,"comment_status":"closed","ping_status":"closed","sticky":false,"template":"","format":"standard","meta":{"footnotes":""},"categories":[6349],"tags":[],"class_list":["post-6484","post","type-post","status-publish","format-standard","has-post-thumbnail","hentry","category-social"],"yoast_head":"<!-- This site is optimized with the Yoast SEO plugin v27.4 - https:\/\/yoast.com\/product\/yoast-seo-wordpress\/ -->\n<title>DOSARUL FILAT | A TREIA \u0218EDIN\u021a\u0102 DE JUDECAT\u0102, AM\u00c2NAT\u0102. FILAT INVOC\u0102 PROBLEME DE S\u0102N\u0102TATE  - BTV<\/title>\n<meta name=\"robots\" content=\"index, follow, max-snippet:-1, max-image-preview:large, max-video-preview:-1\" \/>\n<link rel=\"canonical\" href=\"https:\/\/www.btv.md\/ro\/dosarul-filat-a-treia-sedinta-de-judecata-amanata-filat-invoca-probleme-de-sanatate\/\" \/>\n<meta property=\"og:locale\" content=\"ro_RO\" \/>\n<meta property=\"og:type\" content=\"article\" \/>\n<meta property=\"og:title\" content=\"DOSARUL FILAT | A TREIA \u0218EDIN\u021a\u0102 DE JUDECAT\u0102, AM\u00c2NAT\u0102. FILAT INVOC\u0102 PROBLEME DE S\u0102N\u0102TATE  - BTV\" \/>\n<meta property=\"og:description\" content=\"O alt\u0103 \u0219edin\u021b\u0103 de judecat\u0103 \u00een dosarul Filat a fost am\u00e2nat\u0103. Despre aceasta a anun\u021bat avocatul lui Vlad Filat, Igor Popa. Potrivit lui, ex-premierul nu s-a prezentat \u00een fa\u021ba magistra\u021bilor din motive de s\u0103n\u0103tate. Astfel, Popa a mai ad\u0103ugat c\u0103 urm\u0103toarea \u0219edin\u021b\u0103 se va desf\u0103\u0219ura \u00een dat de 17 februarie. \u201eAm primit o concluzie de [&hellip;]\" \/>\n<meta property=\"og:url\" content=\"https:\/\/www.btv.md\/ro\/dosarul-filat-a-treia-sedinta-de-judecata-amanata-filat-invoca-probleme-de-sanatate\/\" \/>\n<meta property=\"og:site_name\" content=\"BTV\" \/>\n<meta property=\"article:publisher\" content=\"https:\/\/www.facebook.com\/btvmoldova\/\" \/>\n<meta property=\"article:published_time\" content=\"2016-02-02T10:50:34+00:00\" \/>\n<meta property=\"og:image\" content=\"https:\/\/www.btv.md\/wp-content\/uploads\/2016\/02\/2624242.jpg\" \/>\n\t<meta property=\"og:image:width\" content=\"705\" \/>\n\t<meta property=\"og:image:height\" content=\"375\" \/>\n\t<meta property=\"og:image:type\" content=\"image\/jpeg\" \/>\n<meta name=\"author\" content=\"admin\" \/>\n<meta name=\"twitter:label1\" content=\"Scris de\" \/>\n\t<meta name=\"twitter:data1\" content=\"admin\" \/>\n\t<meta name=\"twitter:label2\" content=\"Timp estimat pentru citire\" \/>\n\t<meta name=\"twitter:data2\" content=\"1 minut\" \/>\n<script type=\"application\/ld+json\" class=\"yoast-schema-graph\">{\"@context\":\"https:\\\/\\\/schema.org\",\"@graph\":[{\"@type\":\"Article\",\"@id\":\"https:\\\/\\\/www.btv.md\\\/ro\\\/dosarul-filat-a-treia-sedinta-de-judecata-amanata-filat-invoca-probleme-de-sanatate\\\/#article\",\"isPartOf\":{\"@id\":\"https:\\\/\\\/www.btv.md\\\/ro\\\/dosarul-filat-a-treia-sedinta-de-judecata-amanata-filat-invoca-probleme-de-sanatate\\\/\"},\"author\":{\"name\":\"admin\",\"@id\":\"https:\\\/\\\/www.btv.md\\\/#\\\/schema\\\/person\\\/8fadce81561b3ce2c34c46dadc4ccbf2\"},\"headline\":\"DOSARUL FILAT | A TREIA \u0218EDIN\u021a\u0102 DE JUDECAT\u0102, AM\u00c2NAT\u0102. FILAT INVOC\u0102 PROBLEME DE S\u0102N\u0102TATE\",\"datePublished\":\"2016-02-02T10:50:34+00:00\",\"mainEntityOfPage\":{\"@id\":\"https:\\\/\\\/www.btv.md\\\/ro\\\/dosarul-filat-a-treia-sedinta-de-judecata-amanata-filat-invoca-probleme-de-sanatate\\\/\"},\"wordCount\":224,\"image\":{\"@id\":\"https:\\\/\\\/www.btv.md\\\/ro\\\/dosarul-filat-a-treia-sedinta-de-judecata-amanata-filat-invoca-probleme-de-sanatate\\\/#primaryimage\"},\"thumbnailUrl\":\"https:\\\/\\\/www.btv.md\\\/wp-content\\\/uploads\\\/2016\\\/02\\\/2624242.jpg\",\"articleSection\":[\"Social\"],\"inLanguage\":\"ro-RO\"},{\"@type\":\"WebPage\",\"@id\":\"https:\\\/\\\/www.btv.md\\\/ro\\\/dosarul-filat-a-treia-sedinta-de-judecata-amanata-filat-invoca-probleme-de-sanatate\\\/\",\"url\":\"https:\\\/\\\/www.btv.md\\\/ro\\\/dosarul-filat-a-treia-sedinta-de-judecata-amanata-filat-invoca-probleme-de-sanatate\\\/\",\"name\":\"DOSARUL FILAT | A TREIA \u0218EDIN\u021a\u0102 DE JUDECAT\u0102, AM\u00c2NAT\u0102. FILAT INVOC\u0102 PROBLEME DE S\u0102N\u0102TATE - BTV\",\"isPartOf\":{\"@id\":\"https:\\\/\\\/www.btv.md\\\/#website\"},\"primaryImageOfPage\":{\"@id\":\"https:\\\/\\\/www.btv.md\\\/ro\\\/dosarul-filat-a-treia-sedinta-de-judecata-amanata-filat-invoca-probleme-de-sanatate\\\/#primaryimage\"},\"image\":{\"@id\":\"https:\\\/\\\/www.btv.md\\\/ro\\\/dosarul-filat-a-treia-sedinta-de-judecata-amanata-filat-invoca-probleme-de-sanatate\\\/#primaryimage\"},\"thumbnailUrl\":\"https:\\\/\\\/www.btv.md\\\/wp-content\\\/uploads\\\/2016\\\/02\\\/2624242.jpg\",\"datePublished\":\"2016-02-02T10:50:34+00:00\",\"author\":{\"@id\":\"https:\\\/\\\/www.btv.md\\\/#\\\/schema\\\/person\\\/8fadce81561b3ce2c34c46dadc4ccbf2\"},\"inLanguage\":\"ro-RO\",\"potentialAction\":[{\"@type\":\"ReadAction\",\"target\":[\"https:\\\/\\\/www.btv.md\\\/ro\\\/dosarul-filat-a-treia-sedinta-de-judecata-amanata-filat-invoca-probleme-de-sanatate\\\/\"]}]},{\"@type\":\"ImageObject\",\"inLanguage\":\"ro-RO\",\"@id\":\"https:\\\/\\\/www.btv.md\\\/ro\\\/dosarul-filat-a-treia-sedinta-de-judecata-amanata-filat-invoca-probleme-de-sanatate\\\/#primaryimage\",\"url\":\"https:\\\/\\\/www.btv.md\\\/wp-content\\\/uploads\\\/2016\\\/02\\\/2624242.jpg\",\"contentUrl\":\"https:\\\/\\\/www.btv.md\\\/wp-content\\\/uploads\\\/2016\\\/02\\\/2624242.jpg\",\"width\":705,\"height\":375,\"caption\":\"ru.sputnik.md\"},{\"@type\":\"WebSite\",\"@id\":\"https:\\\/\\\/www.btv.md\\\/#website\",\"url\":\"https:\\\/\\\/www.btv.md\\\/\",\"name\":\"BTV\",\"description\":\"\u0411\u0435\u043b\u044c\u0446\u043a\u043e\u0435 \u0442\u0435\u043b\u0435\u0432\u0438\u0434\u0435\u043d\u0438\u0435\",\"potentialAction\":[{\"@type\":\"SearchAction\",\"target\":{\"@type\":\"EntryPoint\",\"urlTemplate\":\"https:\\\/\\\/www.btv.md\\\/?s={search_term_string}\"},\"query-input\":{\"@type\":\"PropertyValueSpecification\",\"valueRequired\":true,\"valueName\":\"search_term_string\"}}],\"inLanguage\":\"ro-RO\"},{\"@type\":\"Person\",\"@id\":\"https:\\\/\\\/www.btv.md\\\/#\\\/schema\\\/person\\\/8fadce81561b3ce2c34c46dadc4ccbf2\",\"name\":\"admin\"}]}<\/script>\n<!-- \/ Yoast SEO plugin. -->","yoast_head_json":{"title":"DOSARUL FILAT | A TREIA \u0218EDIN\u021a\u0102 DE JUDECAT\u0102, AM\u00c2NAT\u0102. FILAT INVOC\u0102 PROBLEME DE S\u0102N\u0102TATE  - BTV","robots":{"index":"index","follow":"follow","max-snippet":"max-snippet:-1","max-image-preview":"max-image-preview:large","max-video-preview":"max-video-preview:-1"},"canonical":"https:\/\/www.btv.md\/ro\/dosarul-filat-a-treia-sedinta-de-judecata-amanata-filat-invoca-probleme-de-sanatate\/","og_locale":"ro_RO","og_type":"article","og_title":"DOSARUL FILAT | A TREIA \u0218EDIN\u021a\u0102 DE JUDECAT\u0102, AM\u00c2NAT\u0102. FILAT INVOC\u0102 PROBLEME DE S\u0102N\u0102TATE  - BTV","og_description":"O alt\u0103 \u0219edin\u021b\u0103 de judecat\u0103 \u00een dosarul Filat a fost am\u00e2nat\u0103. Despre aceasta a anun\u021bat avocatul lui Vlad Filat, Igor Popa. Potrivit lui, ex-premierul nu s-a prezentat \u00een fa\u021ba magistra\u021bilor din motive de s\u0103n\u0103tate. Astfel, Popa a mai ad\u0103ugat c\u0103 urm\u0103toarea \u0219edin\u021b\u0103 se va desf\u0103\u0219ura \u00een dat de 17 februarie. \u201eAm primit o concluzie de [&hellip;]","og_url":"https:\/\/www.btv.md\/ro\/dosarul-filat-a-treia-sedinta-de-judecata-amanata-filat-invoca-probleme-de-sanatate\/","og_site_name":"BTV","article_publisher":"https:\/\/www.facebook.com\/btvmoldova\/","article_published_time":"2016-02-02T10:50:34+00:00","og_image":[{"width":705,"height":375,"url":"https:\/\/www.btv.md\/wp-content\/uploads\/2016\/02\/2624242.jpg","type":"image\/jpeg"}],"author":"admin","twitter_misc":{"Scris de":"admin","Timp estimat pentru citire":"1 minut"},"schema":{"@context":"https:\/\/schema.org","@graph":[{"@type":"Article","@id":"https:\/\/www.btv.md\/ro\/dosarul-filat-a-treia-sedinta-de-judecata-amanata-filat-invoca-probleme-de-sanatate\/#article","isPartOf":{"@id":"https:\/\/www.btv.md\/ro\/dosarul-filat-a-treia-sedinta-de-judecata-amanata-filat-invoca-probleme-de-sanatate\/"},"author":{"name":"admin","@id":"https:\/\/www.btv.md\/#\/schema\/person\/8fadce81561b3ce2c34c46dadc4ccbf2"},"headline":"DOSARUL FILAT | A TREIA \u0218EDIN\u021a\u0102 DE JUDECAT\u0102, AM\u00c2NAT\u0102. FILAT INVOC\u0102 PROBLEME DE S\u0102N\u0102TATE","datePublished":"2016-02-02T10:50:34+00:00","mainEntityOfPage":{"@id":"https:\/\/www.btv.md\/ro\/dosarul-filat-a-treia-sedinta-de-judecata-amanata-filat-invoca-probleme-de-sanatate\/"},"wordCount":224,"image":{"@id":"https:\/\/www.btv.md\/ro\/dosarul-filat-a-treia-sedinta-de-judecata-amanata-filat-invoca-probleme-de-sanatate\/#primaryimage"},"thumbnailUrl":"https:\/\/www.btv.md\/wp-content\/uploads\/2016\/02\/2624242.jpg","articleSection":["Social"],"inLanguage":"ro-RO"},{"@type":"WebPage","@id":"https:\/\/www.btv.md\/ro\/dosarul-filat-a-treia-sedinta-de-judecata-amanata-filat-invoca-probleme-de-sanatate\/","url":"https:\/\/www.btv.md\/ro\/dosarul-filat-a-treia-sedinta-de-judecata-amanata-filat-invoca-probleme-de-sanatate\/","name":"DOSARUL FILAT | A TREIA \u0218EDIN\u021a\u0102 DE JUDECAT\u0102, AM\u00c2NAT\u0102. FILAT INVOC\u0102 PROBLEME DE S\u0102N\u0102TATE - BTV","isPartOf":{"@id":"https:\/\/www.btv.md\/#website"},"primaryImageOfPage":{"@id":"https:\/\/www.btv.md\/ro\/dosarul-filat-a-treia-sedinta-de-judecata-amanata-filat-invoca-probleme-de-sanatate\/#primaryimage"},"image":{"@id":"https:\/\/www.btv.md\/ro\/dosarul-filat-a-treia-sedinta-de-judecata-amanata-filat-invoca-probleme-de-sanatate\/#primaryimage"},"thumbnailUrl":"https:\/\/www.btv.md\/wp-content\/uploads\/2016\/02\/2624242.jpg","datePublished":"2016-02-02T10:50:34+00:00","author":{"@id":"https:\/\/www.btv.md\/#\/schema\/person\/8fadce81561b3ce2c34c46dadc4ccbf2"},"inLanguage":"ro-RO","potentialAction":[{"@type":"ReadAction","target":["https:\/\/www.btv.md\/ro\/dosarul-filat-a-treia-sedinta-de-judecata-amanata-filat-invoca-probleme-de-sanatate\/"]}]},{"@type":"ImageObject","inLanguage":"ro-RO","@id":"https:\/\/www.btv.md\/ro\/dosarul-filat-a-treia-sedinta-de-judecata-amanata-filat-invoca-probleme-de-sanatate\/#primaryimage","url":"https:\/\/www.btv.md\/wp-content\/uploads\/2016\/02\/2624242.jpg","contentUrl":"https:\/\/www.btv.md\/wp-content\/uploads\/2016\/02\/2624242.jpg","width":705,"height":375,"caption":"ru.sputnik.md"},{"@type":"WebSite","@id":"https:\/\/www.btv.md\/#website","url":"https:\/\/www.btv.md\/","name":"BTV","description":"\u0411\u0435\u043b\u044c\u0446\u043a\u043e\u0435 \u0442\u0435\u043b\u0435\u0432\u0438\u0434\u0435\u043d\u0438\u0435","potentialAction":[{"@type":"SearchAction","target":{"@type":"EntryPoint","urlTemplate":"https:\/\/www.btv.md\/?s={search_term_string}"},"query-input":{"@type":"PropertyValueSpecification","valueRequired":true,"valueName":"search_term_string"}}],"inLanguage":"ro-RO"},{"@type":"Person","@id":"https:\/\/www.btv.md\/#\/schema\/person\/8fadce81561b3ce2c34c46dadc4ccbf2","name":"admin"}]}},"_links":{"self":[{"href":"https:\/\/www.btv.md\/ro\/wp-json\/wp\/v2\/posts\/6484","targetHints":{"allow":["GET"]}}],"collection":[{"href":"https:\/\/www.btv.md\/ro\/wp-json\/wp\/v2\/posts"}],"about":[{"href":"https:\/\/www.btv.md\/ro\/wp-json\/wp\/v2\/types\/post"}],"author":[{"embeddable":true,"href":"https:\/\/www.btv.md\/ro\/wp-json\/wp\/v2\/users\/4"}],"replies":[{"embeddable":true,"href":"https:\/\/www.btv.md\/ro\/wp-json\/wp\/v2\/comments?post=6484"}],"version-history":[{"count":0,"href":"https:\/\/www.btv.md\/ro\/wp-json\/wp\/v2\/posts\/6484\/revisions"}],"wp:featuredmedia":[{"embeddable":true,"href":"https:\/\/www.btv.md\/ro\/wp-json\/wp\/v2\/media\/6485"}],"wp:attachment":[{"href":"https:\/\/www.btv.md\/ro\/wp-json\/wp\/v2\/media?parent=6484"}],"wp:term":[{"taxonomy":"category","embeddable":true,"href":"https:\/\/www.btv.md\/ro\/wp-json\/wp\/v2\/categories?post=6484"},{"taxonomy":"post_tag","embeddable":true,"href":"https:\/\/www.btv.md\/ro\/wp-json\/wp\/v2\/tags?post=6484"}],"curies":[{"name":"wp","href":"https:\/\/api.w.org\/{rel}","templated":true}]}}