{"id":6514,"date":"2016-02-02T18:37:42","date_gmt":"2016-02-02T15:37:42","guid":{"rendered":"http:\/\/btv.md\/?p=6514"},"modified":"2016-02-03T16:04:06","modified_gmt":"2016-02-03T13:04:06","slug":"vezi-care-strazi-din-mun-balti-vor-fi-reparate-in-2016","status":"publish","type":"post","link":"https:\/\/www.btv.md\/ro\/vezi-care-strazi-din-mun-balti-vor-fi-reparate-in-2016\/","title":{"rendered":"Vezi, care str\u0103zi din mun.B\u0103l\u021bi vor fi reparate \u00een 2016"},"content":{"rendered":"<p><img decoding=\"async\" data-src=\"http:\/\/btv.md\/wp-content\/uploads\/2016\/02\/gerb-primaria.jpg\" alt=\"gerb primaria\" src=\"data:image\/svg+xml;base64,PHN2ZyB3aWR0aD0iMSIgaGVpZ2h0PSIxIiB4bWxucz0iaHR0cDovL3d3dy53My5vcmcvMjAwMC9zdmciPjwvc3ZnPg==\" class=\"lazyload\" \/><\/p>\n<p>DISPOZI\u0162IA  PRIMARULUI \u2116 54 \u00ab 29 \u00bb 01. 2016<\/p>\n<p>\u201cCu privire la aprobarea planului lucr\u0103rilor de repara\u0163ie \u015fi \u00eentre\u0163inere a gospod\u0103riei drumurilor \u015fi podurilor mun. B\u0103l\u0163i pe anul 2016\u201d.<\/p>\n<p>\u00cen conformitate cu art.29, alin. (1), lit. i) \u015fi l) al Legii Republicii Moldova nr. 436-XVI din 28.12.2006 \u201ePrivind administra\u0163ia public\u0103 local\u0103\u201d, \u015fi \u00een baza deciziei Consiliului municipal B\u0103l\u0163i nr. 18\/1 din 09.12.2015 \u201eCu privire la aprobarea bugetului municipal B\u0103l\u0163i pe anul 2016\u201d, &#8211; <\/p>\n<p>1. Se aprob\u0103 planul de lucr\u0103ri a repara\u0163iei \u015fi \u00eentre\u0163inerii gospod\u0103riei drumurilor \u015fi podurilor mun. B\u0103l\u0163i pe anul 2016 (anexa 1-7).<br \/>\n2. Direc\u0163ia gospod\u0103rie municipal\u0103 a Prim\u0103riei mun. B\u0103l\u0163i (dl V. Zincovschi) \u015fi \u00eentreprinderea municipal\u0103 DCC \u015fi CU mun. B\u0103l\u0163i (dna L. Bragari) s\u0103 efectueze permanent controlul \u00eendeplinirii volumului de lucr\u0103ri \u00een limita de finan\u0163e alocate, aprobate.<br \/>\n3. Regimentului de patrulare \u201eNord\u201d (dl V. Gandzii) s\u0103 asigure:<br \/>\n&#8211; securitatea implement\u0103rii lucr\u0103rilor de repara\u0163ie a drumurilor prin instalarea<br \/>\n posturilor mobile pe ambele direc\u0163ii de circula\u0163ie;<br \/>\n&#8211;\taplicarea m\u0103surilor necesare, prevazute de legisla\u0163ia \u00een vigoare, pentru<br \/>\n prevenirea deterior\u0103rii drumurilor, pasajelor de nivel, mijloacelor tehnice de dirijare a circula\u0163iei rutiere, altor instala\u0163ii rutiere, precum \u015fi crearea inten\u0163ionat\u0103 de obstacole \u00een circula\u0163ia rutier\u0103.<br \/>\n4. Direc\u0163ia general\u0103 financiar-economic\u0103 a prim\u0103riei mun. B\u0103l\u0163i (dna V. Rusu) s\u0103 finan\u0163eze lucr\u0103rile preconizate conform planului aprobat pentru anul 2016.<br \/>\n5. \u00centreprinderea-c\u00ee\u015ftig\u0103torul licita\u0163iei publice pentru dreptul de a efectua repara\u0163iile drumurilor, \u00eentreprinderea municipal\u0103 \u201eDirec\u0163ia repara\u0163ii \u015fi construc\u0163ii drumuri B\u0103l\u0163i\u201d(dl V. Sinenco), \u00eentreprinderea municipal\u0103 DCC \u015fi CU mun. B\u0103l\u0163i (dna L. Bragari) \u015fi sec\u0163ia rela\u0163ii cu publicul (dna A. Cernogal) s\u0103 asigure informarea popula\u0163iei municipiului B\u0103l\u0163i prin plasarea pe pagina web a prim\u0103riei \u015fi la posturile de radio, difuzate pe teritoriul municipiului despre locurile, unde vor avea loc executarea lucr\u0103rilor de repara\u0163ie a drumurilor \u015fi schimbarea schemei rutelor de transport.<br \/>\n6. Controlul execut\u0103rii prezentei dispozi\u0163ii mi-l asum.<\/p>\n<p>Primar mun.B\u0103l\u0163i R.Usat\u00eei<\/p>\n<p>Anexa \u2116 1 la dispozi\u0163ia primarului nr.  54 din  29.01.2016<\/p>\n<p><strong>Planul de lucru a repara\u0163iei \u015fi \u00eentre\u0163inerea str\u0103zilor \u015fi podurilor municipiului B\u0103l\u0163i pentru anul 2016<\/strong><\/p>\n<table>\n<tbody>\n<tr>\n<td>\n<p>\u2116<\/p>\n<p>p\/p<\/td>\n<td>\n<p>Sursa de finan\u0163are \u015fi genul lucr\u0103rilor<\/p>\n<\/td>\n<td>\n<p>Valoarea lucr\u0103rilor<\/p>\n<p>(mii lei)<\/td>\n<\/tr>\n<tr>\n<td>\u00a0<\/td>\n<td><strong>I. Fondul rutier <\/strong><\/td>\n<td><strong>17675,0<\/strong><\/td>\n<\/tr>\n<tr>\n<td>1.<\/td>\n<td>Repararea capital\u0103 p\u0103r\u0163ii carosabile \u015fi trotuarelor str\u0103zii M. Cel B\u0103tr\u00een (de la str. M. Viteazul p\u00een\u0103 la str. Pu\u015fkin).<\/td>\n<td>3400,0<\/td>\n<\/tr>\n<tr>\n<td>2.<\/td>\n<td>Reparea capital\u0103 a podului de pietoni din str. B. Glavan.<\/td>\n<td>670,0<\/td>\n<\/tr>\n<tr>\n<td>3.<\/td>\n<td>Reparea capital\u0103 a podului din str. Babinschi (I etap)<\/td>\n<td>690,0<\/td>\n<\/tr>\n<tr>\n<td>\n<p>4.<\/p>\n<\/td>\n<td>Elaborarea \u015fi expertiza proiectului de repara\u0163ie capital\u0103 p\u0103r\u0163ii carosabile str\u0103zii I. Vieru<\/td>\n<td>250,0<\/td>\n<\/tr>\n<tr>\n<td>5.<\/td>\n<td>Elaborarea \u015fi expertiza proiectului de repara\u0163ie capital\u0103 p\u0103r\u0163ii carosabile str\u0103zii Hajd\u0103u<\/td>\n<td>250,0<\/td>\n<\/tr>\n<tr>\n<td>6.<\/td>\n<td>Repararea capital\u0103 p\u0103r\u0163ii carosabile str\u0103zilor magistrale cu beton asfaltic \u00een grosime de 5 cm.<\/td>\n<td>3000,0<\/td>\n<\/tr>\n<tr>\n<td>7.<\/td>\n<td>Repararea medie p\u0103r\u0163ii carosabile str\u0103zilor magistrale cu beton asfaltic \u00een grosime de 5 cm.<\/td>\n<td>4000,0<\/td>\n<\/tr>\n<tr>\n<td>8.<\/td>\n<td>Repararea capital\u0103 p\u0103r\u0163ii carosabile str\u0103zilor \u00eentre zonele reziden\u0163iale \u015fi \u00a0din interiorul cartierilor cu beton asfaltic \u00een grosime de 5 cm.<\/td>\n<td>2500,0<\/td>\n<\/tr>\n<tr>\n<td>9.<\/td>\n<td>Repararea medie p\u0103r\u0163ii carosabile str\u0103zilor \u00eentre zonele reziden\u0163iale \u015fi \u00a0din interiorul cartierilor cu beton asfaltic \u00een grosime de 5 cm.<\/td>\n<td>2865,0<\/td>\n<\/tr>\n<tr>\n<td>10.<\/td>\n<td>Expertiza amesticului a asfaltului armat la produc\u0163ia lucr\u0103rilor \u00een anul 2015.<\/td>\n<td>50,0<\/td>\n<\/tr>\n<tr>\n<td>\u00a0<\/td>\n<td><strong>II. Subsidiile \u00ceM \u201eDRCD\u201d pentru dezvoltarea gospod\u0103riei locativ comunale<\/strong><\/td>\n<td><strong>3248,0<\/strong><\/td>\n<\/tr>\n<tr>\n<td>1<\/td>\n<td>Repararea p\u0103r\u0163ii carosabile str\u0103zilor \u00eentre zonele reziden\u0163iale \u015fi \u00a0din interiorul cartierilor cu beton asfaltic \u00een grosime de 5 cm.<\/td>\n<td>2000,0\u00a0\u00a0\u00a0\u00a0\u00a0\u00a0\u00a0\u00a0\u00a0\u00a0\u00a0\u00a0\u00a0\u00a0\u00a0\u00a0\u00a0<\/td>\n<\/tr>\n<tr>\n<td>2<\/td>\n<td>Repararea curent\u0103 (\u00een pietri\u015f \u015fi ghi\u015feuri asfaltice) p\u0103r\u0163ii carosabile str\u0103zilor \u00eentre zonele reziden\u0163iale \u015fi \u00a0din interiorul cartierilor.<\/td>\n<td>698,0<\/td>\n<\/tr>\n<tr>\n<td>3<\/td>\n<td>Repara\u0163ia \u015fi \u00eentre\u0163inerea canaliz\u0103rii pluviale . \u00a0<\/td>\n<td>550,0<\/td>\n<\/tr>\n<\/tbody>\n<\/table>\n<p>Anexa \u2116 2 la dispozi\u0163ia primarului nr.  54 din  29.01.2016<\/p>\n<p><strong>Lista str\u0103zilor magistrale a municipiului B\u0103l\u0163i care \u00een anul 2016 vor fi supuse repar\u0103rii capitale p\u0103r\u0163ii carosabile \u00een asfalt betonic (H=5cm):<\/strong><\/p>\n<p>1.\tstr. Decebal<br \/>\n2.\tstr. M. Sadoveanu (de la str. 31 August p\u00een\u0103 la str. Rediului)<br \/>\n3.\tstr. Sorocii <\/p>\n<p>Anexa \u2116 3 la dispozi\u0163ia primarului nr.  54 din  29.01.2016<\/p>\n<p><strong>Lista str\u0103zilor magistrale a municipiului B\u0103l\u0163i care \u00een anul 2016 vor fi supuse repar\u0103rii medii p\u0103r\u0163ii carosabile \u00een asfalt betonic (H=5cm):<\/strong><\/p>\n<p>1.\tstr. \u015etefan cel Mare<br \/>\n2.\tstr. Kiev<br \/>\n3.\tstr. 1 Mai (de la str. Kiev p\u00een\u0103 la str. \u015etefan cel Mare)<br \/>\n4.\tstr. N. Iorga<br \/>\n5.\tstr. Gagarin<br \/>\n6.\tstr. Feroviarilor<br \/>\n7.\tstr. I. Franco<br \/>\n8.\tstr. Bulgar\u0103<br \/>\n9.\tstr. Al. cel Bun<br \/>\n10.\tstr. Konev <\/p>\n<p>Anexa \u2116 4 la dispozi\u0163ia primarului nr.  54 din  29.01._2016<\/p>\n<p><strong>Lista str\u0103zilor magistrale a municipiului B\u0103l\u0163i \u00eentre zonele reziden\u0163iale \u015fi din interiorul cartierelor care \u00een anul 2016 vor fi supuse repar\u0103rii capitale p\u0103r\u0163ii carosabile \u00een asfalt betonic (H=5cm):<\/strong><\/p>\n<p>1.\tstr. P\u0103cii (de la str. Pu\u015fkin p\u00een\u0103 la str. 31 August)<br \/>\n2.\tstr. \u015etefan cel Mare (zonele reziden\u0163iale \u00eentre blocurile locative nr. 6\/1 \u2013 6\/3 \u015fi 8\/1 \u2013 8\/3)<br \/>\n3.\tstr. Stamati (zonele reziden\u0163iale \u00een perimetrul str\u0103zilor Voluntarilor, 31 August, Independen\u0163ei \u015fi Stamati) <\/p>\n<p>Anexa \u2116 5 la dispozi\u0163ia primarului nr.  54 din  29.01.2016<\/p>\n<p><strong>Lista str\u0103zilor magistrale a municipiului B\u0103l\u0163i \u00eentre zonele reziden\u0163iale \u015fi din interiorul cartierelor care \u00een anul 2016 vor fi supuse repar\u0103rii medii p\u0103r\u0163ii carosabile \u00een asfalt betonic (H=5cm):<\/strong><\/p>\n<p>1.\tstr. Co\u015fbuc (de la str. Hotinului p\u00een\u0103 la str. Pu\u015fkin)<br \/>\n2.\tstr. Voluntarilor (de la str. Hotinului p\u00een\u0103 la str. 31 August)<br \/>\n3.\tstr. A. Russo<br \/>\n4.\tstr. \u015e. Aleihem (de la str. Pu\u015fkin p\u00eena la str. N. Iorga)<br \/>\n5.\tstr. Victoriei (locul de \u00eentoarcere a troleibuzului nr. 3 p\u00een\u0103 la por\u0163ile de intrare a SA \u201eBasarabia Nord\u201d)<\/p>\n<p>Anexa \u2116 6  la dispozi\u0163ia primarului nr.  54 din  29.01.2016<\/p>\n<p><strong>Lista str\u0103zilor din interiorul cartierelor a municipiului B\u0103l\u0163i care \u00een anul 2016 vor fi supuse repar\u0103rii p\u0103r\u0163ii carosabile \u00een asfalt betonic (H=5cm):<\/strong><\/p>\n<p>1.\tstr. T. Vladimirescu (str\u0103zile din interiorul cartierelor \u00een perimetrul str\u0103zilor T. Vladimirescu, Decebal, C. Ie\u015filor \u015fi Ostrovschi)<br \/>\n2.\tstr. Strii (str\u0103zile din interiorul cartierelor de-a lungul str\u0103zilor Strii de la Autogar\u0103 p\u00een\u0103 la SRL \u201eVin\u0103rie de Vale\u201d)<br \/>\n3.\tstr. N. Iorga (str\u0103zile din interiorul cartierelor de-a lungul<br \/>\nstr. N. Iorga de la str \u015etefan cel Mare p\u00eena la CCG-1)<\/p>\n<p>Anexa \u2116 7 la dispozi\u0163ia primarului nr.  54 din  29.01.2016<\/p>\n<p><strong>Lista str\u0103zilor \u00eentre zonele rezinde\u0163iale \u015fi din interiorul cartierelor a municipiului B\u0103l\u0163i care \u00een anul 2016 vor fi supuse reapar\u0103rii curente (\u00een pietri\u015f \u015fi ghi\u015feuri asfaltice) p\u0103r\u0163ii carosabile:<\/strong><\/p>\n<p>1.\tstr. G. Vieru (dou\u0103 locuri \u2013 l\u00eeng\u0103 magazin \u015fi trecerea canaliz\u0103rii pluviale)<br \/>\n2.\tstr. \u015ecolii<br \/>\n3.\tstr. Mickewicz<br \/>\n4.\tstr-la Locomotivelor<br \/>\n5.\tstr. Moldoveneasc\u0103<br \/>\n6.\tstr. M. Costin (de la str. I. Franco p\u00een\u0103 la str. S. Lazo)<br \/>\n7.\tstr. Cojedub (de la str. I. Franco p\u00een\u0103 la str. S. Lazo)<br \/>\n8.\tstr. Ceaikovski (de la str. I. Franco p\u00een\u0103 la str. S. Lazo)<br \/>\n9.\tstr. Musorgski (de la str. I. Franco p\u00een\u0103 la str. S. Lazo)<br \/>\n10.\tstr. L. Tolstoi(de la str. I. Franco p\u00een\u0103 la str. S. Lazo)<br \/>\n11.\tstr. D. Cantemir (de la str. I. Franco p\u00een\u0103 la str. S. Lazo)<br \/>\n12.\tstr. Goncearov (de la str. I. Franco p\u00een\u0103 la str. S. Lazo)<br \/>\n13.\tstr. Borodin (de la str. I. Franco p\u00een\u0103 la str. S. Lazo)<\/p>\n","protected":false},"excerpt":{"rendered":"<p>DISPOZI\u0162IA PRIMARULUI \u2116 54 \u00ab 29 \u00bb 01. 2016 \u201cCu privire la aprobarea planului lucr\u0103rilor de repara\u0163ie \u015fi \u00eentre\u0163inere a gospod\u0103riei drumurilor \u015fi podurilor mun. B\u0103l\u0163i pe anul 2016\u201d. \u00cen conformitate cu art.29, alin. (1), lit. i) \u015fi l) al Legii Republicii Moldova nr. 436-XVI din 28.12.2006 \u201ePrivind administra\u0163ia public\u0103 local\u0103\u201d, \u015fi \u00een baza deciziei [&hellip;]<\/p>\n","protected":false},"author":4,"featured_media":6512,"comment_status":"closed","ping_status":"closed","sticky":false,"template":"","format":"standard","meta":{"footnotes":""},"categories":[6353],"tags":[],"class_list":["post-6514","post","type-post","status-publish","format-standard","has-post-thumbnail","hentry","category-oras"],"yoast_head":"<!-- This site is optimized with the Yoast SEO plugin v27.4 - https:\/\/yoast.com\/product\/yoast-seo-wordpress\/ -->\n<title>Vezi, care str\u0103zi din mun.B\u0103l\u021bi vor fi reparate \u00een 2016 - BTV<\/title>\n<meta name=\"robots\" content=\"index, follow, max-snippet:-1, max-image-preview:large, max-video-preview:-1\" \/>\n<link rel=\"canonical\" href=\"https:\/\/www.btv.md\/ro\/vezi-care-strazi-din-mun-balti-vor-fi-reparate-in-2016\/\" \/>\n<meta property=\"og:locale\" content=\"ro_RO\" \/>\n<meta property=\"og:type\" content=\"article\" \/>\n<meta property=\"og:title\" content=\"Vezi, care str\u0103zi din mun.B\u0103l\u021bi vor fi reparate \u00een 2016 - BTV\" \/>\n<meta property=\"og:description\" content=\"DISPOZI\u0162IA PRIMARULUI \u2116 54 \u00ab 29 \u00bb 01. 2016 \u201cCu privire la aprobarea planului lucr\u0103rilor de repara\u0163ie \u015fi \u00eentre\u0163inere a gospod\u0103riei drumurilor \u015fi podurilor mun. B\u0103l\u0163i pe anul 2016\u201d. \u00cen conformitate cu art.29, alin. (1), lit. i) \u015fi l) al Legii Republicii Moldova nr. 436-XVI din 28.12.2006 \u201ePrivind administra\u0163ia public\u0103 local\u0103\u201d, \u015fi \u00een baza deciziei [&hellip;]\" \/>\n<meta property=\"og:url\" content=\"https:\/\/www.btv.md\/ro\/vezi-care-strazi-din-mun-balti-vor-fi-reparate-in-2016\/\" \/>\n<meta property=\"og:site_name\" content=\"BTV\" \/>\n<meta property=\"article:publisher\" content=\"https:\/\/www.facebook.com\/btvmoldova\/\" \/>\n<meta property=\"article:published_time\" content=\"2016-02-02T15:37:42+00:00\" \/>\n<meta property=\"article:modified_time\" content=\"2016-02-03T13:04:06+00:00\" \/>\n<meta property=\"og:image\" content=\"https:\/\/www.btv.md\/wp-content\/uploads\/2016\/02\/remont.jpg\" \/>\n\t<meta property=\"og:image:width\" content=\"1920\" \/>\n\t<meta property=\"og:image:height\" content=\"1036\" \/>\n\t<meta property=\"og:image:type\" content=\"image\/jpeg\" \/>\n<meta name=\"author\" content=\"admin\" \/>\n<meta name=\"twitter:label1\" content=\"Scris de\" \/>\n\t<meta name=\"twitter:data1\" content=\"admin\" \/>\n\t<meta name=\"twitter:label2\" content=\"Timp estimat pentru citire\" \/>\n\t<meta name=\"twitter:data2\" content=\"6 minute\" \/>\n<script type=\"application\/ld+json\" class=\"yoast-schema-graph\">{\"@context\":\"https:\\\/\\\/schema.org\",\"@graph\":[{\"@type\":\"Article\",\"@id\":\"https:\\\/\\\/www.btv.md\\\/ro\\\/vezi-care-strazi-din-mun-balti-vor-fi-reparate-in-2016\\\/#article\",\"isPartOf\":{\"@id\":\"https:\\\/\\\/www.btv.md\\\/ro\\\/vezi-care-strazi-din-mun-balti-vor-fi-reparate-in-2016\\\/\"},\"author\":{\"name\":\"admin\",\"@id\":\"https:\\\/\\\/www.btv.md\\\/#\\\/schema\\\/person\\\/8fadce81561b3ce2c34c46dadc4ccbf2\"},\"headline\":\"Vezi, care str\u0103zi din mun.B\u0103l\u021bi vor fi reparate \u00een 2016\",\"datePublished\":\"2016-02-02T15:37:42+00:00\",\"dateModified\":\"2016-02-03T13:04:06+00:00\",\"mainEntityOfPage\":{\"@id\":\"https:\\\/\\\/www.btv.md\\\/ro\\\/vezi-care-strazi-din-mun-balti-vor-fi-reparate-in-2016\\\/\"},\"wordCount\":1214,\"image\":{\"@id\":\"https:\\\/\\\/www.btv.md\\\/ro\\\/vezi-care-strazi-din-mun-balti-vor-fi-reparate-in-2016\\\/#primaryimage\"},\"thumbnailUrl\":\"https:\\\/\\\/www.btv.md\\\/wp-content\\\/uploads\\\/2016\\\/02\\\/remont.jpg\",\"articleSection\":[\"Ora\u0219\"],\"inLanguage\":\"ro-RO\"},{\"@type\":\"WebPage\",\"@id\":\"https:\\\/\\\/www.btv.md\\\/ro\\\/vezi-care-strazi-din-mun-balti-vor-fi-reparate-in-2016\\\/\",\"url\":\"https:\\\/\\\/www.btv.md\\\/ro\\\/vezi-care-strazi-din-mun-balti-vor-fi-reparate-in-2016\\\/\",\"name\":\"Vezi, care str\u0103zi din mun.B\u0103l\u021bi vor fi reparate \u00een 2016 - BTV\",\"isPartOf\":{\"@id\":\"https:\\\/\\\/www.btv.md\\\/#website\"},\"primaryImageOfPage\":{\"@id\":\"https:\\\/\\\/www.btv.md\\\/ro\\\/vezi-care-strazi-din-mun-balti-vor-fi-reparate-in-2016\\\/#primaryimage\"},\"image\":{\"@id\":\"https:\\\/\\\/www.btv.md\\\/ro\\\/vezi-care-strazi-din-mun-balti-vor-fi-reparate-in-2016\\\/#primaryimage\"},\"thumbnailUrl\":\"https:\\\/\\\/www.btv.md\\\/wp-content\\\/uploads\\\/2016\\\/02\\\/remont.jpg\",\"datePublished\":\"2016-02-02T15:37:42+00:00\",\"dateModified\":\"2016-02-03T13:04:06+00:00\",\"author\":{\"@id\":\"https:\\\/\\\/www.btv.md\\\/#\\\/schema\\\/person\\\/8fadce81561b3ce2c34c46dadc4ccbf2\"},\"inLanguage\":\"ro-RO\",\"potentialAction\":[{\"@type\":\"ReadAction\",\"target\":[\"https:\\\/\\\/www.btv.md\\\/ro\\\/vezi-care-strazi-din-mun-balti-vor-fi-reparate-in-2016\\\/\"]}]},{\"@type\":\"ImageObject\",\"inLanguage\":\"ro-RO\",\"@id\":\"https:\\\/\\\/www.btv.md\\\/ro\\\/vezi-care-strazi-din-mun-balti-vor-fi-reparate-in-2016\\\/#primaryimage\",\"url\":\"https:\\\/\\\/www.btv.md\\\/wp-content\\\/uploads\\\/2016\\\/02\\\/remont.jpg\",\"contentUrl\":\"https:\\\/\\\/www.btv.md\\\/wp-content\\\/uploads\\\/2016\\\/02\\\/remont.jpg\",\"width\":1920,\"height\":1036},{\"@type\":\"WebSite\",\"@id\":\"https:\\\/\\\/www.btv.md\\\/#website\",\"url\":\"https:\\\/\\\/www.btv.md\\\/\",\"name\":\"BTV\",\"description\":\"\u0411\u0435\u043b\u044c\u0446\u043a\u043e\u0435 \u0442\u0435\u043b\u0435\u0432\u0438\u0434\u0435\u043d\u0438\u0435\",\"potentialAction\":[{\"@type\":\"SearchAction\",\"target\":{\"@type\":\"EntryPoint\",\"urlTemplate\":\"https:\\\/\\\/www.btv.md\\\/?s={search_term_string}\"},\"query-input\":{\"@type\":\"PropertyValueSpecification\",\"valueRequired\":true,\"valueName\":\"search_term_string\"}}],\"inLanguage\":\"ro-RO\"},{\"@type\":\"Person\",\"@id\":\"https:\\\/\\\/www.btv.md\\\/#\\\/schema\\\/person\\\/8fadce81561b3ce2c34c46dadc4ccbf2\",\"name\":\"admin\"}]}<\/script>\n<!-- \/ Yoast SEO plugin. -->","yoast_head_json":{"title":"Vezi, care str\u0103zi din mun.B\u0103l\u021bi vor fi reparate \u00een 2016 - BTV","robots":{"index":"index","follow":"follow","max-snippet":"max-snippet:-1","max-image-preview":"max-image-preview:large","max-video-preview":"max-video-preview:-1"},"canonical":"https:\/\/www.btv.md\/ro\/vezi-care-strazi-din-mun-balti-vor-fi-reparate-in-2016\/","og_locale":"ro_RO","og_type":"article","og_title":"Vezi, care str\u0103zi din mun.B\u0103l\u021bi vor fi reparate \u00een 2016 - BTV","og_description":"DISPOZI\u0162IA PRIMARULUI \u2116 54 \u00ab 29 \u00bb 01. 2016 \u201cCu privire la aprobarea planului lucr\u0103rilor de repara\u0163ie \u015fi \u00eentre\u0163inere a gospod\u0103riei drumurilor \u015fi podurilor mun. B\u0103l\u0163i pe anul 2016\u201d. \u00cen conformitate cu art.29, alin. (1), lit. i) \u015fi l) al Legii Republicii Moldova nr. 436-XVI din 28.12.2006 \u201ePrivind administra\u0163ia public\u0103 local\u0103\u201d, \u015fi \u00een baza deciziei [&hellip;]","og_url":"https:\/\/www.btv.md\/ro\/vezi-care-strazi-din-mun-balti-vor-fi-reparate-in-2016\/","og_site_name":"BTV","article_publisher":"https:\/\/www.facebook.com\/btvmoldova\/","article_published_time":"2016-02-02T15:37:42+00:00","article_modified_time":"2016-02-03T13:04:06+00:00","og_image":[{"width":1920,"height":1036,"url":"https:\/\/www.btv.md\/wp-content\/uploads\/2016\/02\/remont.jpg","type":"image\/jpeg"}],"author":"admin","twitter_misc":{"Scris de":"admin","Timp estimat pentru citire":"6 minute"},"schema":{"@context":"https:\/\/schema.org","@graph":[{"@type":"Article","@id":"https:\/\/www.btv.md\/ro\/vezi-care-strazi-din-mun-balti-vor-fi-reparate-in-2016\/#article","isPartOf":{"@id":"https:\/\/www.btv.md\/ro\/vezi-care-strazi-din-mun-balti-vor-fi-reparate-in-2016\/"},"author":{"name":"admin","@id":"https:\/\/www.btv.md\/#\/schema\/person\/8fadce81561b3ce2c34c46dadc4ccbf2"},"headline":"Vezi, care str\u0103zi din mun.B\u0103l\u021bi vor fi reparate \u00een 2016","datePublished":"2016-02-02T15:37:42+00:00","dateModified":"2016-02-03T13:04:06+00:00","mainEntityOfPage":{"@id":"https:\/\/www.btv.md\/ro\/vezi-care-strazi-din-mun-balti-vor-fi-reparate-in-2016\/"},"wordCount":1214,"image":{"@id":"https:\/\/www.btv.md\/ro\/vezi-care-strazi-din-mun-balti-vor-fi-reparate-in-2016\/#primaryimage"},"thumbnailUrl":"https:\/\/www.btv.md\/wp-content\/uploads\/2016\/02\/remont.jpg","articleSection":["Ora\u0219"],"inLanguage":"ro-RO"},{"@type":"WebPage","@id":"https:\/\/www.btv.md\/ro\/vezi-care-strazi-din-mun-balti-vor-fi-reparate-in-2016\/","url":"https:\/\/www.btv.md\/ro\/vezi-care-strazi-din-mun-balti-vor-fi-reparate-in-2016\/","name":"Vezi, care str\u0103zi din mun.B\u0103l\u021bi vor fi reparate \u00een 2016 - BTV","isPartOf":{"@id":"https:\/\/www.btv.md\/#website"},"primaryImageOfPage":{"@id":"https:\/\/www.btv.md\/ro\/vezi-care-strazi-din-mun-balti-vor-fi-reparate-in-2016\/#primaryimage"},"image":{"@id":"https:\/\/www.btv.md\/ro\/vezi-care-strazi-din-mun-balti-vor-fi-reparate-in-2016\/#primaryimage"},"thumbnailUrl":"https:\/\/www.btv.md\/wp-content\/uploads\/2016\/02\/remont.jpg","datePublished":"2016-02-02T15:37:42+00:00","dateModified":"2016-02-03T13:04:06+00:00","author":{"@id":"https:\/\/www.btv.md\/#\/schema\/person\/8fadce81561b3ce2c34c46dadc4ccbf2"},"inLanguage":"ro-RO","potentialAction":[{"@type":"ReadAction","target":["https:\/\/www.btv.md\/ro\/vezi-care-strazi-din-mun-balti-vor-fi-reparate-in-2016\/"]}]},{"@type":"ImageObject","inLanguage":"ro-RO","@id":"https:\/\/www.btv.md\/ro\/vezi-care-strazi-din-mun-balti-vor-fi-reparate-in-2016\/#primaryimage","url":"https:\/\/www.btv.md\/wp-content\/uploads\/2016\/02\/remont.jpg","contentUrl":"https:\/\/www.btv.md\/wp-content\/uploads\/2016\/02\/remont.jpg","width":1920,"height":1036},{"@type":"WebSite","@id":"https:\/\/www.btv.md\/#website","url":"https:\/\/www.btv.md\/","name":"BTV","description":"\u0411\u0435\u043b\u044c\u0446\u043a\u043e\u0435 \u0442\u0435\u043b\u0435\u0432\u0438\u0434\u0435\u043d\u0438\u0435","potentialAction":[{"@type":"SearchAction","target":{"@type":"EntryPoint","urlTemplate":"https:\/\/www.btv.md\/?s={search_term_string}"},"query-input":{"@type":"PropertyValueSpecification","valueRequired":true,"valueName":"search_term_string"}}],"inLanguage":"ro-RO"},{"@type":"Person","@id":"https:\/\/www.btv.md\/#\/schema\/person\/8fadce81561b3ce2c34c46dadc4ccbf2","name":"admin"}]}},"_links":{"self":[{"href":"https:\/\/www.btv.md\/ro\/wp-json\/wp\/v2\/posts\/6514","targetHints":{"allow":["GET"]}}],"collection":[{"href":"https:\/\/www.btv.md\/ro\/wp-json\/wp\/v2\/posts"}],"about":[{"href":"https:\/\/www.btv.md\/ro\/wp-json\/wp\/v2\/types\/post"}],"author":[{"embeddable":true,"href":"https:\/\/www.btv.md\/ro\/wp-json\/wp\/v2\/users\/4"}],"replies":[{"embeddable":true,"href":"https:\/\/www.btv.md\/ro\/wp-json\/wp\/v2\/comments?post=6514"}],"version-history":[{"count":0,"href":"https:\/\/www.btv.md\/ro\/wp-json\/wp\/v2\/posts\/6514\/revisions"}],"wp:featuredmedia":[{"embeddable":true,"href":"https:\/\/www.btv.md\/ro\/wp-json\/wp\/v2\/media\/6512"}],"wp:attachment":[{"href":"https:\/\/www.btv.md\/ro\/wp-json\/wp\/v2\/media?parent=6514"}],"wp:term":[{"taxonomy":"category","embeddable":true,"href":"https:\/\/www.btv.md\/ro\/wp-json\/wp\/v2\/categories?post=6514"},{"taxonomy":"post_tag","embeddable":true,"href":"https:\/\/www.btv.md\/ro\/wp-json\/wp\/v2\/tags?post=6514"}],"curies":[{"name":"wp","href":"https:\/\/api.w.org\/{rel}","templated":true}]}}