{"id":6522,"date":"2016-02-02T18:48:29","date_gmt":"2016-02-02T15:48:29","guid":{"rendered":"http:\/\/btv.md\/?p=6522"},"modified":"2016-02-02T18:48:29","modified_gmt":"2016-02-02T15:48:29","slug":"godea-a-fost-numit-consilier-principal-de-stat-in-politici-de-securitate","status":"publish","type":"post","link":"https:\/\/www.btv.md\/ro\/godea-a-fost-numit-consilier-principal-de-stat-in-politici-de-securitate\/","title":{"rendered":"GODEA  A  FOST  NUMIT  CONSILIER  PRINCIPAL  DE  STAT  \u00ceN  POLITICI  DE  SECURITATE"},"content":{"rendered":"<p><strong>Fostul deputat Mihai Godea a fost numit consilier principal de stat \u00een politici de securitate. Asta dup\u0103 ce s\u0103pt\u0103m\u00e2na trecut\u0103, premierul Pavel Filip \u0219i-a ales cinci consilieri de stat. <\/strong><\/p>\n<p>Ceilal\u021bi patru ale\u0219i sunt Viorelia Moldovan-Batr\u00e2nac, numit\u0103 consilier principal de stat \u00een politici societale, Lilia Palii, care se va ocupa de politicile de dezvoltare, administra\u0163ie public\u0103 \u015fi cooperare interna\u0163ional\u0103,  Stela Nistor responsabil\u0103 de comunicare \u015fi rela\u0163ii cu presa \u0219i Ion Lupan &#8211; politici de dezvoltare a mediului de afaceri.<\/p>\n<p>\u00cen 2011, Godea a p\u0103r\u0103sit PLDM-ul \u0219i s-a lansat independent \u00een alegerile pentru Prim\u0103ria Capitalei. \u00cen acela\u0219i an \u00eempreun\u0103 cu mai multe persoane, acesta a lansat o nou\u0103 platform\u0103 politic\u0103, numit\u0103 Platforma Alternativa Democratic\u0103.<\/p>\n<p><iframe width=\"420\" height=\"315\" data-src=\"https:\/\/www.youtube.com\/embed\/eNolZ7GXAVc\" frameborder=\"0\" allowfullscreen src=\"data:image\/svg+xml;base64,PHN2ZyB3aWR0aD0iMSIgaGVpZ2h0PSIxIiB4bWxucz0iaHR0cDovL3d3dy53My5vcmcvMjAwMC9zdmciPjwvc3ZnPg==\" class=\"lazyload\" data-load-mode=\"1\"><\/iframe><\/p>\n","protected":false},"excerpt":{"rendered":"<p>Fostul deputat Mihai Godea a fost numit consilier principal de stat \u00een politici de securitate. Asta dup\u0103 ce s\u0103pt\u0103m\u00e2na trecut\u0103, premierul Pavel Filip \u0219i-a ales cinci consilieri de stat. Ceilal\u021bi patru ale\u0219i sunt Viorelia Moldovan-Batr\u00e2nac, numit\u0103 consilier principal de stat \u00een politici societale, Lilia Palii, care se va ocupa de politicile de dezvoltare, administra\u0163ie public\u0103 [&hellip;]<\/p>\n","protected":false},"author":4,"featured_media":6523,"comment_status":"closed","ping_status":"closed","sticky":false,"template":"","format":"standard","meta":{"footnotes":""},"categories":[6368],"tags":[],"class_list":["post-6522","post","type-post","status-publish","format-standard","has-post-thumbnail","hentry","category-politica-ro"],"yoast_head":"<!-- This site is optimized with the Yoast SEO plugin v27.4 - https:\/\/yoast.com\/product\/yoast-seo-wordpress\/ -->\n<title>GODEA A FOST NUMIT CONSILIER PRINCIPAL DE STAT \u00ceN POLITICI DE SECURITATE - BTV<\/title>\n<meta name=\"robots\" content=\"index, follow, max-snippet:-1, max-image-preview:large, max-video-preview:-1\" \/>\n<link rel=\"canonical\" href=\"https:\/\/www.btv.md\/ro\/godea-a-fost-numit-consilier-principal-de-stat-in-politici-de-securitate\/\" \/>\n<meta property=\"og:locale\" content=\"ro_RO\" \/>\n<meta property=\"og:type\" content=\"article\" \/>\n<meta property=\"og:title\" content=\"GODEA A FOST NUMIT CONSILIER PRINCIPAL DE STAT \u00ceN POLITICI DE SECURITATE - BTV\" \/>\n<meta property=\"og:description\" content=\"Fostul deputat Mihai Godea a fost numit consilier principal de stat \u00een politici de securitate. Asta dup\u0103 ce s\u0103pt\u0103m\u00e2na trecut\u0103, premierul Pavel Filip \u0219i-a ales cinci consilieri de stat. Ceilal\u021bi patru ale\u0219i sunt Viorelia Moldovan-Batr\u00e2nac, numit\u0103 consilier principal de stat \u00een politici societale, Lilia Palii, care se va ocupa de politicile de dezvoltare, administra\u0163ie public\u0103 [&hellip;]\" \/>\n<meta property=\"og:url\" content=\"https:\/\/www.btv.md\/ro\/godea-a-fost-numit-consilier-principal-de-stat-in-politici-de-securitate\/\" \/>\n<meta property=\"og:site_name\" content=\"BTV\" \/>\n<meta property=\"article:publisher\" content=\"https:\/\/www.facebook.com\/btvmoldova\/\" \/>\n<meta property=\"article:published_time\" content=\"2016-02-02T15:48:29+00:00\" \/>\n<meta property=\"og:image\" content=\"https:\/\/www.btv.md\/wp-content\/uploads\/2016\/02\/BF31A6C3-CA02-4267-8768-29A5C41740B7_mw1024_s_n.jpg\" \/>\n\t<meta property=\"og:image:width\" content=\"1024\" \/>\n\t<meta property=\"og:image:height\" content=\"576\" \/>\n\t<meta property=\"og:image:type\" content=\"image\/jpeg\" \/>\n<meta name=\"author\" content=\"admin\" \/>\n<meta name=\"twitter:label1\" content=\"Scris de\" \/>\n\t<meta name=\"twitter:data1\" content=\"admin\" \/>\n\t<meta name=\"twitter:label2\" content=\"Timp estimat pentru citire\" \/>\n\t<meta name=\"twitter:data2\" content=\"1 minut\" \/>\n<script type=\"application\/ld+json\" class=\"yoast-schema-graph\">{\"@context\":\"https:\\\/\\\/schema.org\",\"@graph\":[{\"@type\":\"Article\",\"@id\":\"https:\\\/\\\/www.btv.md\\\/ro\\\/godea-a-fost-numit-consilier-principal-de-stat-in-politici-de-securitate\\\/#article\",\"isPartOf\":{\"@id\":\"https:\\\/\\\/www.btv.md\\\/ro\\\/godea-a-fost-numit-consilier-principal-de-stat-in-politici-de-securitate\\\/\"},\"author\":{\"name\":\"admin\",\"@id\":\"https:\\\/\\\/www.btv.md\\\/#\\\/schema\\\/person\\\/8fadce81561b3ce2c34c46dadc4ccbf2\"},\"headline\":\"GODEA A FOST NUMIT CONSILIER PRINCIPAL DE STAT \u00ceN POLITICI DE SECURITATE\",\"datePublished\":\"2016-02-02T15:48:29+00:00\",\"mainEntityOfPage\":{\"@id\":\"https:\\\/\\\/www.btv.md\\\/ro\\\/godea-a-fost-numit-consilier-principal-de-stat-in-politici-de-securitate\\\/\"},\"wordCount\":136,\"image\":{\"@id\":\"https:\\\/\\\/www.btv.md\\\/ro\\\/godea-a-fost-numit-consilier-principal-de-stat-in-politici-de-securitate\\\/#primaryimage\"},\"thumbnailUrl\":\"https:\\\/\\\/www.btv.md\\\/wp-content\\\/uploads\\\/2016\\\/02\\\/BF31A6C3-CA02-4267-8768-29A5C41740B7_mw1024_s_n.jpg\",\"articleSection\":[\"Politic\u0103\"],\"inLanguage\":\"ro-RO\"},{\"@type\":\"WebPage\",\"@id\":\"https:\\\/\\\/www.btv.md\\\/ro\\\/godea-a-fost-numit-consilier-principal-de-stat-in-politici-de-securitate\\\/\",\"url\":\"https:\\\/\\\/www.btv.md\\\/ro\\\/godea-a-fost-numit-consilier-principal-de-stat-in-politici-de-securitate\\\/\",\"name\":\"GODEA A FOST NUMIT CONSILIER PRINCIPAL DE STAT \u00ceN POLITICI DE SECURITATE - BTV\",\"isPartOf\":{\"@id\":\"https:\\\/\\\/www.btv.md\\\/#website\"},\"primaryImageOfPage\":{\"@id\":\"https:\\\/\\\/www.btv.md\\\/ro\\\/godea-a-fost-numit-consilier-principal-de-stat-in-politici-de-securitate\\\/#primaryimage\"},\"image\":{\"@id\":\"https:\\\/\\\/www.btv.md\\\/ro\\\/godea-a-fost-numit-consilier-principal-de-stat-in-politici-de-securitate\\\/#primaryimage\"},\"thumbnailUrl\":\"https:\\\/\\\/www.btv.md\\\/wp-content\\\/uploads\\\/2016\\\/02\\\/BF31A6C3-CA02-4267-8768-29A5C41740B7_mw1024_s_n.jpg\",\"datePublished\":\"2016-02-02T15:48:29+00:00\",\"author\":{\"@id\":\"https:\\\/\\\/www.btv.md\\\/#\\\/schema\\\/person\\\/8fadce81561b3ce2c34c46dadc4ccbf2\"},\"inLanguage\":\"ro-RO\",\"potentialAction\":[{\"@type\":\"ReadAction\",\"target\":[\"https:\\\/\\\/www.btv.md\\\/ro\\\/godea-a-fost-numit-consilier-principal-de-stat-in-politici-de-securitate\\\/\"]}]},{\"@type\":\"ImageObject\",\"inLanguage\":\"ro-RO\",\"@id\":\"https:\\\/\\\/www.btv.md\\\/ro\\\/godea-a-fost-numit-consilier-principal-de-stat-in-politici-de-securitate\\\/#primaryimage\",\"url\":\"https:\\\/\\\/www.btv.md\\\/wp-content\\\/uploads\\\/2016\\\/02\\\/BF31A6C3-CA02-4267-8768-29A5C41740B7_mw1024_s_n.jpg\",\"contentUrl\":\"https:\\\/\\\/www.btv.md\\\/wp-content\\\/uploads\\\/2016\\\/02\\\/BF31A6C3-CA02-4267-8768-29A5C41740B7_mw1024_s_n.jpg\",\"width\":1024,\"height\":576,\"caption\":\"www.europalibera.org\"},{\"@type\":\"WebSite\",\"@id\":\"https:\\\/\\\/www.btv.md\\\/#website\",\"url\":\"https:\\\/\\\/www.btv.md\\\/\",\"name\":\"BTV\",\"description\":\"\u0411\u0435\u043b\u044c\u0446\u043a\u043e\u0435 \u0442\u0435\u043b\u0435\u0432\u0438\u0434\u0435\u043d\u0438\u0435\",\"potentialAction\":[{\"@type\":\"SearchAction\",\"target\":{\"@type\":\"EntryPoint\",\"urlTemplate\":\"https:\\\/\\\/www.btv.md\\\/?s={search_term_string}\"},\"query-input\":{\"@type\":\"PropertyValueSpecification\",\"valueRequired\":true,\"valueName\":\"search_term_string\"}}],\"inLanguage\":\"ro-RO\"},{\"@type\":\"Person\",\"@id\":\"https:\\\/\\\/www.btv.md\\\/#\\\/schema\\\/person\\\/8fadce81561b3ce2c34c46dadc4ccbf2\",\"name\":\"admin\"}]}<\/script>\n<!-- \/ Yoast SEO plugin. -->","yoast_head_json":{"title":"GODEA A FOST NUMIT CONSILIER PRINCIPAL DE STAT \u00ceN POLITICI DE SECURITATE - BTV","robots":{"index":"index","follow":"follow","max-snippet":"max-snippet:-1","max-image-preview":"max-image-preview:large","max-video-preview":"max-video-preview:-1"},"canonical":"https:\/\/www.btv.md\/ro\/godea-a-fost-numit-consilier-principal-de-stat-in-politici-de-securitate\/","og_locale":"ro_RO","og_type":"article","og_title":"GODEA A FOST NUMIT CONSILIER PRINCIPAL DE STAT \u00ceN POLITICI DE SECURITATE - BTV","og_description":"Fostul deputat Mihai Godea a fost numit consilier principal de stat \u00een politici de securitate. Asta dup\u0103 ce s\u0103pt\u0103m\u00e2na trecut\u0103, premierul Pavel Filip \u0219i-a ales cinci consilieri de stat. Ceilal\u021bi patru ale\u0219i sunt Viorelia Moldovan-Batr\u00e2nac, numit\u0103 consilier principal de stat \u00een politici societale, Lilia Palii, care se va ocupa de politicile de dezvoltare, administra\u0163ie public\u0103 [&hellip;]","og_url":"https:\/\/www.btv.md\/ro\/godea-a-fost-numit-consilier-principal-de-stat-in-politici-de-securitate\/","og_site_name":"BTV","article_publisher":"https:\/\/www.facebook.com\/btvmoldova\/","article_published_time":"2016-02-02T15:48:29+00:00","og_image":[{"width":1024,"height":576,"url":"https:\/\/www.btv.md\/wp-content\/uploads\/2016\/02\/BF31A6C3-CA02-4267-8768-29A5C41740B7_mw1024_s_n.jpg","type":"image\/jpeg"}],"author":"admin","twitter_misc":{"Scris de":"admin","Timp estimat pentru citire":"1 minut"},"schema":{"@context":"https:\/\/schema.org","@graph":[{"@type":"Article","@id":"https:\/\/www.btv.md\/ro\/godea-a-fost-numit-consilier-principal-de-stat-in-politici-de-securitate\/#article","isPartOf":{"@id":"https:\/\/www.btv.md\/ro\/godea-a-fost-numit-consilier-principal-de-stat-in-politici-de-securitate\/"},"author":{"name":"admin","@id":"https:\/\/www.btv.md\/#\/schema\/person\/8fadce81561b3ce2c34c46dadc4ccbf2"},"headline":"GODEA A FOST NUMIT CONSILIER PRINCIPAL DE STAT \u00ceN POLITICI DE SECURITATE","datePublished":"2016-02-02T15:48:29+00:00","mainEntityOfPage":{"@id":"https:\/\/www.btv.md\/ro\/godea-a-fost-numit-consilier-principal-de-stat-in-politici-de-securitate\/"},"wordCount":136,"image":{"@id":"https:\/\/www.btv.md\/ro\/godea-a-fost-numit-consilier-principal-de-stat-in-politici-de-securitate\/#primaryimage"},"thumbnailUrl":"https:\/\/www.btv.md\/wp-content\/uploads\/2016\/02\/BF31A6C3-CA02-4267-8768-29A5C41740B7_mw1024_s_n.jpg","articleSection":["Politic\u0103"],"inLanguage":"ro-RO"},{"@type":"WebPage","@id":"https:\/\/www.btv.md\/ro\/godea-a-fost-numit-consilier-principal-de-stat-in-politici-de-securitate\/","url":"https:\/\/www.btv.md\/ro\/godea-a-fost-numit-consilier-principal-de-stat-in-politici-de-securitate\/","name":"GODEA A FOST NUMIT CONSILIER PRINCIPAL DE STAT \u00ceN POLITICI DE SECURITATE - BTV","isPartOf":{"@id":"https:\/\/www.btv.md\/#website"},"primaryImageOfPage":{"@id":"https:\/\/www.btv.md\/ro\/godea-a-fost-numit-consilier-principal-de-stat-in-politici-de-securitate\/#primaryimage"},"image":{"@id":"https:\/\/www.btv.md\/ro\/godea-a-fost-numit-consilier-principal-de-stat-in-politici-de-securitate\/#primaryimage"},"thumbnailUrl":"https:\/\/www.btv.md\/wp-content\/uploads\/2016\/02\/BF31A6C3-CA02-4267-8768-29A5C41740B7_mw1024_s_n.jpg","datePublished":"2016-02-02T15:48:29+00:00","author":{"@id":"https:\/\/www.btv.md\/#\/schema\/person\/8fadce81561b3ce2c34c46dadc4ccbf2"},"inLanguage":"ro-RO","potentialAction":[{"@type":"ReadAction","target":["https:\/\/www.btv.md\/ro\/godea-a-fost-numit-consilier-principal-de-stat-in-politici-de-securitate\/"]}]},{"@type":"ImageObject","inLanguage":"ro-RO","@id":"https:\/\/www.btv.md\/ro\/godea-a-fost-numit-consilier-principal-de-stat-in-politici-de-securitate\/#primaryimage","url":"https:\/\/www.btv.md\/wp-content\/uploads\/2016\/02\/BF31A6C3-CA02-4267-8768-29A5C41740B7_mw1024_s_n.jpg","contentUrl":"https:\/\/www.btv.md\/wp-content\/uploads\/2016\/02\/BF31A6C3-CA02-4267-8768-29A5C41740B7_mw1024_s_n.jpg","width":1024,"height":576,"caption":"www.europalibera.org"},{"@type":"WebSite","@id":"https:\/\/www.btv.md\/#website","url":"https:\/\/www.btv.md\/","name":"BTV","description":"\u0411\u0435\u043b\u044c\u0446\u043a\u043e\u0435 \u0442\u0435\u043b\u0435\u0432\u0438\u0434\u0435\u043d\u0438\u0435","potentialAction":[{"@type":"SearchAction","target":{"@type":"EntryPoint","urlTemplate":"https:\/\/www.btv.md\/?s={search_term_string}"},"query-input":{"@type":"PropertyValueSpecification","valueRequired":true,"valueName":"search_term_string"}}],"inLanguage":"ro-RO"},{"@type":"Person","@id":"https:\/\/www.btv.md\/#\/schema\/person\/8fadce81561b3ce2c34c46dadc4ccbf2","name":"admin"}]}},"_links":{"self":[{"href":"https:\/\/www.btv.md\/ro\/wp-json\/wp\/v2\/posts\/6522","targetHints":{"allow":["GET"]}}],"collection":[{"href":"https:\/\/www.btv.md\/ro\/wp-json\/wp\/v2\/posts"}],"about":[{"href":"https:\/\/www.btv.md\/ro\/wp-json\/wp\/v2\/types\/post"}],"author":[{"embeddable":true,"href":"https:\/\/www.btv.md\/ro\/wp-json\/wp\/v2\/users\/4"}],"replies":[{"embeddable":true,"href":"https:\/\/www.btv.md\/ro\/wp-json\/wp\/v2\/comments?post=6522"}],"version-history":[{"count":0,"href":"https:\/\/www.btv.md\/ro\/wp-json\/wp\/v2\/posts\/6522\/revisions"}],"wp:featuredmedia":[{"embeddable":true,"href":"https:\/\/www.btv.md\/ro\/wp-json\/wp\/v2\/media\/6523"}],"wp:attachment":[{"href":"https:\/\/www.btv.md\/ro\/wp-json\/wp\/v2\/media?parent=6522"}],"wp:term":[{"taxonomy":"category","embeddable":true,"href":"https:\/\/www.btv.md\/ro\/wp-json\/wp\/v2\/categories?post=6522"},{"taxonomy":"post_tag","embeddable":true,"href":"https:\/\/www.btv.md\/ro\/wp-json\/wp\/v2\/tags?post=6522"}],"curies":[{"name":"wp","href":"https:\/\/api.w.org\/{rel}","templated":true}]}}