{"id":6526,"date":"2016-02-02T18:51:13","date_gmt":"2016-02-02T15:51:13","guid":{"rendered":"http:\/\/btv.md\/?p=6526"},"modified":"2016-02-02T18:51:13","modified_gmt":"2016-02-02T15:51:13","slug":"militarul-armatei-nationale-in-fata-magistratilor","status":"publish","type":"post","link":"https:\/\/www.btv.md\/ro\/militarul-armatei-nationale-in-fata-magistratilor\/","title":{"rendered":"MILITARUL  ARMATEI  NA\u021aIONALE, \u00ceN  FA\u021aA  MAGISTRA\u021aILOR"},"content":{"rendered":"<p><strong>Procuratura militar\u0103 din municipiul B\u0103l\u0163i a finalizat \u0219i remis instan\u021bei de judecat\u0103 cauza penal\u0103 ini\u021biat\u0103 pe numele unui militar prin contract al Armatei Na\u0163ionale care este acuzat de accident rutier soldat cu decesul unui pasager. <\/strong><\/p>\n<p>Cazul a avut loc \u00een noiembrie 2015 \u00een satul Alex\u0103ndreni, raionul Edine\u021b. Afl\u00e2ndu-se \u00een concediu de odihn\u0103, b\u0103rbatul a urcat beat la volan, dar \u0219i f\u0103r\u0103 permis de conducere. Acesta a pierdut controlul volanului \u015fi a derapat, tampon\u00e2ndu-se \u00eentr-o plit\u0103 de beton. \u00cen urma impactului, pasagerul, care la fel era militar prin contract, a decedat pe loc. <\/p>\n<p>\u00cenvinuitul \u015fi-a recunoscut vina \u015fi a \u00eencheiat un acord de recunoa\u015ftere a vinov\u0103\u0163iei. <\/p>\n<p>Dac\u0103 va fi g\u0103sit vinovat de \u00eenc\u0103lcarea regulilor de securitate a circula\u0163iei rutiere soldate cu decesul unei persoane, precum \u015fi de conducerea mijlocului de transport \u00een stare de ebrietate alcoolic\u0103 cu grad avansat f\u0103r\u0103 permis de conducere, acesta risc\u0103 p\u00e2n\u0103 la opt ani de \u00eenchisoare. <\/p>\n<p><iframe width=\"420\" height=\"315\" data-src=\"https:\/\/www.youtube.com\/embed\/BBsKBTPTE2o\" frameborder=\"0\" allowfullscreen src=\"data:image\/svg+xml;base64,PHN2ZyB3aWR0aD0iMSIgaGVpZ2h0PSIxIiB4bWxucz0iaHR0cDovL3d3dy53My5vcmcvMjAwMC9zdmciPjwvc3ZnPg==\" class=\"lazyload\" data-load-mode=\"1\"><\/iframe><\/p>\n","protected":false},"excerpt":{"rendered":"<p>Procuratura militar\u0103 din municipiul B\u0103l\u0163i a finalizat \u0219i remis instan\u021bei de judecat\u0103 cauza penal\u0103 ini\u021biat\u0103 pe numele unui militar prin contract al Armatei Na\u0163ionale care este acuzat de accident rutier soldat cu decesul unui pasager. Cazul a avut loc \u00een noiembrie 2015 \u00een satul Alex\u0103ndreni, raionul Edine\u021b. Afl\u00e2ndu-se \u00een concediu de odihn\u0103, b\u0103rbatul a urcat [&hellip;]<\/p>\n","protected":false},"author":4,"featured_media":6527,"comment_status":"closed","ping_status":"closed","sticky":false,"template":"","format":"standard","meta":{"footnotes":""},"categories":[6353],"tags":[],"class_list":["post-6526","post","type-post","status-publish","format-standard","has-post-thumbnail","hentry","category-oras"],"yoast_head":"<!-- This site is optimized with the Yoast SEO plugin v27.4 - https:\/\/yoast.com\/product\/yoast-seo-wordpress\/ -->\n<title>MILITARUL ARMATEI NA\u021aIONALE, \u00ceN FA\u021aA MAGISTRA\u021aILOR - BTV<\/title>\n<meta name=\"robots\" content=\"index, follow, max-snippet:-1, max-image-preview:large, max-video-preview:-1\" \/>\n<link rel=\"canonical\" href=\"https:\/\/www.btv.md\/ro\/militarul-armatei-nationale-in-fata-magistratilor\/\" \/>\n<meta property=\"og:locale\" content=\"ro_RO\" \/>\n<meta property=\"og:type\" content=\"article\" \/>\n<meta property=\"og:title\" content=\"MILITARUL ARMATEI NA\u021aIONALE, \u00ceN FA\u021aA MAGISTRA\u021aILOR - BTV\" \/>\n<meta property=\"og:description\" content=\"Procuratura militar\u0103 din municipiul B\u0103l\u0163i a finalizat \u0219i remis instan\u021bei de judecat\u0103 cauza penal\u0103 ini\u021biat\u0103 pe numele unui militar prin contract al Armatei Na\u0163ionale care este acuzat de accident rutier soldat cu decesul unui pasager. Cazul a avut loc \u00een noiembrie 2015 \u00een satul Alex\u0103ndreni, raionul Edine\u021b. Afl\u00e2ndu-se \u00een concediu de odihn\u0103, b\u0103rbatul a urcat [&hellip;]\" \/>\n<meta property=\"og:url\" content=\"https:\/\/www.btv.md\/ro\/militarul-armatei-nationale-in-fata-magistratilor\/\" \/>\n<meta property=\"og:site_name\" content=\"BTV\" \/>\n<meta property=\"article:publisher\" content=\"https:\/\/www.facebook.com\/btvmoldova\/\" \/>\n<meta property=\"article:published_time\" content=\"2016-02-02T15:51:13+00:00\" \/>\n<meta property=\"og:image\" content=\"https:\/\/www.btv.md\/wp-content\/uploads\/2016\/02\/28942fa6f882477d0568cea2e3c394a3.jpg\" \/>\n\t<meta property=\"og:image:width\" content=\"620\" \/>\n\t<meta property=\"og:image:height\" content=\"388\" \/>\n\t<meta property=\"og:image:type\" content=\"image\/jpeg\" \/>\n<meta name=\"author\" content=\"admin\" \/>\n<meta name=\"twitter:label1\" content=\"Scris de\" \/>\n\t<meta name=\"twitter:data1\" content=\"admin\" \/>\n\t<meta name=\"twitter:label2\" content=\"Timp estimat pentru citire\" \/>\n\t<meta name=\"twitter:data2\" content=\"1 minut\" \/>\n<script type=\"application\/ld+json\" class=\"yoast-schema-graph\">{\"@context\":\"https:\\\/\\\/schema.org\",\"@graph\":[{\"@type\":\"Article\",\"@id\":\"https:\\\/\\\/www.btv.md\\\/ro\\\/militarul-armatei-nationale-in-fata-magistratilor\\\/#article\",\"isPartOf\":{\"@id\":\"https:\\\/\\\/www.btv.md\\\/ro\\\/militarul-armatei-nationale-in-fata-magistratilor\\\/\"},\"author\":{\"name\":\"admin\",\"@id\":\"https:\\\/\\\/www.btv.md\\\/#\\\/schema\\\/person\\\/8fadce81561b3ce2c34c46dadc4ccbf2\"},\"headline\":\"MILITARUL ARMATEI NA\u021aIONALE, \u00ceN FA\u021aA MAGISTRA\u021aILOR\",\"datePublished\":\"2016-02-02T15:51:13+00:00\",\"mainEntityOfPage\":{\"@id\":\"https:\\\/\\\/www.btv.md\\\/ro\\\/militarul-armatei-nationale-in-fata-magistratilor\\\/\"},\"wordCount\":175,\"image\":{\"@id\":\"https:\\\/\\\/www.btv.md\\\/ro\\\/militarul-armatei-nationale-in-fata-magistratilor\\\/#primaryimage\"},\"thumbnailUrl\":\"https:\\\/\\\/www.btv.md\\\/wp-content\\\/uploads\\\/2016\\\/02\\\/28942fa6f882477d0568cea2e3c394a3.jpg\",\"articleSection\":[\"Ora\u0219\"],\"inLanguage\":\"ro-RO\"},{\"@type\":\"WebPage\",\"@id\":\"https:\\\/\\\/www.btv.md\\\/ro\\\/militarul-armatei-nationale-in-fata-magistratilor\\\/\",\"url\":\"https:\\\/\\\/www.btv.md\\\/ro\\\/militarul-armatei-nationale-in-fata-magistratilor\\\/\",\"name\":\"MILITARUL ARMATEI NA\u021aIONALE, \u00ceN FA\u021aA MAGISTRA\u021aILOR - BTV\",\"isPartOf\":{\"@id\":\"https:\\\/\\\/www.btv.md\\\/#website\"},\"primaryImageOfPage\":{\"@id\":\"https:\\\/\\\/www.btv.md\\\/ro\\\/militarul-armatei-nationale-in-fata-magistratilor\\\/#primaryimage\"},\"image\":{\"@id\":\"https:\\\/\\\/www.btv.md\\\/ro\\\/militarul-armatei-nationale-in-fata-magistratilor\\\/#primaryimage\"},\"thumbnailUrl\":\"https:\\\/\\\/www.btv.md\\\/wp-content\\\/uploads\\\/2016\\\/02\\\/28942fa6f882477d0568cea2e3c394a3.jpg\",\"datePublished\":\"2016-02-02T15:51:13+00:00\",\"author\":{\"@id\":\"https:\\\/\\\/www.btv.md\\\/#\\\/schema\\\/person\\\/8fadce81561b3ce2c34c46dadc4ccbf2\"},\"inLanguage\":\"ro-RO\",\"potentialAction\":[{\"@type\":\"ReadAction\",\"target\":[\"https:\\\/\\\/www.btv.md\\\/ro\\\/militarul-armatei-nationale-in-fata-magistratilor\\\/\"]}]},{\"@type\":\"ImageObject\",\"inLanguage\":\"ro-RO\",\"@id\":\"https:\\\/\\\/www.btv.md\\\/ro\\\/militarul-armatei-nationale-in-fata-magistratilor\\\/#primaryimage\",\"url\":\"https:\\\/\\\/www.btv.md\\\/wp-content\\\/uploads\\\/2016\\\/02\\\/28942fa6f882477d0568cea2e3c394a3.jpg\",\"contentUrl\":\"https:\\\/\\\/www.btv.md\\\/wp-content\\\/uploads\\\/2016\\\/02\\\/28942fa6f882477d0568cea2e3c394a3.jpg\",\"width\":620,\"height\":388,\"caption\":\"ziarulnational.md\"},{\"@type\":\"WebSite\",\"@id\":\"https:\\\/\\\/www.btv.md\\\/#website\",\"url\":\"https:\\\/\\\/www.btv.md\\\/\",\"name\":\"BTV\",\"description\":\"\u0411\u0435\u043b\u044c\u0446\u043a\u043e\u0435 \u0442\u0435\u043b\u0435\u0432\u0438\u0434\u0435\u043d\u0438\u0435\",\"potentialAction\":[{\"@type\":\"SearchAction\",\"target\":{\"@type\":\"EntryPoint\",\"urlTemplate\":\"https:\\\/\\\/www.btv.md\\\/?s={search_term_string}\"},\"query-input\":{\"@type\":\"PropertyValueSpecification\",\"valueRequired\":true,\"valueName\":\"search_term_string\"}}],\"inLanguage\":\"ro-RO\"},{\"@type\":\"Person\",\"@id\":\"https:\\\/\\\/www.btv.md\\\/#\\\/schema\\\/person\\\/8fadce81561b3ce2c34c46dadc4ccbf2\",\"name\":\"admin\"}]}<\/script>\n<!-- \/ Yoast SEO plugin. -->","yoast_head_json":{"title":"MILITARUL ARMATEI NA\u021aIONALE, \u00ceN FA\u021aA MAGISTRA\u021aILOR - BTV","robots":{"index":"index","follow":"follow","max-snippet":"max-snippet:-1","max-image-preview":"max-image-preview:large","max-video-preview":"max-video-preview:-1"},"canonical":"https:\/\/www.btv.md\/ro\/militarul-armatei-nationale-in-fata-magistratilor\/","og_locale":"ro_RO","og_type":"article","og_title":"MILITARUL ARMATEI NA\u021aIONALE, \u00ceN FA\u021aA MAGISTRA\u021aILOR - BTV","og_description":"Procuratura militar\u0103 din municipiul B\u0103l\u0163i a finalizat \u0219i remis instan\u021bei de judecat\u0103 cauza penal\u0103 ini\u021biat\u0103 pe numele unui militar prin contract al Armatei Na\u0163ionale care este acuzat de accident rutier soldat cu decesul unui pasager. Cazul a avut loc \u00een noiembrie 2015 \u00een satul Alex\u0103ndreni, raionul Edine\u021b. Afl\u00e2ndu-se \u00een concediu de odihn\u0103, b\u0103rbatul a urcat [&hellip;]","og_url":"https:\/\/www.btv.md\/ro\/militarul-armatei-nationale-in-fata-magistratilor\/","og_site_name":"BTV","article_publisher":"https:\/\/www.facebook.com\/btvmoldova\/","article_published_time":"2016-02-02T15:51:13+00:00","og_image":[{"width":620,"height":388,"url":"https:\/\/www.btv.md\/wp-content\/uploads\/2016\/02\/28942fa6f882477d0568cea2e3c394a3.jpg","type":"image\/jpeg"}],"author":"admin","twitter_misc":{"Scris de":"admin","Timp estimat pentru citire":"1 minut"},"schema":{"@context":"https:\/\/schema.org","@graph":[{"@type":"Article","@id":"https:\/\/www.btv.md\/ro\/militarul-armatei-nationale-in-fata-magistratilor\/#article","isPartOf":{"@id":"https:\/\/www.btv.md\/ro\/militarul-armatei-nationale-in-fata-magistratilor\/"},"author":{"name":"admin","@id":"https:\/\/www.btv.md\/#\/schema\/person\/8fadce81561b3ce2c34c46dadc4ccbf2"},"headline":"MILITARUL ARMATEI NA\u021aIONALE, \u00ceN FA\u021aA MAGISTRA\u021aILOR","datePublished":"2016-02-02T15:51:13+00:00","mainEntityOfPage":{"@id":"https:\/\/www.btv.md\/ro\/militarul-armatei-nationale-in-fata-magistratilor\/"},"wordCount":175,"image":{"@id":"https:\/\/www.btv.md\/ro\/militarul-armatei-nationale-in-fata-magistratilor\/#primaryimage"},"thumbnailUrl":"https:\/\/www.btv.md\/wp-content\/uploads\/2016\/02\/28942fa6f882477d0568cea2e3c394a3.jpg","articleSection":["Ora\u0219"],"inLanguage":"ro-RO"},{"@type":"WebPage","@id":"https:\/\/www.btv.md\/ro\/militarul-armatei-nationale-in-fata-magistratilor\/","url":"https:\/\/www.btv.md\/ro\/militarul-armatei-nationale-in-fata-magistratilor\/","name":"MILITARUL ARMATEI NA\u021aIONALE, \u00ceN FA\u021aA MAGISTRA\u021aILOR - BTV","isPartOf":{"@id":"https:\/\/www.btv.md\/#website"},"primaryImageOfPage":{"@id":"https:\/\/www.btv.md\/ro\/militarul-armatei-nationale-in-fata-magistratilor\/#primaryimage"},"image":{"@id":"https:\/\/www.btv.md\/ro\/militarul-armatei-nationale-in-fata-magistratilor\/#primaryimage"},"thumbnailUrl":"https:\/\/www.btv.md\/wp-content\/uploads\/2016\/02\/28942fa6f882477d0568cea2e3c394a3.jpg","datePublished":"2016-02-02T15:51:13+00:00","author":{"@id":"https:\/\/www.btv.md\/#\/schema\/person\/8fadce81561b3ce2c34c46dadc4ccbf2"},"inLanguage":"ro-RO","potentialAction":[{"@type":"ReadAction","target":["https:\/\/www.btv.md\/ro\/militarul-armatei-nationale-in-fata-magistratilor\/"]}]},{"@type":"ImageObject","inLanguage":"ro-RO","@id":"https:\/\/www.btv.md\/ro\/militarul-armatei-nationale-in-fata-magistratilor\/#primaryimage","url":"https:\/\/www.btv.md\/wp-content\/uploads\/2016\/02\/28942fa6f882477d0568cea2e3c394a3.jpg","contentUrl":"https:\/\/www.btv.md\/wp-content\/uploads\/2016\/02\/28942fa6f882477d0568cea2e3c394a3.jpg","width":620,"height":388,"caption":"ziarulnational.md"},{"@type":"WebSite","@id":"https:\/\/www.btv.md\/#website","url":"https:\/\/www.btv.md\/","name":"BTV","description":"\u0411\u0435\u043b\u044c\u0446\u043a\u043e\u0435 \u0442\u0435\u043b\u0435\u0432\u0438\u0434\u0435\u043d\u0438\u0435","potentialAction":[{"@type":"SearchAction","target":{"@type":"EntryPoint","urlTemplate":"https:\/\/www.btv.md\/?s={search_term_string}"},"query-input":{"@type":"PropertyValueSpecification","valueRequired":true,"valueName":"search_term_string"}}],"inLanguage":"ro-RO"},{"@type":"Person","@id":"https:\/\/www.btv.md\/#\/schema\/person\/8fadce81561b3ce2c34c46dadc4ccbf2","name":"admin"}]}},"_links":{"self":[{"href":"https:\/\/www.btv.md\/ro\/wp-json\/wp\/v2\/posts\/6526","targetHints":{"allow":["GET"]}}],"collection":[{"href":"https:\/\/www.btv.md\/ro\/wp-json\/wp\/v2\/posts"}],"about":[{"href":"https:\/\/www.btv.md\/ro\/wp-json\/wp\/v2\/types\/post"}],"author":[{"embeddable":true,"href":"https:\/\/www.btv.md\/ro\/wp-json\/wp\/v2\/users\/4"}],"replies":[{"embeddable":true,"href":"https:\/\/www.btv.md\/ro\/wp-json\/wp\/v2\/comments?post=6526"}],"version-history":[{"count":0,"href":"https:\/\/www.btv.md\/ro\/wp-json\/wp\/v2\/posts\/6526\/revisions"}],"wp:featuredmedia":[{"embeddable":true,"href":"https:\/\/www.btv.md\/ro\/wp-json\/wp\/v2\/media\/6527"}],"wp:attachment":[{"href":"https:\/\/www.btv.md\/ro\/wp-json\/wp\/v2\/media?parent=6526"}],"wp:term":[{"taxonomy":"category","embeddable":true,"href":"https:\/\/www.btv.md\/ro\/wp-json\/wp\/v2\/categories?post=6526"},{"taxonomy":"post_tag","embeddable":true,"href":"https:\/\/www.btv.md\/ro\/wp-json\/wp\/v2\/tags?post=6526"}],"curies":[{"name":"wp","href":"https:\/\/api.w.org\/{rel}","templated":true}]}}