{"id":6564,"date":"2016-02-03T12:22:08","date_gmt":"2016-02-03T09:22:08","guid":{"rendered":"http:\/\/btv.md\/?p=6564"},"modified":"2016-02-03T12:22:08","modified_gmt":"2016-02-03T09:22:08","slug":"gripa-a-facut-doua-victime","status":"publish","type":"post","link":"https:\/\/www.btv.md\/ro\/gripa-a-facut-doua-victime\/","title":{"rendered":"GRIPA  A  F\u0102CUT  DOU\u0102  VICTIME"},"content":{"rendered":"<p><strong>\u00cen R. Moldova au fost \u00eenregistrate dou\u0103 cazuri de deces provocate de virusul gripal AH1N1, ambele \u00een raionul Telene\u0219ti. <\/strong><\/p>\n<p>Prima victim\u0103 este o femeie de 66 de ani din ora\u0219ul Telene\u0219ti. Aceasta a decedat pe 29 ianuarie la spitalul raional.<\/p>\n<p>\u201e<em>S-a adresat t\u00e2rziu la medic. Femeia s-a \u00eemboln\u0103vit pe 23 ianuarie \u0219i a \u00eencercat timp de patru zile s\u0103 se trateze singur\u0103 la domiciliu. C\u00e2nd s-a agravat situa\u021bia a chemat ambulan\u021ba<\/em>\u201d, a precizat pentru <a href=\"http:\/\/www.ziarulnational.md\/atentie-doua-cazuri-de-deces-provocate-de-gripa\/\" target=\"_blank\">Ziarul NA\u021aIONAL <\/a> medicul-\u0219ef al Centrului de S\u0103n\u0103tate Public\u0103 Telene\u0219ti, Eugen Manole. <\/p>\n<p>Cea de-a doua femeie, originar\u0103 din localitatea M\u00e2ndre\u0219ti, a decedat pe 1 februarie, la v\u00e2rsta de 54 de ani. Aceasta avea \u0219i alte maladii grave care au complicat situa\u021bia odat\u0103 cu apari\u021bia virusului gripal. <\/p>\n<p>\u00cen total, \u00een raionul Telene\u0219ti au fost \u00eenregistrate cinci cazuri de grip\u0103 \u00een acest sezon, trei fiind confirmate prin testele de laborator. Unul dintre bolnavi, care beneficiaz\u0103 \u00een prezent de tratament antiviral, este rud\u0103 cu femeia din M\u00e2ndre\u0219ti care a decedat pe 1 februarie. <\/p>\n<p>Centrul Na\u021bional de S\u0103n\u0103tate Public\u0103 nu a prezentat deocamdat\u0103 cifrele pentru s\u0103pt\u0103m\u00e2na precedent\u0103. La 25 ianuarie erau \u00eenregistrate 44 de cazuri de grip\u0103 \u00een toat\u0103 republica. <\/p>\n<p>Pe de alt\u0103 parte, Centrul Municipal de S\u0103n\u0103tate Public\u0103 anun\u021b\u0103 c\u0103, \u00een perioada 25-31 ianuarie, doar \u00een Chi\u0219in\u0103u au fost \u00eenregistrate 65 de cazuri de grip\u0103, inclusiv 52 la copii. \u00cen total, \u00een acest sezon s-au \u00eenregistrat 77 de cazuri de grip\u0103 \u00een Chi\u0219in\u0103u. <\/p>\n","protected":false},"excerpt":{"rendered":"<p>\u00cen R. Moldova au fost \u00eenregistrate dou\u0103 cazuri de deces provocate de virusul gripal AH1N1, ambele \u00een raionul Telene\u0219ti. Prima victim\u0103 este o femeie de 66 de ani din ora\u0219ul Telene\u0219ti. Aceasta a decedat pe 29 ianuarie la spitalul raional. \u201eS-a adresat t\u00e2rziu la medic. Femeia s-a \u00eemboln\u0103vit pe 23 ianuarie \u0219i a \u00eencercat timp [&hellip;]<\/p>\n","protected":false},"author":4,"featured_media":6565,"comment_status":"closed","ping_status":"closed","sticky":false,"template":"","format":"standard","meta":{"footnotes":""},"categories":[6351],"tags":[],"class_list":["post-6564","post","type-post","status-publish","format-standard","has-post-thumbnail","hentry","category-incidente"],"yoast_head":"<!-- This site is optimized with the Yoast SEO plugin v27.4 - https:\/\/yoast.com\/product\/yoast-seo-wordpress\/ -->\n<title>GRIPA A F\u0102CUT DOU\u0102 VICTIME  - BTV<\/title>\n<meta name=\"robots\" content=\"index, follow, max-snippet:-1, max-image-preview:large, max-video-preview:-1\" \/>\n<link rel=\"canonical\" href=\"https:\/\/www.btv.md\/ro\/gripa-a-facut-doua-victime\/\" \/>\n<meta property=\"og:locale\" content=\"ro_RO\" \/>\n<meta property=\"og:type\" content=\"article\" \/>\n<meta property=\"og:title\" content=\"GRIPA A F\u0102CUT DOU\u0102 VICTIME  - BTV\" \/>\n<meta property=\"og:description\" content=\"\u00cen R. Moldova au fost \u00eenregistrate dou\u0103 cazuri de deces provocate de virusul gripal AH1N1, ambele \u00een raionul Telene\u0219ti. Prima victim\u0103 este o femeie de 66 de ani din ora\u0219ul Telene\u0219ti. Aceasta a decedat pe 29 ianuarie la spitalul raional. \u201eS-a adresat t\u00e2rziu la medic. Femeia s-a \u00eemboln\u0103vit pe 23 ianuarie \u0219i a \u00eencercat timp [&hellip;]\" \/>\n<meta property=\"og:url\" content=\"https:\/\/www.btv.md\/ro\/gripa-a-facut-doua-victime\/\" \/>\n<meta property=\"og:site_name\" content=\"BTV\" \/>\n<meta property=\"article:publisher\" content=\"https:\/\/www.facebook.com\/btvmoldova\/\" \/>\n<meta property=\"article:published_time\" content=\"2016-02-03T09:22:08+00:00\" \/>\n<meta property=\"og:image\" content=\"https:\/\/www.btv.md\/wp-content\/uploads\/2016\/02\/c.jpg\" \/>\n\t<meta property=\"og:image:width\" content=\"460\" \/>\n\t<meta property=\"og:image:height\" content=\"259\" \/>\n\t<meta property=\"og:image:type\" content=\"image\/jpeg\" \/>\n<meta name=\"author\" content=\"admin\" \/>\n<meta name=\"twitter:label1\" content=\"Scris de\" \/>\n\t<meta name=\"twitter:data1\" content=\"admin\" \/>\n\t<meta name=\"twitter:label2\" content=\"Timp estimat pentru citire\" \/>\n\t<meta name=\"twitter:data2\" content=\"1 minut\" \/>\n<script type=\"application\/ld+json\" class=\"yoast-schema-graph\">{\"@context\":\"https:\\\/\\\/schema.org\",\"@graph\":[{\"@type\":\"Article\",\"@id\":\"https:\\\/\\\/www.btv.md\\\/ro\\\/gripa-a-facut-doua-victime\\\/#article\",\"isPartOf\":{\"@id\":\"https:\\\/\\\/www.btv.md\\\/ro\\\/gripa-a-facut-doua-victime\\\/\"},\"author\":{\"name\":\"admin\",\"@id\":\"https:\\\/\\\/www.btv.md\\\/#\\\/schema\\\/person\\\/8fadce81561b3ce2c34c46dadc4ccbf2\"},\"headline\":\"GRIPA A F\u0102CUT DOU\u0102 VICTIME\",\"datePublished\":\"2016-02-03T09:22:08+00:00\",\"mainEntityOfPage\":{\"@id\":\"https:\\\/\\\/www.btv.md\\\/ro\\\/gripa-a-facut-doua-victime\\\/\"},\"wordCount\":262,\"image\":{\"@id\":\"https:\\\/\\\/www.btv.md\\\/ro\\\/gripa-a-facut-doua-victime\\\/#primaryimage\"},\"thumbnailUrl\":\"https:\\\/\\\/www.btv.md\\\/wp-content\\\/uploads\\\/2016\\\/02\\\/c.jpg\",\"articleSection\":[\"Incidente\"],\"inLanguage\":\"ro-RO\"},{\"@type\":\"WebPage\",\"@id\":\"https:\\\/\\\/www.btv.md\\\/ro\\\/gripa-a-facut-doua-victime\\\/\",\"url\":\"https:\\\/\\\/www.btv.md\\\/ro\\\/gripa-a-facut-doua-victime\\\/\",\"name\":\"GRIPA A F\u0102CUT DOU\u0102 VICTIME - BTV\",\"isPartOf\":{\"@id\":\"https:\\\/\\\/www.btv.md\\\/#website\"},\"primaryImageOfPage\":{\"@id\":\"https:\\\/\\\/www.btv.md\\\/ro\\\/gripa-a-facut-doua-victime\\\/#primaryimage\"},\"image\":{\"@id\":\"https:\\\/\\\/www.btv.md\\\/ro\\\/gripa-a-facut-doua-victime\\\/#primaryimage\"},\"thumbnailUrl\":\"https:\\\/\\\/www.btv.md\\\/wp-content\\\/uploads\\\/2016\\\/02\\\/c.jpg\",\"datePublished\":\"2016-02-03T09:22:08+00:00\",\"author\":{\"@id\":\"https:\\\/\\\/www.btv.md\\\/#\\\/schema\\\/person\\\/8fadce81561b3ce2c34c46dadc4ccbf2\"},\"inLanguage\":\"ro-RO\",\"potentialAction\":[{\"@type\":\"ReadAction\",\"target\":[\"https:\\\/\\\/www.btv.md\\\/ro\\\/gripa-a-facut-doua-victime\\\/\"]}]},{\"@type\":\"ImageObject\",\"inLanguage\":\"ro-RO\",\"@id\":\"https:\\\/\\\/www.btv.md\\\/ro\\\/gripa-a-facut-doua-victime\\\/#primaryimage\",\"url\":\"https:\\\/\\\/www.btv.md\\\/wp-content\\\/uploads\\\/2016\\\/02\\\/c.jpg\",\"contentUrl\":\"https:\\\/\\\/www.btv.md\\\/wp-content\\\/uploads\\\/2016\\\/02\\\/c.jpg\",\"width\":460,\"height\":259,\"caption\":\"www.canal2.md\"},{\"@type\":\"WebSite\",\"@id\":\"https:\\\/\\\/www.btv.md\\\/#website\",\"url\":\"https:\\\/\\\/www.btv.md\\\/\",\"name\":\"BTV\",\"description\":\"\u0411\u0435\u043b\u044c\u0446\u043a\u043e\u0435 \u0442\u0435\u043b\u0435\u0432\u0438\u0434\u0435\u043d\u0438\u0435\",\"potentialAction\":[{\"@type\":\"SearchAction\",\"target\":{\"@type\":\"EntryPoint\",\"urlTemplate\":\"https:\\\/\\\/www.btv.md\\\/?s={search_term_string}\"},\"query-input\":{\"@type\":\"PropertyValueSpecification\",\"valueRequired\":true,\"valueName\":\"search_term_string\"}}],\"inLanguage\":\"ro-RO\"},{\"@type\":\"Person\",\"@id\":\"https:\\\/\\\/www.btv.md\\\/#\\\/schema\\\/person\\\/8fadce81561b3ce2c34c46dadc4ccbf2\",\"name\":\"admin\"}]}<\/script>\n<!-- \/ Yoast SEO plugin. -->","yoast_head_json":{"title":"GRIPA A F\u0102CUT DOU\u0102 VICTIME  - BTV","robots":{"index":"index","follow":"follow","max-snippet":"max-snippet:-1","max-image-preview":"max-image-preview:large","max-video-preview":"max-video-preview:-1"},"canonical":"https:\/\/www.btv.md\/ro\/gripa-a-facut-doua-victime\/","og_locale":"ro_RO","og_type":"article","og_title":"GRIPA A F\u0102CUT DOU\u0102 VICTIME  - BTV","og_description":"\u00cen R. Moldova au fost \u00eenregistrate dou\u0103 cazuri de deces provocate de virusul gripal AH1N1, ambele \u00een raionul Telene\u0219ti. Prima victim\u0103 este o femeie de 66 de ani din ora\u0219ul Telene\u0219ti. Aceasta a decedat pe 29 ianuarie la spitalul raional. \u201eS-a adresat t\u00e2rziu la medic. Femeia s-a \u00eemboln\u0103vit pe 23 ianuarie \u0219i a \u00eencercat timp [&hellip;]","og_url":"https:\/\/www.btv.md\/ro\/gripa-a-facut-doua-victime\/","og_site_name":"BTV","article_publisher":"https:\/\/www.facebook.com\/btvmoldova\/","article_published_time":"2016-02-03T09:22:08+00:00","og_image":[{"width":460,"height":259,"url":"https:\/\/www.btv.md\/wp-content\/uploads\/2016\/02\/c.jpg","type":"image\/jpeg"}],"author":"admin","twitter_misc":{"Scris de":"admin","Timp estimat pentru citire":"1 minut"},"schema":{"@context":"https:\/\/schema.org","@graph":[{"@type":"Article","@id":"https:\/\/www.btv.md\/ro\/gripa-a-facut-doua-victime\/#article","isPartOf":{"@id":"https:\/\/www.btv.md\/ro\/gripa-a-facut-doua-victime\/"},"author":{"name":"admin","@id":"https:\/\/www.btv.md\/#\/schema\/person\/8fadce81561b3ce2c34c46dadc4ccbf2"},"headline":"GRIPA A F\u0102CUT DOU\u0102 VICTIME","datePublished":"2016-02-03T09:22:08+00:00","mainEntityOfPage":{"@id":"https:\/\/www.btv.md\/ro\/gripa-a-facut-doua-victime\/"},"wordCount":262,"image":{"@id":"https:\/\/www.btv.md\/ro\/gripa-a-facut-doua-victime\/#primaryimage"},"thumbnailUrl":"https:\/\/www.btv.md\/wp-content\/uploads\/2016\/02\/c.jpg","articleSection":["Incidente"],"inLanguage":"ro-RO"},{"@type":"WebPage","@id":"https:\/\/www.btv.md\/ro\/gripa-a-facut-doua-victime\/","url":"https:\/\/www.btv.md\/ro\/gripa-a-facut-doua-victime\/","name":"GRIPA A F\u0102CUT DOU\u0102 VICTIME - BTV","isPartOf":{"@id":"https:\/\/www.btv.md\/#website"},"primaryImageOfPage":{"@id":"https:\/\/www.btv.md\/ro\/gripa-a-facut-doua-victime\/#primaryimage"},"image":{"@id":"https:\/\/www.btv.md\/ro\/gripa-a-facut-doua-victime\/#primaryimage"},"thumbnailUrl":"https:\/\/www.btv.md\/wp-content\/uploads\/2016\/02\/c.jpg","datePublished":"2016-02-03T09:22:08+00:00","author":{"@id":"https:\/\/www.btv.md\/#\/schema\/person\/8fadce81561b3ce2c34c46dadc4ccbf2"},"inLanguage":"ro-RO","potentialAction":[{"@type":"ReadAction","target":["https:\/\/www.btv.md\/ro\/gripa-a-facut-doua-victime\/"]}]},{"@type":"ImageObject","inLanguage":"ro-RO","@id":"https:\/\/www.btv.md\/ro\/gripa-a-facut-doua-victime\/#primaryimage","url":"https:\/\/www.btv.md\/wp-content\/uploads\/2016\/02\/c.jpg","contentUrl":"https:\/\/www.btv.md\/wp-content\/uploads\/2016\/02\/c.jpg","width":460,"height":259,"caption":"www.canal2.md"},{"@type":"WebSite","@id":"https:\/\/www.btv.md\/#website","url":"https:\/\/www.btv.md\/","name":"BTV","description":"\u0411\u0435\u043b\u044c\u0446\u043a\u043e\u0435 \u0442\u0435\u043b\u0435\u0432\u0438\u0434\u0435\u043d\u0438\u0435","potentialAction":[{"@type":"SearchAction","target":{"@type":"EntryPoint","urlTemplate":"https:\/\/www.btv.md\/?s={search_term_string}"},"query-input":{"@type":"PropertyValueSpecification","valueRequired":true,"valueName":"search_term_string"}}],"inLanguage":"ro-RO"},{"@type":"Person","@id":"https:\/\/www.btv.md\/#\/schema\/person\/8fadce81561b3ce2c34c46dadc4ccbf2","name":"admin"}]}},"_links":{"self":[{"href":"https:\/\/www.btv.md\/ro\/wp-json\/wp\/v2\/posts\/6564","targetHints":{"allow":["GET"]}}],"collection":[{"href":"https:\/\/www.btv.md\/ro\/wp-json\/wp\/v2\/posts"}],"about":[{"href":"https:\/\/www.btv.md\/ro\/wp-json\/wp\/v2\/types\/post"}],"author":[{"embeddable":true,"href":"https:\/\/www.btv.md\/ro\/wp-json\/wp\/v2\/users\/4"}],"replies":[{"embeddable":true,"href":"https:\/\/www.btv.md\/ro\/wp-json\/wp\/v2\/comments?post=6564"}],"version-history":[{"count":0,"href":"https:\/\/www.btv.md\/ro\/wp-json\/wp\/v2\/posts\/6564\/revisions"}],"wp:featuredmedia":[{"embeddable":true,"href":"https:\/\/www.btv.md\/ro\/wp-json\/wp\/v2\/media\/6565"}],"wp:attachment":[{"href":"https:\/\/www.btv.md\/ro\/wp-json\/wp\/v2\/media?parent=6564"}],"wp:term":[{"taxonomy":"category","embeddable":true,"href":"https:\/\/www.btv.md\/ro\/wp-json\/wp\/v2\/categories?post=6564"},{"taxonomy":"post_tag","embeddable":true,"href":"https:\/\/www.btv.md\/ro\/wp-json\/wp\/v2\/tags?post=6564"}],"curies":[{"name":"wp","href":"https:\/\/api.w.org\/{rel}","templated":true}]}}