{"id":6567,"date":"2016-02-03T12:25:24","date_gmt":"2016-02-03T09:25:24","guid":{"rendered":"http:\/\/btv.md\/?p=6567"},"modified":"2016-02-03T12:25:24","modified_gmt":"2016-02-03T09:25:24","slug":"soferii-vor-achita-impozite-in-fondul-rutier","status":"publish","type":"post","link":"https:\/\/www.btv.md\/ro\/soferii-vor-achita-impozite-in-fondul-rutier\/","title":{"rendered":"\u0218OFERII  VOR ACHITA  IMPOZITE  \u00ceN  FONDUL RUTIER"},"content":{"rendered":"<p><strong>Ministerul Transporturilor \u015fi Infrastructurii Drumurilor va insista ca proprietarii de automobile s\u0103 achite \u00een continuare impozitele \u00een Fondul rutier, dar nu \u00een bugetele locale, dup\u0103 cum prevede proiectul noii politici bugetar-fiscale, scrie <a href=\"http:\/\/www.noi.md\/md\/news_id\/77947\" target=\"_blank\">Noi.md<\/a>.<\/strong><\/p>\n<p>Declara\u0163ia a fost f\u0103cut\u0103 de c\u0103tre ministrul-adjunct al Transporturilor,Vitalie Rapcea, \u00een cadrul emisiunii \u201eMoldova \u00een direct\u201d de la postul public de televiziune \u201eMoldova 1\u201d.<\/p>\n<p>\u201e<em>Vor s\u0103 schimbe destina\u0163ia impozitelor. \u015etiu c\u0103 80 la sut\u0103 din aceste impozite vor ajunge \u00een prim\u0103riile Chi\u015fin\u0103u \u015fi B\u0103l\u0163i. Restul prim\u0103riilor nu vor putea s\u0103 acumuleze mijloace suficiente nici pentru repara\u0163ia unui kilometru de drum. Este necesar ca banii pentru construc\u0163ia \u015fi repara\u0163ia drumurilor s\u0103 fie redistribui\u0163i propor\u0163ional, dup\u0103 necesit\u0103\u0163i. Algoritmul de repartizare a resurselor din Fondul rutier prevede acest lucru<\/em>\u201d, a declarat oficialul.<\/p>\n<p>Potrivit IPN, expertul de la \u201eExpert-Grup\u201d, Dumitru Budeanschi, consider\u0103 c\u0103 prin aceast\u0103 m\u0103sur\u0103 va fi rezolvat\u0103 problema privind lipsa de buget a autorit\u0103\u021bilor publice locale.<\/p>\n<p>\u201e<em>Prin aceast\u0103 prevedere statul vrea s\u0103-\u015fi rezolve problemele cu autorit\u0103\u0163ile locale. Este vorba despre descentralizare.<br \/>\nPrim\u0103riile trebuie s\u0103 dispun\u0103 de bugete, ca s\u0103 poat\u0103 construi \u015fi repara drumuri \u00een localit\u0103\u0163i. Totodat\u0103, cred c\u0103 mai trebuie de lucrat la aceast\u0103 prevedere<\/em>\u201d, a declarat expertul.<\/p>\n","protected":false},"excerpt":{"rendered":"<p>Ministerul Transporturilor \u015fi Infrastructurii Drumurilor va insista ca proprietarii de automobile s\u0103 achite \u00een continuare impozitele \u00een Fondul rutier, dar nu \u00een bugetele locale, dup\u0103 cum prevede proiectul noii politici bugetar-fiscale, scrie Noi.md. Declara\u0163ia a fost f\u0103cut\u0103 de c\u0103tre ministrul-adjunct al Transporturilor,Vitalie Rapcea, \u00een cadrul emisiunii \u201eMoldova \u00een direct\u201d de la postul public de televiziune [&hellip;]<\/p>\n","protected":false},"author":4,"featured_media":6568,"comment_status":"closed","ping_status":"closed","sticky":false,"template":"","format":"standard","meta":{"footnotes":""},"categories":[6349],"tags":[],"class_list":["post-6567","post","type-post","status-publish","format-standard","has-post-thumbnail","hentry","category-social"],"yoast_head":"<!-- This site is optimized with the Yoast SEO plugin v27.4 - https:\/\/yoast.com\/product\/yoast-seo-wordpress\/ -->\n<title>\u0218OFERII VOR ACHITA IMPOZITE \u00ceN FONDUL RUTIER - BTV<\/title>\n<meta name=\"robots\" content=\"index, follow, max-snippet:-1, max-image-preview:large, max-video-preview:-1\" \/>\n<link rel=\"canonical\" href=\"https:\/\/www.btv.md\/ro\/soferii-vor-achita-impozite-in-fondul-rutier\/\" \/>\n<meta property=\"og:locale\" content=\"ro_RO\" \/>\n<meta property=\"og:type\" content=\"article\" \/>\n<meta property=\"og:title\" content=\"\u0218OFERII VOR ACHITA IMPOZITE \u00ceN FONDUL RUTIER - BTV\" \/>\n<meta property=\"og:description\" content=\"Ministerul Transporturilor \u015fi Infrastructurii Drumurilor va insista ca proprietarii de automobile s\u0103 achite \u00een continuare impozitele \u00een Fondul rutier, dar nu \u00een bugetele locale, dup\u0103 cum prevede proiectul noii politici bugetar-fiscale, scrie Noi.md. Declara\u0163ia a fost f\u0103cut\u0103 de c\u0103tre ministrul-adjunct al Transporturilor,Vitalie Rapcea, \u00een cadrul emisiunii \u201eMoldova \u00een direct\u201d de la postul public de televiziune [&hellip;]\" \/>\n<meta property=\"og:url\" content=\"https:\/\/www.btv.md\/ro\/soferii-vor-achita-impozite-in-fondul-rutier\/\" \/>\n<meta property=\"og:site_name\" content=\"BTV\" \/>\n<meta property=\"article:publisher\" content=\"https:\/\/www.facebook.com\/btvmoldova\/\" \/>\n<meta property=\"article:published_time\" content=\"2016-02-03T09:25:24+00:00\" \/>\n<meta property=\"og:image\" content=\"https:\/\/www.btv.md\/wp-content\/uploads\/2016\/02\/trafic_noi.jpg\" \/>\n\t<meta property=\"og:image:width\" content=\"800\" \/>\n\t<meta property=\"og:image:height\" content=\"531\" \/>\n\t<meta property=\"og:image:type\" content=\"image\/jpeg\" \/>\n<meta name=\"author\" content=\"admin\" \/>\n<meta name=\"twitter:label1\" content=\"Scris de\" \/>\n\t<meta name=\"twitter:data1\" content=\"admin\" \/>\n\t<meta name=\"twitter:label2\" content=\"Timp estimat pentru citire\" \/>\n\t<meta name=\"twitter:data2\" content=\"1 minut\" \/>\n<script type=\"application\/ld+json\" class=\"yoast-schema-graph\">{\"@context\":\"https:\\\/\\\/schema.org\",\"@graph\":[{\"@type\":\"Article\",\"@id\":\"https:\\\/\\\/www.btv.md\\\/ro\\\/soferii-vor-achita-impozite-in-fondul-rutier\\\/#article\",\"isPartOf\":{\"@id\":\"https:\\\/\\\/www.btv.md\\\/ro\\\/soferii-vor-achita-impozite-in-fondul-rutier\\\/\"},\"author\":{\"name\":\"admin\",\"@id\":\"https:\\\/\\\/www.btv.md\\\/#\\\/schema\\\/person\\\/8fadce81561b3ce2c34c46dadc4ccbf2\"},\"headline\":\"\u0218OFERII VOR ACHITA IMPOZITE \u00ceN FONDUL RUTIER\",\"datePublished\":\"2016-02-03T09:25:24+00:00\",\"mainEntityOfPage\":{\"@id\":\"https:\\\/\\\/www.btv.md\\\/ro\\\/soferii-vor-achita-impozite-in-fondul-rutier\\\/\"},\"wordCount\":220,\"image\":{\"@id\":\"https:\\\/\\\/www.btv.md\\\/ro\\\/soferii-vor-achita-impozite-in-fondul-rutier\\\/#primaryimage\"},\"thumbnailUrl\":\"https:\\\/\\\/www.btv.md\\\/wp-content\\\/uploads\\\/2016\\\/02\\\/trafic_noi.jpg\",\"articleSection\":[\"Social\"],\"inLanguage\":\"ro-RO\"},{\"@type\":\"WebPage\",\"@id\":\"https:\\\/\\\/www.btv.md\\\/ro\\\/soferii-vor-achita-impozite-in-fondul-rutier\\\/\",\"url\":\"https:\\\/\\\/www.btv.md\\\/ro\\\/soferii-vor-achita-impozite-in-fondul-rutier\\\/\",\"name\":\"\u0218OFERII VOR ACHITA IMPOZITE \u00ceN FONDUL RUTIER - BTV\",\"isPartOf\":{\"@id\":\"https:\\\/\\\/www.btv.md\\\/#website\"},\"primaryImageOfPage\":{\"@id\":\"https:\\\/\\\/www.btv.md\\\/ro\\\/soferii-vor-achita-impozite-in-fondul-rutier\\\/#primaryimage\"},\"image\":{\"@id\":\"https:\\\/\\\/www.btv.md\\\/ro\\\/soferii-vor-achita-impozite-in-fondul-rutier\\\/#primaryimage\"},\"thumbnailUrl\":\"https:\\\/\\\/www.btv.md\\\/wp-content\\\/uploads\\\/2016\\\/02\\\/trafic_noi.jpg\",\"datePublished\":\"2016-02-03T09:25:24+00:00\",\"author\":{\"@id\":\"https:\\\/\\\/www.btv.md\\\/#\\\/schema\\\/person\\\/8fadce81561b3ce2c34c46dadc4ccbf2\"},\"inLanguage\":\"ro-RO\",\"potentialAction\":[{\"@type\":\"ReadAction\",\"target\":[\"https:\\\/\\\/www.btv.md\\\/ro\\\/soferii-vor-achita-impozite-in-fondul-rutier\\\/\"]}]},{\"@type\":\"ImageObject\",\"inLanguage\":\"ro-RO\",\"@id\":\"https:\\\/\\\/www.btv.md\\\/ro\\\/soferii-vor-achita-impozite-in-fondul-rutier\\\/#primaryimage\",\"url\":\"https:\\\/\\\/www.btv.md\\\/wp-content\\\/uploads\\\/2016\\\/02\\\/trafic_noi.jpg\",\"contentUrl\":\"https:\\\/\\\/www.btv.md\\\/wp-content\\\/uploads\\\/2016\\\/02\\\/trafic_noi.jpg\",\"width\":800,\"height\":531,\"caption\":\"www.noi.md\"},{\"@type\":\"WebSite\",\"@id\":\"https:\\\/\\\/www.btv.md\\\/#website\",\"url\":\"https:\\\/\\\/www.btv.md\\\/\",\"name\":\"BTV\",\"description\":\"\u0411\u0435\u043b\u044c\u0446\u043a\u043e\u0435 \u0442\u0435\u043b\u0435\u0432\u0438\u0434\u0435\u043d\u0438\u0435\",\"potentialAction\":[{\"@type\":\"SearchAction\",\"target\":{\"@type\":\"EntryPoint\",\"urlTemplate\":\"https:\\\/\\\/www.btv.md\\\/?s={search_term_string}\"},\"query-input\":{\"@type\":\"PropertyValueSpecification\",\"valueRequired\":true,\"valueName\":\"search_term_string\"}}],\"inLanguage\":\"ro-RO\"},{\"@type\":\"Person\",\"@id\":\"https:\\\/\\\/www.btv.md\\\/#\\\/schema\\\/person\\\/8fadce81561b3ce2c34c46dadc4ccbf2\",\"name\":\"admin\"}]}<\/script>\n<!-- \/ Yoast SEO plugin. -->","yoast_head_json":{"title":"\u0218OFERII VOR ACHITA IMPOZITE \u00ceN FONDUL RUTIER - BTV","robots":{"index":"index","follow":"follow","max-snippet":"max-snippet:-1","max-image-preview":"max-image-preview:large","max-video-preview":"max-video-preview:-1"},"canonical":"https:\/\/www.btv.md\/ro\/soferii-vor-achita-impozite-in-fondul-rutier\/","og_locale":"ro_RO","og_type":"article","og_title":"\u0218OFERII VOR ACHITA IMPOZITE \u00ceN FONDUL RUTIER - BTV","og_description":"Ministerul Transporturilor \u015fi Infrastructurii Drumurilor va insista ca proprietarii de automobile s\u0103 achite \u00een continuare impozitele \u00een Fondul rutier, dar nu \u00een bugetele locale, dup\u0103 cum prevede proiectul noii politici bugetar-fiscale, scrie Noi.md. Declara\u0163ia a fost f\u0103cut\u0103 de c\u0103tre ministrul-adjunct al Transporturilor,Vitalie Rapcea, \u00een cadrul emisiunii \u201eMoldova \u00een direct\u201d de la postul public de televiziune [&hellip;]","og_url":"https:\/\/www.btv.md\/ro\/soferii-vor-achita-impozite-in-fondul-rutier\/","og_site_name":"BTV","article_publisher":"https:\/\/www.facebook.com\/btvmoldova\/","article_published_time":"2016-02-03T09:25:24+00:00","og_image":[{"width":800,"height":531,"url":"https:\/\/www.btv.md\/wp-content\/uploads\/2016\/02\/trafic_noi.jpg","type":"image\/jpeg"}],"author":"admin","twitter_misc":{"Scris de":"admin","Timp estimat pentru citire":"1 minut"},"schema":{"@context":"https:\/\/schema.org","@graph":[{"@type":"Article","@id":"https:\/\/www.btv.md\/ro\/soferii-vor-achita-impozite-in-fondul-rutier\/#article","isPartOf":{"@id":"https:\/\/www.btv.md\/ro\/soferii-vor-achita-impozite-in-fondul-rutier\/"},"author":{"name":"admin","@id":"https:\/\/www.btv.md\/#\/schema\/person\/8fadce81561b3ce2c34c46dadc4ccbf2"},"headline":"\u0218OFERII VOR ACHITA IMPOZITE \u00ceN FONDUL RUTIER","datePublished":"2016-02-03T09:25:24+00:00","mainEntityOfPage":{"@id":"https:\/\/www.btv.md\/ro\/soferii-vor-achita-impozite-in-fondul-rutier\/"},"wordCount":220,"image":{"@id":"https:\/\/www.btv.md\/ro\/soferii-vor-achita-impozite-in-fondul-rutier\/#primaryimage"},"thumbnailUrl":"https:\/\/www.btv.md\/wp-content\/uploads\/2016\/02\/trafic_noi.jpg","articleSection":["Social"],"inLanguage":"ro-RO"},{"@type":"WebPage","@id":"https:\/\/www.btv.md\/ro\/soferii-vor-achita-impozite-in-fondul-rutier\/","url":"https:\/\/www.btv.md\/ro\/soferii-vor-achita-impozite-in-fondul-rutier\/","name":"\u0218OFERII VOR ACHITA IMPOZITE \u00ceN FONDUL RUTIER - BTV","isPartOf":{"@id":"https:\/\/www.btv.md\/#website"},"primaryImageOfPage":{"@id":"https:\/\/www.btv.md\/ro\/soferii-vor-achita-impozite-in-fondul-rutier\/#primaryimage"},"image":{"@id":"https:\/\/www.btv.md\/ro\/soferii-vor-achita-impozite-in-fondul-rutier\/#primaryimage"},"thumbnailUrl":"https:\/\/www.btv.md\/wp-content\/uploads\/2016\/02\/trafic_noi.jpg","datePublished":"2016-02-03T09:25:24+00:00","author":{"@id":"https:\/\/www.btv.md\/#\/schema\/person\/8fadce81561b3ce2c34c46dadc4ccbf2"},"inLanguage":"ro-RO","potentialAction":[{"@type":"ReadAction","target":["https:\/\/www.btv.md\/ro\/soferii-vor-achita-impozite-in-fondul-rutier\/"]}]},{"@type":"ImageObject","inLanguage":"ro-RO","@id":"https:\/\/www.btv.md\/ro\/soferii-vor-achita-impozite-in-fondul-rutier\/#primaryimage","url":"https:\/\/www.btv.md\/wp-content\/uploads\/2016\/02\/trafic_noi.jpg","contentUrl":"https:\/\/www.btv.md\/wp-content\/uploads\/2016\/02\/trafic_noi.jpg","width":800,"height":531,"caption":"www.noi.md"},{"@type":"WebSite","@id":"https:\/\/www.btv.md\/#website","url":"https:\/\/www.btv.md\/","name":"BTV","description":"\u0411\u0435\u043b\u044c\u0446\u043a\u043e\u0435 \u0442\u0435\u043b\u0435\u0432\u0438\u0434\u0435\u043d\u0438\u0435","potentialAction":[{"@type":"SearchAction","target":{"@type":"EntryPoint","urlTemplate":"https:\/\/www.btv.md\/?s={search_term_string}"},"query-input":{"@type":"PropertyValueSpecification","valueRequired":true,"valueName":"search_term_string"}}],"inLanguage":"ro-RO"},{"@type":"Person","@id":"https:\/\/www.btv.md\/#\/schema\/person\/8fadce81561b3ce2c34c46dadc4ccbf2","name":"admin"}]}},"_links":{"self":[{"href":"https:\/\/www.btv.md\/ro\/wp-json\/wp\/v2\/posts\/6567","targetHints":{"allow":["GET"]}}],"collection":[{"href":"https:\/\/www.btv.md\/ro\/wp-json\/wp\/v2\/posts"}],"about":[{"href":"https:\/\/www.btv.md\/ro\/wp-json\/wp\/v2\/types\/post"}],"author":[{"embeddable":true,"href":"https:\/\/www.btv.md\/ro\/wp-json\/wp\/v2\/users\/4"}],"replies":[{"embeddable":true,"href":"https:\/\/www.btv.md\/ro\/wp-json\/wp\/v2\/comments?post=6567"}],"version-history":[{"count":0,"href":"https:\/\/www.btv.md\/ro\/wp-json\/wp\/v2\/posts\/6567\/revisions"}],"wp:featuredmedia":[{"embeddable":true,"href":"https:\/\/www.btv.md\/ro\/wp-json\/wp\/v2\/media\/6568"}],"wp:attachment":[{"href":"https:\/\/www.btv.md\/ro\/wp-json\/wp\/v2\/media?parent=6567"}],"wp:term":[{"taxonomy":"category","embeddable":true,"href":"https:\/\/www.btv.md\/ro\/wp-json\/wp\/v2\/categories?post=6567"},{"taxonomy":"post_tag","embeddable":true,"href":"https:\/\/www.btv.md\/ro\/wp-json\/wp\/v2\/tags?post=6567"}],"curies":[{"name":"wp","href":"https:\/\/api.w.org\/{rel}","templated":true}]}}