{"id":6597,"date":"2016-02-03T17:23:21","date_gmt":"2016-02-03T14:23:21","guid":{"rendered":"http:\/\/btv.md\/?p=6597"},"modified":"2016-02-03T17:23:21","modified_gmt":"2016-02-03T14:23:21","slug":"pietoni-indisciplinati-amendati-de-politie","status":"publish","type":"post","link":"https:\/\/www.btv.md\/ro\/pietoni-indisciplinati-amendati-de-politie\/","title":{"rendered":"PIETONI   INDISCIPLINA\u021aI, AMENDA\u021aI  DE  POLI\u021aIE"},"content":{"rendered":"<p><strong>Traversarea str\u0103zii \u00een locurile interzise provoac\u0103 tragedii \u00een fiecare an. Doar \u00een municipiul B\u0103l\u021bi, aproape 50 la sut\u0103 din accidentele \u00eenregistrate \u00een anul 2015, au fost cu implicarea pietonilor. Pentru a preveni astfel de cazuri \u0219i pentru a disciplina oamenii, poli\u021bia a ini\u021biat \u00een aceast\u0103 lun\u0103, opera\u021biunea \u201ePietonul\u201d.<\/strong><\/p>\n<p>\u00cen mai pu\u021bin de cinci minute, zeci de pietoni au \u00eenc\u0103lcat regulile de circula\u021bie. O parte dintre cei surprin\u015fi de poli\u0163i\u015fti, au \u00eencercat s\u0103 negocieze pentru a sc\u0103pa doar cu un avertisment. Motivul invocat de pietoni este graba.<\/p>\n<p>\u201d<em>A\u021bi traversat neregulamentar strada, de ce?<br \/>\n M\u0103 g\u0103besc la serviciu. Amenda constituie de la 5 la 10 unit\u0103\u021bi conven\u021bionale, adic\u0103 p\u00e2n\u0103 la o sut\u0103 de lei. De ce a\u021bi traversat strada aici?<br \/>\nDin neaten\u021bie, \u00eent\u00e2rzii la serviciu.<br \/>\nAve\u021bi buletinul de identitate cu dumneavoastr\u0103?<br \/>\nDa.<br \/>\nVe\u021bi fi documentat\u0103 \u00een baza articolului 245 , aliniatul 1, pentru traversarea neregulamentar\u0103 a str\u0103zii.<\/em>\u201d<\/p>\n<p>Unii pietoni s-au ar\u0103tat revolta\u021bi de faptul c\u0103 au fost opri\u021bi.<\/p>\n<p>\u201d<em>De ce traversa\u021bi strada \u00een loc interzis?<br \/>\nPentru c\u0103 \u00eent\u00e2rziem la aeroport \u0219i am uitat pa\u0219aportul! Lua\u021bi microfonul!<\/em>\u201d<\/p>\n<p>\u201e<em>Fiecare pieton care traverseaz\u0103 strada neregulamentar risc\u0103 amend\u0103 de la 5 la 10 unit\u0103\u021bi conven\u021bionale, adic\u0103 de la 100 la 200 de lei sau avertisment, \u00een func\u021bie de gravitatea \u00eenc\u0103lc\u0103rii<\/em>\u201d.<\/p>\n<p>De la \u00eenceputul anului curent, \u00een municipiul B\u0103l\u021bi au avut loc dou\u0103 accidente rutiere cu implicarea pietonilor. Ultimul s-a produs la \u00eenceputul acestei s\u0103pt\u0103m\u00e2ni.<\/p>\n<p><iframe width=\"420\" height=\"315\" data-src=\"https:\/\/www.youtube.com\/embed\/KNtcas34Wfo\" frameborder=\"0\" allowfullscreen src=\"data:image\/svg+xml;base64,PHN2ZyB3aWR0aD0iMSIgaGVpZ2h0PSIxIiB4bWxucz0iaHR0cDovL3d3dy53My5vcmcvMjAwMC9zdmciPjwvc3ZnPg==\" class=\"lazyload\" data-load-mode=\"1\"><\/iframe><\/p>\n","protected":false},"excerpt":{"rendered":"<p>Traversarea str\u0103zii \u00een locurile interzise provoac\u0103 tragedii \u00een fiecare an. Doar \u00een municipiul B\u0103l\u021bi, aproape 50 la sut\u0103 din accidentele \u00eenregistrate \u00een anul 2015, au fost cu implicarea pietonilor. Pentru a preveni astfel de cazuri \u0219i pentru a disciplina oamenii, poli\u021bia a ini\u021biat \u00een aceast\u0103 lun\u0103, opera\u021biunea \u201ePietonul\u201d. \u00cen mai pu\u021bin de cinci minute, zeci [&hellip;]<\/p>\n","protected":false},"author":4,"featured_media":6598,"comment_status":"closed","ping_status":"closed","sticky":false,"template":"","format":"standard","meta":{"footnotes":""},"categories":[6353],"tags":[],"class_list":["post-6597","post","type-post","status-publish","format-standard","has-post-thumbnail","hentry","category-oras"],"yoast_head":"<!-- This site is optimized with the Yoast SEO plugin v27.4 - https:\/\/yoast.com\/product\/yoast-seo-wordpress\/ -->\n<title>PIETONI  INDISCIPLINA\u021aI, AMENDA\u021aI DE POLI\u021aIE - BTV<\/title>\n<meta name=\"robots\" content=\"index, follow, max-snippet:-1, max-image-preview:large, max-video-preview:-1\" \/>\n<link rel=\"canonical\" href=\"https:\/\/www.btv.md\/ro\/pietoni-indisciplinati-amendati-de-politie\/\" \/>\n<meta property=\"og:locale\" content=\"ro_RO\" \/>\n<meta property=\"og:type\" content=\"article\" \/>\n<meta property=\"og:title\" content=\"PIETONI  INDISCIPLINA\u021aI, AMENDA\u021aI DE POLI\u021aIE - BTV\" \/>\n<meta property=\"og:description\" content=\"Traversarea str\u0103zii \u00een locurile interzise provoac\u0103 tragedii \u00een fiecare an. Doar \u00een municipiul B\u0103l\u021bi, aproape 50 la sut\u0103 din accidentele \u00eenregistrate \u00een anul 2015, au fost cu implicarea pietonilor. Pentru a preveni astfel de cazuri \u0219i pentru a disciplina oamenii, poli\u021bia a ini\u021biat \u00een aceast\u0103 lun\u0103, opera\u021biunea \u201ePietonul\u201d. \u00cen mai pu\u021bin de cinci minute, zeci [&hellip;]\" \/>\n<meta property=\"og:url\" content=\"https:\/\/www.btv.md\/ro\/pietoni-indisciplinati-amendati-de-politie\/\" \/>\n<meta property=\"og:site_name\" content=\"BTV\" \/>\n<meta property=\"article:publisher\" content=\"https:\/\/www.facebook.com\/btvmoldova\/\" \/>\n<meta property=\"article:published_time\" content=\"2016-02-03T14:23:21+00:00\" \/>\n<meta property=\"og:image\" content=\"https:\/\/www.btv.md\/wp-content\/uploads\/2016\/02\/traversare.jpg\" \/>\n\t<meta property=\"og:image:width\" content=\"560\" \/>\n\t<meta property=\"og:image:height\" content=\"316\" \/>\n\t<meta property=\"og:image:type\" content=\"image\/jpeg\" \/>\n<meta name=\"author\" content=\"admin\" \/>\n<meta name=\"twitter:label1\" content=\"Scris de\" \/>\n\t<meta name=\"twitter:data1\" content=\"admin\" \/>\n\t<meta name=\"twitter:label2\" content=\"Timp estimat pentru citire\" \/>\n\t<meta name=\"twitter:data2\" content=\"1 minut\" \/>\n<script type=\"application\/ld+json\" class=\"yoast-schema-graph\">{\"@context\":\"https:\\\/\\\/schema.org\",\"@graph\":[{\"@type\":\"Article\",\"@id\":\"https:\\\/\\\/www.btv.md\\\/ro\\\/pietoni-indisciplinati-amendati-de-politie\\\/#article\",\"isPartOf\":{\"@id\":\"https:\\\/\\\/www.btv.md\\\/ro\\\/pietoni-indisciplinati-amendati-de-politie\\\/\"},\"author\":{\"name\":\"admin\",\"@id\":\"https:\\\/\\\/www.btv.md\\\/#\\\/schema\\\/person\\\/8fadce81561b3ce2c34c46dadc4ccbf2\"},\"headline\":\"PIETONI INDISCIPLINA\u021aI, AMENDA\u021aI DE POLI\u021aIE\",\"datePublished\":\"2016-02-03T14:23:21+00:00\",\"mainEntityOfPage\":{\"@id\":\"https:\\\/\\\/www.btv.md\\\/ro\\\/pietoni-indisciplinati-amendati-de-politie\\\/\"},\"wordCount\":266,\"image\":{\"@id\":\"https:\\\/\\\/www.btv.md\\\/ro\\\/pietoni-indisciplinati-amendati-de-politie\\\/#primaryimage\"},\"thumbnailUrl\":\"https:\\\/\\\/www.btv.md\\\/wp-content\\\/uploads\\\/2016\\\/02\\\/traversare.jpg\",\"articleSection\":[\"Ora\u0219\"],\"inLanguage\":\"ro-RO\"},{\"@type\":\"WebPage\",\"@id\":\"https:\\\/\\\/www.btv.md\\\/ro\\\/pietoni-indisciplinati-amendati-de-politie\\\/\",\"url\":\"https:\\\/\\\/www.btv.md\\\/ro\\\/pietoni-indisciplinati-amendati-de-politie\\\/\",\"name\":\"PIETONI INDISCIPLINA\u021aI, AMENDA\u021aI DE POLI\u021aIE - BTV\",\"isPartOf\":{\"@id\":\"https:\\\/\\\/www.btv.md\\\/#website\"},\"primaryImageOfPage\":{\"@id\":\"https:\\\/\\\/www.btv.md\\\/ro\\\/pietoni-indisciplinati-amendati-de-politie\\\/#primaryimage\"},\"image\":{\"@id\":\"https:\\\/\\\/www.btv.md\\\/ro\\\/pietoni-indisciplinati-amendati-de-politie\\\/#primaryimage\"},\"thumbnailUrl\":\"https:\\\/\\\/www.btv.md\\\/wp-content\\\/uploads\\\/2016\\\/02\\\/traversare.jpg\",\"datePublished\":\"2016-02-03T14:23:21+00:00\",\"author\":{\"@id\":\"https:\\\/\\\/www.btv.md\\\/#\\\/schema\\\/person\\\/8fadce81561b3ce2c34c46dadc4ccbf2\"},\"inLanguage\":\"ro-RO\",\"potentialAction\":[{\"@type\":\"ReadAction\",\"target\":[\"https:\\\/\\\/www.btv.md\\\/ro\\\/pietoni-indisciplinati-amendati-de-politie\\\/\"]}]},{\"@type\":\"ImageObject\",\"inLanguage\":\"ro-RO\",\"@id\":\"https:\\\/\\\/www.btv.md\\\/ro\\\/pietoni-indisciplinati-amendati-de-politie\\\/#primaryimage\",\"url\":\"https:\\\/\\\/www.btv.md\\\/wp-content\\\/uploads\\\/2016\\\/02\\\/traversare.jpg\",\"contentUrl\":\"https:\\\/\\\/www.btv.md\\\/wp-content\\\/uploads\\\/2016\\\/02\\\/traversare.jpg\",\"width\":560,\"height\":316,\"caption\":\"radioconstanta.ro\"},{\"@type\":\"WebSite\",\"@id\":\"https:\\\/\\\/www.btv.md\\\/#website\",\"url\":\"https:\\\/\\\/www.btv.md\\\/\",\"name\":\"BTV\",\"description\":\"\u0411\u0435\u043b\u044c\u0446\u043a\u043e\u0435 \u0442\u0435\u043b\u0435\u0432\u0438\u0434\u0435\u043d\u0438\u0435\",\"potentialAction\":[{\"@type\":\"SearchAction\",\"target\":{\"@type\":\"EntryPoint\",\"urlTemplate\":\"https:\\\/\\\/www.btv.md\\\/?s={search_term_string}\"},\"query-input\":{\"@type\":\"PropertyValueSpecification\",\"valueRequired\":true,\"valueName\":\"search_term_string\"}}],\"inLanguage\":\"ro-RO\"},{\"@type\":\"Person\",\"@id\":\"https:\\\/\\\/www.btv.md\\\/#\\\/schema\\\/person\\\/8fadce81561b3ce2c34c46dadc4ccbf2\",\"name\":\"admin\"}]}<\/script>\n<!-- \/ Yoast SEO plugin. -->","yoast_head_json":{"title":"PIETONI  INDISCIPLINA\u021aI, AMENDA\u021aI DE POLI\u021aIE - BTV","robots":{"index":"index","follow":"follow","max-snippet":"max-snippet:-1","max-image-preview":"max-image-preview:large","max-video-preview":"max-video-preview:-1"},"canonical":"https:\/\/www.btv.md\/ro\/pietoni-indisciplinati-amendati-de-politie\/","og_locale":"ro_RO","og_type":"article","og_title":"PIETONI  INDISCIPLINA\u021aI, AMENDA\u021aI DE POLI\u021aIE - BTV","og_description":"Traversarea str\u0103zii \u00een locurile interzise provoac\u0103 tragedii \u00een fiecare an. Doar \u00een municipiul B\u0103l\u021bi, aproape 50 la sut\u0103 din accidentele \u00eenregistrate \u00een anul 2015, au fost cu implicarea pietonilor. Pentru a preveni astfel de cazuri \u0219i pentru a disciplina oamenii, poli\u021bia a ini\u021biat \u00een aceast\u0103 lun\u0103, opera\u021biunea \u201ePietonul\u201d. \u00cen mai pu\u021bin de cinci minute, zeci [&hellip;]","og_url":"https:\/\/www.btv.md\/ro\/pietoni-indisciplinati-amendati-de-politie\/","og_site_name":"BTV","article_publisher":"https:\/\/www.facebook.com\/btvmoldova\/","article_published_time":"2016-02-03T14:23:21+00:00","og_image":[{"width":560,"height":316,"url":"https:\/\/www.btv.md\/wp-content\/uploads\/2016\/02\/traversare.jpg","type":"image\/jpeg"}],"author":"admin","twitter_misc":{"Scris de":"admin","Timp estimat pentru citire":"1 minut"},"schema":{"@context":"https:\/\/schema.org","@graph":[{"@type":"Article","@id":"https:\/\/www.btv.md\/ro\/pietoni-indisciplinati-amendati-de-politie\/#article","isPartOf":{"@id":"https:\/\/www.btv.md\/ro\/pietoni-indisciplinati-amendati-de-politie\/"},"author":{"name":"admin","@id":"https:\/\/www.btv.md\/#\/schema\/person\/8fadce81561b3ce2c34c46dadc4ccbf2"},"headline":"PIETONI INDISCIPLINA\u021aI, AMENDA\u021aI DE POLI\u021aIE","datePublished":"2016-02-03T14:23:21+00:00","mainEntityOfPage":{"@id":"https:\/\/www.btv.md\/ro\/pietoni-indisciplinati-amendati-de-politie\/"},"wordCount":266,"image":{"@id":"https:\/\/www.btv.md\/ro\/pietoni-indisciplinati-amendati-de-politie\/#primaryimage"},"thumbnailUrl":"https:\/\/www.btv.md\/wp-content\/uploads\/2016\/02\/traversare.jpg","articleSection":["Ora\u0219"],"inLanguage":"ro-RO"},{"@type":"WebPage","@id":"https:\/\/www.btv.md\/ro\/pietoni-indisciplinati-amendati-de-politie\/","url":"https:\/\/www.btv.md\/ro\/pietoni-indisciplinati-amendati-de-politie\/","name":"PIETONI INDISCIPLINA\u021aI, AMENDA\u021aI DE POLI\u021aIE - BTV","isPartOf":{"@id":"https:\/\/www.btv.md\/#website"},"primaryImageOfPage":{"@id":"https:\/\/www.btv.md\/ro\/pietoni-indisciplinati-amendati-de-politie\/#primaryimage"},"image":{"@id":"https:\/\/www.btv.md\/ro\/pietoni-indisciplinati-amendati-de-politie\/#primaryimage"},"thumbnailUrl":"https:\/\/www.btv.md\/wp-content\/uploads\/2016\/02\/traversare.jpg","datePublished":"2016-02-03T14:23:21+00:00","author":{"@id":"https:\/\/www.btv.md\/#\/schema\/person\/8fadce81561b3ce2c34c46dadc4ccbf2"},"inLanguage":"ro-RO","potentialAction":[{"@type":"ReadAction","target":["https:\/\/www.btv.md\/ro\/pietoni-indisciplinati-amendati-de-politie\/"]}]},{"@type":"ImageObject","inLanguage":"ro-RO","@id":"https:\/\/www.btv.md\/ro\/pietoni-indisciplinati-amendati-de-politie\/#primaryimage","url":"https:\/\/www.btv.md\/wp-content\/uploads\/2016\/02\/traversare.jpg","contentUrl":"https:\/\/www.btv.md\/wp-content\/uploads\/2016\/02\/traversare.jpg","width":560,"height":316,"caption":"radioconstanta.ro"},{"@type":"WebSite","@id":"https:\/\/www.btv.md\/#website","url":"https:\/\/www.btv.md\/","name":"BTV","description":"\u0411\u0435\u043b\u044c\u0446\u043a\u043e\u0435 \u0442\u0435\u043b\u0435\u0432\u0438\u0434\u0435\u043d\u0438\u0435","potentialAction":[{"@type":"SearchAction","target":{"@type":"EntryPoint","urlTemplate":"https:\/\/www.btv.md\/?s={search_term_string}"},"query-input":{"@type":"PropertyValueSpecification","valueRequired":true,"valueName":"search_term_string"}}],"inLanguage":"ro-RO"},{"@type":"Person","@id":"https:\/\/www.btv.md\/#\/schema\/person\/8fadce81561b3ce2c34c46dadc4ccbf2","name":"admin"}]}},"_links":{"self":[{"href":"https:\/\/www.btv.md\/ro\/wp-json\/wp\/v2\/posts\/6597","targetHints":{"allow":["GET"]}}],"collection":[{"href":"https:\/\/www.btv.md\/ro\/wp-json\/wp\/v2\/posts"}],"about":[{"href":"https:\/\/www.btv.md\/ro\/wp-json\/wp\/v2\/types\/post"}],"author":[{"embeddable":true,"href":"https:\/\/www.btv.md\/ro\/wp-json\/wp\/v2\/users\/4"}],"replies":[{"embeddable":true,"href":"https:\/\/www.btv.md\/ro\/wp-json\/wp\/v2\/comments?post=6597"}],"version-history":[{"count":0,"href":"https:\/\/www.btv.md\/ro\/wp-json\/wp\/v2\/posts\/6597\/revisions"}],"wp:featuredmedia":[{"embeddable":true,"href":"https:\/\/www.btv.md\/ro\/wp-json\/wp\/v2\/media\/6598"}],"wp:attachment":[{"href":"https:\/\/www.btv.md\/ro\/wp-json\/wp\/v2\/media?parent=6597"}],"wp:term":[{"taxonomy":"category","embeddable":true,"href":"https:\/\/www.btv.md\/ro\/wp-json\/wp\/v2\/categories?post=6597"},{"taxonomy":"post_tag","embeddable":true,"href":"https:\/\/www.btv.md\/ro\/wp-json\/wp\/v2\/tags?post=6597"}],"curies":[{"name":"wp","href":"https:\/\/api.w.org\/{rel}","templated":true}]}}