{"id":6600,"date":"2016-02-03T17:35:36","date_gmt":"2016-02-03T14:35:36","guid":{"rendered":"http:\/\/btv.md\/?p=6600"},"modified":"2016-02-03T17:35:36","modified_gmt":"2016-02-03T14:35:36","slug":"ajutor-pentru-persoanele-vulnerabile","status":"publish","type":"post","link":"https:\/\/www.btv.md\/ro\/ajutor-pentru-persoanele-vulnerabile\/","title":{"rendered":"AJUTOR  PENTRU  PERSOANELE  VULNERABILE"},"content":{"rendered":"<p><strong>Peste 160 de persoane social vulnerabile din ora\u0219ul B\u0103l\u021bi vor beneficia de ajutor material din partea prim\u0103riei. <\/strong><\/p>\n<p>Potrivit Consiliului Administrativ al Fondului Municipal de Sus\u0163inere social\u0103 a Popula\u0163iei, m\u0103rimea suportului bugetar pentru persoanele nevoia\u0219e va oscila \u00eentre  400 p\u00e2n\u0103 la 4000 de  lei, \u00een func\u021bie de venitul minim lunar a acestora. <\/p>\n<p>Din Fondului Municipal de Sus\u0163inere social\u0103 a Popula\u0163iei, pentru aceste persoane va fi alocat\u0103 suma de peste 120 mii de lei.<\/p>\n<p><iframe width=\"420\" height=\"315\" data-src=\"https:\/\/www.youtube.com\/embed\/_X-qv4PU8ME\" frameborder=\"0\" allowfullscreen src=\"data:image\/svg+xml;base64,PHN2ZyB3aWR0aD0iMSIgaGVpZ2h0PSIxIiB4bWxucz0iaHR0cDovL3d3dy53My5vcmcvMjAwMC9zdmciPjwvc3ZnPg==\" class=\"lazyload\" data-load-mode=\"1\"><\/iframe><\/p>\n","protected":false},"excerpt":{"rendered":"<p>Peste 160 de persoane social vulnerabile din ora\u0219ul B\u0103l\u021bi vor beneficia de ajutor material din partea prim\u0103riei. Potrivit Consiliului Administrativ al Fondului Municipal de Sus\u0163inere social\u0103 a Popula\u0163iei, m\u0103rimea suportului bugetar pentru persoanele nevoia\u0219e va oscila \u00eentre 400 p\u00e2n\u0103 la 4000 de lei, \u00een func\u021bie de venitul minim lunar a acestora. Din Fondului Municipal de [&hellip;]<\/p>\n","protected":false},"author":4,"featured_media":6601,"comment_status":"closed","ping_status":"closed","sticky":false,"template":"","format":"standard","meta":{"footnotes":""},"categories":[6353],"tags":[],"class_list":["post-6600","post","type-post","status-publish","format-standard","has-post-thumbnail","hentry","category-oras"],"yoast_head":"<!-- This site is optimized with the Yoast SEO plugin v27.4 - https:\/\/yoast.com\/product\/yoast-seo-wordpress\/ -->\n<title>AJUTOR PENTRU PERSOANELE VULNERABILE  - BTV<\/title>\n<meta name=\"robots\" content=\"index, follow, max-snippet:-1, max-image-preview:large, max-video-preview:-1\" \/>\n<link rel=\"canonical\" href=\"https:\/\/www.btv.md\/ro\/ajutor-pentru-persoanele-vulnerabile\/\" \/>\n<meta property=\"og:locale\" content=\"ro_RO\" \/>\n<meta property=\"og:type\" content=\"article\" \/>\n<meta property=\"og:title\" content=\"AJUTOR PENTRU PERSOANELE VULNERABILE  - BTV\" \/>\n<meta property=\"og:description\" content=\"Peste 160 de persoane social vulnerabile din ora\u0219ul B\u0103l\u021bi vor beneficia de ajutor material din partea prim\u0103riei. Potrivit Consiliului Administrativ al Fondului Municipal de Sus\u0163inere social\u0103 a Popula\u0163iei, m\u0103rimea suportului bugetar pentru persoanele nevoia\u0219e va oscila \u00eentre 400 p\u00e2n\u0103 la 4000 de lei, \u00een func\u021bie de venitul minim lunar a acestora. Din Fondului Municipal de [&hellip;]\" \/>\n<meta property=\"og:url\" content=\"https:\/\/www.btv.md\/ro\/ajutor-pentru-persoanele-vulnerabile\/\" \/>\n<meta property=\"og:site_name\" content=\"BTV\" \/>\n<meta property=\"article:publisher\" content=\"https:\/\/www.facebook.com\/btvmoldova\/\" \/>\n<meta property=\"article:published_time\" content=\"2016-02-03T14:35:36+00:00\" \/>\n<meta property=\"og:image\" content=\"https:\/\/www.btv.md\/wp-content\/uploads\/2016\/02\/media_144905470210372900.jpg\" \/>\n\t<meta property=\"og:image:width\" content=\"620\" \/>\n\t<meta property=\"og:image:height\" content=\"404\" \/>\n\t<meta property=\"og:image:type\" content=\"image\/jpeg\" \/>\n<meta name=\"author\" content=\"admin\" \/>\n<meta name=\"twitter:label1\" content=\"Scris de\" \/>\n\t<meta name=\"twitter:data1\" content=\"admin\" \/>\n<script type=\"application\/ld+json\" class=\"yoast-schema-graph\">{\"@context\":\"https:\\\/\\\/schema.org\",\"@graph\":[{\"@type\":\"Article\",\"@id\":\"https:\\\/\\\/www.btv.md\\\/ro\\\/ajutor-pentru-persoanele-vulnerabile\\\/#article\",\"isPartOf\":{\"@id\":\"https:\\\/\\\/www.btv.md\\\/ro\\\/ajutor-pentru-persoanele-vulnerabile\\\/\"},\"author\":{\"name\":\"admin\",\"@id\":\"https:\\\/\\\/www.btv.md\\\/#\\\/schema\\\/person\\\/8fadce81561b3ce2c34c46dadc4ccbf2\"},\"headline\":\"AJUTOR PENTRU PERSOANELE VULNERABILE\",\"datePublished\":\"2016-02-03T14:35:36+00:00\",\"mainEntityOfPage\":{\"@id\":\"https:\\\/\\\/www.btv.md\\\/ro\\\/ajutor-pentru-persoanele-vulnerabile\\\/\"},\"wordCount\":84,\"image\":{\"@id\":\"https:\\\/\\\/www.btv.md\\\/ro\\\/ajutor-pentru-persoanele-vulnerabile\\\/#primaryimage\"},\"thumbnailUrl\":\"https:\\\/\\\/www.btv.md\\\/wp-content\\\/uploads\\\/2016\\\/02\\\/media_144905470210372900.jpg\",\"articleSection\":[\"Ora\u0219\"],\"inLanguage\":\"ro-RO\"},{\"@type\":\"WebPage\",\"@id\":\"https:\\\/\\\/www.btv.md\\\/ro\\\/ajutor-pentru-persoanele-vulnerabile\\\/\",\"url\":\"https:\\\/\\\/www.btv.md\\\/ro\\\/ajutor-pentru-persoanele-vulnerabile\\\/\",\"name\":\"AJUTOR PENTRU PERSOANELE VULNERABILE - BTV\",\"isPartOf\":{\"@id\":\"https:\\\/\\\/www.btv.md\\\/#website\"},\"primaryImageOfPage\":{\"@id\":\"https:\\\/\\\/www.btv.md\\\/ro\\\/ajutor-pentru-persoanele-vulnerabile\\\/#primaryimage\"},\"image\":{\"@id\":\"https:\\\/\\\/www.btv.md\\\/ro\\\/ajutor-pentru-persoanele-vulnerabile\\\/#primaryimage\"},\"thumbnailUrl\":\"https:\\\/\\\/www.btv.md\\\/wp-content\\\/uploads\\\/2016\\\/02\\\/media_144905470210372900.jpg\",\"datePublished\":\"2016-02-03T14:35:36+00:00\",\"author\":{\"@id\":\"https:\\\/\\\/www.btv.md\\\/#\\\/schema\\\/person\\\/8fadce81561b3ce2c34c46dadc4ccbf2\"},\"inLanguage\":\"ro-RO\",\"potentialAction\":[{\"@type\":\"ReadAction\",\"target\":[\"https:\\\/\\\/www.btv.md\\\/ro\\\/ajutor-pentru-persoanele-vulnerabile\\\/\"]}]},{\"@type\":\"ImageObject\",\"inLanguage\":\"ro-RO\",\"@id\":\"https:\\\/\\\/www.btv.md\\\/ro\\\/ajutor-pentru-persoanele-vulnerabile\\\/#primaryimage\",\"url\":\"https:\\\/\\\/www.btv.md\\\/wp-content\\\/uploads\\\/2016\\\/02\\\/media_144905470210372900.jpg\",\"contentUrl\":\"https:\\\/\\\/www.btv.md\\\/wp-content\\\/uploads\\\/2016\\\/02\\\/media_144905470210372900.jpg\",\"width\":620,\"height\":404,\"caption\":\"www.realitatea.md\"},{\"@type\":\"WebSite\",\"@id\":\"https:\\\/\\\/www.btv.md\\\/#website\",\"url\":\"https:\\\/\\\/www.btv.md\\\/\",\"name\":\"BTV\",\"description\":\"\u0411\u0435\u043b\u044c\u0446\u043a\u043e\u0435 \u0442\u0435\u043b\u0435\u0432\u0438\u0434\u0435\u043d\u0438\u0435\",\"potentialAction\":[{\"@type\":\"SearchAction\",\"target\":{\"@type\":\"EntryPoint\",\"urlTemplate\":\"https:\\\/\\\/www.btv.md\\\/?s={search_term_string}\"},\"query-input\":{\"@type\":\"PropertyValueSpecification\",\"valueRequired\":true,\"valueName\":\"search_term_string\"}}],\"inLanguage\":\"ro-RO\"},{\"@type\":\"Person\",\"@id\":\"https:\\\/\\\/www.btv.md\\\/#\\\/schema\\\/person\\\/8fadce81561b3ce2c34c46dadc4ccbf2\",\"name\":\"admin\"}]}<\/script>\n<!-- \/ Yoast SEO plugin. -->","yoast_head_json":{"title":"AJUTOR PENTRU PERSOANELE VULNERABILE  - BTV","robots":{"index":"index","follow":"follow","max-snippet":"max-snippet:-1","max-image-preview":"max-image-preview:large","max-video-preview":"max-video-preview:-1"},"canonical":"https:\/\/www.btv.md\/ro\/ajutor-pentru-persoanele-vulnerabile\/","og_locale":"ro_RO","og_type":"article","og_title":"AJUTOR PENTRU PERSOANELE VULNERABILE  - BTV","og_description":"Peste 160 de persoane social vulnerabile din ora\u0219ul B\u0103l\u021bi vor beneficia de ajutor material din partea prim\u0103riei. Potrivit Consiliului Administrativ al Fondului Municipal de Sus\u0163inere social\u0103 a Popula\u0163iei, m\u0103rimea suportului bugetar pentru persoanele nevoia\u0219e va oscila \u00eentre 400 p\u00e2n\u0103 la 4000 de lei, \u00een func\u021bie de venitul minim lunar a acestora. Din Fondului Municipal de [&hellip;]","og_url":"https:\/\/www.btv.md\/ro\/ajutor-pentru-persoanele-vulnerabile\/","og_site_name":"BTV","article_publisher":"https:\/\/www.facebook.com\/btvmoldova\/","article_published_time":"2016-02-03T14:35:36+00:00","og_image":[{"width":620,"height":404,"url":"https:\/\/www.btv.md\/wp-content\/uploads\/2016\/02\/media_144905470210372900.jpg","type":"image\/jpeg"}],"author":"admin","twitter_misc":{"Scris de":"admin"},"schema":{"@context":"https:\/\/schema.org","@graph":[{"@type":"Article","@id":"https:\/\/www.btv.md\/ro\/ajutor-pentru-persoanele-vulnerabile\/#article","isPartOf":{"@id":"https:\/\/www.btv.md\/ro\/ajutor-pentru-persoanele-vulnerabile\/"},"author":{"name":"admin","@id":"https:\/\/www.btv.md\/#\/schema\/person\/8fadce81561b3ce2c34c46dadc4ccbf2"},"headline":"AJUTOR PENTRU PERSOANELE VULNERABILE","datePublished":"2016-02-03T14:35:36+00:00","mainEntityOfPage":{"@id":"https:\/\/www.btv.md\/ro\/ajutor-pentru-persoanele-vulnerabile\/"},"wordCount":84,"image":{"@id":"https:\/\/www.btv.md\/ro\/ajutor-pentru-persoanele-vulnerabile\/#primaryimage"},"thumbnailUrl":"https:\/\/www.btv.md\/wp-content\/uploads\/2016\/02\/media_144905470210372900.jpg","articleSection":["Ora\u0219"],"inLanguage":"ro-RO"},{"@type":"WebPage","@id":"https:\/\/www.btv.md\/ro\/ajutor-pentru-persoanele-vulnerabile\/","url":"https:\/\/www.btv.md\/ro\/ajutor-pentru-persoanele-vulnerabile\/","name":"AJUTOR PENTRU PERSOANELE VULNERABILE - BTV","isPartOf":{"@id":"https:\/\/www.btv.md\/#website"},"primaryImageOfPage":{"@id":"https:\/\/www.btv.md\/ro\/ajutor-pentru-persoanele-vulnerabile\/#primaryimage"},"image":{"@id":"https:\/\/www.btv.md\/ro\/ajutor-pentru-persoanele-vulnerabile\/#primaryimage"},"thumbnailUrl":"https:\/\/www.btv.md\/wp-content\/uploads\/2016\/02\/media_144905470210372900.jpg","datePublished":"2016-02-03T14:35:36+00:00","author":{"@id":"https:\/\/www.btv.md\/#\/schema\/person\/8fadce81561b3ce2c34c46dadc4ccbf2"},"inLanguage":"ro-RO","potentialAction":[{"@type":"ReadAction","target":["https:\/\/www.btv.md\/ro\/ajutor-pentru-persoanele-vulnerabile\/"]}]},{"@type":"ImageObject","inLanguage":"ro-RO","@id":"https:\/\/www.btv.md\/ro\/ajutor-pentru-persoanele-vulnerabile\/#primaryimage","url":"https:\/\/www.btv.md\/wp-content\/uploads\/2016\/02\/media_144905470210372900.jpg","contentUrl":"https:\/\/www.btv.md\/wp-content\/uploads\/2016\/02\/media_144905470210372900.jpg","width":620,"height":404,"caption":"www.realitatea.md"},{"@type":"WebSite","@id":"https:\/\/www.btv.md\/#website","url":"https:\/\/www.btv.md\/","name":"BTV","description":"\u0411\u0435\u043b\u044c\u0446\u043a\u043e\u0435 \u0442\u0435\u043b\u0435\u0432\u0438\u0434\u0435\u043d\u0438\u0435","potentialAction":[{"@type":"SearchAction","target":{"@type":"EntryPoint","urlTemplate":"https:\/\/www.btv.md\/?s={search_term_string}"},"query-input":{"@type":"PropertyValueSpecification","valueRequired":true,"valueName":"search_term_string"}}],"inLanguage":"ro-RO"},{"@type":"Person","@id":"https:\/\/www.btv.md\/#\/schema\/person\/8fadce81561b3ce2c34c46dadc4ccbf2","name":"admin"}]}},"_links":{"self":[{"href":"https:\/\/www.btv.md\/ro\/wp-json\/wp\/v2\/posts\/6600","targetHints":{"allow":["GET"]}}],"collection":[{"href":"https:\/\/www.btv.md\/ro\/wp-json\/wp\/v2\/posts"}],"about":[{"href":"https:\/\/www.btv.md\/ro\/wp-json\/wp\/v2\/types\/post"}],"author":[{"embeddable":true,"href":"https:\/\/www.btv.md\/ro\/wp-json\/wp\/v2\/users\/4"}],"replies":[{"embeddable":true,"href":"https:\/\/www.btv.md\/ro\/wp-json\/wp\/v2\/comments?post=6600"}],"version-history":[{"count":0,"href":"https:\/\/www.btv.md\/ro\/wp-json\/wp\/v2\/posts\/6600\/revisions"}],"wp:featuredmedia":[{"embeddable":true,"href":"https:\/\/www.btv.md\/ro\/wp-json\/wp\/v2\/media\/6601"}],"wp:attachment":[{"href":"https:\/\/www.btv.md\/ro\/wp-json\/wp\/v2\/media?parent=6600"}],"wp:term":[{"taxonomy":"category","embeddable":true,"href":"https:\/\/www.btv.md\/ro\/wp-json\/wp\/v2\/categories?post=6600"},{"taxonomy":"post_tag","embeddable":true,"href":"https:\/\/www.btv.md\/ro\/wp-json\/wp\/v2\/tags?post=6600"}],"curies":[{"name":"wp","href":"https:\/\/api.w.org\/{rel}","templated":true}]}}