{"id":6622,"date":"2016-02-04T11:19:29","date_gmt":"2016-02-04T08:19:29","guid":{"rendered":"http:\/\/btv.md\/?p=6622"},"modified":"2016-02-04T11:19:29","modified_gmt":"2016-02-04T08:19:29","slug":"eugen-doga-a-fost-internat-la-spital-compozitorul-asteapta-diagnosticul","status":"publish","type":"post","link":"https:\/\/www.btv.md\/ro\/eugen-doga-a-fost-internat-la-spital-compozitorul-asteapta-diagnosticul\/","title":{"rendered":"EUGEN  DOGA  A  FOST  INTERNAT  LA  SPITAL. COMPOZITORUL  A\u0218TEAPT\u0102  DIAGNOSTICUL"},"content":{"rendered":"<p><strong>Cunoscutul compozitor Eugen Doga a fost internat la Centrul Cardiologic \u201eA. Myasnikov\u201d din Moscova, informeaz\u0103 MOLDPRES.<\/strong><\/p>\n<p>Acesta a fost internat dup\u0103 ce s-a adresat dup\u0103 ajutor. Compozitorul va fi supus unui control medical general, pentru a se stabili cu exactitate diagnosticul, dar \u0219i, ulterior, tratamentul.  <\/p>\n<p>Potrivit site-ului lifenews.ru, Eugen Doga a ajuns \u00een grija medicilor din cauza unor complica\u0163ii ale arterelor coronare.<\/p>\n<p>\u00cen contextul Zilei Culturii Na\u0163ionale, Eugen Doga a sus\u0163inut pe 15 ianuarie un concert la Bucure\u015fti, iar pe 20 ianuarie la Ambasada Rom\u00e2niei de la Paris. Pe 28 decembrie 2015, compozitorul a avut un recital academic de muzic\u0103 de camer\u0103 la Academia de \u015etiin\u0163e a Moldovei.<\/p>\n<p>Compozitorul este autorul celebrului vals \u201eGinga\u015fa \u015fi tandra mea fiar\u0103\u201d, desemnat de c\u0103tre UNESCO drept cea de-a patra capodoper\u0103 muzical\u0103 a secolului trecut.<\/p>\n","protected":false},"excerpt":{"rendered":"<p>Cunoscutul compozitor Eugen Doga a fost internat la Centrul Cardiologic \u201eA. Myasnikov\u201d din Moscova, informeaz\u0103 MOLDPRES. Acesta a fost internat dup\u0103 ce s-a adresat dup\u0103 ajutor. Compozitorul va fi supus unui control medical general, pentru a se stabili cu exactitate diagnosticul, dar \u0219i, ulterior, tratamentul. Potrivit site-ului lifenews.ru, Eugen Doga a ajuns \u00een grija medicilor [&hellip;]<\/p>\n","protected":false},"author":4,"featured_media":6623,"comment_status":"closed","ping_status":"closed","sticky":false,"template":"","format":"standard","meta":{"footnotes":""},"categories":[6349],"tags":[],"class_list":["post-6622","post","type-post","status-publish","format-standard","has-post-thumbnail","hentry","category-social"],"yoast_head":"<!-- This site is optimized with the Yoast SEO plugin v27.4 - https:\/\/yoast.com\/product\/yoast-seo-wordpress\/ -->\n<title>EUGEN DOGA A FOST INTERNAT LA SPITAL. COMPOZITORUL A\u0218TEAPT\u0102 DIAGNOSTICUL - BTV<\/title>\n<meta name=\"robots\" content=\"index, follow, max-snippet:-1, max-image-preview:large, max-video-preview:-1\" \/>\n<link rel=\"canonical\" href=\"https:\/\/www.btv.md\/ro\/eugen-doga-a-fost-internat-la-spital-compozitorul-asteapta-diagnosticul\/\" \/>\n<meta property=\"og:locale\" content=\"ro_RO\" \/>\n<meta property=\"og:type\" content=\"article\" \/>\n<meta property=\"og:title\" content=\"EUGEN DOGA A FOST INTERNAT LA SPITAL. COMPOZITORUL A\u0218TEAPT\u0102 DIAGNOSTICUL - BTV\" \/>\n<meta property=\"og:description\" content=\"Cunoscutul compozitor Eugen Doga a fost internat la Centrul Cardiologic \u201eA. Myasnikov\u201d din Moscova, informeaz\u0103 MOLDPRES. Acesta a fost internat dup\u0103 ce s-a adresat dup\u0103 ajutor. Compozitorul va fi supus unui control medical general, pentru a se stabili cu exactitate diagnosticul, dar \u0219i, ulterior, tratamentul. Potrivit site-ului lifenews.ru, Eugen Doga a ajuns \u00een grija medicilor [&hellip;]\" \/>\n<meta property=\"og:url\" content=\"https:\/\/www.btv.md\/ro\/eugen-doga-a-fost-internat-la-spital-compozitorul-asteapta-diagnosticul\/\" \/>\n<meta property=\"og:site_name\" content=\"BTV\" \/>\n<meta property=\"article:publisher\" content=\"https:\/\/www.facebook.com\/btvmoldova\/\" \/>\n<meta property=\"article:published_time\" content=\"2016-02-04T08:19:29+00:00\" \/>\n<meta property=\"og:image\" content=\"https:\/\/www.btv.md\/wp-content\/uploads\/2016\/02\/toamna-romantica-la-ateneul-roman-concertul-maestrului-eugen-doga-17417.jpg\" \/>\n\t<meta property=\"og:image:width\" content=\"620\" \/>\n\t<meta property=\"og:image:height\" content=\"341\" \/>\n\t<meta property=\"og:image:type\" content=\"image\/jpeg\" \/>\n<meta name=\"author\" content=\"admin\" \/>\n<meta name=\"twitter:label1\" content=\"Scris de\" \/>\n\t<meta name=\"twitter:data1\" content=\"admin\" \/>\n\t<meta name=\"twitter:label2\" content=\"Timp estimat pentru citire\" \/>\n\t<meta name=\"twitter:data2\" content=\"1 minut\" \/>\n<script type=\"application\/ld+json\" class=\"yoast-schema-graph\">{\"@context\":\"https:\\\/\\\/schema.org\",\"@graph\":[{\"@type\":\"Article\",\"@id\":\"https:\\\/\\\/www.btv.md\\\/ro\\\/eugen-doga-a-fost-internat-la-spital-compozitorul-asteapta-diagnosticul\\\/#article\",\"isPartOf\":{\"@id\":\"https:\\\/\\\/www.btv.md\\\/ro\\\/eugen-doga-a-fost-internat-la-spital-compozitorul-asteapta-diagnosticul\\\/\"},\"author\":{\"name\":\"admin\",\"@id\":\"https:\\\/\\\/www.btv.md\\\/#\\\/schema\\\/person\\\/8fadce81561b3ce2c34c46dadc4ccbf2\"},\"headline\":\"EUGEN DOGA A FOST INTERNAT LA SPITAL. COMPOZITORUL A\u0218TEAPT\u0102 DIAGNOSTICUL\",\"datePublished\":\"2016-02-04T08:19:29+00:00\",\"mainEntityOfPage\":{\"@id\":\"https:\\\/\\\/www.btv.md\\\/ro\\\/eugen-doga-a-fost-internat-la-spital-compozitorul-asteapta-diagnosticul\\\/\"},\"wordCount\":147,\"image\":{\"@id\":\"https:\\\/\\\/www.btv.md\\\/ro\\\/eugen-doga-a-fost-internat-la-spital-compozitorul-asteapta-diagnosticul\\\/#primaryimage\"},\"thumbnailUrl\":\"https:\\\/\\\/www.btv.md\\\/wp-content\\\/uploads\\\/2016\\\/02\\\/toamna-romantica-la-ateneul-roman-concertul-maestrului-eugen-doga-17417.jpg\",\"articleSection\":[\"Social\"],\"inLanguage\":\"ro-RO\"},{\"@type\":\"WebPage\",\"@id\":\"https:\\\/\\\/www.btv.md\\\/ro\\\/eugen-doga-a-fost-internat-la-spital-compozitorul-asteapta-diagnosticul\\\/\",\"url\":\"https:\\\/\\\/www.btv.md\\\/ro\\\/eugen-doga-a-fost-internat-la-spital-compozitorul-asteapta-diagnosticul\\\/\",\"name\":\"EUGEN DOGA A FOST INTERNAT LA SPITAL. COMPOZITORUL A\u0218TEAPT\u0102 DIAGNOSTICUL - BTV\",\"isPartOf\":{\"@id\":\"https:\\\/\\\/www.btv.md\\\/#website\"},\"primaryImageOfPage\":{\"@id\":\"https:\\\/\\\/www.btv.md\\\/ro\\\/eugen-doga-a-fost-internat-la-spital-compozitorul-asteapta-diagnosticul\\\/#primaryimage\"},\"image\":{\"@id\":\"https:\\\/\\\/www.btv.md\\\/ro\\\/eugen-doga-a-fost-internat-la-spital-compozitorul-asteapta-diagnosticul\\\/#primaryimage\"},\"thumbnailUrl\":\"https:\\\/\\\/www.btv.md\\\/wp-content\\\/uploads\\\/2016\\\/02\\\/toamna-romantica-la-ateneul-roman-concertul-maestrului-eugen-doga-17417.jpg\",\"datePublished\":\"2016-02-04T08:19:29+00:00\",\"author\":{\"@id\":\"https:\\\/\\\/www.btv.md\\\/#\\\/schema\\\/person\\\/8fadce81561b3ce2c34c46dadc4ccbf2\"},\"inLanguage\":\"ro-RO\",\"potentialAction\":[{\"@type\":\"ReadAction\",\"target\":[\"https:\\\/\\\/www.btv.md\\\/ro\\\/eugen-doga-a-fost-internat-la-spital-compozitorul-asteapta-diagnosticul\\\/\"]}]},{\"@type\":\"ImageObject\",\"inLanguage\":\"ro-RO\",\"@id\":\"https:\\\/\\\/www.btv.md\\\/ro\\\/eugen-doga-a-fost-internat-la-spital-compozitorul-asteapta-diagnosticul\\\/#primaryimage\",\"url\":\"https:\\\/\\\/www.btv.md\\\/wp-content\\\/uploads\\\/2016\\\/02\\\/toamna-romantica-la-ateneul-roman-concertul-maestrului-eugen-doga-17417.jpg\",\"contentUrl\":\"https:\\\/\\\/www.btv.md\\\/wp-content\\\/uploads\\\/2016\\\/02\\\/toamna-romantica-la-ateneul-roman-concertul-maestrului-eugen-doga-17417.jpg\",\"width\":620,\"height\":341,\"caption\":\"www.basarabia.md\"},{\"@type\":\"WebSite\",\"@id\":\"https:\\\/\\\/www.btv.md\\\/#website\",\"url\":\"https:\\\/\\\/www.btv.md\\\/\",\"name\":\"BTV\",\"description\":\"\u0411\u0435\u043b\u044c\u0446\u043a\u043e\u0435 \u0442\u0435\u043b\u0435\u0432\u0438\u0434\u0435\u043d\u0438\u0435\",\"potentialAction\":[{\"@type\":\"SearchAction\",\"target\":{\"@type\":\"EntryPoint\",\"urlTemplate\":\"https:\\\/\\\/www.btv.md\\\/?s={search_term_string}\"},\"query-input\":{\"@type\":\"PropertyValueSpecification\",\"valueRequired\":true,\"valueName\":\"search_term_string\"}}],\"inLanguage\":\"ro-RO\"},{\"@type\":\"Person\",\"@id\":\"https:\\\/\\\/www.btv.md\\\/#\\\/schema\\\/person\\\/8fadce81561b3ce2c34c46dadc4ccbf2\",\"name\":\"admin\"}]}<\/script>\n<!-- \/ Yoast SEO plugin. -->","yoast_head_json":{"title":"EUGEN DOGA A FOST INTERNAT LA SPITAL. COMPOZITORUL A\u0218TEAPT\u0102 DIAGNOSTICUL - BTV","robots":{"index":"index","follow":"follow","max-snippet":"max-snippet:-1","max-image-preview":"max-image-preview:large","max-video-preview":"max-video-preview:-1"},"canonical":"https:\/\/www.btv.md\/ro\/eugen-doga-a-fost-internat-la-spital-compozitorul-asteapta-diagnosticul\/","og_locale":"ro_RO","og_type":"article","og_title":"EUGEN DOGA A FOST INTERNAT LA SPITAL. COMPOZITORUL A\u0218TEAPT\u0102 DIAGNOSTICUL - BTV","og_description":"Cunoscutul compozitor Eugen Doga a fost internat la Centrul Cardiologic \u201eA. Myasnikov\u201d din Moscova, informeaz\u0103 MOLDPRES. Acesta a fost internat dup\u0103 ce s-a adresat dup\u0103 ajutor. Compozitorul va fi supus unui control medical general, pentru a se stabili cu exactitate diagnosticul, dar \u0219i, ulterior, tratamentul. Potrivit site-ului lifenews.ru, Eugen Doga a ajuns \u00een grija medicilor [&hellip;]","og_url":"https:\/\/www.btv.md\/ro\/eugen-doga-a-fost-internat-la-spital-compozitorul-asteapta-diagnosticul\/","og_site_name":"BTV","article_publisher":"https:\/\/www.facebook.com\/btvmoldova\/","article_published_time":"2016-02-04T08:19:29+00:00","og_image":[{"width":620,"height":341,"url":"https:\/\/www.btv.md\/wp-content\/uploads\/2016\/02\/toamna-romantica-la-ateneul-roman-concertul-maestrului-eugen-doga-17417.jpg","type":"image\/jpeg"}],"author":"admin","twitter_misc":{"Scris de":"admin","Timp estimat pentru citire":"1 minut"},"schema":{"@context":"https:\/\/schema.org","@graph":[{"@type":"Article","@id":"https:\/\/www.btv.md\/ro\/eugen-doga-a-fost-internat-la-spital-compozitorul-asteapta-diagnosticul\/#article","isPartOf":{"@id":"https:\/\/www.btv.md\/ro\/eugen-doga-a-fost-internat-la-spital-compozitorul-asteapta-diagnosticul\/"},"author":{"name":"admin","@id":"https:\/\/www.btv.md\/#\/schema\/person\/8fadce81561b3ce2c34c46dadc4ccbf2"},"headline":"EUGEN DOGA A FOST INTERNAT LA SPITAL. COMPOZITORUL A\u0218TEAPT\u0102 DIAGNOSTICUL","datePublished":"2016-02-04T08:19:29+00:00","mainEntityOfPage":{"@id":"https:\/\/www.btv.md\/ro\/eugen-doga-a-fost-internat-la-spital-compozitorul-asteapta-diagnosticul\/"},"wordCount":147,"image":{"@id":"https:\/\/www.btv.md\/ro\/eugen-doga-a-fost-internat-la-spital-compozitorul-asteapta-diagnosticul\/#primaryimage"},"thumbnailUrl":"https:\/\/www.btv.md\/wp-content\/uploads\/2016\/02\/toamna-romantica-la-ateneul-roman-concertul-maestrului-eugen-doga-17417.jpg","articleSection":["Social"],"inLanguage":"ro-RO"},{"@type":"WebPage","@id":"https:\/\/www.btv.md\/ro\/eugen-doga-a-fost-internat-la-spital-compozitorul-asteapta-diagnosticul\/","url":"https:\/\/www.btv.md\/ro\/eugen-doga-a-fost-internat-la-spital-compozitorul-asteapta-diagnosticul\/","name":"EUGEN DOGA A FOST INTERNAT LA SPITAL. COMPOZITORUL A\u0218TEAPT\u0102 DIAGNOSTICUL - BTV","isPartOf":{"@id":"https:\/\/www.btv.md\/#website"},"primaryImageOfPage":{"@id":"https:\/\/www.btv.md\/ro\/eugen-doga-a-fost-internat-la-spital-compozitorul-asteapta-diagnosticul\/#primaryimage"},"image":{"@id":"https:\/\/www.btv.md\/ro\/eugen-doga-a-fost-internat-la-spital-compozitorul-asteapta-diagnosticul\/#primaryimage"},"thumbnailUrl":"https:\/\/www.btv.md\/wp-content\/uploads\/2016\/02\/toamna-romantica-la-ateneul-roman-concertul-maestrului-eugen-doga-17417.jpg","datePublished":"2016-02-04T08:19:29+00:00","author":{"@id":"https:\/\/www.btv.md\/#\/schema\/person\/8fadce81561b3ce2c34c46dadc4ccbf2"},"inLanguage":"ro-RO","potentialAction":[{"@type":"ReadAction","target":["https:\/\/www.btv.md\/ro\/eugen-doga-a-fost-internat-la-spital-compozitorul-asteapta-diagnosticul\/"]}]},{"@type":"ImageObject","inLanguage":"ro-RO","@id":"https:\/\/www.btv.md\/ro\/eugen-doga-a-fost-internat-la-spital-compozitorul-asteapta-diagnosticul\/#primaryimage","url":"https:\/\/www.btv.md\/wp-content\/uploads\/2016\/02\/toamna-romantica-la-ateneul-roman-concertul-maestrului-eugen-doga-17417.jpg","contentUrl":"https:\/\/www.btv.md\/wp-content\/uploads\/2016\/02\/toamna-romantica-la-ateneul-roman-concertul-maestrului-eugen-doga-17417.jpg","width":620,"height":341,"caption":"www.basarabia.md"},{"@type":"WebSite","@id":"https:\/\/www.btv.md\/#website","url":"https:\/\/www.btv.md\/","name":"BTV","description":"\u0411\u0435\u043b\u044c\u0446\u043a\u043e\u0435 \u0442\u0435\u043b\u0435\u0432\u0438\u0434\u0435\u043d\u0438\u0435","potentialAction":[{"@type":"SearchAction","target":{"@type":"EntryPoint","urlTemplate":"https:\/\/www.btv.md\/?s={search_term_string}"},"query-input":{"@type":"PropertyValueSpecification","valueRequired":true,"valueName":"search_term_string"}}],"inLanguage":"ro-RO"},{"@type":"Person","@id":"https:\/\/www.btv.md\/#\/schema\/person\/8fadce81561b3ce2c34c46dadc4ccbf2","name":"admin"}]}},"_links":{"self":[{"href":"https:\/\/www.btv.md\/ro\/wp-json\/wp\/v2\/posts\/6622","targetHints":{"allow":["GET"]}}],"collection":[{"href":"https:\/\/www.btv.md\/ro\/wp-json\/wp\/v2\/posts"}],"about":[{"href":"https:\/\/www.btv.md\/ro\/wp-json\/wp\/v2\/types\/post"}],"author":[{"embeddable":true,"href":"https:\/\/www.btv.md\/ro\/wp-json\/wp\/v2\/users\/4"}],"replies":[{"embeddable":true,"href":"https:\/\/www.btv.md\/ro\/wp-json\/wp\/v2\/comments?post=6622"}],"version-history":[{"count":0,"href":"https:\/\/www.btv.md\/ro\/wp-json\/wp\/v2\/posts\/6622\/revisions"}],"wp:featuredmedia":[{"embeddable":true,"href":"https:\/\/www.btv.md\/ro\/wp-json\/wp\/v2\/media\/6623"}],"wp:attachment":[{"href":"https:\/\/www.btv.md\/ro\/wp-json\/wp\/v2\/media?parent=6622"}],"wp:term":[{"taxonomy":"category","embeddable":true,"href":"https:\/\/www.btv.md\/ro\/wp-json\/wp\/v2\/categories?post=6622"},{"taxonomy":"post_tag","embeddable":true,"href":"https:\/\/www.btv.md\/ro\/wp-json\/wp\/v2\/tags?post=6622"}],"curies":[{"name":"wp","href":"https:\/\/api.w.org\/{rel}","templated":true}]}}