{"id":6626,"date":"2016-02-04T13:01:56","date_gmt":"2016-02-04T10:01:56","guid":{"rendered":"http:\/\/btv.md\/?p=6626"},"modified":"2016-02-04T13:01:56","modified_gmt":"2016-02-04T10:01:56","slug":"agentii-economici-pot-rasufla-usor-guvernul-a-aprobat-moratoriul","status":"publish","type":"post","link":"https:\/\/www.btv.md\/ro\/agentii-economici-pot-rasufla-usor-guvernul-a-aprobat-moratoriul\/","title":{"rendered":"AGEN\u021aII ECONOMICI POT R\u0102SUFLA U\u0218OR, GUVERNUL A APROBAT MORATORIUL"},"content":{"rendered":"<p><strong>Proiectul de Lege cu privire la introducerea moratoriului asupra controlului de stat, a fost aprobat de Guvern. Acesta va fi aplicat pe un termen de trei luni \u0219i va permite asigurarea unui cadru favorabil dezvolt\u0103rii mediului de afaceri, optimiz\u0103rii legislative \u015fi institu\u0163ionale a controalelor de stat.<\/strong><\/p>\n<p>Prim-ministrul Republicii Moldova, Pavel Filip a men\u0163ionat, \u00een acest context, c\u0103 Executivul nu vine cu m\u0103suri de moment \u0219i populiste, dar cu ac\u021biuni pe termen lung.<\/p>\n<p>\u201e<em>\u00cen aceste trei luni, c\u00e2t va func\u021biona moratoriul, vom elabora un proiect de lege care va reglementa controalele, astfel ca ele s\u0103 fie clare pentru to\u021bi, transparente \u0219i cu reguli clare de joc<\/em>\u201d, a declarat Pavel Filip.<\/p>\n<p>Ministrul Justi\u021biei, Vladimir Cebotari, a informat Cabinetul de mini\u0219tri despre ac\u021biunile \u00eentreprinse \u00een vederea instituirii moratoriului. A fost elaborat\u0103 baza legal\u0103. O mare parte a institu\u021biilor de stat au confirmat emiterea ordinelor referitoare la instituirea moratoriului. Proiectul de Lege a fost f\u0103cut public \u0219i consultat cu p\u0103r\u0163ile interesate, iar reprezentan\u021bii societ\u0103\u021bii civile au remis un aviz \u00een acest sens.<\/p>\n<p>\u201d<em>Avem emise ordine pe Ministerul Economiei \u0219i toate institu\u021biile subordonate, Ministerul Finan\u021belor, Ministerul Tehnologiilor Informa\u021bionale, Ministerul Agrigulturii, Ministerul Mediului \u0219i Inspectoratul Ecologic de Stat, MInisterul S\u0103n\u0103t\u0103\u021bii \u0219i Agen\u021bia Medicamentului. Institu\u021biile pe care nu le-am numit \u00eenseamn\u0103 c\u0103 nu au confirmat ordinal de aplicare a moratoriului<\/em>.\u201d <\/p>\n<p>Potrivit Cabinetului de mini\u0219tri, documentul are scopul de a limita interven\u021biile abuzive ale organelor de control fa\u0163\u0103 de persoanele fizice \u0219i juridice care desf\u0103\u0219oar\u0103 activitate de \u00eentreprinz\u0103tor \u00een Republica Moldova.<\/p>\n<p>Totodat\u0103, a fost creat\u0103 linia de telefon, la care agen\u021bii economici pot relata despre abuzurile din partea organelor de control, a fost selectat \u0219i instruit personalul responsabil de comunicare cu agen\u021bii economici, elaborate fi\u0219ele de model de eviden\u021b\u0103 \u0219i mecanismul de reac\u021bie la solicit\u0103rile beneficiarilor. <\/p>\n<p>Telefonul <strong>022 823-823<\/strong> va func\u0163iona, \u00eencep\u00e2nd cu ziua de joi, 4 februarie, de luni p\u00e2n\u0103 vineri, \u00een intervalul orelor 08.00 &#8211; 17.00.<\/p>\n<p><iframe width=\"420\" height=\"315\" data-src=\"https:\/\/www.youtube.com\/embed\/5HsEztd57Z8\" frameborder=\"0\" allowfullscreen src=\"data:image\/svg+xml;base64,PHN2ZyB3aWR0aD0iMSIgaGVpZ2h0PSIxIiB4bWxucz0iaHR0cDovL3d3dy53My5vcmcvMjAwMC9zdmciPjwvc3ZnPg==\" class=\"lazyload\" data-load-mode=\"1\"><\/iframe><\/p>\n","protected":false},"excerpt":{"rendered":"<p>Proiectul de Lege cu privire la introducerea moratoriului asupra controlului de stat, a fost aprobat de Guvern. Acesta va fi aplicat pe un termen de trei luni \u0219i va permite asigurarea unui cadru favorabil dezvolt\u0103rii mediului de afaceri, optimiz\u0103rii legislative \u015fi institu\u0163ionale a controalelor de stat. Prim-ministrul Republicii Moldova, Pavel Filip a men\u0163ionat, \u00een acest [&hellip;]<\/p>\n","protected":false},"author":4,"featured_media":6627,"comment_status":"closed","ping_status":"closed","sticky":false,"template":"","format":"standard","meta":{"footnotes":""},"categories":[6369],"tags":[],"class_list":["post-6626","post","type-post","status-publish","format-standard","has-post-thumbnail","hentry","category-economie-ro"],"yoast_head":"<!-- This site is optimized with the Yoast SEO plugin v27.4 - https:\/\/yoast.com\/product\/yoast-seo-wordpress\/ -->\n<title>AGEN\u021aII ECONOMICI POT R\u0102SUFLA U\u0218OR, GUVERNUL A APROBAT MORATORIUL - BTV<\/title>\n<meta name=\"robots\" content=\"index, follow, max-snippet:-1, max-image-preview:large, max-video-preview:-1\" \/>\n<link rel=\"canonical\" href=\"https:\/\/www.btv.md\/ro\/agentii-economici-pot-rasufla-usor-guvernul-a-aprobat-moratoriul\/\" \/>\n<meta property=\"og:locale\" content=\"ro_RO\" \/>\n<meta property=\"og:type\" content=\"article\" \/>\n<meta property=\"og:title\" content=\"AGEN\u021aII ECONOMICI POT R\u0102SUFLA U\u0218OR, GUVERNUL A APROBAT MORATORIUL - BTV\" \/>\n<meta property=\"og:description\" content=\"Proiectul de Lege cu privire la introducerea moratoriului asupra controlului de stat, a fost aprobat de Guvern. Acesta va fi aplicat pe un termen de trei luni \u0219i va permite asigurarea unui cadru favorabil dezvolt\u0103rii mediului de afaceri, optimiz\u0103rii legislative \u015fi institu\u0163ionale a controalelor de stat. Prim-ministrul Republicii Moldova, Pavel Filip a men\u0163ionat, \u00een acest [&hellip;]\" \/>\n<meta property=\"og:url\" content=\"https:\/\/www.btv.md\/ro\/agentii-economici-pot-rasufla-usor-guvernul-a-aprobat-moratoriul\/\" \/>\n<meta property=\"og:site_name\" content=\"BTV\" \/>\n<meta property=\"article:publisher\" content=\"https:\/\/www.facebook.com\/btvmoldova\/\" \/>\n<meta property=\"article:published_time\" content=\"2016-02-04T10:01:56+00:00\" \/>\n<meta property=\"og:image\" content=\"https:\/\/www.btv.md\/wp-content\/uploads\/2016\/02\/big-agen-tii-economici-scuti-ti-de-inspec-tii-pentru-trei-luni.jpg\" \/>\n\t<meta property=\"og:image:width\" content=\"530\" \/>\n\t<meta property=\"og:image:height\" content=\"353\" \/>\n\t<meta property=\"og:image:type\" content=\"image\/jpeg\" \/>\n<meta name=\"author\" content=\"admin\" \/>\n<meta name=\"twitter:label1\" content=\"Scris de\" \/>\n\t<meta name=\"twitter:data1\" content=\"admin\" \/>\n\t<meta name=\"twitter:label2\" content=\"Timp estimat pentru citire\" \/>\n\t<meta name=\"twitter:data2\" content=\"2 minute\" \/>\n<script type=\"application\/ld+json\" class=\"yoast-schema-graph\">{\"@context\":\"https:\\\/\\\/schema.org\",\"@graph\":[{\"@type\":\"Article\",\"@id\":\"https:\\\/\\\/www.btv.md\\\/ro\\\/agentii-economici-pot-rasufla-usor-guvernul-a-aprobat-moratoriul\\\/#article\",\"isPartOf\":{\"@id\":\"https:\\\/\\\/www.btv.md\\\/ro\\\/agentii-economici-pot-rasufla-usor-guvernul-a-aprobat-moratoriul\\\/\"},\"author\":{\"name\":\"admin\",\"@id\":\"https:\\\/\\\/www.btv.md\\\/#\\\/schema\\\/person\\\/8fadce81561b3ce2c34c46dadc4ccbf2\"},\"headline\":\"AGEN\u021aII ECONOMICI POT R\u0102SUFLA U\u0218OR, GUVERNUL A APROBAT MORATORIUL\",\"datePublished\":\"2016-02-04T10:01:56+00:00\",\"mainEntityOfPage\":{\"@id\":\"https:\\\/\\\/www.btv.md\\\/ro\\\/agentii-economici-pot-rasufla-usor-guvernul-a-aprobat-moratoriul\\\/\"},\"wordCount\":356,\"image\":{\"@id\":\"https:\\\/\\\/www.btv.md\\\/ro\\\/agentii-economici-pot-rasufla-usor-guvernul-a-aprobat-moratoriul\\\/#primaryimage\"},\"thumbnailUrl\":\"https:\\\/\\\/www.btv.md\\\/wp-content\\\/uploads\\\/2016\\\/02\\\/big-agen-tii-economici-scuti-ti-de-inspec-tii-pentru-trei-luni.jpg\",\"articleSection\":[\"Economie\"],\"inLanguage\":\"ro-RO\"},{\"@type\":\"WebPage\",\"@id\":\"https:\\\/\\\/www.btv.md\\\/ro\\\/agentii-economici-pot-rasufla-usor-guvernul-a-aprobat-moratoriul\\\/\",\"url\":\"https:\\\/\\\/www.btv.md\\\/ro\\\/agentii-economici-pot-rasufla-usor-guvernul-a-aprobat-moratoriul\\\/\",\"name\":\"AGEN\u021aII ECONOMICI POT R\u0102SUFLA U\u0218OR, GUVERNUL A APROBAT MORATORIUL - BTV\",\"isPartOf\":{\"@id\":\"https:\\\/\\\/www.btv.md\\\/#website\"},\"primaryImageOfPage\":{\"@id\":\"https:\\\/\\\/www.btv.md\\\/ro\\\/agentii-economici-pot-rasufla-usor-guvernul-a-aprobat-moratoriul\\\/#primaryimage\"},\"image\":{\"@id\":\"https:\\\/\\\/www.btv.md\\\/ro\\\/agentii-economici-pot-rasufla-usor-guvernul-a-aprobat-moratoriul\\\/#primaryimage\"},\"thumbnailUrl\":\"https:\\\/\\\/www.btv.md\\\/wp-content\\\/uploads\\\/2016\\\/02\\\/big-agen-tii-economici-scuti-ti-de-inspec-tii-pentru-trei-luni.jpg\",\"datePublished\":\"2016-02-04T10:01:56+00:00\",\"author\":{\"@id\":\"https:\\\/\\\/www.btv.md\\\/#\\\/schema\\\/person\\\/8fadce81561b3ce2c34c46dadc4ccbf2\"},\"inLanguage\":\"ro-RO\",\"potentialAction\":[{\"@type\":\"ReadAction\",\"target\":[\"https:\\\/\\\/www.btv.md\\\/ro\\\/agentii-economici-pot-rasufla-usor-guvernul-a-aprobat-moratoriul\\\/\"]}]},{\"@type\":\"ImageObject\",\"inLanguage\":\"ro-RO\",\"@id\":\"https:\\\/\\\/www.btv.md\\\/ro\\\/agentii-economici-pot-rasufla-usor-guvernul-a-aprobat-moratoriul\\\/#primaryimage\",\"url\":\"https:\\\/\\\/www.btv.md\\\/wp-content\\\/uploads\\\/2016\\\/02\\\/big-agen-tii-economici-scuti-ti-de-inspec-tii-pentru-trei-luni.jpg\",\"contentUrl\":\"https:\\\/\\\/www.btv.md\\\/wp-content\\\/uploads\\\/2016\\\/02\\\/big-agen-tii-economici-scuti-ti-de-inspec-tii-pentru-trei-luni.jpg\",\"width\":530,\"height\":353,\"caption\":\"www.trm.md\"},{\"@type\":\"WebSite\",\"@id\":\"https:\\\/\\\/www.btv.md\\\/#website\",\"url\":\"https:\\\/\\\/www.btv.md\\\/\",\"name\":\"BTV\",\"description\":\"\u0411\u0435\u043b\u044c\u0446\u043a\u043e\u0435 \u0442\u0435\u043b\u0435\u0432\u0438\u0434\u0435\u043d\u0438\u0435\",\"potentialAction\":[{\"@type\":\"SearchAction\",\"target\":{\"@type\":\"EntryPoint\",\"urlTemplate\":\"https:\\\/\\\/www.btv.md\\\/?s={search_term_string}\"},\"query-input\":{\"@type\":\"PropertyValueSpecification\",\"valueRequired\":true,\"valueName\":\"search_term_string\"}}],\"inLanguage\":\"ro-RO\"},{\"@type\":\"Person\",\"@id\":\"https:\\\/\\\/www.btv.md\\\/#\\\/schema\\\/person\\\/8fadce81561b3ce2c34c46dadc4ccbf2\",\"name\":\"admin\"}]}<\/script>\n<!-- \/ Yoast SEO plugin. -->","yoast_head_json":{"title":"AGEN\u021aII ECONOMICI POT R\u0102SUFLA U\u0218OR, GUVERNUL A APROBAT MORATORIUL - BTV","robots":{"index":"index","follow":"follow","max-snippet":"max-snippet:-1","max-image-preview":"max-image-preview:large","max-video-preview":"max-video-preview:-1"},"canonical":"https:\/\/www.btv.md\/ro\/agentii-economici-pot-rasufla-usor-guvernul-a-aprobat-moratoriul\/","og_locale":"ro_RO","og_type":"article","og_title":"AGEN\u021aII ECONOMICI POT R\u0102SUFLA U\u0218OR, GUVERNUL A APROBAT MORATORIUL - BTV","og_description":"Proiectul de Lege cu privire la introducerea moratoriului asupra controlului de stat, a fost aprobat de Guvern. Acesta va fi aplicat pe un termen de trei luni \u0219i va permite asigurarea unui cadru favorabil dezvolt\u0103rii mediului de afaceri, optimiz\u0103rii legislative \u015fi institu\u0163ionale a controalelor de stat. Prim-ministrul Republicii Moldova, Pavel Filip a men\u0163ionat, \u00een acest [&hellip;]","og_url":"https:\/\/www.btv.md\/ro\/agentii-economici-pot-rasufla-usor-guvernul-a-aprobat-moratoriul\/","og_site_name":"BTV","article_publisher":"https:\/\/www.facebook.com\/btvmoldova\/","article_published_time":"2016-02-04T10:01:56+00:00","og_image":[{"width":530,"height":353,"url":"https:\/\/www.btv.md\/wp-content\/uploads\/2016\/02\/big-agen-tii-economici-scuti-ti-de-inspec-tii-pentru-trei-luni.jpg","type":"image\/jpeg"}],"author":"admin","twitter_misc":{"Scris de":"admin","Timp estimat pentru citire":"2 minute"},"schema":{"@context":"https:\/\/schema.org","@graph":[{"@type":"Article","@id":"https:\/\/www.btv.md\/ro\/agentii-economici-pot-rasufla-usor-guvernul-a-aprobat-moratoriul\/#article","isPartOf":{"@id":"https:\/\/www.btv.md\/ro\/agentii-economici-pot-rasufla-usor-guvernul-a-aprobat-moratoriul\/"},"author":{"name":"admin","@id":"https:\/\/www.btv.md\/#\/schema\/person\/8fadce81561b3ce2c34c46dadc4ccbf2"},"headline":"AGEN\u021aII ECONOMICI POT R\u0102SUFLA U\u0218OR, GUVERNUL A APROBAT MORATORIUL","datePublished":"2016-02-04T10:01:56+00:00","mainEntityOfPage":{"@id":"https:\/\/www.btv.md\/ro\/agentii-economici-pot-rasufla-usor-guvernul-a-aprobat-moratoriul\/"},"wordCount":356,"image":{"@id":"https:\/\/www.btv.md\/ro\/agentii-economici-pot-rasufla-usor-guvernul-a-aprobat-moratoriul\/#primaryimage"},"thumbnailUrl":"https:\/\/www.btv.md\/wp-content\/uploads\/2016\/02\/big-agen-tii-economici-scuti-ti-de-inspec-tii-pentru-trei-luni.jpg","articleSection":["Economie"],"inLanguage":"ro-RO"},{"@type":"WebPage","@id":"https:\/\/www.btv.md\/ro\/agentii-economici-pot-rasufla-usor-guvernul-a-aprobat-moratoriul\/","url":"https:\/\/www.btv.md\/ro\/agentii-economici-pot-rasufla-usor-guvernul-a-aprobat-moratoriul\/","name":"AGEN\u021aII ECONOMICI POT R\u0102SUFLA U\u0218OR, GUVERNUL A APROBAT MORATORIUL - BTV","isPartOf":{"@id":"https:\/\/www.btv.md\/#website"},"primaryImageOfPage":{"@id":"https:\/\/www.btv.md\/ro\/agentii-economici-pot-rasufla-usor-guvernul-a-aprobat-moratoriul\/#primaryimage"},"image":{"@id":"https:\/\/www.btv.md\/ro\/agentii-economici-pot-rasufla-usor-guvernul-a-aprobat-moratoriul\/#primaryimage"},"thumbnailUrl":"https:\/\/www.btv.md\/wp-content\/uploads\/2016\/02\/big-agen-tii-economici-scuti-ti-de-inspec-tii-pentru-trei-luni.jpg","datePublished":"2016-02-04T10:01:56+00:00","author":{"@id":"https:\/\/www.btv.md\/#\/schema\/person\/8fadce81561b3ce2c34c46dadc4ccbf2"},"inLanguage":"ro-RO","potentialAction":[{"@type":"ReadAction","target":["https:\/\/www.btv.md\/ro\/agentii-economici-pot-rasufla-usor-guvernul-a-aprobat-moratoriul\/"]}]},{"@type":"ImageObject","inLanguage":"ro-RO","@id":"https:\/\/www.btv.md\/ro\/agentii-economici-pot-rasufla-usor-guvernul-a-aprobat-moratoriul\/#primaryimage","url":"https:\/\/www.btv.md\/wp-content\/uploads\/2016\/02\/big-agen-tii-economici-scuti-ti-de-inspec-tii-pentru-trei-luni.jpg","contentUrl":"https:\/\/www.btv.md\/wp-content\/uploads\/2016\/02\/big-agen-tii-economici-scuti-ti-de-inspec-tii-pentru-trei-luni.jpg","width":530,"height":353,"caption":"www.trm.md"},{"@type":"WebSite","@id":"https:\/\/www.btv.md\/#website","url":"https:\/\/www.btv.md\/","name":"BTV","description":"\u0411\u0435\u043b\u044c\u0446\u043a\u043e\u0435 \u0442\u0435\u043b\u0435\u0432\u0438\u0434\u0435\u043d\u0438\u0435","potentialAction":[{"@type":"SearchAction","target":{"@type":"EntryPoint","urlTemplate":"https:\/\/www.btv.md\/?s={search_term_string}"},"query-input":{"@type":"PropertyValueSpecification","valueRequired":true,"valueName":"search_term_string"}}],"inLanguage":"ro-RO"},{"@type":"Person","@id":"https:\/\/www.btv.md\/#\/schema\/person\/8fadce81561b3ce2c34c46dadc4ccbf2","name":"admin"}]}},"_links":{"self":[{"href":"https:\/\/www.btv.md\/ro\/wp-json\/wp\/v2\/posts\/6626","targetHints":{"allow":["GET"]}}],"collection":[{"href":"https:\/\/www.btv.md\/ro\/wp-json\/wp\/v2\/posts"}],"about":[{"href":"https:\/\/www.btv.md\/ro\/wp-json\/wp\/v2\/types\/post"}],"author":[{"embeddable":true,"href":"https:\/\/www.btv.md\/ro\/wp-json\/wp\/v2\/users\/4"}],"replies":[{"embeddable":true,"href":"https:\/\/www.btv.md\/ro\/wp-json\/wp\/v2\/comments?post=6626"}],"version-history":[{"count":0,"href":"https:\/\/www.btv.md\/ro\/wp-json\/wp\/v2\/posts\/6626\/revisions"}],"wp:featuredmedia":[{"embeddable":true,"href":"https:\/\/www.btv.md\/ro\/wp-json\/wp\/v2\/media\/6627"}],"wp:attachment":[{"href":"https:\/\/www.btv.md\/ro\/wp-json\/wp\/v2\/media?parent=6626"}],"wp:term":[{"taxonomy":"category","embeddable":true,"href":"https:\/\/www.btv.md\/ro\/wp-json\/wp\/v2\/categories?post=6626"},{"taxonomy":"post_tag","embeddable":true,"href":"https:\/\/www.btv.md\/ro\/wp-json\/wp\/v2\/tags?post=6626"}],"curies":[{"name":"wp","href":"https:\/\/api.w.org\/{rel}","templated":true}]}}