{"id":6642,"date":"2016-02-04T17:30:06","date_gmt":"2016-02-04T14:30:06","guid":{"rendered":"http:\/\/btv.md\/?p=6642"},"modified":"2016-02-04T17:30:06","modified_gmt":"2016-02-04T14:30:06","slug":"forumul-civic-a-inaitat-guvernului-lista-cu-revendicari","status":"publish","type":"post","link":"https:\/\/www.btv.md\/ro\/forumul-civic-a-inaitat-guvernului-lista-cu-revendicari\/","title":{"rendered":"FORUMUL CIVIC A \u00ceNAITAT GUVERNULUI LISTA CU REVENDIC\u0102RI"},"content":{"rendered":"<p><strong>Forumul Civic, format din reprezentan\u021bii ai societ\u0103\u021bii civile, ai protestatarilor, partidelor extraparlamentare \u0219i de opozi\u021bie, au prezentat joi o rezolu\u021bie, pe care o vor \u00eenainta guvern\u0103rii, \u00een vederea \u00eendeplinirii revendic\u0103rilor \u00een termen de 30 de zile.<\/strong><\/p>\n<p>Printre condi\u021biile \u00eenaitate de Forum sunt: modifcarea cadrului legislativ \u00een domeniul sistemului bancar \u0219i a Codului Penal \u00een vederea elimin\u0103rii riscurilor de fraudare a b\u0103ncilor, slectarea Guvernatorului \u0219i a viceguvernatorilor B\u0103ncii Na\u021bionale \u00een cadrul unui concurs international.<\/p>\n<p>\u201e<em>Sporirea independen\u021bei \u0219i anularea posibilit\u0103\u021bii instan\u021belor de judecat\u0103 \u0219i a Ministerului Justi\u021biei s\u0103 bloccheze deciziile BNM \u0219i CNPF. interzicerea oric\u0103ror interac\u021biuni \u00eentre b\u0103nci \u0219i companii offshore<\/em>.\u201d <\/p>\n<p>Pe l\u00e2ng\u0103 depolitizarea sectorului bancar \u0219i a institu\u021biilor de for\u021b\u0103 precum CNA \u0219i Procuratura General\u0103, reprezentan\u021bi forumului solicit\u0103 actualei guvern\u0103ri s\u0103 preg\u0103teasc\u0103 desf\u0103\u0219urarea alegerilor parlamentare anticipate \u00eentr-un cadru \u201edemocratic \u0219i echitabil\u201d.<\/p>\n<p>\u201d<em>Degradarea sectorului bancar continua. \u00centreprinderile de stat  sunt exploatate \u00een scopuri personale \u0219i de partid. Cinismul \u0219i lipsa de de respect fa\u021b\u0103 de proprii cet\u0103\u021beni a luat propor\u021bii inemaginabile. \u00cen aceste circumstan\u021be singura solu\u021bie este pentru a repune institu\u021biile statului \u00een serviciul cet\u0103\u021benilor este organizarea alegerilor parlamentare anticipate<\/em>.\u201d<\/p>\n<p>Dac\u0103 reprezentan\u021bii actualei guvern\u0103ri nu vor respecta propunerile reprezentan\u021bilor societ\u0103\u021bii civil, ace\u0219tia \u00ee\u0219i rezerv\u0103 dreptul de a protesta \u00een continuare, pentru a pune presiune pe actuala guvernare \u00een vederea realiz\u0103rii solicit\u0103rilor.<\/p>\n<p>De asemenea \u00een lista cu revendic\u0103ri au fost incluse  \u0219i identificarea solu\u021biei pentru alegerea pre\u0219edintelui de \u00eentreg poporul, \u00eencetarea persecu\u021biilor, inclusiv a urm\u0103ririi penale a protestatrilor \u0219i eberarea de\u021binu\u021bilor politici, grupul Petrenco.<\/p>\n<p><iframe width=\"420\" height=\"315\" data-src=\"https:\/\/www.youtube.com\/embed\/xvQ6OJiHXp4\" frameborder=\"0\" allowfullscreen src=\"data:image\/svg+xml;base64,PHN2ZyB3aWR0aD0iMSIgaGVpZ2h0PSIxIiB4bWxucz0iaHR0cDovL3d3dy53My5vcmcvMjAwMC9zdmciPjwvc3ZnPg==\" class=\"lazyload\" data-load-mode=\"1\"><\/iframe><\/p>\n","protected":false},"excerpt":{"rendered":"<p>Forumul Civic, format din reprezentan\u021bii ai societ\u0103\u021bii civile, ai protestatarilor, partidelor extraparlamentare \u0219i de opozi\u021bie, au prezentat joi o rezolu\u021bie, pe care o vor \u00eenainta guvern\u0103rii, \u00een vederea \u00eendeplinirii revendic\u0103rilor \u00een termen de 30 de zile. Printre condi\u021biile \u00eenaitate de Forum sunt: modifcarea cadrului legislativ \u00een domeniul sistemului bancar \u0219i a Codului Penal \u00een vederea [&hellip;]<\/p>\n","protected":false},"author":4,"featured_media":6643,"comment_status":"closed","ping_status":"closed","sticky":false,"template":"","format":"standard","meta":{"footnotes":""},"categories":[6349],"tags":[],"class_list":["post-6642","post","type-post","status-publish","format-standard","has-post-thumbnail","hentry","category-social"],"yoast_head":"<!-- This site is optimized with the Yoast SEO plugin v27.4 - https:\/\/yoast.com\/product\/yoast-seo-wordpress\/ -->\n<title>FORUMUL CIVIC A \u00ceNAITAT GUVERNULUI LISTA CU REVENDIC\u0102RI - BTV<\/title>\n<meta name=\"robots\" content=\"index, follow, max-snippet:-1, max-image-preview:large, max-video-preview:-1\" \/>\n<link rel=\"canonical\" href=\"https:\/\/www.btv.md\/ro\/forumul-civic-a-inaitat-guvernului-lista-cu-revendicari\/\" \/>\n<meta property=\"og:locale\" content=\"ro_RO\" \/>\n<meta property=\"og:type\" content=\"article\" \/>\n<meta property=\"og:title\" content=\"FORUMUL CIVIC A \u00ceNAITAT GUVERNULUI LISTA CU REVENDIC\u0102RI - BTV\" \/>\n<meta property=\"og:description\" content=\"Forumul Civic, format din reprezentan\u021bii ai societ\u0103\u021bii civile, ai protestatarilor, partidelor extraparlamentare \u0219i de opozi\u021bie, au prezentat joi o rezolu\u021bie, pe care o vor \u00eenainta guvern\u0103rii, \u00een vederea \u00eendeplinirii revendic\u0103rilor \u00een termen de 30 de zile. Printre condi\u021biile \u00eenaitate de Forum sunt: modifcarea cadrului legislativ \u00een domeniul sistemului bancar \u0219i a Codului Penal \u00een vederea [&hellip;]\" \/>\n<meta property=\"og:url\" content=\"https:\/\/www.btv.md\/ro\/forumul-civic-a-inaitat-guvernului-lista-cu-revendicari\/\" \/>\n<meta property=\"og:site_name\" content=\"BTV\" \/>\n<meta property=\"article:publisher\" content=\"https:\/\/www.facebook.com\/btvmoldova\/\" \/>\n<meta property=\"article:published_time\" content=\"2016-02-04T14:30:06+00:00\" \/>\n<meta property=\"og:image\" content=\"https:\/\/www.btv.md\/wp-content\/uploads\/2016\/02\/1454578549_for-civic-586x319.jpg\" \/>\n\t<meta property=\"og:image:width\" content=\"586\" \/>\n\t<meta property=\"og:image:height\" content=\"319\" \/>\n\t<meta property=\"og:image:type\" content=\"image\/jpeg\" \/>\n<meta name=\"author\" content=\"admin\" \/>\n<meta name=\"twitter:label1\" content=\"Scris de\" \/>\n\t<meta name=\"twitter:data1\" content=\"admin\" \/>\n\t<meta name=\"twitter:label2\" content=\"Timp estimat pentru citire\" \/>\n\t<meta name=\"twitter:data2\" content=\"1 minut\" \/>\n<script type=\"application\/ld+json\" class=\"yoast-schema-graph\">{\"@context\":\"https:\\\/\\\/schema.org\",\"@graph\":[{\"@type\":\"Article\",\"@id\":\"https:\\\/\\\/www.btv.md\\\/ro\\\/forumul-civic-a-inaitat-guvernului-lista-cu-revendicari\\\/#article\",\"isPartOf\":{\"@id\":\"https:\\\/\\\/www.btv.md\\\/ro\\\/forumul-civic-a-inaitat-guvernului-lista-cu-revendicari\\\/\"},\"author\":{\"name\":\"admin\",\"@id\":\"https:\\\/\\\/www.btv.md\\\/#\\\/schema\\\/person\\\/8fadce81561b3ce2c34c46dadc4ccbf2\"},\"headline\":\"FORUMUL CIVIC A \u00ceNAITAT GUVERNULUI LISTA CU REVENDIC\u0102RI\",\"datePublished\":\"2016-02-04T14:30:06+00:00\",\"mainEntityOfPage\":{\"@id\":\"https:\\\/\\\/www.btv.md\\\/ro\\\/forumul-civic-a-inaitat-guvernului-lista-cu-revendicari\\\/\"},\"wordCount\":293,\"image\":{\"@id\":\"https:\\\/\\\/www.btv.md\\\/ro\\\/forumul-civic-a-inaitat-guvernului-lista-cu-revendicari\\\/#primaryimage\"},\"thumbnailUrl\":\"https:\\\/\\\/www.btv.md\\\/wp-content\\\/uploads\\\/2016\\\/02\\\/1454578549_for-civic-586x319.jpg\",\"articleSection\":[\"Social\"],\"inLanguage\":\"ro-RO\"},{\"@type\":\"WebPage\",\"@id\":\"https:\\\/\\\/www.btv.md\\\/ro\\\/forumul-civic-a-inaitat-guvernului-lista-cu-revendicari\\\/\",\"url\":\"https:\\\/\\\/www.btv.md\\\/ro\\\/forumul-civic-a-inaitat-guvernului-lista-cu-revendicari\\\/\",\"name\":\"FORUMUL CIVIC A \u00ceNAITAT GUVERNULUI LISTA CU REVENDIC\u0102RI - BTV\",\"isPartOf\":{\"@id\":\"https:\\\/\\\/www.btv.md\\\/#website\"},\"primaryImageOfPage\":{\"@id\":\"https:\\\/\\\/www.btv.md\\\/ro\\\/forumul-civic-a-inaitat-guvernului-lista-cu-revendicari\\\/#primaryimage\"},\"image\":{\"@id\":\"https:\\\/\\\/www.btv.md\\\/ro\\\/forumul-civic-a-inaitat-guvernului-lista-cu-revendicari\\\/#primaryimage\"},\"thumbnailUrl\":\"https:\\\/\\\/www.btv.md\\\/wp-content\\\/uploads\\\/2016\\\/02\\\/1454578549_for-civic-586x319.jpg\",\"datePublished\":\"2016-02-04T14:30:06+00:00\",\"author\":{\"@id\":\"https:\\\/\\\/www.btv.md\\\/#\\\/schema\\\/person\\\/8fadce81561b3ce2c34c46dadc4ccbf2\"},\"inLanguage\":\"ro-RO\",\"potentialAction\":[{\"@type\":\"ReadAction\",\"target\":[\"https:\\\/\\\/www.btv.md\\\/ro\\\/forumul-civic-a-inaitat-guvernului-lista-cu-revendicari\\\/\"]}]},{\"@type\":\"ImageObject\",\"inLanguage\":\"ro-RO\",\"@id\":\"https:\\\/\\\/www.btv.md\\\/ro\\\/forumul-civic-a-inaitat-guvernului-lista-cu-revendicari\\\/#primaryimage\",\"url\":\"https:\\\/\\\/www.btv.md\\\/wp-content\\\/uploads\\\/2016\\\/02\\\/1454578549_for-civic-586x319.jpg\",\"contentUrl\":\"https:\\\/\\\/www.btv.md\\\/wp-content\\\/uploads\\\/2016\\\/02\\\/1454578549_for-civic-586x319.jpg\",\"width\":586,\"height\":319,\"caption\":\"http:\\\/\\\/independent.md\\\/\"},{\"@type\":\"WebSite\",\"@id\":\"https:\\\/\\\/www.btv.md\\\/#website\",\"url\":\"https:\\\/\\\/www.btv.md\\\/\",\"name\":\"BTV\",\"description\":\"\u0411\u0435\u043b\u044c\u0446\u043a\u043e\u0435 \u0442\u0435\u043b\u0435\u0432\u0438\u0434\u0435\u043d\u0438\u0435\",\"potentialAction\":[{\"@type\":\"SearchAction\",\"target\":{\"@type\":\"EntryPoint\",\"urlTemplate\":\"https:\\\/\\\/www.btv.md\\\/?s={search_term_string}\"},\"query-input\":{\"@type\":\"PropertyValueSpecification\",\"valueRequired\":true,\"valueName\":\"search_term_string\"}}],\"inLanguage\":\"ro-RO\"},{\"@type\":\"Person\",\"@id\":\"https:\\\/\\\/www.btv.md\\\/#\\\/schema\\\/person\\\/8fadce81561b3ce2c34c46dadc4ccbf2\",\"name\":\"admin\"}]}<\/script>\n<!-- \/ Yoast SEO plugin. -->","yoast_head_json":{"title":"FORUMUL CIVIC A \u00ceNAITAT GUVERNULUI LISTA CU REVENDIC\u0102RI - BTV","robots":{"index":"index","follow":"follow","max-snippet":"max-snippet:-1","max-image-preview":"max-image-preview:large","max-video-preview":"max-video-preview:-1"},"canonical":"https:\/\/www.btv.md\/ro\/forumul-civic-a-inaitat-guvernului-lista-cu-revendicari\/","og_locale":"ro_RO","og_type":"article","og_title":"FORUMUL CIVIC A \u00ceNAITAT GUVERNULUI LISTA CU REVENDIC\u0102RI - BTV","og_description":"Forumul Civic, format din reprezentan\u021bii ai societ\u0103\u021bii civile, ai protestatarilor, partidelor extraparlamentare \u0219i de opozi\u021bie, au prezentat joi o rezolu\u021bie, pe care o vor \u00eenainta guvern\u0103rii, \u00een vederea \u00eendeplinirii revendic\u0103rilor \u00een termen de 30 de zile. Printre condi\u021biile \u00eenaitate de Forum sunt: modifcarea cadrului legislativ \u00een domeniul sistemului bancar \u0219i a Codului Penal \u00een vederea [&hellip;]","og_url":"https:\/\/www.btv.md\/ro\/forumul-civic-a-inaitat-guvernului-lista-cu-revendicari\/","og_site_name":"BTV","article_publisher":"https:\/\/www.facebook.com\/btvmoldova\/","article_published_time":"2016-02-04T14:30:06+00:00","og_image":[{"width":586,"height":319,"url":"https:\/\/www.btv.md\/wp-content\/uploads\/2016\/02\/1454578549_for-civic-586x319.jpg","type":"image\/jpeg"}],"author":"admin","twitter_misc":{"Scris de":"admin","Timp estimat pentru citire":"1 minut"},"schema":{"@context":"https:\/\/schema.org","@graph":[{"@type":"Article","@id":"https:\/\/www.btv.md\/ro\/forumul-civic-a-inaitat-guvernului-lista-cu-revendicari\/#article","isPartOf":{"@id":"https:\/\/www.btv.md\/ro\/forumul-civic-a-inaitat-guvernului-lista-cu-revendicari\/"},"author":{"name":"admin","@id":"https:\/\/www.btv.md\/#\/schema\/person\/8fadce81561b3ce2c34c46dadc4ccbf2"},"headline":"FORUMUL CIVIC A \u00ceNAITAT GUVERNULUI LISTA CU REVENDIC\u0102RI","datePublished":"2016-02-04T14:30:06+00:00","mainEntityOfPage":{"@id":"https:\/\/www.btv.md\/ro\/forumul-civic-a-inaitat-guvernului-lista-cu-revendicari\/"},"wordCount":293,"image":{"@id":"https:\/\/www.btv.md\/ro\/forumul-civic-a-inaitat-guvernului-lista-cu-revendicari\/#primaryimage"},"thumbnailUrl":"https:\/\/www.btv.md\/wp-content\/uploads\/2016\/02\/1454578549_for-civic-586x319.jpg","articleSection":["Social"],"inLanguage":"ro-RO"},{"@type":"WebPage","@id":"https:\/\/www.btv.md\/ro\/forumul-civic-a-inaitat-guvernului-lista-cu-revendicari\/","url":"https:\/\/www.btv.md\/ro\/forumul-civic-a-inaitat-guvernului-lista-cu-revendicari\/","name":"FORUMUL CIVIC A \u00ceNAITAT GUVERNULUI LISTA CU REVENDIC\u0102RI - BTV","isPartOf":{"@id":"https:\/\/www.btv.md\/#website"},"primaryImageOfPage":{"@id":"https:\/\/www.btv.md\/ro\/forumul-civic-a-inaitat-guvernului-lista-cu-revendicari\/#primaryimage"},"image":{"@id":"https:\/\/www.btv.md\/ro\/forumul-civic-a-inaitat-guvernului-lista-cu-revendicari\/#primaryimage"},"thumbnailUrl":"https:\/\/www.btv.md\/wp-content\/uploads\/2016\/02\/1454578549_for-civic-586x319.jpg","datePublished":"2016-02-04T14:30:06+00:00","author":{"@id":"https:\/\/www.btv.md\/#\/schema\/person\/8fadce81561b3ce2c34c46dadc4ccbf2"},"inLanguage":"ro-RO","potentialAction":[{"@type":"ReadAction","target":["https:\/\/www.btv.md\/ro\/forumul-civic-a-inaitat-guvernului-lista-cu-revendicari\/"]}]},{"@type":"ImageObject","inLanguage":"ro-RO","@id":"https:\/\/www.btv.md\/ro\/forumul-civic-a-inaitat-guvernului-lista-cu-revendicari\/#primaryimage","url":"https:\/\/www.btv.md\/wp-content\/uploads\/2016\/02\/1454578549_for-civic-586x319.jpg","contentUrl":"https:\/\/www.btv.md\/wp-content\/uploads\/2016\/02\/1454578549_for-civic-586x319.jpg","width":586,"height":319,"caption":"http:\/\/independent.md\/"},{"@type":"WebSite","@id":"https:\/\/www.btv.md\/#website","url":"https:\/\/www.btv.md\/","name":"BTV","description":"\u0411\u0435\u043b\u044c\u0446\u043a\u043e\u0435 \u0442\u0435\u043b\u0435\u0432\u0438\u0434\u0435\u043d\u0438\u0435","potentialAction":[{"@type":"SearchAction","target":{"@type":"EntryPoint","urlTemplate":"https:\/\/www.btv.md\/?s={search_term_string}"},"query-input":{"@type":"PropertyValueSpecification","valueRequired":true,"valueName":"search_term_string"}}],"inLanguage":"ro-RO"},{"@type":"Person","@id":"https:\/\/www.btv.md\/#\/schema\/person\/8fadce81561b3ce2c34c46dadc4ccbf2","name":"admin"}]}},"_links":{"self":[{"href":"https:\/\/www.btv.md\/ro\/wp-json\/wp\/v2\/posts\/6642","targetHints":{"allow":["GET"]}}],"collection":[{"href":"https:\/\/www.btv.md\/ro\/wp-json\/wp\/v2\/posts"}],"about":[{"href":"https:\/\/www.btv.md\/ro\/wp-json\/wp\/v2\/types\/post"}],"author":[{"embeddable":true,"href":"https:\/\/www.btv.md\/ro\/wp-json\/wp\/v2\/users\/4"}],"replies":[{"embeddable":true,"href":"https:\/\/www.btv.md\/ro\/wp-json\/wp\/v2\/comments?post=6642"}],"version-history":[{"count":0,"href":"https:\/\/www.btv.md\/ro\/wp-json\/wp\/v2\/posts\/6642\/revisions"}],"wp:featuredmedia":[{"embeddable":true,"href":"https:\/\/www.btv.md\/ro\/wp-json\/wp\/v2\/media\/6643"}],"wp:attachment":[{"href":"https:\/\/www.btv.md\/ro\/wp-json\/wp\/v2\/media?parent=6642"}],"wp:term":[{"taxonomy":"category","embeddable":true,"href":"https:\/\/www.btv.md\/ro\/wp-json\/wp\/v2\/categories?post=6642"},{"taxonomy":"post_tag","embeddable":true,"href":"https:\/\/www.btv.md\/ro\/wp-json\/wp\/v2\/tags?post=6642"}],"curies":[{"name":"wp","href":"https:\/\/api.w.org\/{rel}","templated":true}]}}