{"id":6668,"date":"2016-02-05T12:22:52","date_gmt":"2016-02-05T09:22:52","guid":{"rendered":"http:\/\/btv.md\/?p=6668"},"modified":"2016-02-05T12:22:52","modified_gmt":"2016-02-05T09:22:52","slug":"guvernul-a-aprobat-modificari-la-codul-muncii","status":"publish","type":"post","link":"https:\/\/www.btv.md\/ro\/guvernul-a-aprobat-modificari-la-codul-muncii\/","title":{"rendered":"GUVERNUL  A  APROBAT  MODIFIC\u0102RI LA  CODUL  MUNCII"},"content":{"rendered":"<p><strong>\u00cen Codul muncii va fi introdus un articol privind principiul nediscrimin\u0103rii angaja\u0163ilor pe toat\u0103 durata contractului de munc\u0103. Potrivit agen\u0163iei <a href=\"http:\/\/www.infotag.md\/economics-ro\/217520\/\" target=\"_blank\">\u201eINFOTAG\u201d<\/a>, astfel prev\u0103d complet\u0103rile \u015fi modific\u0103rile la Codul muncii aprobate miercuri la \u015fedin\u0163a Guvernului.<\/strong><\/p>\n<p>Conform modific\u0103rilor, angajatorul va fi obligat s\u0103 informeze candidatul despre durata zilei \u015fi s\u0103pt\u0103m\u00e2nii de munc\u0103, precum \u015fi despre termenul de probare, care trebuie respectat de angajator \u015fi angajat \u00een cazul \u00eencet\u0103rii activit\u0103\u0163ii. Candidatul trebuie s\u0103 se familiarizeze at\u00e2t cu contractul colectiv de munc\u0103, c\u00e2t \u015fi cu cel individual. <\/p>\n<p>Conform principiului nediscrimin\u0103rii, care urmeaz\u0103 a fi introdus \u00een legisla\u0163ie, \u201e<em>angajatorul este obligat s\u0103 asigure angaja\u0163ilor acces la locuri permanente de munc\u0103 \u00een condi\u0163ii egale, precum \u015fi s\u0103 creeze condi\u0163ii necesare pentru instruirea profesional\u0103 a acestora<\/em>\u201d. <\/p>\n<p>Prezent\u00e2nd proiectul de lege, care a fost expediat pentru examinare \u00een Parlament, ministrul Muncii, Protec\u0163iei Sociale \u015fi Familiei, Silvia Grigora\u015f, a informat c\u0103 \u201e<em>vizeaz\u0103 ajustarea legisla\u0163iei na\u0163ionale la practica interna\u0163ional\u0103 \u00een domeniul raporturilor de munc\u0103<\/em>\u201d. <\/p>\n","protected":false},"excerpt":{"rendered":"<p>\u00cen Codul muncii va fi introdus un articol privind principiul nediscrimin\u0103rii angaja\u0163ilor pe toat\u0103 durata contractului de munc\u0103. Potrivit agen\u0163iei \u201eINFOTAG\u201d, astfel prev\u0103d complet\u0103rile \u015fi modific\u0103rile la Codul muncii aprobate miercuri la \u015fedin\u0163a Guvernului. Conform modific\u0103rilor, angajatorul va fi obligat s\u0103 informeze candidatul despre durata zilei \u015fi s\u0103pt\u0103m\u00e2nii de munc\u0103, precum \u015fi despre termenul de [&hellip;]<\/p>\n","protected":false},"author":4,"featured_media":6669,"comment_status":"closed","ping_status":"closed","sticky":false,"template":"","format":"standard","meta":{"footnotes":""},"categories":[6349],"tags":[],"class_list":["post-6668","post","type-post","status-publish","format-standard","has-post-thumbnail","hentry","category-social"],"yoast_head":"<!-- This site is optimized with the Yoast SEO plugin v27.4 - https:\/\/yoast.com\/product\/yoast-seo-wordpress\/ -->\n<title>GUVERNUL A APROBAT MODIFIC\u0102RI LA CODUL MUNCII - BTV<\/title>\n<meta name=\"robots\" content=\"index, follow, max-snippet:-1, max-image-preview:large, max-video-preview:-1\" \/>\n<link rel=\"canonical\" href=\"https:\/\/www.btv.md\/ro\/guvernul-a-aprobat-modificari-la-codul-muncii\/\" \/>\n<meta property=\"og:locale\" content=\"ro_RO\" \/>\n<meta property=\"og:type\" content=\"article\" \/>\n<meta property=\"og:title\" content=\"GUVERNUL A APROBAT MODIFIC\u0102RI LA CODUL MUNCII - BTV\" \/>\n<meta property=\"og:description\" content=\"\u00cen Codul muncii va fi introdus un articol privind principiul nediscrimin\u0103rii angaja\u0163ilor pe toat\u0103 durata contractului de munc\u0103. Potrivit agen\u0163iei \u201eINFOTAG\u201d, astfel prev\u0103d complet\u0103rile \u015fi modific\u0103rile la Codul muncii aprobate miercuri la \u015fedin\u0163a Guvernului. Conform modific\u0103rilor, angajatorul va fi obligat s\u0103 informeze candidatul despre durata zilei \u015fi s\u0103pt\u0103m\u00e2nii de munc\u0103, precum \u015fi despre termenul de [&hellip;]\" \/>\n<meta property=\"og:url\" content=\"https:\/\/www.btv.md\/ro\/guvernul-a-aprobat-modificari-la-codul-muncii\/\" \/>\n<meta property=\"og:site_name\" content=\"BTV\" \/>\n<meta property=\"article:publisher\" content=\"https:\/\/www.facebook.com\/btvmoldova\/\" \/>\n<meta property=\"article:published_time\" content=\"2016-02-05T09:22:52+00:00\" \/>\n<meta property=\"og:image\" content=\"https:\/\/www.btv.md\/wp-content\/uploads\/2016\/02\/125951.jpg\" \/>\n\t<meta property=\"og:image:width\" content=\"1000\" \/>\n\t<meta property=\"og:image:height\" content=\"541\" \/>\n\t<meta property=\"og:image:type\" content=\"image\/jpeg\" \/>\n<meta name=\"author\" content=\"admin\" \/>\n<meta name=\"twitter:label1\" content=\"Scris de\" \/>\n\t<meta name=\"twitter:data1\" content=\"admin\" \/>\n\t<meta name=\"twitter:label2\" content=\"Timp estimat pentru citire\" \/>\n\t<meta name=\"twitter:data2\" content=\"1 minut\" \/>\n<script type=\"application\/ld+json\" class=\"yoast-schema-graph\">{\"@context\":\"https:\\\/\\\/schema.org\",\"@graph\":[{\"@type\":\"Article\",\"@id\":\"https:\\\/\\\/www.btv.md\\\/ro\\\/guvernul-a-aprobat-modificari-la-codul-muncii\\\/#article\",\"isPartOf\":{\"@id\":\"https:\\\/\\\/www.btv.md\\\/ro\\\/guvernul-a-aprobat-modificari-la-codul-muncii\\\/\"},\"author\":{\"name\":\"admin\",\"@id\":\"https:\\\/\\\/www.btv.md\\\/#\\\/schema\\\/person\\\/8fadce81561b3ce2c34c46dadc4ccbf2\"},\"headline\":\"GUVERNUL A APROBAT MODIFIC\u0102RI LA CODUL MUNCII\",\"datePublished\":\"2016-02-05T09:22:52+00:00\",\"mainEntityOfPage\":{\"@id\":\"https:\\\/\\\/www.btv.md\\\/ro\\\/guvernul-a-aprobat-modificari-la-codul-muncii\\\/\"},\"wordCount\":187,\"image\":{\"@id\":\"https:\\\/\\\/www.btv.md\\\/ro\\\/guvernul-a-aprobat-modificari-la-codul-muncii\\\/#primaryimage\"},\"thumbnailUrl\":\"https:\\\/\\\/www.btv.md\\\/wp-content\\\/uploads\\\/2016\\\/02\\\/125951.jpg\",\"articleSection\":[\"Social\"],\"inLanguage\":\"ro-RO\"},{\"@type\":\"WebPage\",\"@id\":\"https:\\\/\\\/www.btv.md\\\/ro\\\/guvernul-a-aprobat-modificari-la-codul-muncii\\\/\",\"url\":\"https:\\\/\\\/www.btv.md\\\/ro\\\/guvernul-a-aprobat-modificari-la-codul-muncii\\\/\",\"name\":\"GUVERNUL A APROBAT MODIFIC\u0102RI LA CODUL MUNCII - BTV\",\"isPartOf\":{\"@id\":\"https:\\\/\\\/www.btv.md\\\/#website\"},\"primaryImageOfPage\":{\"@id\":\"https:\\\/\\\/www.btv.md\\\/ro\\\/guvernul-a-aprobat-modificari-la-codul-muncii\\\/#primaryimage\"},\"image\":{\"@id\":\"https:\\\/\\\/www.btv.md\\\/ro\\\/guvernul-a-aprobat-modificari-la-codul-muncii\\\/#primaryimage\"},\"thumbnailUrl\":\"https:\\\/\\\/www.btv.md\\\/wp-content\\\/uploads\\\/2016\\\/02\\\/125951.jpg\",\"datePublished\":\"2016-02-05T09:22:52+00:00\",\"author\":{\"@id\":\"https:\\\/\\\/www.btv.md\\\/#\\\/schema\\\/person\\\/8fadce81561b3ce2c34c46dadc4ccbf2\"},\"inLanguage\":\"ro-RO\",\"potentialAction\":[{\"@type\":\"ReadAction\",\"target\":[\"https:\\\/\\\/www.btv.md\\\/ro\\\/guvernul-a-aprobat-modificari-la-codul-muncii\\\/\"]}]},{\"@type\":\"ImageObject\",\"inLanguage\":\"ro-RO\",\"@id\":\"https:\\\/\\\/www.btv.md\\\/ro\\\/guvernul-a-aprobat-modificari-la-codul-muncii\\\/#primaryimage\",\"url\":\"https:\\\/\\\/www.btv.md\\\/wp-content\\\/uploads\\\/2016\\\/02\\\/125951.jpg\",\"contentUrl\":\"https:\\\/\\\/www.btv.md\\\/wp-content\\\/uploads\\\/2016\\\/02\\\/125951.jpg\",\"width\":1000,\"height\":541,\"caption\":\"sputnik.md\"},{\"@type\":\"WebSite\",\"@id\":\"https:\\\/\\\/www.btv.md\\\/#website\",\"url\":\"https:\\\/\\\/www.btv.md\\\/\",\"name\":\"BTV\",\"description\":\"\u0411\u0435\u043b\u044c\u0446\u043a\u043e\u0435 \u0442\u0435\u043b\u0435\u0432\u0438\u0434\u0435\u043d\u0438\u0435\",\"potentialAction\":[{\"@type\":\"SearchAction\",\"target\":{\"@type\":\"EntryPoint\",\"urlTemplate\":\"https:\\\/\\\/www.btv.md\\\/?s={search_term_string}\"},\"query-input\":{\"@type\":\"PropertyValueSpecification\",\"valueRequired\":true,\"valueName\":\"search_term_string\"}}],\"inLanguage\":\"ro-RO\"},{\"@type\":\"Person\",\"@id\":\"https:\\\/\\\/www.btv.md\\\/#\\\/schema\\\/person\\\/8fadce81561b3ce2c34c46dadc4ccbf2\",\"name\":\"admin\"}]}<\/script>\n<!-- \/ Yoast SEO plugin. -->","yoast_head_json":{"title":"GUVERNUL A APROBAT MODIFIC\u0102RI LA CODUL MUNCII - BTV","robots":{"index":"index","follow":"follow","max-snippet":"max-snippet:-1","max-image-preview":"max-image-preview:large","max-video-preview":"max-video-preview:-1"},"canonical":"https:\/\/www.btv.md\/ro\/guvernul-a-aprobat-modificari-la-codul-muncii\/","og_locale":"ro_RO","og_type":"article","og_title":"GUVERNUL A APROBAT MODIFIC\u0102RI LA CODUL MUNCII - BTV","og_description":"\u00cen Codul muncii va fi introdus un articol privind principiul nediscrimin\u0103rii angaja\u0163ilor pe toat\u0103 durata contractului de munc\u0103. Potrivit agen\u0163iei \u201eINFOTAG\u201d, astfel prev\u0103d complet\u0103rile \u015fi modific\u0103rile la Codul muncii aprobate miercuri la \u015fedin\u0163a Guvernului. Conform modific\u0103rilor, angajatorul va fi obligat s\u0103 informeze candidatul despre durata zilei \u015fi s\u0103pt\u0103m\u00e2nii de munc\u0103, precum \u015fi despre termenul de [&hellip;]","og_url":"https:\/\/www.btv.md\/ro\/guvernul-a-aprobat-modificari-la-codul-muncii\/","og_site_name":"BTV","article_publisher":"https:\/\/www.facebook.com\/btvmoldova\/","article_published_time":"2016-02-05T09:22:52+00:00","og_image":[{"width":1000,"height":541,"url":"https:\/\/www.btv.md\/wp-content\/uploads\/2016\/02\/125951.jpg","type":"image\/jpeg"}],"author":"admin","twitter_misc":{"Scris de":"admin","Timp estimat pentru citire":"1 minut"},"schema":{"@context":"https:\/\/schema.org","@graph":[{"@type":"Article","@id":"https:\/\/www.btv.md\/ro\/guvernul-a-aprobat-modificari-la-codul-muncii\/#article","isPartOf":{"@id":"https:\/\/www.btv.md\/ro\/guvernul-a-aprobat-modificari-la-codul-muncii\/"},"author":{"name":"admin","@id":"https:\/\/www.btv.md\/#\/schema\/person\/8fadce81561b3ce2c34c46dadc4ccbf2"},"headline":"GUVERNUL A APROBAT MODIFIC\u0102RI LA CODUL MUNCII","datePublished":"2016-02-05T09:22:52+00:00","mainEntityOfPage":{"@id":"https:\/\/www.btv.md\/ro\/guvernul-a-aprobat-modificari-la-codul-muncii\/"},"wordCount":187,"image":{"@id":"https:\/\/www.btv.md\/ro\/guvernul-a-aprobat-modificari-la-codul-muncii\/#primaryimage"},"thumbnailUrl":"https:\/\/www.btv.md\/wp-content\/uploads\/2016\/02\/125951.jpg","articleSection":["Social"],"inLanguage":"ro-RO"},{"@type":"WebPage","@id":"https:\/\/www.btv.md\/ro\/guvernul-a-aprobat-modificari-la-codul-muncii\/","url":"https:\/\/www.btv.md\/ro\/guvernul-a-aprobat-modificari-la-codul-muncii\/","name":"GUVERNUL A APROBAT MODIFIC\u0102RI LA CODUL MUNCII - BTV","isPartOf":{"@id":"https:\/\/www.btv.md\/#website"},"primaryImageOfPage":{"@id":"https:\/\/www.btv.md\/ro\/guvernul-a-aprobat-modificari-la-codul-muncii\/#primaryimage"},"image":{"@id":"https:\/\/www.btv.md\/ro\/guvernul-a-aprobat-modificari-la-codul-muncii\/#primaryimage"},"thumbnailUrl":"https:\/\/www.btv.md\/wp-content\/uploads\/2016\/02\/125951.jpg","datePublished":"2016-02-05T09:22:52+00:00","author":{"@id":"https:\/\/www.btv.md\/#\/schema\/person\/8fadce81561b3ce2c34c46dadc4ccbf2"},"inLanguage":"ro-RO","potentialAction":[{"@type":"ReadAction","target":["https:\/\/www.btv.md\/ro\/guvernul-a-aprobat-modificari-la-codul-muncii\/"]}]},{"@type":"ImageObject","inLanguage":"ro-RO","@id":"https:\/\/www.btv.md\/ro\/guvernul-a-aprobat-modificari-la-codul-muncii\/#primaryimage","url":"https:\/\/www.btv.md\/wp-content\/uploads\/2016\/02\/125951.jpg","contentUrl":"https:\/\/www.btv.md\/wp-content\/uploads\/2016\/02\/125951.jpg","width":1000,"height":541,"caption":"sputnik.md"},{"@type":"WebSite","@id":"https:\/\/www.btv.md\/#website","url":"https:\/\/www.btv.md\/","name":"BTV","description":"\u0411\u0435\u043b\u044c\u0446\u043a\u043e\u0435 \u0442\u0435\u043b\u0435\u0432\u0438\u0434\u0435\u043d\u0438\u0435","potentialAction":[{"@type":"SearchAction","target":{"@type":"EntryPoint","urlTemplate":"https:\/\/www.btv.md\/?s={search_term_string}"},"query-input":{"@type":"PropertyValueSpecification","valueRequired":true,"valueName":"search_term_string"}}],"inLanguage":"ro-RO"},{"@type":"Person","@id":"https:\/\/www.btv.md\/#\/schema\/person\/8fadce81561b3ce2c34c46dadc4ccbf2","name":"admin"}]}},"_links":{"self":[{"href":"https:\/\/www.btv.md\/ro\/wp-json\/wp\/v2\/posts\/6668","targetHints":{"allow":["GET"]}}],"collection":[{"href":"https:\/\/www.btv.md\/ro\/wp-json\/wp\/v2\/posts"}],"about":[{"href":"https:\/\/www.btv.md\/ro\/wp-json\/wp\/v2\/types\/post"}],"author":[{"embeddable":true,"href":"https:\/\/www.btv.md\/ro\/wp-json\/wp\/v2\/users\/4"}],"replies":[{"embeddable":true,"href":"https:\/\/www.btv.md\/ro\/wp-json\/wp\/v2\/comments?post=6668"}],"version-history":[{"count":0,"href":"https:\/\/www.btv.md\/ro\/wp-json\/wp\/v2\/posts\/6668\/revisions"}],"wp:featuredmedia":[{"embeddable":true,"href":"https:\/\/www.btv.md\/ro\/wp-json\/wp\/v2\/media\/6669"}],"wp:attachment":[{"href":"https:\/\/www.btv.md\/ro\/wp-json\/wp\/v2\/media?parent=6668"}],"wp:term":[{"taxonomy":"category","embeddable":true,"href":"https:\/\/www.btv.md\/ro\/wp-json\/wp\/v2\/categories?post=6668"},{"taxonomy":"post_tag","embeddable":true,"href":"https:\/\/www.btv.md\/ro\/wp-json\/wp\/v2\/tags?post=6668"}],"curies":[{"name":"wp","href":"https:\/\/api.w.org\/{rel}","templated":true}]}}