{"id":6671,"date":"2016-02-05T12:30:40","date_gmt":"2016-02-05T09:30:40","guid":{"rendered":"http:\/\/btv.md\/?p=6671"},"modified":"2016-02-05T12:31:10","modified_gmt":"2016-02-05T09:31:10","slug":"a-inceput-perioada-de-depunere-a-declaratiilor-pe-venit","status":"publish","type":"post","link":"https:\/\/www.btv.md\/ro\/a-inceput-perioada-de-depunere-a-declaratiilor-pe-venit\/","title":{"rendered":"A  \u00ceNCEPUT  PERIOADA  DE  DEPUNERE  A DECLARA\u021aIILOR  PE  VENIT"},"content":{"rendered":"<p><strong>Persoanele cu func\u021bii de demnitate public\u0103, judec\u0103tori, procurori, func\u021bionarilor publici \u0219i persoane cu func\u021bie de conducere au obliga\u021bia depunerii declara\u021biilor anuale pe venit \u0219i propriet\u0103\u021bi. Astfel, Comisia Na\u021bional\u0103 de Integritate informeaz\u0103 despre faptul c\u0103 \u00een perioada 1 februarie &#8211; 31 martie persoanele prev\u0103zute la art.3 din Legea nr.16 din 15.02.2008 cu privire la conflictul de interese \u0219i art.3 din Legea nr.1264 din 19.07.2002, adic\u0103 cele enumerate mai sus trebuie s\u0103 declare controlul veniturilor \u0219i al propriet\u0103\u021bii, informeaz\u0103 <a href=\"http:\/\/www.realitatea.md\/a-inceput-perioada-de-depunere-a-declaratiilor-de-venit-si-proprietati--nedepunerea-in-termenele-prevazute-se-sanctioneaza_34061.html\" target=\"_blank\">Realitatea.md<\/a>.<\/strong><\/p>\n<p>Potrivit legii, conduc\u0103torii organiza\u021biilor publice \u0219i persoanele desemnate responsabile de colectarea declara\u021biilor vor asigura buna desf\u0103\u0219urare a procesului de depunere a declara\u021biilor, inclusiv prin punerea la dispozi\u021bia personalului a formularelor \u0219i acordarea consultan\u021bei referitoare la completarea corect\u0103 \u0219i depunerea \u00een termen a acestora.<\/p>\n<p>Similar anilor preceden\u021bi, persoanele responsabile de colectarea declara\u021biilor vor prezenta \u00een adresa Comisiei declara\u021biile depuse de c\u0103tre subiec\u021bii declar\u0103rii \u00een original \u0219i doar pe suport de h\u00e2rtie, \u00eenso\u021bite obligatoriu de:<\/p>\n<p><strong><em>scrisoarea de \u00eenso\u021bire, semnat\u0103 de conduc\u0103torul organiza\u021biei publice;<\/p>\n<p><strong>extrasul autentificat din registrele de eviden\u021b\u0103 a declara\u021biilor de interese personale \u0219i a registrului declara\u021biilor cu privire la venituri \u0219i proprietate;<\/strong><\/p>\n<p>lista subiec\u021bilor declar\u0103rii, care nu au depus declara\u021biile respective \u00een termenele stabilite (informa\u021bia \u00een cauz\u0103 va fi prezentat\u0103 Comisiei imediat dup\u0103 expirarea termenelor \u2013 limit\u0103 prev\u0103zute pentru depunerea declara\u021biilor de c\u0103tre legile men\u021bionate).<\/em><\/strong><\/p>\n<p>Totodat\u0103, comisia aten\u021bioneaz\u0103 c\u0103 nedepunerea declara\u021biilor \u00een termenele prev\u0103zute de lege se sanc\u021bioneaz\u0103 cu amenda de la 75 la 150 de unit\u0103\u021bi conven\u021bionale, de la 1500 la 3000 lei.<\/p>\n","protected":false},"excerpt":{"rendered":"<p>Persoanele cu func\u021bii de demnitate public\u0103, judec\u0103tori, procurori, func\u021bionarilor publici \u0219i persoane cu func\u021bie de conducere au obliga\u021bia depunerii declara\u021biilor anuale pe venit \u0219i propriet\u0103\u021bi. Astfel, Comisia Na\u021bional\u0103 de Integritate informeaz\u0103 despre faptul c\u0103 \u00een perioada 1 februarie &#8211; 31 martie persoanele prev\u0103zute la art.3 din Legea nr.16 din 15.02.2008 cu privire la conflictul de [&hellip;]<\/p>\n","protected":false},"author":4,"featured_media":6672,"comment_status":"closed","ping_status":"closed","sticky":false,"template":"","format":"standard","meta":{"footnotes":""},"categories":[6349],"tags":[],"class_list":["post-6671","post","type-post","status-publish","format-standard","has-post-thumbnail","hentry","category-social"],"yoast_head":"<!-- This site is optimized with the Yoast SEO plugin v27.4 - https:\/\/yoast.com\/product\/yoast-seo-wordpress\/ -->\n<title>A \u00ceNCEPUT PERIOADA DE DEPUNERE A DECLARA\u021aIILOR PE VENIT - BTV<\/title>\n<meta name=\"robots\" content=\"index, follow, max-snippet:-1, max-image-preview:large, max-video-preview:-1\" \/>\n<link rel=\"canonical\" href=\"https:\/\/www.btv.md\/ro\/a-inceput-perioada-de-depunere-a-declaratiilor-pe-venit\/\" \/>\n<meta property=\"og:locale\" content=\"ro_RO\" \/>\n<meta property=\"og:type\" content=\"article\" \/>\n<meta property=\"og:title\" content=\"A \u00ceNCEPUT PERIOADA DE DEPUNERE A DECLARA\u021aIILOR PE VENIT - BTV\" \/>\n<meta property=\"og:description\" content=\"Persoanele cu func\u021bii de demnitate public\u0103, judec\u0103tori, procurori, func\u021bionarilor publici \u0219i persoane cu func\u021bie de conducere au obliga\u021bia depunerii declara\u021biilor anuale pe venit \u0219i propriet\u0103\u021bi. Astfel, Comisia Na\u021bional\u0103 de Integritate informeaz\u0103 despre faptul c\u0103 \u00een perioada 1 februarie &#8211; 31 martie persoanele prev\u0103zute la art.3 din Legea nr.16 din 15.02.2008 cu privire la conflictul de [&hellip;]\" \/>\n<meta property=\"og:url\" content=\"https:\/\/www.btv.md\/ro\/a-inceput-perioada-de-depunere-a-declaratiilor-pe-venit\/\" \/>\n<meta property=\"og:site_name\" content=\"BTV\" \/>\n<meta property=\"article:publisher\" content=\"https:\/\/www.facebook.com\/btvmoldova\/\" \/>\n<meta property=\"article:published_time\" content=\"2016-02-05T09:30:40+00:00\" \/>\n<meta property=\"article:modified_time\" content=\"2016-02-05T09:31:10+00:00\" \/>\n<meta property=\"og:image\" content=\"https:\/\/www.btv.md\/wp-content\/uploads\/2016\/02\/media_145460192931813800.jpg\" \/>\n\t<meta property=\"og:image:width\" content=\"620\" \/>\n\t<meta property=\"og:image:height\" content=\"410\" \/>\n\t<meta property=\"og:image:type\" content=\"image\/jpeg\" \/>\n<meta name=\"author\" content=\"admin\" \/>\n<meta name=\"twitter:label1\" content=\"Scris de\" \/>\n\t<meta name=\"twitter:data1\" content=\"admin\" \/>\n\t<meta name=\"twitter:label2\" content=\"Timp estimat pentru citire\" \/>\n\t<meta name=\"twitter:data2\" content=\"1 minut\" \/>\n<script type=\"application\/ld+json\" class=\"yoast-schema-graph\">{\"@context\":\"https:\\\/\\\/schema.org\",\"@graph\":[{\"@type\":\"Article\",\"@id\":\"https:\\\/\\\/www.btv.md\\\/ro\\\/a-inceput-perioada-de-depunere-a-declaratiilor-pe-venit\\\/#article\",\"isPartOf\":{\"@id\":\"https:\\\/\\\/www.btv.md\\\/ro\\\/a-inceput-perioada-de-depunere-a-declaratiilor-pe-venit\\\/\"},\"author\":{\"name\":\"admin\",\"@id\":\"https:\\\/\\\/www.btv.md\\\/#\\\/schema\\\/person\\\/8fadce81561b3ce2c34c46dadc4ccbf2\"},\"headline\":\"A \u00ceNCEPUT PERIOADA DE DEPUNERE A DECLARA\u021aIILOR PE VENIT\",\"datePublished\":\"2016-02-05T09:30:40+00:00\",\"dateModified\":\"2016-02-05T09:31:10+00:00\",\"mainEntityOfPage\":{\"@id\":\"https:\\\/\\\/www.btv.md\\\/ro\\\/a-inceput-perioada-de-depunere-a-declaratiilor-pe-venit\\\/\"},\"wordCount\":288,\"image\":{\"@id\":\"https:\\\/\\\/www.btv.md\\\/ro\\\/a-inceput-perioada-de-depunere-a-declaratiilor-pe-venit\\\/#primaryimage\"},\"thumbnailUrl\":\"https:\\\/\\\/www.btv.md\\\/wp-content\\\/uploads\\\/2016\\\/02\\\/media_145460192931813800.jpg\",\"articleSection\":[\"Social\"],\"inLanguage\":\"ro-RO\"},{\"@type\":\"WebPage\",\"@id\":\"https:\\\/\\\/www.btv.md\\\/ro\\\/a-inceput-perioada-de-depunere-a-declaratiilor-pe-venit\\\/\",\"url\":\"https:\\\/\\\/www.btv.md\\\/ro\\\/a-inceput-perioada-de-depunere-a-declaratiilor-pe-venit\\\/\",\"name\":\"A \u00ceNCEPUT PERIOADA DE DEPUNERE A DECLARA\u021aIILOR PE VENIT - BTV\",\"isPartOf\":{\"@id\":\"https:\\\/\\\/www.btv.md\\\/#website\"},\"primaryImageOfPage\":{\"@id\":\"https:\\\/\\\/www.btv.md\\\/ro\\\/a-inceput-perioada-de-depunere-a-declaratiilor-pe-venit\\\/#primaryimage\"},\"image\":{\"@id\":\"https:\\\/\\\/www.btv.md\\\/ro\\\/a-inceput-perioada-de-depunere-a-declaratiilor-pe-venit\\\/#primaryimage\"},\"thumbnailUrl\":\"https:\\\/\\\/www.btv.md\\\/wp-content\\\/uploads\\\/2016\\\/02\\\/media_145460192931813800.jpg\",\"datePublished\":\"2016-02-05T09:30:40+00:00\",\"dateModified\":\"2016-02-05T09:31:10+00:00\",\"author\":{\"@id\":\"https:\\\/\\\/www.btv.md\\\/#\\\/schema\\\/person\\\/8fadce81561b3ce2c34c46dadc4ccbf2\"},\"inLanguage\":\"ro-RO\",\"potentialAction\":[{\"@type\":\"ReadAction\",\"target\":[\"https:\\\/\\\/www.btv.md\\\/ro\\\/a-inceput-perioada-de-depunere-a-declaratiilor-pe-venit\\\/\"]}]},{\"@type\":\"ImageObject\",\"inLanguage\":\"ro-RO\",\"@id\":\"https:\\\/\\\/www.btv.md\\\/ro\\\/a-inceput-perioada-de-depunere-a-declaratiilor-pe-venit\\\/#primaryimage\",\"url\":\"https:\\\/\\\/www.btv.md\\\/wp-content\\\/uploads\\\/2016\\\/02\\\/media_145460192931813800.jpg\",\"contentUrl\":\"https:\\\/\\\/www.btv.md\\\/wp-content\\\/uploads\\\/2016\\\/02\\\/media_145460192931813800.jpg\",\"width\":620,\"height\":410,\"caption\":\"www.realitatea.md\"},{\"@type\":\"WebSite\",\"@id\":\"https:\\\/\\\/www.btv.md\\\/#website\",\"url\":\"https:\\\/\\\/www.btv.md\\\/\",\"name\":\"BTV\",\"description\":\"\u0411\u0435\u043b\u044c\u0446\u043a\u043e\u0435 \u0442\u0435\u043b\u0435\u0432\u0438\u0434\u0435\u043d\u0438\u0435\",\"potentialAction\":[{\"@type\":\"SearchAction\",\"target\":{\"@type\":\"EntryPoint\",\"urlTemplate\":\"https:\\\/\\\/www.btv.md\\\/?s={search_term_string}\"},\"query-input\":{\"@type\":\"PropertyValueSpecification\",\"valueRequired\":true,\"valueName\":\"search_term_string\"}}],\"inLanguage\":\"ro-RO\"},{\"@type\":\"Person\",\"@id\":\"https:\\\/\\\/www.btv.md\\\/#\\\/schema\\\/person\\\/8fadce81561b3ce2c34c46dadc4ccbf2\",\"name\":\"admin\"}]}<\/script>\n<!-- \/ Yoast SEO plugin. -->","yoast_head_json":{"title":"A \u00ceNCEPUT PERIOADA DE DEPUNERE A DECLARA\u021aIILOR PE VENIT - BTV","robots":{"index":"index","follow":"follow","max-snippet":"max-snippet:-1","max-image-preview":"max-image-preview:large","max-video-preview":"max-video-preview:-1"},"canonical":"https:\/\/www.btv.md\/ro\/a-inceput-perioada-de-depunere-a-declaratiilor-pe-venit\/","og_locale":"ro_RO","og_type":"article","og_title":"A \u00ceNCEPUT PERIOADA DE DEPUNERE A DECLARA\u021aIILOR PE VENIT - BTV","og_description":"Persoanele cu func\u021bii de demnitate public\u0103, judec\u0103tori, procurori, func\u021bionarilor publici \u0219i persoane cu func\u021bie de conducere au obliga\u021bia depunerii declara\u021biilor anuale pe venit \u0219i propriet\u0103\u021bi. Astfel, Comisia Na\u021bional\u0103 de Integritate informeaz\u0103 despre faptul c\u0103 \u00een perioada 1 februarie &#8211; 31 martie persoanele prev\u0103zute la art.3 din Legea nr.16 din 15.02.2008 cu privire la conflictul de [&hellip;]","og_url":"https:\/\/www.btv.md\/ro\/a-inceput-perioada-de-depunere-a-declaratiilor-pe-venit\/","og_site_name":"BTV","article_publisher":"https:\/\/www.facebook.com\/btvmoldova\/","article_published_time":"2016-02-05T09:30:40+00:00","article_modified_time":"2016-02-05T09:31:10+00:00","og_image":[{"width":620,"height":410,"url":"https:\/\/www.btv.md\/wp-content\/uploads\/2016\/02\/media_145460192931813800.jpg","type":"image\/jpeg"}],"author":"admin","twitter_misc":{"Scris de":"admin","Timp estimat pentru citire":"1 minut"},"schema":{"@context":"https:\/\/schema.org","@graph":[{"@type":"Article","@id":"https:\/\/www.btv.md\/ro\/a-inceput-perioada-de-depunere-a-declaratiilor-pe-venit\/#article","isPartOf":{"@id":"https:\/\/www.btv.md\/ro\/a-inceput-perioada-de-depunere-a-declaratiilor-pe-venit\/"},"author":{"name":"admin","@id":"https:\/\/www.btv.md\/#\/schema\/person\/8fadce81561b3ce2c34c46dadc4ccbf2"},"headline":"A \u00ceNCEPUT PERIOADA DE DEPUNERE A DECLARA\u021aIILOR PE VENIT","datePublished":"2016-02-05T09:30:40+00:00","dateModified":"2016-02-05T09:31:10+00:00","mainEntityOfPage":{"@id":"https:\/\/www.btv.md\/ro\/a-inceput-perioada-de-depunere-a-declaratiilor-pe-venit\/"},"wordCount":288,"image":{"@id":"https:\/\/www.btv.md\/ro\/a-inceput-perioada-de-depunere-a-declaratiilor-pe-venit\/#primaryimage"},"thumbnailUrl":"https:\/\/www.btv.md\/wp-content\/uploads\/2016\/02\/media_145460192931813800.jpg","articleSection":["Social"],"inLanguage":"ro-RO"},{"@type":"WebPage","@id":"https:\/\/www.btv.md\/ro\/a-inceput-perioada-de-depunere-a-declaratiilor-pe-venit\/","url":"https:\/\/www.btv.md\/ro\/a-inceput-perioada-de-depunere-a-declaratiilor-pe-venit\/","name":"A \u00ceNCEPUT PERIOADA DE DEPUNERE A DECLARA\u021aIILOR PE VENIT - BTV","isPartOf":{"@id":"https:\/\/www.btv.md\/#website"},"primaryImageOfPage":{"@id":"https:\/\/www.btv.md\/ro\/a-inceput-perioada-de-depunere-a-declaratiilor-pe-venit\/#primaryimage"},"image":{"@id":"https:\/\/www.btv.md\/ro\/a-inceput-perioada-de-depunere-a-declaratiilor-pe-venit\/#primaryimage"},"thumbnailUrl":"https:\/\/www.btv.md\/wp-content\/uploads\/2016\/02\/media_145460192931813800.jpg","datePublished":"2016-02-05T09:30:40+00:00","dateModified":"2016-02-05T09:31:10+00:00","author":{"@id":"https:\/\/www.btv.md\/#\/schema\/person\/8fadce81561b3ce2c34c46dadc4ccbf2"},"inLanguage":"ro-RO","potentialAction":[{"@type":"ReadAction","target":["https:\/\/www.btv.md\/ro\/a-inceput-perioada-de-depunere-a-declaratiilor-pe-venit\/"]}]},{"@type":"ImageObject","inLanguage":"ro-RO","@id":"https:\/\/www.btv.md\/ro\/a-inceput-perioada-de-depunere-a-declaratiilor-pe-venit\/#primaryimage","url":"https:\/\/www.btv.md\/wp-content\/uploads\/2016\/02\/media_145460192931813800.jpg","contentUrl":"https:\/\/www.btv.md\/wp-content\/uploads\/2016\/02\/media_145460192931813800.jpg","width":620,"height":410,"caption":"www.realitatea.md"},{"@type":"WebSite","@id":"https:\/\/www.btv.md\/#website","url":"https:\/\/www.btv.md\/","name":"BTV","description":"\u0411\u0435\u043b\u044c\u0446\u043a\u043e\u0435 \u0442\u0435\u043b\u0435\u0432\u0438\u0434\u0435\u043d\u0438\u0435","potentialAction":[{"@type":"SearchAction","target":{"@type":"EntryPoint","urlTemplate":"https:\/\/www.btv.md\/?s={search_term_string}"},"query-input":{"@type":"PropertyValueSpecification","valueRequired":true,"valueName":"search_term_string"}}],"inLanguage":"ro-RO"},{"@type":"Person","@id":"https:\/\/www.btv.md\/#\/schema\/person\/8fadce81561b3ce2c34c46dadc4ccbf2","name":"admin"}]}},"_links":{"self":[{"href":"https:\/\/www.btv.md\/ro\/wp-json\/wp\/v2\/posts\/6671","targetHints":{"allow":["GET"]}}],"collection":[{"href":"https:\/\/www.btv.md\/ro\/wp-json\/wp\/v2\/posts"}],"about":[{"href":"https:\/\/www.btv.md\/ro\/wp-json\/wp\/v2\/types\/post"}],"author":[{"embeddable":true,"href":"https:\/\/www.btv.md\/ro\/wp-json\/wp\/v2\/users\/4"}],"replies":[{"embeddable":true,"href":"https:\/\/www.btv.md\/ro\/wp-json\/wp\/v2\/comments?post=6671"}],"version-history":[{"count":0,"href":"https:\/\/www.btv.md\/ro\/wp-json\/wp\/v2\/posts\/6671\/revisions"}],"wp:featuredmedia":[{"embeddable":true,"href":"https:\/\/www.btv.md\/ro\/wp-json\/wp\/v2\/media\/6672"}],"wp:attachment":[{"href":"https:\/\/www.btv.md\/ro\/wp-json\/wp\/v2\/media?parent=6671"}],"wp:term":[{"taxonomy":"category","embeddable":true,"href":"https:\/\/www.btv.md\/ro\/wp-json\/wp\/v2\/categories?post=6671"},{"taxonomy":"post_tag","embeddable":true,"href":"https:\/\/www.btv.md\/ro\/wp-json\/wp\/v2\/tags?post=6671"}],"curies":[{"name":"wp","href":"https:\/\/api.w.org\/{rel}","templated":true}]}}