{"id":6707,"date":"2016-02-05T18:49:48","date_gmt":"2016-02-05T15:49:48","guid":{"rendered":"http:\/\/btv.md\/?p=6707"},"modified":"2016-02-05T18:49:48","modified_gmt":"2016-02-05T15:49:48","slug":"la-balti-a-venit-primavara-si-au-facut-aparitia-primii-ghiocei","status":"publish","type":"post","link":"https:\/\/www.btv.md\/ro\/la-balti-a-venit-primavara-si-au-facut-aparitia-primii-ghiocei\/","title":{"rendered":"LA  B\u0102L\u021aI  A   VENIT  PRIM\u0102VARA. \u0218I-AU F\u0102CUT APARI\u021aIA PRIMII GHIOCEI"},"content":{"rendered":"<p><strong>La B\u0103l\u021bi a venit prim\u0103vara. Primii ghiocei din acest an \u0219i-au f\u0103cut apari\u021bia \u00een curtea unui bloc de locuit din Capitala de nord a \u021b\u0103rii. Chiar dac\u0103 iarna n-a m\u00e2ncat-o lupul, primii vestitori ai prim\u0103verii s-au ivit spre bucuria oamenilor. Potrivit speciali\u0219tilor, temperaturile ridicate din ultimele zile au favorizat apari\u0163ia ghioceilor.<\/strong><\/p>\n<p>B\u0103l\u021benii, au fost surprin\u0219i de faptul c\u0103 s-au trezit, peste noapte, cu ghioceii \u00eenflori\u021bi. Ei spun c\u0103 primii vestitori ai prim\u0103verii le bucur\u0103 ochii.<\/p>\n<p>Potrivit speciali\u0219tilor, factorii care au determinat \u00eenflorirea pream\u0103tur\u0103 a ghioceilor sunt temperaturile ridicate  din ultimele zile, dar \u0219i umiditatea sporit\u0103 a solului.<\/p>\n<p>De regul\u0103, primii ghiocei apar \u00een prima jum\u0103tate a lunii martie. <\/p>\n<p><iframe width=\"420\" height=\"315\" data-src=\"https:\/\/www.youtube.com\/embed\/xnNbzwzJrUg\" frameborder=\"0\" allowfullscreen src=\"data:image\/svg+xml;base64,PHN2ZyB3aWR0aD0iMSIgaGVpZ2h0PSIxIiB4bWxucz0iaHR0cDovL3d3dy53My5vcmcvMjAwMC9zdmciPjwvc3ZnPg==\" class=\"lazyload\" data-load-mode=\"1\"><\/iframe><\/p>\n","protected":false},"excerpt":{"rendered":"<p>La B\u0103l\u021bi a venit prim\u0103vara. Primii ghiocei din acest an \u0219i-au f\u0103cut apari\u021bia \u00een curtea unui bloc de locuit din Capitala de nord a \u021b\u0103rii. Chiar dac\u0103 iarna n-a m\u00e2ncat-o lupul, primii vestitori ai prim\u0103verii s-au ivit spre bucuria oamenilor. Potrivit speciali\u0219tilor, temperaturile ridicate din ultimele zile au favorizat apari\u0163ia ghioceilor. B\u0103l\u021benii, au fost surprin\u0219i [&hellip;]<\/p>\n","protected":false},"author":4,"featured_media":6708,"comment_status":"closed","ping_status":"closed","sticky":false,"template":"","format":"standard","meta":{"footnotes":""},"categories":[6353],"tags":[],"class_list":["post-6707","post","type-post","status-publish","format-standard","has-post-thumbnail","hentry","category-oras"],"yoast_head":"<!-- This site is optimized with the Yoast SEO plugin v27.4 - https:\/\/yoast.com\/product\/yoast-seo-wordpress\/ -->\n<title>LA B\u0102L\u021aI A  VENIT PRIM\u0102VARA. \u0218I-AU F\u0102CUT APARI\u021aIA PRIMII GHIOCEI - BTV<\/title>\n<meta name=\"robots\" content=\"index, follow, max-snippet:-1, max-image-preview:large, max-video-preview:-1\" \/>\n<link rel=\"canonical\" href=\"https:\/\/www.btv.md\/ro\/la-balti-a-venit-primavara-si-au-facut-aparitia-primii-ghiocei\/\" \/>\n<meta property=\"og:locale\" content=\"ro_RO\" \/>\n<meta property=\"og:type\" content=\"article\" \/>\n<meta property=\"og:title\" content=\"LA B\u0102L\u021aI A  VENIT PRIM\u0102VARA. \u0218I-AU F\u0102CUT APARI\u021aIA PRIMII GHIOCEI - BTV\" \/>\n<meta property=\"og:description\" content=\"La B\u0103l\u021bi a venit prim\u0103vara. Primii ghiocei din acest an \u0219i-au f\u0103cut apari\u021bia \u00een curtea unui bloc de locuit din Capitala de nord a \u021b\u0103rii. Chiar dac\u0103 iarna n-a m\u00e2ncat-o lupul, primii vestitori ai prim\u0103verii s-au ivit spre bucuria oamenilor. Potrivit speciali\u0219tilor, temperaturile ridicate din ultimele zile au favorizat apari\u0163ia ghioceilor. B\u0103l\u021benii, au fost surprin\u0219i [&hellip;]\" \/>\n<meta property=\"og:url\" content=\"https:\/\/www.btv.md\/ro\/la-balti-a-venit-primavara-si-au-facut-aparitia-primii-ghiocei\/\" \/>\n<meta property=\"og:site_name\" content=\"BTV\" \/>\n<meta property=\"article:publisher\" content=\"https:\/\/www.facebook.com\/btvmoldova\/\" \/>\n<meta property=\"article:published_time\" content=\"2016-02-05T15:49:48+00:00\" \/>\n<meta property=\"og:image\" content=\"https:\/\/www.btv.md\/wp-content\/uploads\/2016\/02\/ghiocei.jpg\" \/>\n\t<meta property=\"og:image:width\" content=\"1013\" \/>\n\t<meta property=\"og:image:height\" content=\"595\" \/>\n\t<meta property=\"og:image:type\" content=\"image\/jpeg\" \/>\n<meta name=\"author\" content=\"admin\" \/>\n<meta name=\"twitter:label1\" content=\"Scris de\" \/>\n\t<meta name=\"twitter:data1\" content=\"admin\" \/>\n\t<meta name=\"twitter:label2\" content=\"Timp estimat pentru citire\" \/>\n\t<meta name=\"twitter:data2\" content=\"1 minut\" \/>\n<script type=\"application\/ld+json\" class=\"yoast-schema-graph\">{\"@context\":\"https:\\\/\\\/schema.org\",\"@graph\":[{\"@type\":\"Article\",\"@id\":\"https:\\\/\\\/www.btv.md\\\/ro\\\/la-balti-a-venit-primavara-si-au-facut-aparitia-primii-ghiocei\\\/#article\",\"isPartOf\":{\"@id\":\"https:\\\/\\\/www.btv.md\\\/ro\\\/la-balti-a-venit-primavara-si-au-facut-aparitia-primii-ghiocei\\\/\"},\"author\":{\"name\":\"admin\",\"@id\":\"https:\\\/\\\/www.btv.md\\\/#\\\/schema\\\/person\\\/8fadce81561b3ce2c34c46dadc4ccbf2\"},\"headline\":\"LA B\u0102L\u021aI A VENIT PRIM\u0102VARA. \u0218I-AU F\u0102CUT APARI\u021aIA PRIMII GHIOCEI\",\"datePublished\":\"2016-02-05T15:49:48+00:00\",\"mainEntityOfPage\":{\"@id\":\"https:\\\/\\\/www.btv.md\\\/ro\\\/la-balti-a-venit-primavara-si-au-facut-aparitia-primii-ghiocei\\\/\"},\"wordCount\":140,\"image\":{\"@id\":\"https:\\\/\\\/www.btv.md\\\/ro\\\/la-balti-a-venit-primavara-si-au-facut-aparitia-primii-ghiocei\\\/#primaryimage\"},\"thumbnailUrl\":\"https:\\\/\\\/www.btv.md\\\/wp-content\\\/uploads\\\/2016\\\/02\\\/ghiocei.jpg\",\"articleSection\":[\"Ora\u0219\"],\"inLanguage\":\"ro-RO\"},{\"@type\":\"WebPage\",\"@id\":\"https:\\\/\\\/www.btv.md\\\/ro\\\/la-balti-a-venit-primavara-si-au-facut-aparitia-primii-ghiocei\\\/\",\"url\":\"https:\\\/\\\/www.btv.md\\\/ro\\\/la-balti-a-venit-primavara-si-au-facut-aparitia-primii-ghiocei\\\/\",\"name\":\"LA B\u0102L\u021aI A VENIT PRIM\u0102VARA. \u0218I-AU F\u0102CUT APARI\u021aIA PRIMII GHIOCEI - BTV\",\"isPartOf\":{\"@id\":\"https:\\\/\\\/www.btv.md\\\/#website\"},\"primaryImageOfPage\":{\"@id\":\"https:\\\/\\\/www.btv.md\\\/ro\\\/la-balti-a-venit-primavara-si-au-facut-aparitia-primii-ghiocei\\\/#primaryimage\"},\"image\":{\"@id\":\"https:\\\/\\\/www.btv.md\\\/ro\\\/la-balti-a-venit-primavara-si-au-facut-aparitia-primii-ghiocei\\\/#primaryimage\"},\"thumbnailUrl\":\"https:\\\/\\\/www.btv.md\\\/wp-content\\\/uploads\\\/2016\\\/02\\\/ghiocei.jpg\",\"datePublished\":\"2016-02-05T15:49:48+00:00\",\"author\":{\"@id\":\"https:\\\/\\\/www.btv.md\\\/#\\\/schema\\\/person\\\/8fadce81561b3ce2c34c46dadc4ccbf2\"},\"inLanguage\":\"ro-RO\",\"potentialAction\":[{\"@type\":\"ReadAction\",\"target\":[\"https:\\\/\\\/www.btv.md\\\/ro\\\/la-balti-a-venit-primavara-si-au-facut-aparitia-primii-ghiocei\\\/\"]}]},{\"@type\":\"ImageObject\",\"inLanguage\":\"ro-RO\",\"@id\":\"https:\\\/\\\/www.btv.md\\\/ro\\\/la-balti-a-venit-primavara-si-au-facut-aparitia-primii-ghiocei\\\/#primaryimage\",\"url\":\"https:\\\/\\\/www.btv.md\\\/wp-content\\\/uploads\\\/2016\\\/02\\\/ghiocei.jpg\",\"contentUrl\":\"https:\\\/\\\/www.btv.md\\\/wp-content\\\/uploads\\\/2016\\\/02\\\/ghiocei.jpg\",\"width\":1013,\"height\":595},{\"@type\":\"WebSite\",\"@id\":\"https:\\\/\\\/www.btv.md\\\/#website\",\"url\":\"https:\\\/\\\/www.btv.md\\\/\",\"name\":\"BTV\",\"description\":\"\u0411\u0435\u043b\u044c\u0446\u043a\u043e\u0435 \u0442\u0435\u043b\u0435\u0432\u0438\u0434\u0435\u043d\u0438\u0435\",\"potentialAction\":[{\"@type\":\"SearchAction\",\"target\":{\"@type\":\"EntryPoint\",\"urlTemplate\":\"https:\\\/\\\/www.btv.md\\\/?s={search_term_string}\"},\"query-input\":{\"@type\":\"PropertyValueSpecification\",\"valueRequired\":true,\"valueName\":\"search_term_string\"}}],\"inLanguage\":\"ro-RO\"},{\"@type\":\"Person\",\"@id\":\"https:\\\/\\\/www.btv.md\\\/#\\\/schema\\\/person\\\/8fadce81561b3ce2c34c46dadc4ccbf2\",\"name\":\"admin\"}]}<\/script>\n<!-- \/ Yoast SEO plugin. -->","yoast_head_json":{"title":"LA B\u0102L\u021aI A  VENIT PRIM\u0102VARA. \u0218I-AU F\u0102CUT APARI\u021aIA PRIMII GHIOCEI - BTV","robots":{"index":"index","follow":"follow","max-snippet":"max-snippet:-1","max-image-preview":"max-image-preview:large","max-video-preview":"max-video-preview:-1"},"canonical":"https:\/\/www.btv.md\/ro\/la-balti-a-venit-primavara-si-au-facut-aparitia-primii-ghiocei\/","og_locale":"ro_RO","og_type":"article","og_title":"LA B\u0102L\u021aI A  VENIT PRIM\u0102VARA. \u0218I-AU F\u0102CUT APARI\u021aIA PRIMII GHIOCEI - BTV","og_description":"La B\u0103l\u021bi a venit prim\u0103vara. Primii ghiocei din acest an \u0219i-au f\u0103cut apari\u021bia \u00een curtea unui bloc de locuit din Capitala de nord a \u021b\u0103rii. Chiar dac\u0103 iarna n-a m\u00e2ncat-o lupul, primii vestitori ai prim\u0103verii s-au ivit spre bucuria oamenilor. Potrivit speciali\u0219tilor, temperaturile ridicate din ultimele zile au favorizat apari\u0163ia ghioceilor. B\u0103l\u021benii, au fost surprin\u0219i [&hellip;]","og_url":"https:\/\/www.btv.md\/ro\/la-balti-a-venit-primavara-si-au-facut-aparitia-primii-ghiocei\/","og_site_name":"BTV","article_publisher":"https:\/\/www.facebook.com\/btvmoldova\/","article_published_time":"2016-02-05T15:49:48+00:00","og_image":[{"width":1013,"height":595,"url":"https:\/\/www.btv.md\/wp-content\/uploads\/2016\/02\/ghiocei.jpg","type":"image\/jpeg"}],"author":"admin","twitter_misc":{"Scris de":"admin","Timp estimat pentru citire":"1 minut"},"schema":{"@context":"https:\/\/schema.org","@graph":[{"@type":"Article","@id":"https:\/\/www.btv.md\/ro\/la-balti-a-venit-primavara-si-au-facut-aparitia-primii-ghiocei\/#article","isPartOf":{"@id":"https:\/\/www.btv.md\/ro\/la-balti-a-venit-primavara-si-au-facut-aparitia-primii-ghiocei\/"},"author":{"name":"admin","@id":"https:\/\/www.btv.md\/#\/schema\/person\/8fadce81561b3ce2c34c46dadc4ccbf2"},"headline":"LA B\u0102L\u021aI A VENIT PRIM\u0102VARA. \u0218I-AU F\u0102CUT APARI\u021aIA PRIMII GHIOCEI","datePublished":"2016-02-05T15:49:48+00:00","mainEntityOfPage":{"@id":"https:\/\/www.btv.md\/ro\/la-balti-a-venit-primavara-si-au-facut-aparitia-primii-ghiocei\/"},"wordCount":140,"image":{"@id":"https:\/\/www.btv.md\/ro\/la-balti-a-venit-primavara-si-au-facut-aparitia-primii-ghiocei\/#primaryimage"},"thumbnailUrl":"https:\/\/www.btv.md\/wp-content\/uploads\/2016\/02\/ghiocei.jpg","articleSection":["Ora\u0219"],"inLanguage":"ro-RO"},{"@type":"WebPage","@id":"https:\/\/www.btv.md\/ro\/la-balti-a-venit-primavara-si-au-facut-aparitia-primii-ghiocei\/","url":"https:\/\/www.btv.md\/ro\/la-balti-a-venit-primavara-si-au-facut-aparitia-primii-ghiocei\/","name":"LA B\u0102L\u021aI A VENIT PRIM\u0102VARA. \u0218I-AU F\u0102CUT APARI\u021aIA PRIMII GHIOCEI - BTV","isPartOf":{"@id":"https:\/\/www.btv.md\/#website"},"primaryImageOfPage":{"@id":"https:\/\/www.btv.md\/ro\/la-balti-a-venit-primavara-si-au-facut-aparitia-primii-ghiocei\/#primaryimage"},"image":{"@id":"https:\/\/www.btv.md\/ro\/la-balti-a-venit-primavara-si-au-facut-aparitia-primii-ghiocei\/#primaryimage"},"thumbnailUrl":"https:\/\/www.btv.md\/wp-content\/uploads\/2016\/02\/ghiocei.jpg","datePublished":"2016-02-05T15:49:48+00:00","author":{"@id":"https:\/\/www.btv.md\/#\/schema\/person\/8fadce81561b3ce2c34c46dadc4ccbf2"},"inLanguage":"ro-RO","potentialAction":[{"@type":"ReadAction","target":["https:\/\/www.btv.md\/ro\/la-balti-a-venit-primavara-si-au-facut-aparitia-primii-ghiocei\/"]}]},{"@type":"ImageObject","inLanguage":"ro-RO","@id":"https:\/\/www.btv.md\/ro\/la-balti-a-venit-primavara-si-au-facut-aparitia-primii-ghiocei\/#primaryimage","url":"https:\/\/www.btv.md\/wp-content\/uploads\/2016\/02\/ghiocei.jpg","contentUrl":"https:\/\/www.btv.md\/wp-content\/uploads\/2016\/02\/ghiocei.jpg","width":1013,"height":595},{"@type":"WebSite","@id":"https:\/\/www.btv.md\/#website","url":"https:\/\/www.btv.md\/","name":"BTV","description":"\u0411\u0435\u043b\u044c\u0446\u043a\u043e\u0435 \u0442\u0435\u043b\u0435\u0432\u0438\u0434\u0435\u043d\u0438\u0435","potentialAction":[{"@type":"SearchAction","target":{"@type":"EntryPoint","urlTemplate":"https:\/\/www.btv.md\/?s={search_term_string}"},"query-input":{"@type":"PropertyValueSpecification","valueRequired":true,"valueName":"search_term_string"}}],"inLanguage":"ro-RO"},{"@type":"Person","@id":"https:\/\/www.btv.md\/#\/schema\/person\/8fadce81561b3ce2c34c46dadc4ccbf2","name":"admin"}]}},"_links":{"self":[{"href":"https:\/\/www.btv.md\/ro\/wp-json\/wp\/v2\/posts\/6707","targetHints":{"allow":["GET"]}}],"collection":[{"href":"https:\/\/www.btv.md\/ro\/wp-json\/wp\/v2\/posts"}],"about":[{"href":"https:\/\/www.btv.md\/ro\/wp-json\/wp\/v2\/types\/post"}],"author":[{"embeddable":true,"href":"https:\/\/www.btv.md\/ro\/wp-json\/wp\/v2\/users\/4"}],"replies":[{"embeddable":true,"href":"https:\/\/www.btv.md\/ro\/wp-json\/wp\/v2\/comments?post=6707"}],"version-history":[{"count":0,"href":"https:\/\/www.btv.md\/ro\/wp-json\/wp\/v2\/posts\/6707\/revisions"}],"wp:featuredmedia":[{"embeddable":true,"href":"https:\/\/www.btv.md\/ro\/wp-json\/wp\/v2\/media\/6708"}],"wp:attachment":[{"href":"https:\/\/www.btv.md\/ro\/wp-json\/wp\/v2\/media?parent=6707"}],"wp:term":[{"taxonomy":"category","embeddable":true,"href":"https:\/\/www.btv.md\/ro\/wp-json\/wp\/v2\/categories?post=6707"},{"taxonomy":"post_tag","embeddable":true,"href":"https:\/\/www.btv.md\/ro\/wp-json\/wp\/v2\/tags?post=6707"}],"curies":[{"name":"wp","href":"https:\/\/api.w.org\/{rel}","templated":true}]}}