{"id":6710,"date":"2016-02-05T18:53:39","date_gmt":"2016-02-05T15:53:39","guid":{"rendered":"http:\/\/btv.md\/?p=6710"},"modified":"2016-02-05T18:53:39","modified_gmt":"2016-02-05T15:53:39","slug":"cancerul-de-colon-in-topul-maladiilor-oncologice","status":"publish","type":"post","link":"https:\/\/www.btv.md\/ro\/cancerul-de-colon-in-topul-maladiilor-oncologice\/","title":{"rendered":"CANCERUL  DE  COLON, \u00ceN  TOPUL  MALADIILOR  ONCOLOGICE"},"content":{"rendered":"<p><strong>Cancerul de colon r\u0103m\u00e2ne \u00een topul maladiilor oncologice. Doar \u00een municipiul B\u0103l\u021bi, din cele aproape 300 de \u00eemboln\u0103viri \u00eenregistrate anual, 15 la sut\u0103 sunt cancer de colon. Medicul oncolog, Victor Grumeza, spune c\u0103 situa\u021bia se agraveaz\u0103 de la un an la altul. Una dintre cauze este adresarea tardiv\u0103 la medic.<\/strong><\/p>\n<p>\u201e<em>Adresarea tardiv\u0103, c\u00e2nd vin \u00eentr-o stare foarte grav\u0103, stadiul patru, cu metastaz\u0103 la distan\u021b\u0103, \u00een ficat, \u00een pulmoni, \u00een oase, cu ocluzie. Principala metod\u0103 de tratament al cancerului este tratamenul chirurgical<\/em>\u201d. <\/p>\n<p>De\u0219i majoritatea pacien\u021bilor sunt opera\u021bi \u00een capital\u0103, doar \u00een acest an, medicii din B\u0103l\u021bi au efectuat aproape 150 de interven\u021bii chirurgicale.<\/p>\n<p>\u00cen unele cazuri, cancerul nu este o sentin\u021b\u0103 la deces. Acest b\u0103rbat are 62 de ani \u0219i recent a fost diagnosticat cu cancer de colon. A fost salvat, de\u0219i s-a adresat medicilor doar c\u00e2nd nu mai putea s\u0103 suporte durerile.<\/p>\n<p>\u201e<em>Erau dureri mari. S-au trombat ma\u021bele complet. Acum m\u0103 simt foarte bine. Al\u021bii nu prea se g\u00e2ndes \u0219i nu reu\u0219esc. Care se adreseaz\u0103 la timp sunt salva\u021bi<\/em>\u201d.<\/p>\n<p>Speciali\u0219tii spun c\u0103 cel mai bine este s\u0103 ne adres\u0103m medicilor cu regularitate, pentru a nu ajunge \u00eentr-o situa\u021bie critic\u0103. <\/p>\n<p>La timp s-a adresat aceast\u0103 t\u00e2n\u0103r\u0103, care s-a aflat \u00eentr-o stare precanceroas\u0103.<\/p>\n<p>\u201e<em>Am depistat la timp. Eu singur\u0103 \u0219tiu ce \u00eenseamn\u0103 asta c\u0103ci \u00eemi fac studiile la Colegiul de Medicin\u0103. \u0218tiam c\u0103 trebui s\u0103 merg la medic pentru a elimina problema, de altfel putea evolua \u00een ceva mai grav<\/em>\u201d.<\/p>\n<p>\u00cen total, la eviden\u021ba medicilor din B\u0103l\u021bi se afl\u0103 mai mult de 2500 de pacien\u021bi bolnavi de cancer.<\/p>\n<p>Anual, pe \u021bar\u0103, peste 6000 de moldoveni mor din cauza maladiilor oncologice.<\/p>\n<p><iframe width=\"420\" height=\"315\" data-src=\"https:\/\/www.youtube.com\/embed\/lxOQjHXofkw\" frameborder=\"0\" allowfullscreen src=\"data:image\/svg+xml;base64,PHN2ZyB3aWR0aD0iMSIgaGVpZ2h0PSIxIiB4bWxucz0iaHR0cDovL3d3dy53My5vcmcvMjAwMC9zdmciPjwvc3ZnPg==\" class=\"lazyload\" data-load-mode=\"1\"><\/iframe><\/p>\n","protected":false},"excerpt":{"rendered":"<p>Cancerul de colon r\u0103m\u00e2ne \u00een topul maladiilor oncologice. Doar \u00een municipiul B\u0103l\u021bi, din cele aproape 300 de \u00eemboln\u0103viri \u00eenregistrate anual, 15 la sut\u0103 sunt cancer de colon. Medicul oncolog, Victor Grumeza, spune c\u0103 situa\u021bia se agraveaz\u0103 de la un an la altul. Una dintre cauze este adresarea tardiv\u0103 la medic. \u201eAdresarea tardiv\u0103, c\u00e2nd vin \u00eentr-o [&hellip;]<\/p>\n","protected":false},"author":4,"featured_media":6711,"comment_status":"closed","ping_status":"closed","sticky":false,"template":"","format":"standard","meta":{"footnotes":""},"categories":[6353],"tags":[],"class_list":["post-6710","post","type-post","status-publish","format-standard","has-post-thumbnail","hentry","category-oras"],"yoast_head":"<!-- This site is optimized with the Yoast SEO plugin v27.4 - https:\/\/yoast.com\/product\/yoast-seo-wordpress\/ -->\n<title>CANCERUL DE COLON, \u00ceN TOPUL MALADIILOR ONCOLOGICE - BTV<\/title>\n<meta name=\"robots\" content=\"index, follow, max-snippet:-1, max-image-preview:large, max-video-preview:-1\" \/>\n<link rel=\"canonical\" href=\"https:\/\/www.btv.md\/ro\/cancerul-de-colon-in-topul-maladiilor-oncologice\/\" \/>\n<meta property=\"og:locale\" content=\"ro_RO\" \/>\n<meta property=\"og:type\" content=\"article\" \/>\n<meta property=\"og:title\" content=\"CANCERUL DE COLON, \u00ceN TOPUL MALADIILOR ONCOLOGICE - BTV\" \/>\n<meta property=\"og:description\" content=\"Cancerul de colon r\u0103m\u00e2ne \u00een topul maladiilor oncologice. Doar \u00een municipiul B\u0103l\u021bi, din cele aproape 300 de \u00eemboln\u0103viri \u00eenregistrate anual, 15 la sut\u0103 sunt cancer de colon. Medicul oncolog, Victor Grumeza, spune c\u0103 situa\u021bia se agraveaz\u0103 de la un an la altul. Una dintre cauze este adresarea tardiv\u0103 la medic. \u201eAdresarea tardiv\u0103, c\u00e2nd vin \u00eentr-o [&hellip;]\" \/>\n<meta property=\"og:url\" content=\"https:\/\/www.btv.md\/ro\/cancerul-de-colon-in-topul-maladiilor-oncologice\/\" \/>\n<meta property=\"og:site_name\" content=\"BTV\" \/>\n<meta property=\"article:publisher\" content=\"https:\/\/www.facebook.com\/btvmoldova\/\" \/>\n<meta property=\"article:published_time\" content=\"2016-02-05T15:53:39+00:00\" \/>\n<meta property=\"og:image\" content=\"https:\/\/www.btv.md\/wp-content\/uploads\/2016\/02\/spital-e1498664511684.jpg\" \/>\n\t<meta property=\"og:image:width\" content=\"1000\" \/>\n\t<meta property=\"og:image:height\" content=\"557\" \/>\n\t<meta property=\"og:image:type\" content=\"image\/jpeg\" \/>\n<meta name=\"author\" content=\"admin\" \/>\n<meta name=\"twitter:label1\" content=\"Scris de\" \/>\n\t<meta name=\"twitter:data1\" content=\"admin\" \/>\n\t<meta name=\"twitter:label2\" content=\"Timp estimat pentru citire\" \/>\n\t<meta name=\"twitter:data2\" content=\"1 minut\" \/>\n<script type=\"application\/ld+json\" class=\"yoast-schema-graph\">{\"@context\":\"https:\\\/\\\/schema.org\",\"@graph\":[{\"@type\":\"Article\",\"@id\":\"https:\\\/\\\/www.btv.md\\\/ro\\\/cancerul-de-colon-in-topul-maladiilor-oncologice\\\/#article\",\"isPartOf\":{\"@id\":\"https:\\\/\\\/www.btv.md\\\/ro\\\/cancerul-de-colon-in-topul-maladiilor-oncologice\\\/\"},\"author\":{\"name\":\"admin\",\"@id\":\"https:\\\/\\\/www.btv.md\\\/#\\\/schema\\\/person\\\/8fadce81561b3ce2c34c46dadc4ccbf2\"},\"headline\":\"CANCERUL DE COLON, \u00ceN TOPUL MALADIILOR ONCOLOGICE\",\"datePublished\":\"2016-02-05T15:53:39+00:00\",\"mainEntityOfPage\":{\"@id\":\"https:\\\/\\\/www.btv.md\\\/ro\\\/cancerul-de-colon-in-topul-maladiilor-oncologice\\\/\"},\"wordCount\":300,\"image\":{\"@id\":\"https:\\\/\\\/www.btv.md\\\/ro\\\/cancerul-de-colon-in-topul-maladiilor-oncologice\\\/#primaryimage\"},\"thumbnailUrl\":\"https:\\\/\\\/www.btv.md\\\/wp-content\\\/uploads\\\/2016\\\/02\\\/spital-e1498664511684.jpg\",\"articleSection\":[\"Ora\u0219\"],\"inLanguage\":\"ro-RO\"},{\"@type\":\"WebPage\",\"@id\":\"https:\\\/\\\/www.btv.md\\\/ro\\\/cancerul-de-colon-in-topul-maladiilor-oncologice\\\/\",\"url\":\"https:\\\/\\\/www.btv.md\\\/ro\\\/cancerul-de-colon-in-topul-maladiilor-oncologice\\\/\",\"name\":\"CANCERUL DE COLON, \u00ceN TOPUL MALADIILOR ONCOLOGICE - BTV\",\"isPartOf\":{\"@id\":\"https:\\\/\\\/www.btv.md\\\/#website\"},\"primaryImageOfPage\":{\"@id\":\"https:\\\/\\\/www.btv.md\\\/ro\\\/cancerul-de-colon-in-topul-maladiilor-oncologice\\\/#primaryimage\"},\"image\":{\"@id\":\"https:\\\/\\\/www.btv.md\\\/ro\\\/cancerul-de-colon-in-topul-maladiilor-oncologice\\\/#primaryimage\"},\"thumbnailUrl\":\"https:\\\/\\\/www.btv.md\\\/wp-content\\\/uploads\\\/2016\\\/02\\\/spital-e1498664511684.jpg\",\"datePublished\":\"2016-02-05T15:53:39+00:00\",\"author\":{\"@id\":\"https:\\\/\\\/www.btv.md\\\/#\\\/schema\\\/person\\\/8fadce81561b3ce2c34c46dadc4ccbf2\"},\"inLanguage\":\"ro-RO\",\"potentialAction\":[{\"@type\":\"ReadAction\",\"target\":[\"https:\\\/\\\/www.btv.md\\\/ro\\\/cancerul-de-colon-in-topul-maladiilor-oncologice\\\/\"]}]},{\"@type\":\"ImageObject\",\"inLanguage\":\"ro-RO\",\"@id\":\"https:\\\/\\\/www.btv.md\\\/ro\\\/cancerul-de-colon-in-topul-maladiilor-oncologice\\\/#primaryimage\",\"url\":\"https:\\\/\\\/www.btv.md\\\/wp-content\\\/uploads\\\/2016\\\/02\\\/spital-e1498664511684.jpg\",\"contentUrl\":\"https:\\\/\\\/www.btv.md\\\/wp-content\\\/uploads\\\/2016\\\/02\\\/spital-e1498664511684.jpg\",\"width\":1000,\"height\":557},{\"@type\":\"WebSite\",\"@id\":\"https:\\\/\\\/www.btv.md\\\/#website\",\"url\":\"https:\\\/\\\/www.btv.md\\\/\",\"name\":\"BTV\",\"description\":\"\u0411\u0435\u043b\u044c\u0446\u043a\u043e\u0435 \u0442\u0435\u043b\u0435\u0432\u0438\u0434\u0435\u043d\u0438\u0435\",\"potentialAction\":[{\"@type\":\"SearchAction\",\"target\":{\"@type\":\"EntryPoint\",\"urlTemplate\":\"https:\\\/\\\/www.btv.md\\\/?s={search_term_string}\"},\"query-input\":{\"@type\":\"PropertyValueSpecification\",\"valueRequired\":true,\"valueName\":\"search_term_string\"}}],\"inLanguage\":\"ro-RO\"},{\"@type\":\"Person\",\"@id\":\"https:\\\/\\\/www.btv.md\\\/#\\\/schema\\\/person\\\/8fadce81561b3ce2c34c46dadc4ccbf2\",\"name\":\"admin\"}]}<\/script>\n<!-- \/ Yoast SEO plugin. -->","yoast_head_json":{"title":"CANCERUL DE COLON, \u00ceN TOPUL MALADIILOR ONCOLOGICE - BTV","robots":{"index":"index","follow":"follow","max-snippet":"max-snippet:-1","max-image-preview":"max-image-preview:large","max-video-preview":"max-video-preview:-1"},"canonical":"https:\/\/www.btv.md\/ro\/cancerul-de-colon-in-topul-maladiilor-oncologice\/","og_locale":"ro_RO","og_type":"article","og_title":"CANCERUL DE COLON, \u00ceN TOPUL MALADIILOR ONCOLOGICE - BTV","og_description":"Cancerul de colon r\u0103m\u00e2ne \u00een topul maladiilor oncologice. Doar \u00een municipiul B\u0103l\u021bi, din cele aproape 300 de \u00eemboln\u0103viri \u00eenregistrate anual, 15 la sut\u0103 sunt cancer de colon. Medicul oncolog, Victor Grumeza, spune c\u0103 situa\u021bia se agraveaz\u0103 de la un an la altul. Una dintre cauze este adresarea tardiv\u0103 la medic. \u201eAdresarea tardiv\u0103, c\u00e2nd vin \u00eentr-o [&hellip;]","og_url":"https:\/\/www.btv.md\/ro\/cancerul-de-colon-in-topul-maladiilor-oncologice\/","og_site_name":"BTV","article_publisher":"https:\/\/www.facebook.com\/btvmoldova\/","article_published_time":"2016-02-05T15:53:39+00:00","og_image":[{"width":1000,"height":557,"url":"https:\/\/www.btv.md\/wp-content\/uploads\/2016\/02\/spital-e1498664511684.jpg","type":"image\/jpeg"}],"author":"admin","twitter_misc":{"Scris de":"admin","Timp estimat pentru citire":"1 minut"},"schema":{"@context":"https:\/\/schema.org","@graph":[{"@type":"Article","@id":"https:\/\/www.btv.md\/ro\/cancerul-de-colon-in-topul-maladiilor-oncologice\/#article","isPartOf":{"@id":"https:\/\/www.btv.md\/ro\/cancerul-de-colon-in-topul-maladiilor-oncologice\/"},"author":{"name":"admin","@id":"https:\/\/www.btv.md\/#\/schema\/person\/8fadce81561b3ce2c34c46dadc4ccbf2"},"headline":"CANCERUL DE COLON, \u00ceN TOPUL MALADIILOR ONCOLOGICE","datePublished":"2016-02-05T15:53:39+00:00","mainEntityOfPage":{"@id":"https:\/\/www.btv.md\/ro\/cancerul-de-colon-in-topul-maladiilor-oncologice\/"},"wordCount":300,"image":{"@id":"https:\/\/www.btv.md\/ro\/cancerul-de-colon-in-topul-maladiilor-oncologice\/#primaryimage"},"thumbnailUrl":"https:\/\/www.btv.md\/wp-content\/uploads\/2016\/02\/spital-e1498664511684.jpg","articleSection":["Ora\u0219"],"inLanguage":"ro-RO"},{"@type":"WebPage","@id":"https:\/\/www.btv.md\/ro\/cancerul-de-colon-in-topul-maladiilor-oncologice\/","url":"https:\/\/www.btv.md\/ro\/cancerul-de-colon-in-topul-maladiilor-oncologice\/","name":"CANCERUL DE COLON, \u00ceN TOPUL MALADIILOR ONCOLOGICE - BTV","isPartOf":{"@id":"https:\/\/www.btv.md\/#website"},"primaryImageOfPage":{"@id":"https:\/\/www.btv.md\/ro\/cancerul-de-colon-in-topul-maladiilor-oncologice\/#primaryimage"},"image":{"@id":"https:\/\/www.btv.md\/ro\/cancerul-de-colon-in-topul-maladiilor-oncologice\/#primaryimage"},"thumbnailUrl":"https:\/\/www.btv.md\/wp-content\/uploads\/2016\/02\/spital-e1498664511684.jpg","datePublished":"2016-02-05T15:53:39+00:00","author":{"@id":"https:\/\/www.btv.md\/#\/schema\/person\/8fadce81561b3ce2c34c46dadc4ccbf2"},"inLanguage":"ro-RO","potentialAction":[{"@type":"ReadAction","target":["https:\/\/www.btv.md\/ro\/cancerul-de-colon-in-topul-maladiilor-oncologice\/"]}]},{"@type":"ImageObject","inLanguage":"ro-RO","@id":"https:\/\/www.btv.md\/ro\/cancerul-de-colon-in-topul-maladiilor-oncologice\/#primaryimage","url":"https:\/\/www.btv.md\/wp-content\/uploads\/2016\/02\/spital-e1498664511684.jpg","contentUrl":"https:\/\/www.btv.md\/wp-content\/uploads\/2016\/02\/spital-e1498664511684.jpg","width":1000,"height":557},{"@type":"WebSite","@id":"https:\/\/www.btv.md\/#website","url":"https:\/\/www.btv.md\/","name":"BTV","description":"\u0411\u0435\u043b\u044c\u0446\u043a\u043e\u0435 \u0442\u0435\u043b\u0435\u0432\u0438\u0434\u0435\u043d\u0438\u0435","potentialAction":[{"@type":"SearchAction","target":{"@type":"EntryPoint","urlTemplate":"https:\/\/www.btv.md\/?s={search_term_string}"},"query-input":{"@type":"PropertyValueSpecification","valueRequired":true,"valueName":"search_term_string"}}],"inLanguage":"ro-RO"},{"@type":"Person","@id":"https:\/\/www.btv.md\/#\/schema\/person\/8fadce81561b3ce2c34c46dadc4ccbf2","name":"admin"}]}},"_links":{"self":[{"href":"https:\/\/www.btv.md\/ro\/wp-json\/wp\/v2\/posts\/6710","targetHints":{"allow":["GET"]}}],"collection":[{"href":"https:\/\/www.btv.md\/ro\/wp-json\/wp\/v2\/posts"}],"about":[{"href":"https:\/\/www.btv.md\/ro\/wp-json\/wp\/v2\/types\/post"}],"author":[{"embeddable":true,"href":"https:\/\/www.btv.md\/ro\/wp-json\/wp\/v2\/users\/4"}],"replies":[{"embeddable":true,"href":"https:\/\/www.btv.md\/ro\/wp-json\/wp\/v2\/comments?post=6710"}],"version-history":[{"count":0,"href":"https:\/\/www.btv.md\/ro\/wp-json\/wp\/v2\/posts\/6710\/revisions"}],"wp:featuredmedia":[{"embeddable":true,"href":"https:\/\/www.btv.md\/ro\/wp-json\/wp\/v2\/media\/6711"}],"wp:attachment":[{"href":"https:\/\/www.btv.md\/ro\/wp-json\/wp\/v2\/media?parent=6710"}],"wp:term":[{"taxonomy":"category","embeddable":true,"href":"https:\/\/www.btv.md\/ro\/wp-json\/wp\/v2\/categories?post=6710"},{"taxonomy":"post_tag","embeddable":true,"href":"https:\/\/www.btv.md\/ro\/wp-json\/wp\/v2\/tags?post=6710"}],"curies":[{"name":"wp","href":"https:\/\/api.w.org\/{rel}","templated":true}]}}