{"id":6717,"date":"2016-02-08T11:30:22","date_gmt":"2016-02-08T08:30:22","guid":{"rendered":"http:\/\/btv.md\/?p=6717"},"modified":"2016-02-08T11:30:22","modified_gmt":"2016-02-08T08:30:22","slug":"negruta-deciziile-in-moldova-se-iau-in-afara-guvernului-sau-parlamentului","status":"publish","type":"post","link":"https:\/\/www.btv.md\/ro\/negruta-deciziile-in-moldova-se-iau-in-afara-guvernului-sau-parlamentului\/","title":{"rendered":"NEGRU\u021a\u0102: DECIZIILE  \u00ceN  MOLDOVA  SE  IAU  \u00ceN  AFARA  GUVERNULUI  SAU  PARLAMENTULUI"},"content":{"rendered":"<p><strong>Fostul ministru al Finan\u021belor, Veaceslav Negru\u021ba sus\u021bine c\u0103 deciziile \u00een Republica Moldova nu se iau la Guvern sau Parlament, ci \u00een afara acestor institu\u021bii. <\/p>\n<p>Declara\u021bii \u00een acest sens au fost f\u0103cute \u00een cadrul emisiunii Alb&#038;Negru de la <a href=\"http:\/\/unimedia.info\/tv\/alb-negru\/392\/veaceslav-negruta-in-studioul-unimedia\" target=\"_blank\">UNIMEDIA<\/a>.<\/strong><\/p>\n<p>\u201e<em>Centrele de decizii din Republica Moldova, din p\u0103cate, nu se afl\u0103 \u00een spa\u021biul legislativ, executiv sau din justi\u021bie<\/em>\u201d, afirm\u0103 Negru\u021ba.<\/p>\n<p>\u201e<em>Liderii Partidelor nu neap\u0103rat sunt cei care dirijeaz\u0103 procesele, ei sunt parte a unui scenariu care este dirijat din afara cl\u0103dirii Guvernului sau Parlamentului. Sunt lucruri foarte bine cunoscute<\/em>\u201d, mai spune fostul ministru.<br \/>\nTotodat\u0103, potrivit sursei, aceste decizii sunt puse \u00een aplicare de c\u0103tre oamenii care ocup\u0103 func\u021bii \u00een stat.<\/p>\n<p>\u201e<em>Ei genereaz\u0103 decizia, iar institu\u021biile statului sunt folosite pentru a \u00eempacheta \u0219i a da caracter legal deciziilor luate \u00een alt\u0103 parte. Este vorba despre decizii de business, politice sau alt\u0103 natur\u0103 care sunt promovate prin oamenii care au fost plasa\u021bi \u00een func\u021bii, av\u00e2nd certitudinea c\u0103 ace\u0219ti oameni nu au posibilitate s\u0103 fac\u0103 un pas \u00eenapoi \u0219i vor executa \u00eentocmai ce li se comand\u0103<\/em>\u201d, conchide invitatul.<\/p>\n","protected":false},"excerpt":{"rendered":"<p>Fostul ministru al Finan\u021belor, Veaceslav Negru\u021ba sus\u021bine c\u0103 deciziile \u00een Republica Moldova nu se iau la Guvern sau Parlament, ci \u00een afara acestor institu\u021bii. Declara\u021bii \u00een acest sens au fost f\u0103cute \u00een cadrul emisiunii Alb&#038;Negru de la UNIMEDIA. \u201eCentrele de decizii din Republica Moldova, din p\u0103cate, nu se afl\u0103 \u00een spa\u021biul legislativ, executiv sau din [&hellip;]<\/p>\n","protected":false},"author":4,"featured_media":6436,"comment_status":"closed","ping_status":"closed","sticky":false,"template":"","format":"standard","meta":{"footnotes":""},"categories":[6368],"tags":[],"class_list":["post-6717","post","type-post","status-publish","format-standard","has-post-thumbnail","hentry","category-politica-ro"],"yoast_head":"<!-- This site is optimized with the Yoast SEO plugin v27.4 - https:\/\/yoast.com\/product\/yoast-seo-wordpress\/ -->\n<title>NEGRU\u021a\u0102: DECIZIILE \u00ceN MOLDOVA SE IAU \u00ceN AFARA GUVERNULUI SAU PARLAMENTULUI  - BTV<\/title>\n<meta name=\"robots\" content=\"index, follow, max-snippet:-1, max-image-preview:large, max-video-preview:-1\" \/>\n<link rel=\"canonical\" href=\"https:\/\/www.btv.md\/ro\/negruta-deciziile-in-moldova-se-iau-in-afara-guvernului-sau-parlamentului\/\" \/>\n<meta property=\"og:locale\" content=\"ro_RO\" \/>\n<meta property=\"og:type\" content=\"article\" \/>\n<meta property=\"og:title\" content=\"NEGRU\u021a\u0102: DECIZIILE \u00ceN MOLDOVA SE IAU \u00ceN AFARA GUVERNULUI SAU PARLAMENTULUI  - BTV\" \/>\n<meta property=\"og:description\" content=\"Fostul ministru al Finan\u021belor, Veaceslav Negru\u021ba sus\u021bine c\u0103 deciziile \u00een Republica Moldova nu se iau la Guvern sau Parlament, ci \u00een afara acestor institu\u021bii. Declara\u021bii \u00een acest sens au fost f\u0103cute \u00een cadrul emisiunii Alb&#038;Negru de la UNIMEDIA. \u201eCentrele de decizii din Republica Moldova, din p\u0103cate, nu se afl\u0103 \u00een spa\u021biul legislativ, executiv sau din [&hellip;]\" \/>\n<meta property=\"og:url\" content=\"https:\/\/www.btv.md\/ro\/negruta-deciziile-in-moldova-se-iau-in-afara-guvernului-sau-parlamentului\/\" \/>\n<meta property=\"og:site_name\" content=\"BTV\" \/>\n<meta property=\"article:publisher\" content=\"https:\/\/www.facebook.com\/btvmoldova\/\" \/>\n<meta property=\"article:published_time\" content=\"2016-02-08T08:30:22+00:00\" \/>\n<meta property=\"og:image\" content=\"https:\/\/www.btv.md\/wp-content\/uploads\/2016\/02\/negruta-tribuna_md-680x365.jpg\" \/>\n\t<meta property=\"og:image:width\" content=\"680\" \/>\n\t<meta property=\"og:image:height\" content=\"365\" \/>\n\t<meta property=\"og:image:type\" content=\"image\/jpeg\" \/>\n<meta name=\"author\" content=\"admin\" \/>\n<meta name=\"twitter:label1\" content=\"Scris de\" \/>\n\t<meta name=\"twitter:data1\" content=\"admin\" \/>\n\t<meta name=\"twitter:label2\" content=\"Timp estimat pentru citire\" \/>\n\t<meta name=\"twitter:data2\" content=\"1 minut\" \/>\n<script type=\"application\/ld+json\" class=\"yoast-schema-graph\">{\"@context\":\"https:\\\/\\\/schema.org\",\"@graph\":[{\"@type\":\"Article\",\"@id\":\"https:\\\/\\\/www.btv.md\\\/ro\\\/negruta-deciziile-in-moldova-se-iau-in-afara-guvernului-sau-parlamentului\\\/#article\",\"isPartOf\":{\"@id\":\"https:\\\/\\\/www.btv.md\\\/ro\\\/negruta-deciziile-in-moldova-se-iau-in-afara-guvernului-sau-parlamentului\\\/\"},\"author\":{\"name\":\"admin\",\"@id\":\"https:\\\/\\\/www.btv.md\\\/#\\\/schema\\\/person\\\/8fadce81561b3ce2c34c46dadc4ccbf2\"},\"headline\":\"NEGRU\u021a\u0102: DECIZIILE \u00ceN MOLDOVA SE IAU \u00ceN AFARA GUVERNULUI SAU PARLAMENTULUI\",\"datePublished\":\"2016-02-08T08:30:22+00:00\",\"mainEntityOfPage\":{\"@id\":\"https:\\\/\\\/www.btv.md\\\/ro\\\/negruta-deciziile-in-moldova-se-iau-in-afara-guvernului-sau-parlamentului\\\/\"},\"wordCount\":204,\"image\":{\"@id\":\"https:\\\/\\\/www.btv.md\\\/ro\\\/negruta-deciziile-in-moldova-se-iau-in-afara-guvernului-sau-parlamentului\\\/#primaryimage\"},\"thumbnailUrl\":\"https:\\\/\\\/www.btv.md\\\/wp-content\\\/uploads\\\/2016\\\/02\\\/negruta-tribuna_md-680x365.jpg\",\"articleSection\":[\"Politic\u0103\"],\"inLanguage\":\"ro-RO\"},{\"@type\":\"WebPage\",\"@id\":\"https:\\\/\\\/www.btv.md\\\/ro\\\/negruta-deciziile-in-moldova-se-iau-in-afara-guvernului-sau-parlamentului\\\/\",\"url\":\"https:\\\/\\\/www.btv.md\\\/ro\\\/negruta-deciziile-in-moldova-se-iau-in-afara-guvernului-sau-parlamentului\\\/\",\"name\":\"NEGRU\u021a\u0102: DECIZIILE \u00ceN MOLDOVA SE IAU \u00ceN AFARA GUVERNULUI SAU PARLAMENTULUI - BTV\",\"isPartOf\":{\"@id\":\"https:\\\/\\\/www.btv.md\\\/#website\"},\"primaryImageOfPage\":{\"@id\":\"https:\\\/\\\/www.btv.md\\\/ro\\\/negruta-deciziile-in-moldova-se-iau-in-afara-guvernului-sau-parlamentului\\\/#primaryimage\"},\"image\":{\"@id\":\"https:\\\/\\\/www.btv.md\\\/ro\\\/negruta-deciziile-in-moldova-se-iau-in-afara-guvernului-sau-parlamentului\\\/#primaryimage\"},\"thumbnailUrl\":\"https:\\\/\\\/www.btv.md\\\/wp-content\\\/uploads\\\/2016\\\/02\\\/negruta-tribuna_md-680x365.jpg\",\"datePublished\":\"2016-02-08T08:30:22+00:00\",\"author\":{\"@id\":\"https:\\\/\\\/www.btv.md\\\/#\\\/schema\\\/person\\\/8fadce81561b3ce2c34c46dadc4ccbf2\"},\"inLanguage\":\"ro-RO\",\"potentialAction\":[{\"@type\":\"ReadAction\",\"target\":[\"https:\\\/\\\/www.btv.md\\\/ro\\\/negruta-deciziile-in-moldova-se-iau-in-afara-guvernului-sau-parlamentului\\\/\"]}]},{\"@type\":\"ImageObject\",\"inLanguage\":\"ro-RO\",\"@id\":\"https:\\\/\\\/www.btv.md\\\/ro\\\/negruta-deciziile-in-moldova-se-iau-in-afara-guvernului-sau-parlamentului\\\/#primaryimage\",\"url\":\"https:\\\/\\\/www.btv.md\\\/wp-content\\\/uploads\\\/2016\\\/02\\\/negruta-tribuna_md-680x365.jpg\",\"contentUrl\":\"https:\\\/\\\/www.btv.md\\\/wp-content\\\/uploads\\\/2016\\\/02\\\/negruta-tribuna_md-680x365.jpg\",\"width\":680,\"height\":365,\"caption\":\"cotidian.md\"},{\"@type\":\"WebSite\",\"@id\":\"https:\\\/\\\/www.btv.md\\\/#website\",\"url\":\"https:\\\/\\\/www.btv.md\\\/\",\"name\":\"BTV\",\"description\":\"\u0411\u0435\u043b\u044c\u0446\u043a\u043e\u0435 \u0442\u0435\u043b\u0435\u0432\u0438\u0434\u0435\u043d\u0438\u0435\",\"potentialAction\":[{\"@type\":\"SearchAction\",\"target\":{\"@type\":\"EntryPoint\",\"urlTemplate\":\"https:\\\/\\\/www.btv.md\\\/?s={search_term_string}\"},\"query-input\":{\"@type\":\"PropertyValueSpecification\",\"valueRequired\":true,\"valueName\":\"search_term_string\"}}],\"inLanguage\":\"ro-RO\"},{\"@type\":\"Person\",\"@id\":\"https:\\\/\\\/www.btv.md\\\/#\\\/schema\\\/person\\\/8fadce81561b3ce2c34c46dadc4ccbf2\",\"name\":\"admin\"}]}<\/script>\n<!-- \/ Yoast SEO plugin. -->","yoast_head_json":{"title":"NEGRU\u021a\u0102: DECIZIILE \u00ceN MOLDOVA SE IAU \u00ceN AFARA GUVERNULUI SAU PARLAMENTULUI  - BTV","robots":{"index":"index","follow":"follow","max-snippet":"max-snippet:-1","max-image-preview":"max-image-preview:large","max-video-preview":"max-video-preview:-1"},"canonical":"https:\/\/www.btv.md\/ro\/negruta-deciziile-in-moldova-se-iau-in-afara-guvernului-sau-parlamentului\/","og_locale":"ro_RO","og_type":"article","og_title":"NEGRU\u021a\u0102: DECIZIILE \u00ceN MOLDOVA SE IAU \u00ceN AFARA GUVERNULUI SAU PARLAMENTULUI  - BTV","og_description":"Fostul ministru al Finan\u021belor, Veaceslav Negru\u021ba sus\u021bine c\u0103 deciziile \u00een Republica Moldova nu se iau la Guvern sau Parlament, ci \u00een afara acestor institu\u021bii. Declara\u021bii \u00een acest sens au fost f\u0103cute \u00een cadrul emisiunii Alb&#038;Negru de la UNIMEDIA. \u201eCentrele de decizii din Republica Moldova, din p\u0103cate, nu se afl\u0103 \u00een spa\u021biul legislativ, executiv sau din [&hellip;]","og_url":"https:\/\/www.btv.md\/ro\/negruta-deciziile-in-moldova-se-iau-in-afara-guvernului-sau-parlamentului\/","og_site_name":"BTV","article_publisher":"https:\/\/www.facebook.com\/btvmoldova\/","article_published_time":"2016-02-08T08:30:22+00:00","og_image":[{"width":680,"height":365,"url":"https:\/\/www.btv.md\/wp-content\/uploads\/2016\/02\/negruta-tribuna_md-680x365.jpg","type":"image\/jpeg"}],"author":"admin","twitter_misc":{"Scris de":"admin","Timp estimat pentru citire":"1 minut"},"schema":{"@context":"https:\/\/schema.org","@graph":[{"@type":"Article","@id":"https:\/\/www.btv.md\/ro\/negruta-deciziile-in-moldova-se-iau-in-afara-guvernului-sau-parlamentului\/#article","isPartOf":{"@id":"https:\/\/www.btv.md\/ro\/negruta-deciziile-in-moldova-se-iau-in-afara-guvernului-sau-parlamentului\/"},"author":{"name":"admin","@id":"https:\/\/www.btv.md\/#\/schema\/person\/8fadce81561b3ce2c34c46dadc4ccbf2"},"headline":"NEGRU\u021a\u0102: DECIZIILE \u00ceN MOLDOVA SE IAU \u00ceN AFARA GUVERNULUI SAU PARLAMENTULUI","datePublished":"2016-02-08T08:30:22+00:00","mainEntityOfPage":{"@id":"https:\/\/www.btv.md\/ro\/negruta-deciziile-in-moldova-se-iau-in-afara-guvernului-sau-parlamentului\/"},"wordCount":204,"image":{"@id":"https:\/\/www.btv.md\/ro\/negruta-deciziile-in-moldova-se-iau-in-afara-guvernului-sau-parlamentului\/#primaryimage"},"thumbnailUrl":"https:\/\/www.btv.md\/wp-content\/uploads\/2016\/02\/negruta-tribuna_md-680x365.jpg","articleSection":["Politic\u0103"],"inLanguage":"ro-RO"},{"@type":"WebPage","@id":"https:\/\/www.btv.md\/ro\/negruta-deciziile-in-moldova-se-iau-in-afara-guvernului-sau-parlamentului\/","url":"https:\/\/www.btv.md\/ro\/negruta-deciziile-in-moldova-se-iau-in-afara-guvernului-sau-parlamentului\/","name":"NEGRU\u021a\u0102: DECIZIILE \u00ceN MOLDOVA SE IAU \u00ceN AFARA GUVERNULUI SAU PARLAMENTULUI - BTV","isPartOf":{"@id":"https:\/\/www.btv.md\/#website"},"primaryImageOfPage":{"@id":"https:\/\/www.btv.md\/ro\/negruta-deciziile-in-moldova-se-iau-in-afara-guvernului-sau-parlamentului\/#primaryimage"},"image":{"@id":"https:\/\/www.btv.md\/ro\/negruta-deciziile-in-moldova-se-iau-in-afara-guvernului-sau-parlamentului\/#primaryimage"},"thumbnailUrl":"https:\/\/www.btv.md\/wp-content\/uploads\/2016\/02\/negruta-tribuna_md-680x365.jpg","datePublished":"2016-02-08T08:30:22+00:00","author":{"@id":"https:\/\/www.btv.md\/#\/schema\/person\/8fadce81561b3ce2c34c46dadc4ccbf2"},"inLanguage":"ro-RO","potentialAction":[{"@type":"ReadAction","target":["https:\/\/www.btv.md\/ro\/negruta-deciziile-in-moldova-se-iau-in-afara-guvernului-sau-parlamentului\/"]}]},{"@type":"ImageObject","inLanguage":"ro-RO","@id":"https:\/\/www.btv.md\/ro\/negruta-deciziile-in-moldova-se-iau-in-afara-guvernului-sau-parlamentului\/#primaryimage","url":"https:\/\/www.btv.md\/wp-content\/uploads\/2016\/02\/negruta-tribuna_md-680x365.jpg","contentUrl":"https:\/\/www.btv.md\/wp-content\/uploads\/2016\/02\/negruta-tribuna_md-680x365.jpg","width":680,"height":365,"caption":"cotidian.md"},{"@type":"WebSite","@id":"https:\/\/www.btv.md\/#website","url":"https:\/\/www.btv.md\/","name":"BTV","description":"\u0411\u0435\u043b\u044c\u0446\u043a\u043e\u0435 \u0442\u0435\u043b\u0435\u0432\u0438\u0434\u0435\u043d\u0438\u0435","potentialAction":[{"@type":"SearchAction","target":{"@type":"EntryPoint","urlTemplate":"https:\/\/www.btv.md\/?s={search_term_string}"},"query-input":{"@type":"PropertyValueSpecification","valueRequired":true,"valueName":"search_term_string"}}],"inLanguage":"ro-RO"},{"@type":"Person","@id":"https:\/\/www.btv.md\/#\/schema\/person\/8fadce81561b3ce2c34c46dadc4ccbf2","name":"admin"}]}},"_links":{"self":[{"href":"https:\/\/www.btv.md\/ro\/wp-json\/wp\/v2\/posts\/6717","targetHints":{"allow":["GET"]}}],"collection":[{"href":"https:\/\/www.btv.md\/ro\/wp-json\/wp\/v2\/posts"}],"about":[{"href":"https:\/\/www.btv.md\/ro\/wp-json\/wp\/v2\/types\/post"}],"author":[{"embeddable":true,"href":"https:\/\/www.btv.md\/ro\/wp-json\/wp\/v2\/users\/4"}],"replies":[{"embeddable":true,"href":"https:\/\/www.btv.md\/ro\/wp-json\/wp\/v2\/comments?post=6717"}],"version-history":[{"count":0,"href":"https:\/\/www.btv.md\/ro\/wp-json\/wp\/v2\/posts\/6717\/revisions"}],"wp:featuredmedia":[{"embeddable":true,"href":"https:\/\/www.btv.md\/ro\/wp-json\/wp\/v2\/media\/6436"}],"wp:attachment":[{"href":"https:\/\/www.btv.md\/ro\/wp-json\/wp\/v2\/media?parent=6717"}],"wp:term":[{"taxonomy":"category","embeddable":true,"href":"https:\/\/www.btv.md\/ro\/wp-json\/wp\/v2\/categories?post=6717"},{"taxonomy":"post_tag","embeddable":true,"href":"https:\/\/www.btv.md\/ro\/wp-json\/wp\/v2\/tags?post=6717"}],"curies":[{"name":"wp","href":"https:\/\/api.w.org\/{rel}","templated":true}]}}