{"id":6728,"date":"2016-02-08T11:54:46","date_gmt":"2016-02-08T08:54:46","guid":{"rendered":"http:\/\/btv.md\/?p=6728"},"modified":"2016-02-08T11:54:46","modified_gmt":"2016-02-08T08:54:46","slug":"in-weekend-74-de-persoane-au-incalcat-legislatia-frontaliera","status":"publish","type":"post","link":"https:\/\/www.btv.md\/ro\/in-weekend-74-de-persoane-au-incalcat-legislatia-frontaliera\/","title":{"rendered":"\u00ceN  WEEKEND 74  DE  PERSOANE  AU  \u00ceNC\u0102LCAT LEGISLA\u021aIA  FRONTALIER\u0102"},"content":{"rendered":"<p><strong>S\u0103pt\u0103m\u00e2na trecut\u0103, 25 de cet\u0103\u0163eni str\u0103ini au primit refuz de a intra \u00een Republica Moldova. Totodat\u0103, potrivit datelor de\u021binute de Poli\u021bia de Frontier\u0103, 5 cet\u0103\u021beni moldoveni au fost neautoriza\u021bi \u00een Uniunea European\u0103, iar 2 au fost expulza\u021bi. \u00cen Federa\u021bia Rus\u0103, a fost limitat\u0103 intrarea pentru 15 cona\u021bionali, al\u021bii 8 fiind expulza\u021bi, transmite <a href=\"http:\/\/www.realitatea.md\/statistica-de-weekend-15-moldoveni-nu-au-putut-ajunge-in-rusia-iar-doi-in-uniunea-europeana_34168.html\" target=\"_blank\">Realitatea.md<\/a>.<\/strong><\/p>\n<p>\u00cen punctele de trecere \u0219i &#8222;frontiera verde&#8221; poli\u021bi\u0219tii de frontier\u0103 au depistat \u015fi re\u0163inut 72 de persoane care au \u00eenc\u0103lcat legisla\u0163ia frontalier\u0103 \u015fi migra\u0163ional\u0103 a Republicii Moldova, dup\u0103 cum urmeaz\u0103:<\/p>\n<p>\u2022\t2 persoane au \u00eenc\u0103lcat frontiera de stat;<br \/>\n\u2022\t18 persoane au \u00eenc\u0103lcat regimul frontierei de stat \u0219i al punctelor de trecere;<br \/>\n\u2022\t7 persoane documentate pentru uz de fals \u00een actele de c\u0103l\u0103torie;<br \/>\n\u2022\t26 de cet\u0103\u0163eni str\u0103ini au dep\u0103\u0219it termenul de \u015federe pe teritoriul Republicii Moldova;8 persoane au fost documentate pentru tentativa de transportare ilegal\u0103 a m\u0103rfurilor nedeclarate peste frontiera de stat;<br \/>\n\u2022\t11 persoane aflate \u00een conflict cu legea \u0219i 9 unit\u0103\u021bi de transport date la consemn au fost re\u021binute \u00een punctele de trecere a frontierei, urmare a schimbului de informa\u021bii cu organele de ocrotire a normelor de drept na\u021bionale \u0219i interna\u021bionale.<\/p>\n<p>\u00cen perioada 01 \u2013 07 februarie 2016, fluxul persoanelor care au traversat frontiera de stat a constituit 253.197 travers\u0103ri, iar traficul mijloacelor de transport a \u00eenregistrat 62.082 travers\u0103ri, fiind constatat\u0103 o u\u0219oar\u0103 cre\u0219tere fa\u021b\u0103 de s\u0103pt\u0103m\u00e2na precedent\u0103.<\/p>\n","protected":false},"excerpt":{"rendered":"<p>S\u0103pt\u0103m\u00e2na trecut\u0103, 25 de cet\u0103\u0163eni str\u0103ini au primit refuz de a intra \u00een Republica Moldova. Totodat\u0103, potrivit datelor de\u021binute de Poli\u021bia de Frontier\u0103, 5 cet\u0103\u021beni moldoveni au fost neautoriza\u021bi \u00een Uniunea European\u0103, iar 2 au fost expulza\u021bi. \u00cen Federa\u021bia Rus\u0103, a fost limitat\u0103 intrarea pentru 15 cona\u021bionali, al\u021bii 8 fiind expulza\u021bi, transmite Realitatea.md. \u00cen punctele [&hellip;]<\/p>\n","protected":false},"author":4,"featured_media":6729,"comment_status":"closed","ping_status":"closed","sticky":false,"template":"","format":"standard","meta":{"footnotes":""},"categories":[6351],"tags":[],"class_list":["post-6728","post","type-post","status-publish","format-standard","has-post-thumbnail","hentry","category-incidente"],"yoast_head":"<!-- This site is optimized with the Yoast SEO plugin v27.4 - https:\/\/yoast.com\/product\/yoast-seo-wordpress\/ -->\n<title>\u00ceN WEEKEND 74 DE PERSOANE AU \u00ceNC\u0102LCAT LEGISLA\u021aIA FRONTALIER\u0102  - BTV<\/title>\n<meta name=\"robots\" content=\"index, follow, max-snippet:-1, max-image-preview:large, max-video-preview:-1\" \/>\n<link rel=\"canonical\" href=\"https:\/\/www.btv.md\/ro\/in-weekend-74-de-persoane-au-incalcat-legislatia-frontaliera\/\" \/>\n<meta property=\"og:locale\" content=\"ro_RO\" \/>\n<meta property=\"og:type\" content=\"article\" \/>\n<meta property=\"og:title\" content=\"\u00ceN WEEKEND 74 DE PERSOANE AU \u00ceNC\u0102LCAT LEGISLA\u021aIA FRONTALIER\u0102  - BTV\" \/>\n<meta property=\"og:description\" content=\"S\u0103pt\u0103m\u00e2na trecut\u0103, 25 de cet\u0103\u0163eni str\u0103ini au primit refuz de a intra \u00een Republica Moldova. Totodat\u0103, potrivit datelor de\u021binute de Poli\u021bia de Frontier\u0103, 5 cet\u0103\u021beni moldoveni au fost neautoriza\u021bi \u00een Uniunea European\u0103, iar 2 au fost expulza\u021bi. \u00cen Federa\u021bia Rus\u0103, a fost limitat\u0103 intrarea pentru 15 cona\u021bionali, al\u021bii 8 fiind expulza\u021bi, transmite Realitatea.md. \u00cen punctele [&hellip;]\" \/>\n<meta property=\"og:url\" content=\"https:\/\/www.btv.md\/ro\/in-weekend-74-de-persoane-au-incalcat-legislatia-frontaliera\/\" \/>\n<meta property=\"og:site_name\" content=\"BTV\" \/>\n<meta property=\"article:publisher\" content=\"https:\/\/www.facebook.com\/btvmoldova\/\" \/>\n<meta property=\"article:published_time\" content=\"2016-02-08T08:54:46+00:00\" \/>\n<meta property=\"og:image\" content=\"https:\/\/www.btv.md\/wp-content\/uploads\/2016\/02\/10788_large.jpg\" \/>\n\t<meta property=\"og:image:width\" content=\"620\" \/>\n\t<meta property=\"og:image:height\" content=\"404\" \/>\n\t<meta property=\"og:image:type\" content=\"image\/jpeg\" \/>\n<meta name=\"author\" content=\"admin\" \/>\n<meta name=\"twitter:label1\" content=\"Scris de\" \/>\n\t<meta name=\"twitter:data1\" content=\"admin\" \/>\n\t<meta name=\"twitter:label2\" content=\"Timp estimat pentru citire\" \/>\n\t<meta name=\"twitter:data2\" content=\"1 minut\" \/>\n<script type=\"application\/ld+json\" class=\"yoast-schema-graph\">{\"@context\":\"https:\\\/\\\/schema.org\",\"@graph\":[{\"@type\":\"Article\",\"@id\":\"https:\\\/\\\/www.btv.md\\\/ro\\\/in-weekend-74-de-persoane-au-incalcat-legislatia-frontaliera\\\/#article\",\"isPartOf\":{\"@id\":\"https:\\\/\\\/www.btv.md\\\/ro\\\/in-weekend-74-de-persoane-au-incalcat-legislatia-frontaliera\\\/\"},\"author\":{\"name\":\"admin\",\"@id\":\"https:\\\/\\\/www.btv.md\\\/#\\\/schema\\\/person\\\/8fadce81561b3ce2c34c46dadc4ccbf2\"},\"headline\":\"\u00ceN WEEKEND 74 DE PERSOANE AU \u00ceNC\u0102LCAT LEGISLA\u021aIA FRONTALIER\u0102\",\"datePublished\":\"2016-02-08T08:54:46+00:00\",\"mainEntityOfPage\":{\"@id\":\"https:\\\/\\\/www.btv.md\\\/ro\\\/in-weekend-74-de-persoane-au-incalcat-legislatia-frontaliera\\\/\"},\"wordCount\":253,\"image\":{\"@id\":\"https:\\\/\\\/www.btv.md\\\/ro\\\/in-weekend-74-de-persoane-au-incalcat-legislatia-frontaliera\\\/#primaryimage\"},\"thumbnailUrl\":\"https:\\\/\\\/www.btv.md\\\/wp-content\\\/uploads\\\/2016\\\/02\\\/10788_large.jpg\",\"articleSection\":[\"Incidente\"],\"inLanguage\":\"ro-RO\"},{\"@type\":\"WebPage\",\"@id\":\"https:\\\/\\\/www.btv.md\\\/ro\\\/in-weekend-74-de-persoane-au-incalcat-legislatia-frontaliera\\\/\",\"url\":\"https:\\\/\\\/www.btv.md\\\/ro\\\/in-weekend-74-de-persoane-au-incalcat-legislatia-frontaliera\\\/\",\"name\":\"\u00ceN WEEKEND 74 DE PERSOANE AU \u00ceNC\u0102LCAT LEGISLA\u021aIA FRONTALIER\u0102 - BTV\",\"isPartOf\":{\"@id\":\"https:\\\/\\\/www.btv.md\\\/#website\"},\"primaryImageOfPage\":{\"@id\":\"https:\\\/\\\/www.btv.md\\\/ro\\\/in-weekend-74-de-persoane-au-incalcat-legislatia-frontaliera\\\/#primaryimage\"},\"image\":{\"@id\":\"https:\\\/\\\/www.btv.md\\\/ro\\\/in-weekend-74-de-persoane-au-incalcat-legislatia-frontaliera\\\/#primaryimage\"},\"thumbnailUrl\":\"https:\\\/\\\/www.btv.md\\\/wp-content\\\/uploads\\\/2016\\\/02\\\/10788_large.jpg\",\"datePublished\":\"2016-02-08T08:54:46+00:00\",\"author\":{\"@id\":\"https:\\\/\\\/www.btv.md\\\/#\\\/schema\\\/person\\\/8fadce81561b3ce2c34c46dadc4ccbf2\"},\"inLanguage\":\"ro-RO\",\"potentialAction\":[{\"@type\":\"ReadAction\",\"target\":[\"https:\\\/\\\/www.btv.md\\\/ro\\\/in-weekend-74-de-persoane-au-incalcat-legislatia-frontaliera\\\/\"]}]},{\"@type\":\"ImageObject\",\"inLanguage\":\"ro-RO\",\"@id\":\"https:\\\/\\\/www.btv.md\\\/ro\\\/in-weekend-74-de-persoane-au-incalcat-legislatia-frontaliera\\\/#primaryimage\",\"url\":\"https:\\\/\\\/www.btv.md\\\/wp-content\\\/uploads\\\/2016\\\/02\\\/10788_large.jpg\",\"contentUrl\":\"https:\\\/\\\/www.btv.md\\\/wp-content\\\/uploads\\\/2016\\\/02\\\/10788_large.jpg\",\"width\":620,\"height\":404,\"caption\":\"mbc.md\"},{\"@type\":\"WebSite\",\"@id\":\"https:\\\/\\\/www.btv.md\\\/#website\",\"url\":\"https:\\\/\\\/www.btv.md\\\/\",\"name\":\"BTV\",\"description\":\"\u0411\u0435\u043b\u044c\u0446\u043a\u043e\u0435 \u0442\u0435\u043b\u0435\u0432\u0438\u0434\u0435\u043d\u0438\u0435\",\"potentialAction\":[{\"@type\":\"SearchAction\",\"target\":{\"@type\":\"EntryPoint\",\"urlTemplate\":\"https:\\\/\\\/www.btv.md\\\/?s={search_term_string}\"},\"query-input\":{\"@type\":\"PropertyValueSpecification\",\"valueRequired\":true,\"valueName\":\"search_term_string\"}}],\"inLanguage\":\"ro-RO\"},{\"@type\":\"Person\",\"@id\":\"https:\\\/\\\/www.btv.md\\\/#\\\/schema\\\/person\\\/8fadce81561b3ce2c34c46dadc4ccbf2\",\"name\":\"admin\"}]}<\/script>\n<!-- \/ Yoast SEO plugin. -->","yoast_head_json":{"title":"\u00ceN WEEKEND 74 DE PERSOANE AU \u00ceNC\u0102LCAT LEGISLA\u021aIA FRONTALIER\u0102  - BTV","robots":{"index":"index","follow":"follow","max-snippet":"max-snippet:-1","max-image-preview":"max-image-preview:large","max-video-preview":"max-video-preview:-1"},"canonical":"https:\/\/www.btv.md\/ro\/in-weekend-74-de-persoane-au-incalcat-legislatia-frontaliera\/","og_locale":"ro_RO","og_type":"article","og_title":"\u00ceN WEEKEND 74 DE PERSOANE AU \u00ceNC\u0102LCAT LEGISLA\u021aIA FRONTALIER\u0102  - BTV","og_description":"S\u0103pt\u0103m\u00e2na trecut\u0103, 25 de cet\u0103\u0163eni str\u0103ini au primit refuz de a intra \u00een Republica Moldova. Totodat\u0103, potrivit datelor de\u021binute de Poli\u021bia de Frontier\u0103, 5 cet\u0103\u021beni moldoveni au fost neautoriza\u021bi \u00een Uniunea European\u0103, iar 2 au fost expulza\u021bi. \u00cen Federa\u021bia Rus\u0103, a fost limitat\u0103 intrarea pentru 15 cona\u021bionali, al\u021bii 8 fiind expulza\u021bi, transmite Realitatea.md. \u00cen punctele [&hellip;]","og_url":"https:\/\/www.btv.md\/ro\/in-weekend-74-de-persoane-au-incalcat-legislatia-frontaliera\/","og_site_name":"BTV","article_publisher":"https:\/\/www.facebook.com\/btvmoldova\/","article_published_time":"2016-02-08T08:54:46+00:00","og_image":[{"width":620,"height":404,"url":"https:\/\/www.btv.md\/wp-content\/uploads\/2016\/02\/10788_large.jpg","type":"image\/jpeg"}],"author":"admin","twitter_misc":{"Scris de":"admin","Timp estimat pentru citire":"1 minut"},"schema":{"@context":"https:\/\/schema.org","@graph":[{"@type":"Article","@id":"https:\/\/www.btv.md\/ro\/in-weekend-74-de-persoane-au-incalcat-legislatia-frontaliera\/#article","isPartOf":{"@id":"https:\/\/www.btv.md\/ro\/in-weekend-74-de-persoane-au-incalcat-legislatia-frontaliera\/"},"author":{"name":"admin","@id":"https:\/\/www.btv.md\/#\/schema\/person\/8fadce81561b3ce2c34c46dadc4ccbf2"},"headline":"\u00ceN WEEKEND 74 DE PERSOANE AU \u00ceNC\u0102LCAT LEGISLA\u021aIA FRONTALIER\u0102","datePublished":"2016-02-08T08:54:46+00:00","mainEntityOfPage":{"@id":"https:\/\/www.btv.md\/ro\/in-weekend-74-de-persoane-au-incalcat-legislatia-frontaliera\/"},"wordCount":253,"image":{"@id":"https:\/\/www.btv.md\/ro\/in-weekend-74-de-persoane-au-incalcat-legislatia-frontaliera\/#primaryimage"},"thumbnailUrl":"https:\/\/www.btv.md\/wp-content\/uploads\/2016\/02\/10788_large.jpg","articleSection":["Incidente"],"inLanguage":"ro-RO"},{"@type":"WebPage","@id":"https:\/\/www.btv.md\/ro\/in-weekend-74-de-persoane-au-incalcat-legislatia-frontaliera\/","url":"https:\/\/www.btv.md\/ro\/in-weekend-74-de-persoane-au-incalcat-legislatia-frontaliera\/","name":"\u00ceN WEEKEND 74 DE PERSOANE AU \u00ceNC\u0102LCAT LEGISLA\u021aIA FRONTALIER\u0102 - BTV","isPartOf":{"@id":"https:\/\/www.btv.md\/#website"},"primaryImageOfPage":{"@id":"https:\/\/www.btv.md\/ro\/in-weekend-74-de-persoane-au-incalcat-legislatia-frontaliera\/#primaryimage"},"image":{"@id":"https:\/\/www.btv.md\/ro\/in-weekend-74-de-persoane-au-incalcat-legislatia-frontaliera\/#primaryimage"},"thumbnailUrl":"https:\/\/www.btv.md\/wp-content\/uploads\/2016\/02\/10788_large.jpg","datePublished":"2016-02-08T08:54:46+00:00","author":{"@id":"https:\/\/www.btv.md\/#\/schema\/person\/8fadce81561b3ce2c34c46dadc4ccbf2"},"inLanguage":"ro-RO","potentialAction":[{"@type":"ReadAction","target":["https:\/\/www.btv.md\/ro\/in-weekend-74-de-persoane-au-incalcat-legislatia-frontaliera\/"]}]},{"@type":"ImageObject","inLanguage":"ro-RO","@id":"https:\/\/www.btv.md\/ro\/in-weekend-74-de-persoane-au-incalcat-legislatia-frontaliera\/#primaryimage","url":"https:\/\/www.btv.md\/wp-content\/uploads\/2016\/02\/10788_large.jpg","contentUrl":"https:\/\/www.btv.md\/wp-content\/uploads\/2016\/02\/10788_large.jpg","width":620,"height":404,"caption":"mbc.md"},{"@type":"WebSite","@id":"https:\/\/www.btv.md\/#website","url":"https:\/\/www.btv.md\/","name":"BTV","description":"\u0411\u0435\u043b\u044c\u0446\u043a\u043e\u0435 \u0442\u0435\u043b\u0435\u0432\u0438\u0434\u0435\u043d\u0438\u0435","potentialAction":[{"@type":"SearchAction","target":{"@type":"EntryPoint","urlTemplate":"https:\/\/www.btv.md\/?s={search_term_string}"},"query-input":{"@type":"PropertyValueSpecification","valueRequired":true,"valueName":"search_term_string"}}],"inLanguage":"ro-RO"},{"@type":"Person","@id":"https:\/\/www.btv.md\/#\/schema\/person\/8fadce81561b3ce2c34c46dadc4ccbf2","name":"admin"}]}},"_links":{"self":[{"href":"https:\/\/www.btv.md\/ro\/wp-json\/wp\/v2\/posts\/6728","targetHints":{"allow":["GET"]}}],"collection":[{"href":"https:\/\/www.btv.md\/ro\/wp-json\/wp\/v2\/posts"}],"about":[{"href":"https:\/\/www.btv.md\/ro\/wp-json\/wp\/v2\/types\/post"}],"author":[{"embeddable":true,"href":"https:\/\/www.btv.md\/ro\/wp-json\/wp\/v2\/users\/4"}],"replies":[{"embeddable":true,"href":"https:\/\/www.btv.md\/ro\/wp-json\/wp\/v2\/comments?post=6728"}],"version-history":[{"count":0,"href":"https:\/\/www.btv.md\/ro\/wp-json\/wp\/v2\/posts\/6728\/revisions"}],"wp:featuredmedia":[{"embeddable":true,"href":"https:\/\/www.btv.md\/ro\/wp-json\/wp\/v2\/media\/6729"}],"wp:attachment":[{"href":"https:\/\/www.btv.md\/ro\/wp-json\/wp\/v2\/media?parent=6728"}],"wp:term":[{"taxonomy":"category","embeddable":true,"href":"https:\/\/www.btv.md\/ro\/wp-json\/wp\/v2\/categories?post=6728"},{"taxonomy":"post_tag","embeddable":true,"href":"https:\/\/www.btv.md\/ro\/wp-json\/wp\/v2\/tags?post=6728"}],"curies":[{"name":"wp","href":"https:\/\/api.w.org\/{rel}","templated":true}]}}