{"id":6769,"date":"2016-02-08T18:45:39","date_gmt":"2016-02-08T15:45:39","guid":{"rendered":"http:\/\/btv.md\/?p=6769"},"modified":"2016-02-08T18:46:35","modified_gmt":"2016-02-08T15:46:35","slug":"au-donat-carti-detinutilor","status":"publish","type":"post","link":"https:\/\/www.btv.md\/ro\/au-donat-carti-detinutilor\/","title":{"rendered":"AU  DONAT  C\u0102R\u021aI  DE\u021aINU\u021aILOR"},"content":{"rendered":"<p><strong>Reprezentan\u021bii Uniunii Bisericii Cre\u015ftin Evangheliste Baptiste din ora\u0219ul B\u0103l\u0163i au donat 70 de c\u0103r\u0163i religioase, literatur\u0103 artistic\u0103, didactic\u0103 \u0219i ziare pentru biblioteca Penitenciarului nr.6-Soroca. <\/strong><\/p>\n<p>Lotul de c\u0103r\u0163i cuprinde o varietate de subiecte religioase, care atrag interesul \u015fi curiozitatea celor priva\u0163i de libertate, iar lectura sistematic\u0103 \u015fi \u00eendrumarea corect\u0103 a de\u0163inu\u0163ilor \u00eei ajut\u0103 s\u0103-\u015fi l\u0103rgeasc\u0103 orizontul spiritual.<\/p>\n<p>Dona\u021biile de c\u0103r\u021bi din partea reprezentan\u021bilor societ\u0103\u021bii civile are ca scop completarea \u0219i diversificarea fondurilor de carte ale institu\u021biilor de deten\u021bie din \u021bar\u0103. <\/p>\n<p>De remarcat c\u0103, datorit\u0103 diversific\u0103rii fondului de carte \u00een penitenciare, num\u0103rul de cititori, de\u021binu\u021bi \u00een penitenciarele din \u021bar\u0103 este \u00een cre\u0219tere. Rafturile celor 17 biblioteci ale penitenciarelor autohtone con\u021bin circa 60000 de titluri.<\/p>\n<p><iframe width=\"420\" height=\"315\" data-src=\"https:\/\/www.youtube.com\/embed\/vru-BP7_gv4\" frameborder=\"0\" allowfullscreen src=\"data:image\/svg+xml;base64,PHN2ZyB3aWR0aD0iMSIgaGVpZ2h0PSIxIiB4bWxucz0iaHR0cDovL3d3dy53My5vcmcvMjAwMC9zdmciPjwvc3ZnPg==\" class=\"lazyload\" data-load-mode=\"1\"><\/iframe><\/p>\n","protected":false},"excerpt":{"rendered":"<p>Reprezentan\u021bii Uniunii Bisericii Cre\u015ftin Evangheliste Baptiste din ora\u0219ul B\u0103l\u0163i au donat 70 de c\u0103r\u0163i religioase, literatur\u0103 artistic\u0103, didactic\u0103 \u0219i ziare pentru biblioteca Penitenciarului nr.6-Soroca. Lotul de c\u0103r\u0163i cuprinde o varietate de subiecte religioase, care atrag interesul \u015fi curiozitatea celor priva\u0163i de libertate, iar lectura sistematic\u0103 \u015fi \u00eendrumarea corect\u0103 a de\u0163inu\u0163ilor \u00eei ajut\u0103 s\u0103-\u015fi l\u0103rgeasc\u0103 orizontul [&hellip;]<\/p>\n","protected":false},"author":4,"featured_media":6770,"comment_status":"closed","ping_status":"closed","sticky":false,"template":"","format":"standard","meta":{"footnotes":""},"categories":[12],"tags":[],"class_list":["post-6769","post","type-post","status-publish","format-standard","has-post-thumbnail","hentry","category-balti"],"yoast_head":"<!-- This site is optimized with the Yoast SEO plugin v27.4 - https:\/\/yoast.com\/product\/yoast-seo-wordpress\/ -->\n<title>AU DONAT C\u0102R\u021aI DE\u021aINU\u021aILOR  - BTV<\/title>\n<meta name=\"robots\" content=\"index, follow, max-snippet:-1, max-image-preview:large, max-video-preview:-1\" \/>\n<link rel=\"canonical\" href=\"https:\/\/www.btv.md\/ro\/au-donat-carti-detinutilor\/\" \/>\n<meta property=\"og:locale\" content=\"ro_RO\" \/>\n<meta property=\"og:type\" content=\"article\" \/>\n<meta property=\"og:title\" content=\"AU DONAT C\u0102R\u021aI DE\u021aINU\u021aILOR  - BTV\" \/>\n<meta property=\"og:description\" content=\"Reprezentan\u021bii Uniunii Bisericii Cre\u015ftin Evangheliste Baptiste din ora\u0219ul B\u0103l\u0163i au donat 70 de c\u0103r\u0163i religioase, literatur\u0103 artistic\u0103, didactic\u0103 \u0219i ziare pentru biblioteca Penitenciarului nr.6-Soroca. Lotul de c\u0103r\u0163i cuprinde o varietate de subiecte religioase, care atrag interesul \u015fi curiozitatea celor priva\u0163i de libertate, iar lectura sistematic\u0103 \u015fi \u00eendrumarea corect\u0103 a de\u0163inu\u0163ilor \u00eei ajut\u0103 s\u0103-\u015fi l\u0103rgeasc\u0103 orizontul [&hellip;]\" \/>\n<meta property=\"og:url\" content=\"https:\/\/www.btv.md\/ro\/au-donat-carti-detinutilor\/\" \/>\n<meta property=\"og:site_name\" content=\"BTV\" \/>\n<meta property=\"article:publisher\" content=\"https:\/\/www.facebook.com\/btvmoldova\/\" \/>\n<meta property=\"article:published_time\" content=\"2016-02-08T15:45:39+00:00\" \/>\n<meta property=\"article:modified_time\" content=\"2016-02-08T15:46:35+00:00\" \/>\n<meta property=\"og:image\" content=\"https:\/\/www.btv.md\/wp-content\/uploads\/2016\/02\/carti-penitenciar.jpg\" \/>\n\t<meta property=\"og:image:width\" content=\"1001\" \/>\n\t<meta property=\"og:image:height\" content=\"539\" \/>\n\t<meta property=\"og:image:type\" content=\"image\/jpeg\" \/>\n<meta name=\"author\" content=\"admin\" \/>\n<meta name=\"twitter:label1\" content=\"Scris de\" \/>\n\t<meta name=\"twitter:data1\" content=\"admin\" \/>\n\t<meta name=\"twitter:label2\" content=\"Timp estimat pentru citire\" \/>\n\t<meta name=\"twitter:data2\" content=\"1 minut\" \/>\n<script type=\"application\/ld+json\" class=\"yoast-schema-graph\">{\"@context\":\"https:\\\/\\\/schema.org\",\"@graph\":[{\"@type\":\"Article\",\"@id\":\"https:\\\/\\\/www.btv.md\\\/ro\\\/au-donat-carti-detinutilor\\\/#article\",\"isPartOf\":{\"@id\":\"https:\\\/\\\/www.btv.md\\\/ro\\\/au-donat-carti-detinutilor\\\/\"},\"author\":{\"name\":\"admin\",\"@id\":\"https:\\\/\\\/www.btv.md\\\/#\\\/schema\\\/person\\\/8fadce81561b3ce2c34c46dadc4ccbf2\"},\"headline\":\"AU DONAT C\u0102R\u021aI DE\u021aINU\u021aILOR\",\"datePublished\":\"2016-02-08T15:45:39+00:00\",\"dateModified\":\"2016-02-08T15:46:35+00:00\",\"mainEntityOfPage\":{\"@id\":\"https:\\\/\\\/www.btv.md\\\/ro\\\/au-donat-carti-detinutilor\\\/\"},\"wordCount\":146,\"image\":{\"@id\":\"https:\\\/\\\/www.btv.md\\\/ro\\\/au-donat-carti-detinutilor\\\/#primaryimage\"},\"thumbnailUrl\":\"https:\\\/\\\/www.btv.md\\\/wp-content\\\/uploads\\\/2016\\\/02\\\/carti-penitenciar.jpg\",\"articleSection\":[\"\u0413\u043e\u0440\u043e\u0434\"],\"inLanguage\":\"ro-RO\"},{\"@type\":\"WebPage\",\"@id\":\"https:\\\/\\\/www.btv.md\\\/ro\\\/au-donat-carti-detinutilor\\\/\",\"url\":\"https:\\\/\\\/www.btv.md\\\/ro\\\/au-donat-carti-detinutilor\\\/\",\"name\":\"AU DONAT C\u0102R\u021aI DE\u021aINU\u021aILOR - BTV\",\"isPartOf\":{\"@id\":\"https:\\\/\\\/www.btv.md\\\/#website\"},\"primaryImageOfPage\":{\"@id\":\"https:\\\/\\\/www.btv.md\\\/ro\\\/au-donat-carti-detinutilor\\\/#primaryimage\"},\"image\":{\"@id\":\"https:\\\/\\\/www.btv.md\\\/ro\\\/au-donat-carti-detinutilor\\\/#primaryimage\"},\"thumbnailUrl\":\"https:\\\/\\\/www.btv.md\\\/wp-content\\\/uploads\\\/2016\\\/02\\\/carti-penitenciar.jpg\",\"datePublished\":\"2016-02-08T15:45:39+00:00\",\"dateModified\":\"2016-02-08T15:46:35+00:00\",\"author\":{\"@id\":\"https:\\\/\\\/www.btv.md\\\/#\\\/schema\\\/person\\\/8fadce81561b3ce2c34c46dadc4ccbf2\"},\"inLanguage\":\"ro-RO\",\"potentialAction\":[{\"@type\":\"ReadAction\",\"target\":[\"https:\\\/\\\/www.btv.md\\\/ro\\\/au-donat-carti-detinutilor\\\/\"]}]},{\"@type\":\"ImageObject\",\"inLanguage\":\"ro-RO\",\"@id\":\"https:\\\/\\\/www.btv.md\\\/ro\\\/au-donat-carti-detinutilor\\\/#primaryimage\",\"url\":\"https:\\\/\\\/www.btv.md\\\/wp-content\\\/uploads\\\/2016\\\/02\\\/carti-penitenciar.jpg\",\"contentUrl\":\"https:\\\/\\\/www.btv.md\\\/wp-content\\\/uploads\\\/2016\\\/02\\\/carti-penitenciar.jpg\",\"width\":1001,\"height\":539},{\"@type\":\"WebSite\",\"@id\":\"https:\\\/\\\/www.btv.md\\\/#website\",\"url\":\"https:\\\/\\\/www.btv.md\\\/\",\"name\":\"BTV\",\"description\":\"\u0411\u0435\u043b\u044c\u0446\u043a\u043e\u0435 \u0442\u0435\u043b\u0435\u0432\u0438\u0434\u0435\u043d\u0438\u0435\",\"potentialAction\":[{\"@type\":\"SearchAction\",\"target\":{\"@type\":\"EntryPoint\",\"urlTemplate\":\"https:\\\/\\\/www.btv.md\\\/?s={search_term_string}\"},\"query-input\":{\"@type\":\"PropertyValueSpecification\",\"valueRequired\":true,\"valueName\":\"search_term_string\"}}],\"inLanguage\":\"ro-RO\"},{\"@type\":\"Person\",\"@id\":\"https:\\\/\\\/www.btv.md\\\/#\\\/schema\\\/person\\\/8fadce81561b3ce2c34c46dadc4ccbf2\",\"name\":\"admin\"}]}<\/script>\n<!-- \/ Yoast SEO plugin. -->","yoast_head_json":{"title":"AU DONAT C\u0102R\u021aI DE\u021aINU\u021aILOR  - BTV","robots":{"index":"index","follow":"follow","max-snippet":"max-snippet:-1","max-image-preview":"max-image-preview:large","max-video-preview":"max-video-preview:-1"},"canonical":"https:\/\/www.btv.md\/ro\/au-donat-carti-detinutilor\/","og_locale":"ro_RO","og_type":"article","og_title":"AU DONAT C\u0102R\u021aI DE\u021aINU\u021aILOR  - BTV","og_description":"Reprezentan\u021bii Uniunii Bisericii Cre\u015ftin Evangheliste Baptiste din ora\u0219ul B\u0103l\u0163i au donat 70 de c\u0103r\u0163i religioase, literatur\u0103 artistic\u0103, didactic\u0103 \u0219i ziare pentru biblioteca Penitenciarului nr.6-Soroca. Lotul de c\u0103r\u0163i cuprinde o varietate de subiecte religioase, care atrag interesul \u015fi curiozitatea celor priva\u0163i de libertate, iar lectura sistematic\u0103 \u015fi \u00eendrumarea corect\u0103 a de\u0163inu\u0163ilor \u00eei ajut\u0103 s\u0103-\u015fi l\u0103rgeasc\u0103 orizontul [&hellip;]","og_url":"https:\/\/www.btv.md\/ro\/au-donat-carti-detinutilor\/","og_site_name":"BTV","article_publisher":"https:\/\/www.facebook.com\/btvmoldova\/","article_published_time":"2016-02-08T15:45:39+00:00","article_modified_time":"2016-02-08T15:46:35+00:00","og_image":[{"width":1001,"height":539,"url":"https:\/\/www.btv.md\/wp-content\/uploads\/2016\/02\/carti-penitenciar.jpg","type":"image\/jpeg"}],"author":"admin","twitter_misc":{"Scris de":"admin","Timp estimat pentru citire":"1 minut"},"schema":{"@context":"https:\/\/schema.org","@graph":[{"@type":"Article","@id":"https:\/\/www.btv.md\/ro\/au-donat-carti-detinutilor\/#article","isPartOf":{"@id":"https:\/\/www.btv.md\/ro\/au-donat-carti-detinutilor\/"},"author":{"name":"admin","@id":"https:\/\/www.btv.md\/#\/schema\/person\/8fadce81561b3ce2c34c46dadc4ccbf2"},"headline":"AU DONAT C\u0102R\u021aI DE\u021aINU\u021aILOR","datePublished":"2016-02-08T15:45:39+00:00","dateModified":"2016-02-08T15:46:35+00:00","mainEntityOfPage":{"@id":"https:\/\/www.btv.md\/ro\/au-donat-carti-detinutilor\/"},"wordCount":146,"image":{"@id":"https:\/\/www.btv.md\/ro\/au-donat-carti-detinutilor\/#primaryimage"},"thumbnailUrl":"https:\/\/www.btv.md\/wp-content\/uploads\/2016\/02\/carti-penitenciar.jpg","articleSection":["\u0413\u043e\u0440\u043e\u0434"],"inLanguage":"ro-RO"},{"@type":"WebPage","@id":"https:\/\/www.btv.md\/ro\/au-donat-carti-detinutilor\/","url":"https:\/\/www.btv.md\/ro\/au-donat-carti-detinutilor\/","name":"AU DONAT C\u0102R\u021aI DE\u021aINU\u021aILOR - BTV","isPartOf":{"@id":"https:\/\/www.btv.md\/#website"},"primaryImageOfPage":{"@id":"https:\/\/www.btv.md\/ro\/au-donat-carti-detinutilor\/#primaryimage"},"image":{"@id":"https:\/\/www.btv.md\/ro\/au-donat-carti-detinutilor\/#primaryimage"},"thumbnailUrl":"https:\/\/www.btv.md\/wp-content\/uploads\/2016\/02\/carti-penitenciar.jpg","datePublished":"2016-02-08T15:45:39+00:00","dateModified":"2016-02-08T15:46:35+00:00","author":{"@id":"https:\/\/www.btv.md\/#\/schema\/person\/8fadce81561b3ce2c34c46dadc4ccbf2"},"inLanguage":"ro-RO","potentialAction":[{"@type":"ReadAction","target":["https:\/\/www.btv.md\/ro\/au-donat-carti-detinutilor\/"]}]},{"@type":"ImageObject","inLanguage":"ro-RO","@id":"https:\/\/www.btv.md\/ro\/au-donat-carti-detinutilor\/#primaryimage","url":"https:\/\/www.btv.md\/wp-content\/uploads\/2016\/02\/carti-penitenciar.jpg","contentUrl":"https:\/\/www.btv.md\/wp-content\/uploads\/2016\/02\/carti-penitenciar.jpg","width":1001,"height":539},{"@type":"WebSite","@id":"https:\/\/www.btv.md\/#website","url":"https:\/\/www.btv.md\/","name":"BTV","description":"\u0411\u0435\u043b\u044c\u0446\u043a\u043e\u0435 \u0442\u0435\u043b\u0435\u0432\u0438\u0434\u0435\u043d\u0438\u0435","potentialAction":[{"@type":"SearchAction","target":{"@type":"EntryPoint","urlTemplate":"https:\/\/www.btv.md\/?s={search_term_string}"},"query-input":{"@type":"PropertyValueSpecification","valueRequired":true,"valueName":"search_term_string"}}],"inLanguage":"ro-RO"},{"@type":"Person","@id":"https:\/\/www.btv.md\/#\/schema\/person\/8fadce81561b3ce2c34c46dadc4ccbf2","name":"admin"}]}},"_links":{"self":[{"href":"https:\/\/www.btv.md\/ro\/wp-json\/wp\/v2\/posts\/6769","targetHints":{"allow":["GET"]}}],"collection":[{"href":"https:\/\/www.btv.md\/ro\/wp-json\/wp\/v2\/posts"}],"about":[{"href":"https:\/\/www.btv.md\/ro\/wp-json\/wp\/v2\/types\/post"}],"author":[{"embeddable":true,"href":"https:\/\/www.btv.md\/ro\/wp-json\/wp\/v2\/users\/4"}],"replies":[{"embeddable":true,"href":"https:\/\/www.btv.md\/ro\/wp-json\/wp\/v2\/comments?post=6769"}],"version-history":[{"count":0,"href":"https:\/\/www.btv.md\/ro\/wp-json\/wp\/v2\/posts\/6769\/revisions"}],"wp:featuredmedia":[{"embeddable":true,"href":"https:\/\/www.btv.md\/ro\/wp-json\/wp\/v2\/media\/6770"}],"wp:attachment":[{"href":"https:\/\/www.btv.md\/ro\/wp-json\/wp\/v2\/media?parent=6769"}],"wp:term":[{"taxonomy":"category","embeddable":true,"href":"https:\/\/www.btv.md\/ro\/wp-json\/wp\/v2\/categories?post=6769"},{"taxonomy":"post_tag","embeddable":true,"href":"https:\/\/www.btv.md\/ro\/wp-json\/wp\/v2\/tags?post=6769"}],"curies":[{"name":"wp","href":"https:\/\/api.w.org\/{rel}","templated":true}]}}