{"id":6778,"date":"2016-02-09T11:00:22","date_gmt":"2016-02-09T08:00:22","guid":{"rendered":"http:\/\/btv.md\/?p=6778"},"modified":"2016-02-09T11:00:22","modified_gmt":"2016-02-09T08:00:22","slug":"protest-in-fata-csm-impotriva-realegerii-lui-mihai-poalelungi-la-functia-de-presedinte-al-csj","status":"publish","type":"post","link":"https:\/\/www.btv.md\/ro\/protest-in-fata-csm-impotriva-realegerii-lui-mihai-poalelungi-la-functia-de-presedinte-al-csj\/","title":{"rendered":"PROTEST \u00ceN FA\u0162\u0102 CSM \u00ceMPOTRIVA REALEGERII LUI MIHAI POALELUNGI LA FUNC\u021aIA DE PRE\u0218EDINTE AL CSJ"},"content":{"rendered":"<p><strong>Simpatizan\u021bii Partidul Nostru, Platformei DA protesteaz\u0103 \u00een fa\u021ba Consiliului Superior al Magistraturii \u00eempotriva realegerii lui Mihai Poalelungi la func\u021bia de pre\u0219edinte al Cur\u021bii Supreme de Justi\u021bie. <\/strong><\/p>\n<p>Pe durata mandatului, numele s\u0103u a fost implicat \u00een mai multe scandaluri mediatice informeaz\u0103 Jurnal TV. Regretatul deputat PLDM, Ion Butmalai declara acum trei, cu referire la informa\u0163ii oferite de SIS, c\u0103 Mihai Poalelungi, ar fi participat \u00een 2012 la elaborarea schemei de legalizare a atacului asupra BEM. Judec\u0103torul a negat orice implicare. <\/p>\n<p>Ce-i drept, ini\u0163ial, a declarat c\u0103 nu s-ar fi aflat \u00een \u0163ar\u0103 \u00een ziua \u00een care potrivit lui Butmalai a fost pus la cale planul, iar ulterior \u015fi-a schimbat declara\u0163iile dup\u0103 ce a fost contrazis de Poli\u0163ia de Frontier\u0103.<\/p>\n","protected":false},"excerpt":{"rendered":"<p>Simpatizan\u021bii Partidul Nostru, Platformei DA protesteaz\u0103 \u00een fa\u021ba Consiliului Superior al Magistraturii \u00eempotriva realegerii lui Mihai Poalelungi la func\u021bia de pre\u0219edinte al Cur\u021bii Supreme de Justi\u021bie. Pe durata mandatului, numele s\u0103u a fost implicat \u00een mai multe scandaluri mediatice informeaz\u0103 Jurnal TV. Regretatul deputat PLDM, Ion Butmalai declara acum trei, cu referire la informa\u0163ii oferite [&hellip;]<\/p>\n","protected":false},"author":4,"featured_media":6779,"comment_status":"closed","ping_status":"closed","sticky":false,"template":"","format":"standard","meta":{"footnotes":""},"categories":[8],"tags":[],"class_list":["post-6778","post","type-post","status-publish","format-standard","has-post-thumbnail","hentry","category-obshestvo"],"yoast_head":"<!-- This site is optimized with the Yoast SEO plugin v27.4 - https:\/\/yoast.com\/product\/yoast-seo-wordpress\/ -->\n<title>PROTEST \u00ceN FA\u0162\u0102 CSM \u00ceMPOTRIVA REALEGERII LUI MIHAI POALELUNGI LA FUNC\u021aIA DE PRE\u0218EDINTE AL CSJ - BTV<\/title>\n<meta name=\"robots\" content=\"index, follow, max-snippet:-1, max-image-preview:large, max-video-preview:-1\" \/>\n<link rel=\"canonical\" href=\"https:\/\/www.btv.md\/ro\/protest-in-fata-csm-impotriva-realegerii-lui-mihai-poalelungi-la-functia-de-presedinte-al-csj\/\" \/>\n<meta property=\"og:locale\" content=\"ro_RO\" \/>\n<meta property=\"og:type\" content=\"article\" \/>\n<meta property=\"og:title\" content=\"PROTEST \u00ceN FA\u0162\u0102 CSM \u00ceMPOTRIVA REALEGERII LUI MIHAI POALELUNGI LA FUNC\u021aIA DE PRE\u0218EDINTE AL CSJ - BTV\" \/>\n<meta property=\"og:description\" content=\"Simpatizan\u021bii Partidul Nostru, Platformei DA protesteaz\u0103 \u00een fa\u021ba Consiliului Superior al Magistraturii \u00eempotriva realegerii lui Mihai Poalelungi la func\u021bia de pre\u0219edinte al Cur\u021bii Supreme de Justi\u021bie. Pe durata mandatului, numele s\u0103u a fost implicat \u00een mai multe scandaluri mediatice informeaz\u0103 Jurnal TV. Regretatul deputat PLDM, Ion Butmalai declara acum trei, cu referire la informa\u0163ii oferite [&hellip;]\" \/>\n<meta property=\"og:url\" content=\"https:\/\/www.btv.md\/ro\/protest-in-fata-csm-impotriva-realegerii-lui-mihai-poalelungi-la-functia-de-presedinte-al-csj\/\" \/>\n<meta property=\"og:site_name\" content=\"BTV\" \/>\n<meta property=\"article:publisher\" content=\"https:\/\/www.facebook.com\/btvmoldova\/\" \/>\n<meta property=\"article:published_time\" content=\"2016-02-09T08:00:22+00:00\" \/>\n<meta property=\"og:image\" content=\"https:\/\/www.btv.md\/wp-content\/uploads\/2016\/02\/poale.jpg\" \/>\n\t<meta property=\"og:image:width\" content=\"1200\" \/>\n\t<meta property=\"og:image:height\" content=\"800\" \/>\n\t<meta property=\"og:image:type\" content=\"image\/jpeg\" \/>\n<meta name=\"author\" content=\"admin\" \/>\n<meta name=\"twitter:label1\" content=\"Scris de\" \/>\n\t<meta name=\"twitter:data1\" content=\"admin\" \/>\n\t<meta name=\"twitter:label2\" content=\"Timp estimat pentru citire\" \/>\n\t<meta name=\"twitter:data2\" content=\"1 minut\" \/>\n<script type=\"application\/ld+json\" class=\"yoast-schema-graph\">{\"@context\":\"https:\\\/\\\/schema.org\",\"@graph\":[{\"@type\":\"Article\",\"@id\":\"https:\\\/\\\/www.btv.md\\\/ro\\\/protest-in-fata-csm-impotriva-realegerii-lui-mihai-poalelungi-la-functia-de-presedinte-al-csj\\\/#article\",\"isPartOf\":{\"@id\":\"https:\\\/\\\/www.btv.md\\\/ro\\\/protest-in-fata-csm-impotriva-realegerii-lui-mihai-poalelungi-la-functia-de-presedinte-al-csj\\\/\"},\"author\":{\"name\":\"admin\",\"@id\":\"https:\\\/\\\/www.btv.md\\\/#\\\/schema\\\/person\\\/8fadce81561b3ce2c34c46dadc4ccbf2\"},\"headline\":\"PROTEST \u00ceN FA\u0162\u0102 CSM \u00ceMPOTRIVA REALEGERII LUI MIHAI POALELUNGI LA FUNC\u021aIA DE PRE\u0218EDINTE AL CSJ\",\"datePublished\":\"2016-02-09T08:00:22+00:00\",\"mainEntityOfPage\":{\"@id\":\"https:\\\/\\\/www.btv.md\\\/ro\\\/protest-in-fata-csm-impotriva-realegerii-lui-mihai-poalelungi-la-functia-de-presedinte-al-csj\\\/\"},\"wordCount\":146,\"image\":{\"@id\":\"https:\\\/\\\/www.btv.md\\\/ro\\\/protest-in-fata-csm-impotriva-realegerii-lui-mihai-poalelungi-la-functia-de-presedinte-al-csj\\\/#primaryimage\"},\"thumbnailUrl\":\"https:\\\/\\\/www.btv.md\\\/wp-content\\\/uploads\\\/2016\\\/02\\\/poale.jpg\",\"articleSection\":[\"\u041e\u0431\u0449\u0435\u0441\u0442\u0432\u043e\"],\"inLanguage\":\"ro-RO\"},{\"@type\":\"WebPage\",\"@id\":\"https:\\\/\\\/www.btv.md\\\/ro\\\/protest-in-fata-csm-impotriva-realegerii-lui-mihai-poalelungi-la-functia-de-presedinte-al-csj\\\/\",\"url\":\"https:\\\/\\\/www.btv.md\\\/ro\\\/protest-in-fata-csm-impotriva-realegerii-lui-mihai-poalelungi-la-functia-de-presedinte-al-csj\\\/\",\"name\":\"PROTEST \u00ceN FA\u0162\u0102 CSM \u00ceMPOTRIVA REALEGERII LUI MIHAI POALELUNGI LA FUNC\u021aIA DE PRE\u0218EDINTE AL CSJ - BTV\",\"isPartOf\":{\"@id\":\"https:\\\/\\\/www.btv.md\\\/#website\"},\"primaryImageOfPage\":{\"@id\":\"https:\\\/\\\/www.btv.md\\\/ro\\\/protest-in-fata-csm-impotriva-realegerii-lui-mihai-poalelungi-la-functia-de-presedinte-al-csj\\\/#primaryimage\"},\"image\":{\"@id\":\"https:\\\/\\\/www.btv.md\\\/ro\\\/protest-in-fata-csm-impotriva-realegerii-lui-mihai-poalelungi-la-functia-de-presedinte-al-csj\\\/#primaryimage\"},\"thumbnailUrl\":\"https:\\\/\\\/www.btv.md\\\/wp-content\\\/uploads\\\/2016\\\/02\\\/poale.jpg\",\"datePublished\":\"2016-02-09T08:00:22+00:00\",\"author\":{\"@id\":\"https:\\\/\\\/www.btv.md\\\/#\\\/schema\\\/person\\\/8fadce81561b3ce2c34c46dadc4ccbf2\"},\"inLanguage\":\"ro-RO\",\"potentialAction\":[{\"@type\":\"ReadAction\",\"target\":[\"https:\\\/\\\/www.btv.md\\\/ro\\\/protest-in-fata-csm-impotriva-realegerii-lui-mihai-poalelungi-la-functia-de-presedinte-al-csj\\\/\"]}]},{\"@type\":\"ImageObject\",\"inLanguage\":\"ro-RO\",\"@id\":\"https:\\\/\\\/www.btv.md\\\/ro\\\/protest-in-fata-csm-impotriva-realegerii-lui-mihai-poalelungi-la-functia-de-presedinte-al-csj\\\/#primaryimage\",\"url\":\"https:\\\/\\\/www.btv.md\\\/wp-content\\\/uploads\\\/2016\\\/02\\\/poale.jpg\",\"contentUrl\":\"https:\\\/\\\/www.btv.md\\\/wp-content\\\/uploads\\\/2016\\\/02\\\/poale.jpg\",\"width\":1200,\"height\":800},{\"@type\":\"WebSite\",\"@id\":\"https:\\\/\\\/www.btv.md\\\/#website\",\"url\":\"https:\\\/\\\/www.btv.md\\\/\",\"name\":\"BTV\",\"description\":\"\u0411\u0435\u043b\u044c\u0446\u043a\u043e\u0435 \u0442\u0435\u043b\u0435\u0432\u0438\u0434\u0435\u043d\u0438\u0435\",\"potentialAction\":[{\"@type\":\"SearchAction\",\"target\":{\"@type\":\"EntryPoint\",\"urlTemplate\":\"https:\\\/\\\/www.btv.md\\\/?s={search_term_string}\"},\"query-input\":{\"@type\":\"PropertyValueSpecification\",\"valueRequired\":true,\"valueName\":\"search_term_string\"}}],\"inLanguage\":\"ro-RO\"},{\"@type\":\"Person\",\"@id\":\"https:\\\/\\\/www.btv.md\\\/#\\\/schema\\\/person\\\/8fadce81561b3ce2c34c46dadc4ccbf2\",\"name\":\"admin\"}]}<\/script>\n<!-- \/ Yoast SEO plugin. -->","yoast_head_json":{"title":"PROTEST \u00ceN FA\u0162\u0102 CSM \u00ceMPOTRIVA REALEGERII LUI MIHAI POALELUNGI LA FUNC\u021aIA DE PRE\u0218EDINTE AL CSJ - BTV","robots":{"index":"index","follow":"follow","max-snippet":"max-snippet:-1","max-image-preview":"max-image-preview:large","max-video-preview":"max-video-preview:-1"},"canonical":"https:\/\/www.btv.md\/ro\/protest-in-fata-csm-impotriva-realegerii-lui-mihai-poalelungi-la-functia-de-presedinte-al-csj\/","og_locale":"ro_RO","og_type":"article","og_title":"PROTEST \u00ceN FA\u0162\u0102 CSM \u00ceMPOTRIVA REALEGERII LUI MIHAI POALELUNGI LA FUNC\u021aIA DE PRE\u0218EDINTE AL CSJ - BTV","og_description":"Simpatizan\u021bii Partidul Nostru, Platformei DA protesteaz\u0103 \u00een fa\u021ba Consiliului Superior al Magistraturii \u00eempotriva realegerii lui Mihai Poalelungi la func\u021bia de pre\u0219edinte al Cur\u021bii Supreme de Justi\u021bie. Pe durata mandatului, numele s\u0103u a fost implicat \u00een mai multe scandaluri mediatice informeaz\u0103 Jurnal TV. Regretatul deputat PLDM, Ion Butmalai declara acum trei, cu referire la informa\u0163ii oferite [&hellip;]","og_url":"https:\/\/www.btv.md\/ro\/protest-in-fata-csm-impotriva-realegerii-lui-mihai-poalelungi-la-functia-de-presedinte-al-csj\/","og_site_name":"BTV","article_publisher":"https:\/\/www.facebook.com\/btvmoldova\/","article_published_time":"2016-02-09T08:00:22+00:00","og_image":[{"width":1200,"height":800,"url":"https:\/\/www.btv.md\/wp-content\/uploads\/2016\/02\/poale.jpg","type":"image\/jpeg"}],"author":"admin","twitter_misc":{"Scris de":"admin","Timp estimat pentru citire":"1 minut"},"schema":{"@context":"https:\/\/schema.org","@graph":[{"@type":"Article","@id":"https:\/\/www.btv.md\/ro\/protest-in-fata-csm-impotriva-realegerii-lui-mihai-poalelungi-la-functia-de-presedinte-al-csj\/#article","isPartOf":{"@id":"https:\/\/www.btv.md\/ro\/protest-in-fata-csm-impotriva-realegerii-lui-mihai-poalelungi-la-functia-de-presedinte-al-csj\/"},"author":{"name":"admin","@id":"https:\/\/www.btv.md\/#\/schema\/person\/8fadce81561b3ce2c34c46dadc4ccbf2"},"headline":"PROTEST \u00ceN FA\u0162\u0102 CSM \u00ceMPOTRIVA REALEGERII LUI MIHAI POALELUNGI LA FUNC\u021aIA DE PRE\u0218EDINTE AL CSJ","datePublished":"2016-02-09T08:00:22+00:00","mainEntityOfPage":{"@id":"https:\/\/www.btv.md\/ro\/protest-in-fata-csm-impotriva-realegerii-lui-mihai-poalelungi-la-functia-de-presedinte-al-csj\/"},"wordCount":146,"image":{"@id":"https:\/\/www.btv.md\/ro\/protest-in-fata-csm-impotriva-realegerii-lui-mihai-poalelungi-la-functia-de-presedinte-al-csj\/#primaryimage"},"thumbnailUrl":"https:\/\/www.btv.md\/wp-content\/uploads\/2016\/02\/poale.jpg","articleSection":["\u041e\u0431\u0449\u0435\u0441\u0442\u0432\u043e"],"inLanguage":"ro-RO"},{"@type":"WebPage","@id":"https:\/\/www.btv.md\/ro\/protest-in-fata-csm-impotriva-realegerii-lui-mihai-poalelungi-la-functia-de-presedinte-al-csj\/","url":"https:\/\/www.btv.md\/ro\/protest-in-fata-csm-impotriva-realegerii-lui-mihai-poalelungi-la-functia-de-presedinte-al-csj\/","name":"PROTEST \u00ceN FA\u0162\u0102 CSM \u00ceMPOTRIVA REALEGERII LUI MIHAI POALELUNGI LA FUNC\u021aIA DE PRE\u0218EDINTE AL CSJ - BTV","isPartOf":{"@id":"https:\/\/www.btv.md\/#website"},"primaryImageOfPage":{"@id":"https:\/\/www.btv.md\/ro\/protest-in-fata-csm-impotriva-realegerii-lui-mihai-poalelungi-la-functia-de-presedinte-al-csj\/#primaryimage"},"image":{"@id":"https:\/\/www.btv.md\/ro\/protest-in-fata-csm-impotriva-realegerii-lui-mihai-poalelungi-la-functia-de-presedinte-al-csj\/#primaryimage"},"thumbnailUrl":"https:\/\/www.btv.md\/wp-content\/uploads\/2016\/02\/poale.jpg","datePublished":"2016-02-09T08:00:22+00:00","author":{"@id":"https:\/\/www.btv.md\/#\/schema\/person\/8fadce81561b3ce2c34c46dadc4ccbf2"},"inLanguage":"ro-RO","potentialAction":[{"@type":"ReadAction","target":["https:\/\/www.btv.md\/ro\/protest-in-fata-csm-impotriva-realegerii-lui-mihai-poalelungi-la-functia-de-presedinte-al-csj\/"]}]},{"@type":"ImageObject","inLanguage":"ro-RO","@id":"https:\/\/www.btv.md\/ro\/protest-in-fata-csm-impotriva-realegerii-lui-mihai-poalelungi-la-functia-de-presedinte-al-csj\/#primaryimage","url":"https:\/\/www.btv.md\/wp-content\/uploads\/2016\/02\/poale.jpg","contentUrl":"https:\/\/www.btv.md\/wp-content\/uploads\/2016\/02\/poale.jpg","width":1200,"height":800},{"@type":"WebSite","@id":"https:\/\/www.btv.md\/#website","url":"https:\/\/www.btv.md\/","name":"BTV","description":"\u0411\u0435\u043b\u044c\u0446\u043a\u043e\u0435 \u0442\u0435\u043b\u0435\u0432\u0438\u0434\u0435\u043d\u0438\u0435","potentialAction":[{"@type":"SearchAction","target":{"@type":"EntryPoint","urlTemplate":"https:\/\/www.btv.md\/?s={search_term_string}"},"query-input":{"@type":"PropertyValueSpecification","valueRequired":true,"valueName":"search_term_string"}}],"inLanguage":"ro-RO"},{"@type":"Person","@id":"https:\/\/www.btv.md\/#\/schema\/person\/8fadce81561b3ce2c34c46dadc4ccbf2","name":"admin"}]}},"_links":{"self":[{"href":"https:\/\/www.btv.md\/ro\/wp-json\/wp\/v2\/posts\/6778","targetHints":{"allow":["GET"]}}],"collection":[{"href":"https:\/\/www.btv.md\/ro\/wp-json\/wp\/v2\/posts"}],"about":[{"href":"https:\/\/www.btv.md\/ro\/wp-json\/wp\/v2\/types\/post"}],"author":[{"embeddable":true,"href":"https:\/\/www.btv.md\/ro\/wp-json\/wp\/v2\/users\/4"}],"replies":[{"embeddable":true,"href":"https:\/\/www.btv.md\/ro\/wp-json\/wp\/v2\/comments?post=6778"}],"version-history":[{"count":0,"href":"https:\/\/www.btv.md\/ro\/wp-json\/wp\/v2\/posts\/6778\/revisions"}],"wp:featuredmedia":[{"embeddable":true,"href":"https:\/\/www.btv.md\/ro\/wp-json\/wp\/v2\/media\/6779"}],"wp:attachment":[{"href":"https:\/\/www.btv.md\/ro\/wp-json\/wp\/v2\/media?parent=6778"}],"wp:term":[{"taxonomy":"category","embeddable":true,"href":"https:\/\/www.btv.md\/ro\/wp-json\/wp\/v2\/categories?post=6778"},{"taxonomy":"post_tag","embeddable":true,"href":"https:\/\/www.btv.md\/ro\/wp-json\/wp\/v2\/tags?post=6778"}],"curies":[{"name":"wp","href":"https:\/\/api.w.org\/{rel}","templated":true}]}}