{"id":6793,"date":"2016-02-09T14:16:24","date_gmt":"2016-02-09T11:16:24","guid":{"rendered":"http:\/\/btv.md\/?p=6793"},"modified":"2016-02-09T14:16:24","modified_gmt":"2016-02-09T11:16:24","slug":"a-crapat-alianta-proeuropeana-din-consiliul-municipal-chisinau-ppem-isi-retrage-semnaturile","status":"publish","type":"post","link":"https:\/\/www.btv.md\/ro\/a-crapat-alianta-proeuropeana-din-consiliul-municipal-chisinau-ppem-isi-retrage-semnaturile\/","title":{"rendered":"A CR\u0102PAT ALIAN\u021aA PROEUROPEAN\u0102 DIN CONSILIUL MUNICIPAL CHI\u0218IN\u0102U. PPEM \u00ce\u0218I RETRAGE SEMN\u0102TURILE"},"content":{"rendered":"<p><strong>Membrii Partidului Popular European din Moldova \u00ee\u0219i retrag semn\u0103turile de pe acordul cu privire la constituirea alian\u021bei proeuropene din Consiliul Municipal Chi\u0219in\u0103u. Anun\u021bul a fost f\u0103cut de reprezentantul forma\u021biunii \u00een Consiliu, Oazu Nantoi, \u00een cadrul unui briefing de pres\u0103. <\/strong><\/p>\n<p>Potrivit lui Nantoi, motivul care i-a determinat pe consilierii PPEM s\u0103-\u0219i retrag\u0103 semn\u0103turile este  corup\u021bia ad\u00e2nc \u00eenr\u0103d\u0103cinat\u0103 \u00een Prim\u0103ria Chi\u0219in\u0103u. <\/p>\n<p>\u201eAm acceptat aderarea la alian\u021b\u0103 din motivul c\u0103 era o speran\u021b\u0103 c\u0103 existen\u021ba ei ne va permite s\u0103 continu\u0103m solu\u021bionare problemelor urbei. Constat\u0103m c\u0103 \u0219i la nivel local promisiunile a\u0219a-zi\u0219ilor proeuropeni nu sunt dec\u00e2t un paravan de pentru scheme \u0219i interese personale.<\/p>\n<p>Nu s-a reu\u0219it crearea unui parteneriat transparent \u00eentre Consiliul Municipal \u0219i Primarul General. \u00cen schimb se dore\u0219te ca rolul Consiliului Municipal s\u0103 fie redus la o anex\u0103 docil\u0103 a aparatului, netransparent, iresponsabil \u0219i corupt.\u201d<\/p>\n<p>\u00cen mesajul s\u0103u consilierii PPEM au men\u021bionat c\u0103 nu au sus\u021binut niciun proiect de decizie care poate fi suspectat de  cadrul juridic existent. <\/p>\n<p>Partidele proeuropene din Consiliul Municipal Chi\u0219in\u0103u au semnat, \u00een data de 3 septembrie 2015, Acordul de constituire a alian\u021bei la nivel municipal. Documentul de constituire a coali\u021biei \u00een CMC a fost semnat de cei 26 de consilieri municipali din partea frac\u021biunilor proeuropene.<\/p>\n<p>Ini\u021bial, din partea Blocului electoral \u201ePlatforma Popular\u0103 European\u0103 din Moldova \u2014 Iurie Leanc\u0103\u201d au intrat \u00een CMC \u0219ase consilieri: Oazu Nantoi, Ala Nemerenco, Ruslan Codreanu, Veaceslav Bulat, Victor Lutenco \u0219i Ion \u0218tef\u0103ni\u021b\u0103.<\/p>\n<p><iframe width=\"420\" height=\"315\" data-src=\"https:\/\/www.youtube.com\/embed\/FO_BgxBruEE\" frameborder=\"0\" allowfullscreen src=\"data:image\/svg+xml;base64,PHN2ZyB3aWR0aD0iMSIgaGVpZ2h0PSIxIiB4bWxucz0iaHR0cDovL3d3dy53My5vcmcvMjAwMC9zdmciPjwvc3ZnPg==\" class=\"lazyload\" data-load-mode=\"1\"><\/iframe><\/p>\n","protected":false},"excerpt":{"rendered":"<p>Membrii Partidului Popular European din Moldova \u00ee\u0219i retrag semn\u0103turile de pe acordul cu privire la constituirea alian\u021bei proeuropene din Consiliul Municipal Chi\u0219in\u0103u. Anun\u021bul a fost f\u0103cut de reprezentantul forma\u021biunii \u00een Consiliu, Oazu Nantoi, \u00een cadrul unui briefing de pres\u0103. Potrivit lui Nantoi, motivul care i-a determinat pe consilierii PPEM s\u0103-\u0219i retrag\u0103 semn\u0103turile este corup\u021bia ad\u00e2nc [&hellip;]<\/p>\n","protected":false},"author":4,"featured_media":6794,"comment_status":"closed","ping_status":"closed","sticky":false,"template":"","format":"standard","meta":{"footnotes":""},"categories":[6368],"tags":[],"class_list":["post-6793","post","type-post","status-publish","format-standard","has-post-thumbnail","hentry","category-politica-ro"],"yoast_head":"<!-- This site is optimized with the Yoast SEO plugin v27.4 - https:\/\/yoast.com\/product\/yoast-seo-wordpress\/ -->\n<title>A CR\u0102PAT ALIAN\u021aA PROEUROPEAN\u0102 DIN CONSILIUL MUNICIPAL CHI\u0218IN\u0102U. PPEM \u00ce\u0218I RETRAGE SEMN\u0102TURILE - BTV<\/title>\n<meta name=\"robots\" content=\"index, follow, max-snippet:-1, max-image-preview:large, max-video-preview:-1\" \/>\n<link rel=\"canonical\" href=\"https:\/\/www.btv.md\/ro\/a-crapat-alianta-proeuropeana-din-consiliul-municipal-chisinau-ppem-isi-retrage-semnaturile\/\" \/>\n<meta property=\"og:locale\" content=\"ro_RO\" \/>\n<meta property=\"og:type\" content=\"article\" \/>\n<meta property=\"og:title\" content=\"A CR\u0102PAT ALIAN\u021aA PROEUROPEAN\u0102 DIN CONSILIUL MUNICIPAL CHI\u0218IN\u0102U. PPEM \u00ce\u0218I RETRAGE SEMN\u0102TURILE - BTV\" \/>\n<meta property=\"og:description\" content=\"Membrii Partidului Popular European din Moldova \u00ee\u0219i retrag semn\u0103turile de pe acordul cu privire la constituirea alian\u021bei proeuropene din Consiliul Municipal Chi\u0219in\u0103u. Anun\u021bul a fost f\u0103cut de reprezentantul forma\u021biunii \u00een Consiliu, Oazu Nantoi, \u00een cadrul unui briefing de pres\u0103. Potrivit lui Nantoi, motivul care i-a determinat pe consilierii PPEM s\u0103-\u0219i retrag\u0103 semn\u0103turile este corup\u021bia ad\u00e2nc [&hellip;]\" \/>\n<meta property=\"og:url\" content=\"https:\/\/www.btv.md\/ro\/a-crapat-alianta-proeuropeana-din-consiliul-municipal-chisinau-ppem-isi-retrage-semnaturile\/\" \/>\n<meta property=\"og:site_name\" content=\"BTV\" \/>\n<meta property=\"article:publisher\" content=\"https:\/\/www.facebook.com\/btvmoldova\/\" \/>\n<meta property=\"article:published_time\" content=\"2016-02-09T11:16:24+00:00\" \/>\n<meta property=\"og:image\" content=\"https:\/\/www.btv.md\/wp-content\/uploads\/2016\/02\/ppem.png\" \/>\n\t<meta property=\"og:image:width\" content=\"1015\" \/>\n\t<meta property=\"og:image:height\" content=\"495\" \/>\n\t<meta property=\"og:image:type\" content=\"image\/png\" \/>\n<meta name=\"author\" content=\"admin\" \/>\n<meta name=\"twitter:label1\" content=\"Scris de\" \/>\n\t<meta name=\"twitter:data1\" content=\"admin\" \/>\n\t<meta name=\"twitter:label2\" content=\"Timp estimat pentru citire\" \/>\n\t<meta name=\"twitter:data2\" content=\"1 minut\" \/>\n<script type=\"application\/ld+json\" class=\"yoast-schema-graph\">{\"@context\":\"https:\\\/\\\/schema.org\",\"@graph\":[{\"@type\":\"Article\",\"@id\":\"https:\\\/\\\/www.btv.md\\\/ro\\\/a-crapat-alianta-proeuropeana-din-consiliul-municipal-chisinau-ppem-isi-retrage-semnaturile\\\/#article\",\"isPartOf\":{\"@id\":\"https:\\\/\\\/www.btv.md\\\/ro\\\/a-crapat-alianta-proeuropeana-din-consiliul-municipal-chisinau-ppem-isi-retrage-semnaturile\\\/\"},\"author\":{\"name\":\"admin\",\"@id\":\"https:\\\/\\\/www.btv.md\\\/#\\\/schema\\\/person\\\/8fadce81561b3ce2c34c46dadc4ccbf2\"},\"headline\":\"A CR\u0102PAT ALIAN\u021aA PROEUROPEAN\u0102 DIN CONSILIUL MUNICIPAL CHI\u0218IN\u0102U. PPEM \u00ce\u0218I RETRAGE SEMN\u0102TURILE\",\"datePublished\":\"2016-02-09T11:16:24+00:00\",\"mainEntityOfPage\":{\"@id\":\"https:\\\/\\\/www.btv.md\\\/ro\\\/a-crapat-alianta-proeuropeana-din-consiliul-municipal-chisinau-ppem-isi-retrage-semnaturile\\\/\"},\"wordCount\":281,\"image\":{\"@id\":\"https:\\\/\\\/www.btv.md\\\/ro\\\/a-crapat-alianta-proeuropeana-din-consiliul-municipal-chisinau-ppem-isi-retrage-semnaturile\\\/#primaryimage\"},\"thumbnailUrl\":\"https:\\\/\\\/www.btv.md\\\/wp-content\\\/uploads\\\/2016\\\/02\\\/ppem.png\",\"articleSection\":[\"Politic\u0103\"],\"inLanguage\":\"ro-RO\"},{\"@type\":\"WebPage\",\"@id\":\"https:\\\/\\\/www.btv.md\\\/ro\\\/a-crapat-alianta-proeuropeana-din-consiliul-municipal-chisinau-ppem-isi-retrage-semnaturile\\\/\",\"url\":\"https:\\\/\\\/www.btv.md\\\/ro\\\/a-crapat-alianta-proeuropeana-din-consiliul-municipal-chisinau-ppem-isi-retrage-semnaturile\\\/\",\"name\":\"A CR\u0102PAT ALIAN\u021aA PROEUROPEAN\u0102 DIN CONSILIUL MUNICIPAL CHI\u0218IN\u0102U. PPEM \u00ce\u0218I RETRAGE SEMN\u0102TURILE - BTV\",\"isPartOf\":{\"@id\":\"https:\\\/\\\/www.btv.md\\\/#website\"},\"primaryImageOfPage\":{\"@id\":\"https:\\\/\\\/www.btv.md\\\/ro\\\/a-crapat-alianta-proeuropeana-din-consiliul-municipal-chisinau-ppem-isi-retrage-semnaturile\\\/#primaryimage\"},\"image\":{\"@id\":\"https:\\\/\\\/www.btv.md\\\/ro\\\/a-crapat-alianta-proeuropeana-din-consiliul-municipal-chisinau-ppem-isi-retrage-semnaturile\\\/#primaryimage\"},\"thumbnailUrl\":\"https:\\\/\\\/www.btv.md\\\/wp-content\\\/uploads\\\/2016\\\/02\\\/ppem.png\",\"datePublished\":\"2016-02-09T11:16:24+00:00\",\"author\":{\"@id\":\"https:\\\/\\\/www.btv.md\\\/#\\\/schema\\\/person\\\/8fadce81561b3ce2c34c46dadc4ccbf2\"},\"inLanguage\":\"ro-RO\",\"potentialAction\":[{\"@type\":\"ReadAction\",\"target\":[\"https:\\\/\\\/www.btv.md\\\/ro\\\/a-crapat-alianta-proeuropeana-din-consiliul-municipal-chisinau-ppem-isi-retrage-semnaturile\\\/\"]}]},{\"@type\":\"ImageObject\",\"inLanguage\":\"ro-RO\",\"@id\":\"https:\\\/\\\/www.btv.md\\\/ro\\\/a-crapat-alianta-proeuropeana-din-consiliul-municipal-chisinau-ppem-isi-retrage-semnaturile\\\/#primaryimage\",\"url\":\"https:\\\/\\\/www.btv.md\\\/wp-content\\\/uploads\\\/2016\\\/02\\\/ppem.png\",\"contentUrl\":\"https:\\\/\\\/www.btv.md\\\/wp-content\\\/uploads\\\/2016\\\/02\\\/ppem.png\",\"width\":1015,\"height\":495},{\"@type\":\"WebSite\",\"@id\":\"https:\\\/\\\/www.btv.md\\\/#website\",\"url\":\"https:\\\/\\\/www.btv.md\\\/\",\"name\":\"BTV\",\"description\":\"\u0411\u0435\u043b\u044c\u0446\u043a\u043e\u0435 \u0442\u0435\u043b\u0435\u0432\u0438\u0434\u0435\u043d\u0438\u0435\",\"potentialAction\":[{\"@type\":\"SearchAction\",\"target\":{\"@type\":\"EntryPoint\",\"urlTemplate\":\"https:\\\/\\\/www.btv.md\\\/?s={search_term_string}\"},\"query-input\":{\"@type\":\"PropertyValueSpecification\",\"valueRequired\":true,\"valueName\":\"search_term_string\"}}],\"inLanguage\":\"ro-RO\"},{\"@type\":\"Person\",\"@id\":\"https:\\\/\\\/www.btv.md\\\/#\\\/schema\\\/person\\\/8fadce81561b3ce2c34c46dadc4ccbf2\",\"name\":\"admin\"}]}<\/script>\n<!-- \/ Yoast SEO plugin. -->","yoast_head_json":{"title":"A CR\u0102PAT ALIAN\u021aA PROEUROPEAN\u0102 DIN CONSILIUL MUNICIPAL CHI\u0218IN\u0102U. PPEM \u00ce\u0218I RETRAGE SEMN\u0102TURILE - BTV","robots":{"index":"index","follow":"follow","max-snippet":"max-snippet:-1","max-image-preview":"max-image-preview:large","max-video-preview":"max-video-preview:-1"},"canonical":"https:\/\/www.btv.md\/ro\/a-crapat-alianta-proeuropeana-din-consiliul-municipal-chisinau-ppem-isi-retrage-semnaturile\/","og_locale":"ro_RO","og_type":"article","og_title":"A CR\u0102PAT ALIAN\u021aA PROEUROPEAN\u0102 DIN CONSILIUL MUNICIPAL CHI\u0218IN\u0102U. PPEM \u00ce\u0218I RETRAGE SEMN\u0102TURILE - BTV","og_description":"Membrii Partidului Popular European din Moldova \u00ee\u0219i retrag semn\u0103turile de pe acordul cu privire la constituirea alian\u021bei proeuropene din Consiliul Municipal Chi\u0219in\u0103u. Anun\u021bul a fost f\u0103cut de reprezentantul forma\u021biunii \u00een Consiliu, Oazu Nantoi, \u00een cadrul unui briefing de pres\u0103. Potrivit lui Nantoi, motivul care i-a determinat pe consilierii PPEM s\u0103-\u0219i retrag\u0103 semn\u0103turile este corup\u021bia ad\u00e2nc [&hellip;]","og_url":"https:\/\/www.btv.md\/ro\/a-crapat-alianta-proeuropeana-din-consiliul-municipal-chisinau-ppem-isi-retrage-semnaturile\/","og_site_name":"BTV","article_publisher":"https:\/\/www.facebook.com\/btvmoldova\/","article_published_time":"2016-02-09T11:16:24+00:00","og_image":[{"width":1015,"height":495,"url":"https:\/\/www.btv.md\/wp-content\/uploads\/2016\/02\/ppem.png","type":"image\/png"}],"author":"admin","twitter_misc":{"Scris de":"admin","Timp estimat pentru citire":"1 minut"},"schema":{"@context":"https:\/\/schema.org","@graph":[{"@type":"Article","@id":"https:\/\/www.btv.md\/ro\/a-crapat-alianta-proeuropeana-din-consiliul-municipal-chisinau-ppem-isi-retrage-semnaturile\/#article","isPartOf":{"@id":"https:\/\/www.btv.md\/ro\/a-crapat-alianta-proeuropeana-din-consiliul-municipal-chisinau-ppem-isi-retrage-semnaturile\/"},"author":{"name":"admin","@id":"https:\/\/www.btv.md\/#\/schema\/person\/8fadce81561b3ce2c34c46dadc4ccbf2"},"headline":"A CR\u0102PAT ALIAN\u021aA PROEUROPEAN\u0102 DIN CONSILIUL MUNICIPAL CHI\u0218IN\u0102U. PPEM \u00ce\u0218I RETRAGE SEMN\u0102TURILE","datePublished":"2016-02-09T11:16:24+00:00","mainEntityOfPage":{"@id":"https:\/\/www.btv.md\/ro\/a-crapat-alianta-proeuropeana-din-consiliul-municipal-chisinau-ppem-isi-retrage-semnaturile\/"},"wordCount":281,"image":{"@id":"https:\/\/www.btv.md\/ro\/a-crapat-alianta-proeuropeana-din-consiliul-municipal-chisinau-ppem-isi-retrage-semnaturile\/#primaryimage"},"thumbnailUrl":"https:\/\/www.btv.md\/wp-content\/uploads\/2016\/02\/ppem.png","articleSection":["Politic\u0103"],"inLanguage":"ro-RO"},{"@type":"WebPage","@id":"https:\/\/www.btv.md\/ro\/a-crapat-alianta-proeuropeana-din-consiliul-municipal-chisinau-ppem-isi-retrage-semnaturile\/","url":"https:\/\/www.btv.md\/ro\/a-crapat-alianta-proeuropeana-din-consiliul-municipal-chisinau-ppem-isi-retrage-semnaturile\/","name":"A CR\u0102PAT ALIAN\u021aA PROEUROPEAN\u0102 DIN CONSILIUL MUNICIPAL CHI\u0218IN\u0102U. PPEM \u00ce\u0218I RETRAGE SEMN\u0102TURILE - BTV","isPartOf":{"@id":"https:\/\/www.btv.md\/#website"},"primaryImageOfPage":{"@id":"https:\/\/www.btv.md\/ro\/a-crapat-alianta-proeuropeana-din-consiliul-municipal-chisinau-ppem-isi-retrage-semnaturile\/#primaryimage"},"image":{"@id":"https:\/\/www.btv.md\/ro\/a-crapat-alianta-proeuropeana-din-consiliul-municipal-chisinau-ppem-isi-retrage-semnaturile\/#primaryimage"},"thumbnailUrl":"https:\/\/www.btv.md\/wp-content\/uploads\/2016\/02\/ppem.png","datePublished":"2016-02-09T11:16:24+00:00","author":{"@id":"https:\/\/www.btv.md\/#\/schema\/person\/8fadce81561b3ce2c34c46dadc4ccbf2"},"inLanguage":"ro-RO","potentialAction":[{"@type":"ReadAction","target":["https:\/\/www.btv.md\/ro\/a-crapat-alianta-proeuropeana-din-consiliul-municipal-chisinau-ppem-isi-retrage-semnaturile\/"]}]},{"@type":"ImageObject","inLanguage":"ro-RO","@id":"https:\/\/www.btv.md\/ro\/a-crapat-alianta-proeuropeana-din-consiliul-municipal-chisinau-ppem-isi-retrage-semnaturile\/#primaryimage","url":"https:\/\/www.btv.md\/wp-content\/uploads\/2016\/02\/ppem.png","contentUrl":"https:\/\/www.btv.md\/wp-content\/uploads\/2016\/02\/ppem.png","width":1015,"height":495},{"@type":"WebSite","@id":"https:\/\/www.btv.md\/#website","url":"https:\/\/www.btv.md\/","name":"BTV","description":"\u0411\u0435\u043b\u044c\u0446\u043a\u043e\u0435 \u0442\u0435\u043b\u0435\u0432\u0438\u0434\u0435\u043d\u0438\u0435","potentialAction":[{"@type":"SearchAction","target":{"@type":"EntryPoint","urlTemplate":"https:\/\/www.btv.md\/?s={search_term_string}"},"query-input":{"@type":"PropertyValueSpecification","valueRequired":true,"valueName":"search_term_string"}}],"inLanguage":"ro-RO"},{"@type":"Person","@id":"https:\/\/www.btv.md\/#\/schema\/person\/8fadce81561b3ce2c34c46dadc4ccbf2","name":"admin"}]}},"_links":{"self":[{"href":"https:\/\/www.btv.md\/ro\/wp-json\/wp\/v2\/posts\/6793","targetHints":{"allow":["GET"]}}],"collection":[{"href":"https:\/\/www.btv.md\/ro\/wp-json\/wp\/v2\/posts"}],"about":[{"href":"https:\/\/www.btv.md\/ro\/wp-json\/wp\/v2\/types\/post"}],"author":[{"embeddable":true,"href":"https:\/\/www.btv.md\/ro\/wp-json\/wp\/v2\/users\/4"}],"replies":[{"embeddable":true,"href":"https:\/\/www.btv.md\/ro\/wp-json\/wp\/v2\/comments?post=6793"}],"version-history":[{"count":0,"href":"https:\/\/www.btv.md\/ro\/wp-json\/wp\/v2\/posts\/6793\/revisions"}],"wp:featuredmedia":[{"embeddable":true,"href":"https:\/\/www.btv.md\/ro\/wp-json\/wp\/v2\/media\/6794"}],"wp:attachment":[{"href":"https:\/\/www.btv.md\/ro\/wp-json\/wp\/v2\/media?parent=6793"}],"wp:term":[{"taxonomy":"category","embeddable":true,"href":"https:\/\/www.btv.md\/ro\/wp-json\/wp\/v2\/categories?post=6793"},{"taxonomy":"post_tag","embeddable":true,"href":"https:\/\/www.btv.md\/ro\/wp-json\/wp\/v2\/tags?post=6793"}],"curies":[{"name":"wp","href":"https:\/\/api.w.org\/{rel}","templated":true}]}}