{"id":6815,"date":"2016-02-09T18:45:52","date_gmt":"2016-02-09T15:45:52","guid":{"rendered":"http:\/\/btv.md\/?p=6815"},"modified":"2016-02-09T18:48:25","modified_gmt":"2016-02-09T15:48:25","slug":"stare-exceptionala-la-balti-mai-multe-familii-ar-putea-sa-si-piarda-casele-din-cauza-apelor-subterane","status":"publish","type":"post","link":"https:\/\/www.btv.md\/ro\/stare-exceptionala-la-balti-mai-multe-familii-ar-putea-sa-si-piarda-casele-din-cauza-apelor-subterane\/","title":{"rendered":"STARE EXCEP\u021aIONAL\u0102 LA B\u0102L\u021aI. MAI MULTE FAMILII AR PUTEA S\u0102-\u0218I PIARD\u0102 CASELE DIN CAUZA APELOR SUBTERANE"},"content":{"rendered":"<p><strong>Mai mul\u021bi locuitori de pe str\u0103zile \u0218estokovici \u0219i Cepaev din ora\u0219ul B\u0103l\u021bi, risc\u0103 s\u0103-\u0219i piard\u0103 casele din cauza alunec\u0103rilor de teren care ar putea fi provocate de apele unei f\u00e2nt\u00e2ni arteziene. Localnicii spun c\u0103 apele subterane au reu\u0219it deja s\u0103 inunde subsolurile caselor.  Ei au mai ad\u0103ugat c\u0103 s-au adresat de nenum\u0103rate ori autorit\u0103\u021bilor publice locale s\u0103 i-a atitudine fa\u021b\u0103 de problema creat\u0103.<\/strong><\/p>\n<p>Unul dintre cei care poate s\u0103-\u0219i piard\u0103 casa este \u0219i Serghei Grosu. El afirm\u0103 c\u0103  acum cinci luni, at\u00e2t subsolul locui\u021bei sale, c\u00e2t \u0219i a vecinilor au fost inundate. <\/p>\n<p>Apele bucluca\u0219e izvor\u0103sc din subsolul unei case de pe strada Cepaev, unde spun localnicii a fost forat\u0103 o f\u00e2nt\u00e2n\u0103 artezien\u0103 la sf\u00e2r\u0219itul anilor 30 a secolului trecut. Apele acesteia au fost utilizate de o ber\u0103rie care se afla \u00een apropiere. <\/p>\n<p>\u00cen apropiere de casa din subsolul  c\u0103reia izvor\u0103\u0219te apa se afl\u0103 un c\u0103min cu cinci niveluri, temelia c\u0103ruia poate fi sp\u0103lat\u0103 de apele freatice. \u00cen schimb, vizavi de c\u0103min este aplasat un alt bloc de locuit, subsolul c\u0103ruia este plin cu ap\u0103. Locatarii sunt \u00eengrijora\u021bi de  ceea ce se \u00eent\u00e2mpl\u0103. Unii dintre ei sunt de p\u0103rere c\u0103 temelia blocului ar putea fi sp\u0103lat\u0103.<\/p>\n<p>La fa\u021ba locului s-au deplasat reprezentan\u021bii \u00eentreprinderilor locativ comunale. Ace\u0219tia au constat faptul c\u0103 apelele care izvor\u0103sc sunt freatice. \u00cen acest sens a fost declarat\u0103 stare excep\u021bional\u0103. De la Chi\u0219in\u0103u au fost solicita\u021bi un grup de geodezi.<\/p>\n<p><iframe width=\"420\" height=\"315\" data-src=\"https:\/\/www.youtube.com\/embed\/aUk-7k-j6Dw\" frameborder=\"0\" allowfullscreen src=\"data:image\/svg+xml;base64,PHN2ZyB3aWR0aD0iMSIgaGVpZ2h0PSIxIiB4bWxucz0iaHR0cDovL3d3dy53My5vcmcvMjAwMC9zdmciPjwvc3ZnPg==\" class=\"lazyload\" data-load-mode=\"1\"><\/iframe><\/p>\n","protected":false},"excerpt":{"rendered":"<p>Mai mul\u021bi locuitori de pe str\u0103zile \u0218estokovici \u0219i Cepaev din ora\u0219ul B\u0103l\u021bi, risc\u0103 s\u0103-\u0219i piard\u0103 casele din cauza alunec\u0103rilor de teren care ar putea fi provocate de apele unei f\u00e2nt\u00e2ni arteziene. Localnicii spun c\u0103 apele subterane au reu\u0219it deja s\u0103 inunde subsolurile caselor. Ei au mai ad\u0103ugat c\u0103 s-au adresat de nenum\u0103rate ori autorit\u0103\u021bilor publice [&hellip;]<\/p>\n","protected":false},"author":4,"featured_media":6813,"comment_status":"closed","ping_status":"closed","sticky":false,"template":"","format":"standard","meta":{"footnotes":""},"categories":[6353],"tags":[],"class_list":["post-6815","post","type-post","status-publish","format-standard","has-post-thumbnail","hentry","category-oras"],"yoast_head":"<!-- This site is optimized with the Yoast SEO plugin v27.4 - https:\/\/yoast.com\/product\/yoast-seo-wordpress\/ -->\n<title>STARE EXCEP\u021aIONAL\u0102 LA B\u0102L\u021aI. MAI MULTE FAMILII AR PUTEA S\u0102-\u0218I PIARD\u0102 CASELE DIN CAUZA APELOR SUBTERANE - BTV<\/title>\n<meta name=\"robots\" content=\"index, follow, max-snippet:-1, max-image-preview:large, max-video-preview:-1\" \/>\n<link rel=\"canonical\" href=\"https:\/\/www.btv.md\/ro\/stare-exceptionala-la-balti-mai-multe-familii-ar-putea-sa-si-piarda-casele-din-cauza-apelor-subterane\/\" \/>\n<meta property=\"og:locale\" content=\"ro_RO\" \/>\n<meta property=\"og:type\" content=\"article\" \/>\n<meta property=\"og:title\" content=\"STARE EXCEP\u021aIONAL\u0102 LA B\u0102L\u021aI. MAI MULTE FAMILII AR PUTEA S\u0102-\u0218I PIARD\u0102 CASELE DIN CAUZA APELOR SUBTERANE - BTV\" \/>\n<meta property=\"og:description\" content=\"Mai mul\u021bi locuitori de pe str\u0103zile \u0218estokovici \u0219i Cepaev din ora\u0219ul B\u0103l\u021bi, risc\u0103 s\u0103-\u0219i piard\u0103 casele din cauza alunec\u0103rilor de teren care ar putea fi provocate de apele unei f\u00e2nt\u00e2ni arteziene. Localnicii spun c\u0103 apele subterane au reu\u0219it deja s\u0103 inunde subsolurile caselor. Ei au mai ad\u0103ugat c\u0103 s-au adresat de nenum\u0103rate ori autorit\u0103\u021bilor publice [&hellip;]\" \/>\n<meta property=\"og:url\" content=\"https:\/\/www.btv.md\/ro\/stare-exceptionala-la-balti-mai-multe-familii-ar-putea-sa-si-piarda-casele-din-cauza-apelor-subterane\/\" \/>\n<meta property=\"og:site_name\" content=\"BTV\" \/>\n<meta property=\"article:publisher\" content=\"https:\/\/www.facebook.com\/btvmoldova\/\" \/>\n<meta property=\"article:published_time\" content=\"2016-02-09T15:45:52+00:00\" \/>\n<meta property=\"article:modified_time\" content=\"2016-02-09T15:48:25+00:00\" \/>\n<meta property=\"og:image\" content=\"https:\/\/www.btv.md\/wp-content\/uploads\/2016\/02\/casa.png\" \/>\n\t<meta property=\"og:image:width\" content=\"1023\" \/>\n\t<meta property=\"og:image:height\" content=\"577\" \/>\n\t<meta property=\"og:image:type\" content=\"image\/png\" \/>\n<meta name=\"author\" content=\"admin\" \/>\n<meta name=\"twitter:label1\" content=\"Scris de\" \/>\n\t<meta name=\"twitter:data1\" content=\"admin\" \/>\n\t<meta name=\"twitter:label2\" content=\"Timp estimat pentru citire\" \/>\n\t<meta name=\"twitter:data2\" content=\"1 minut\" \/>\n<script type=\"application\/ld+json\" class=\"yoast-schema-graph\">{\"@context\":\"https:\\\/\\\/schema.org\",\"@graph\":[{\"@type\":\"Article\",\"@id\":\"https:\\\/\\\/www.btv.md\\\/ro\\\/stare-exceptionala-la-balti-mai-multe-familii-ar-putea-sa-si-piarda-casele-din-cauza-apelor-subterane\\\/#article\",\"isPartOf\":{\"@id\":\"https:\\\/\\\/www.btv.md\\\/ro\\\/stare-exceptionala-la-balti-mai-multe-familii-ar-putea-sa-si-piarda-casele-din-cauza-apelor-subterane\\\/\"},\"author\":{\"name\":\"admin\",\"@id\":\"https:\\\/\\\/www.btv.md\\\/#\\\/schema\\\/person\\\/8fadce81561b3ce2c34c46dadc4ccbf2\"},\"headline\":\"STARE EXCEP\u021aIONAL\u0102 LA B\u0102L\u021aI. MAI MULTE FAMILII AR PUTEA S\u0102-\u0218I PIARD\u0102 CASELE DIN CAUZA APELOR SUBTERANE\",\"datePublished\":\"2016-02-09T15:45:52+00:00\",\"dateModified\":\"2016-02-09T15:48:25+00:00\",\"mainEntityOfPage\":{\"@id\":\"https:\\\/\\\/www.btv.md\\\/ro\\\/stare-exceptionala-la-balti-mai-multe-familii-ar-putea-sa-si-piarda-casele-din-cauza-apelor-subterane\\\/\"},\"wordCount\":297,\"image\":{\"@id\":\"https:\\\/\\\/www.btv.md\\\/ro\\\/stare-exceptionala-la-balti-mai-multe-familii-ar-putea-sa-si-piarda-casele-din-cauza-apelor-subterane\\\/#primaryimage\"},\"thumbnailUrl\":\"https:\\\/\\\/www.btv.md\\\/wp-content\\\/uploads\\\/2016\\\/02\\\/casa.png\",\"articleSection\":[\"Ora\u0219\"],\"inLanguage\":\"ro-RO\"},{\"@type\":\"WebPage\",\"@id\":\"https:\\\/\\\/www.btv.md\\\/ro\\\/stare-exceptionala-la-balti-mai-multe-familii-ar-putea-sa-si-piarda-casele-din-cauza-apelor-subterane\\\/\",\"url\":\"https:\\\/\\\/www.btv.md\\\/ro\\\/stare-exceptionala-la-balti-mai-multe-familii-ar-putea-sa-si-piarda-casele-din-cauza-apelor-subterane\\\/\",\"name\":\"STARE EXCEP\u021aIONAL\u0102 LA B\u0102L\u021aI. MAI MULTE FAMILII AR PUTEA S\u0102-\u0218I PIARD\u0102 CASELE DIN CAUZA APELOR SUBTERANE - BTV\",\"isPartOf\":{\"@id\":\"https:\\\/\\\/www.btv.md\\\/#website\"},\"primaryImageOfPage\":{\"@id\":\"https:\\\/\\\/www.btv.md\\\/ro\\\/stare-exceptionala-la-balti-mai-multe-familii-ar-putea-sa-si-piarda-casele-din-cauza-apelor-subterane\\\/#primaryimage\"},\"image\":{\"@id\":\"https:\\\/\\\/www.btv.md\\\/ro\\\/stare-exceptionala-la-balti-mai-multe-familii-ar-putea-sa-si-piarda-casele-din-cauza-apelor-subterane\\\/#primaryimage\"},\"thumbnailUrl\":\"https:\\\/\\\/www.btv.md\\\/wp-content\\\/uploads\\\/2016\\\/02\\\/casa.png\",\"datePublished\":\"2016-02-09T15:45:52+00:00\",\"dateModified\":\"2016-02-09T15:48:25+00:00\",\"author\":{\"@id\":\"https:\\\/\\\/www.btv.md\\\/#\\\/schema\\\/person\\\/8fadce81561b3ce2c34c46dadc4ccbf2\"},\"inLanguage\":\"ro-RO\",\"potentialAction\":[{\"@type\":\"ReadAction\",\"target\":[\"https:\\\/\\\/www.btv.md\\\/ro\\\/stare-exceptionala-la-balti-mai-multe-familii-ar-putea-sa-si-piarda-casele-din-cauza-apelor-subterane\\\/\"]}]},{\"@type\":\"ImageObject\",\"inLanguage\":\"ro-RO\",\"@id\":\"https:\\\/\\\/www.btv.md\\\/ro\\\/stare-exceptionala-la-balti-mai-multe-familii-ar-putea-sa-si-piarda-casele-din-cauza-apelor-subterane\\\/#primaryimage\",\"url\":\"https:\\\/\\\/www.btv.md\\\/wp-content\\\/uploads\\\/2016\\\/02\\\/casa.png\",\"contentUrl\":\"https:\\\/\\\/www.btv.md\\\/wp-content\\\/uploads\\\/2016\\\/02\\\/casa.png\",\"width\":1023,\"height\":577},{\"@type\":\"WebSite\",\"@id\":\"https:\\\/\\\/www.btv.md\\\/#website\",\"url\":\"https:\\\/\\\/www.btv.md\\\/\",\"name\":\"BTV\",\"description\":\"\u0411\u0435\u043b\u044c\u0446\u043a\u043e\u0435 \u0442\u0435\u043b\u0435\u0432\u0438\u0434\u0435\u043d\u0438\u0435\",\"potentialAction\":[{\"@type\":\"SearchAction\",\"target\":{\"@type\":\"EntryPoint\",\"urlTemplate\":\"https:\\\/\\\/www.btv.md\\\/?s={search_term_string}\"},\"query-input\":{\"@type\":\"PropertyValueSpecification\",\"valueRequired\":true,\"valueName\":\"search_term_string\"}}],\"inLanguage\":\"ro-RO\"},{\"@type\":\"Person\",\"@id\":\"https:\\\/\\\/www.btv.md\\\/#\\\/schema\\\/person\\\/8fadce81561b3ce2c34c46dadc4ccbf2\",\"name\":\"admin\"}]}<\/script>\n<!-- \/ Yoast SEO plugin. -->","yoast_head_json":{"title":"STARE EXCEP\u021aIONAL\u0102 LA B\u0102L\u021aI. MAI MULTE FAMILII AR PUTEA S\u0102-\u0218I PIARD\u0102 CASELE DIN CAUZA APELOR SUBTERANE - BTV","robots":{"index":"index","follow":"follow","max-snippet":"max-snippet:-1","max-image-preview":"max-image-preview:large","max-video-preview":"max-video-preview:-1"},"canonical":"https:\/\/www.btv.md\/ro\/stare-exceptionala-la-balti-mai-multe-familii-ar-putea-sa-si-piarda-casele-din-cauza-apelor-subterane\/","og_locale":"ro_RO","og_type":"article","og_title":"STARE EXCEP\u021aIONAL\u0102 LA B\u0102L\u021aI. MAI MULTE FAMILII AR PUTEA S\u0102-\u0218I PIARD\u0102 CASELE DIN CAUZA APELOR SUBTERANE - BTV","og_description":"Mai mul\u021bi locuitori de pe str\u0103zile \u0218estokovici \u0219i Cepaev din ora\u0219ul B\u0103l\u021bi, risc\u0103 s\u0103-\u0219i piard\u0103 casele din cauza alunec\u0103rilor de teren care ar putea fi provocate de apele unei f\u00e2nt\u00e2ni arteziene. Localnicii spun c\u0103 apele subterane au reu\u0219it deja s\u0103 inunde subsolurile caselor. Ei au mai ad\u0103ugat c\u0103 s-au adresat de nenum\u0103rate ori autorit\u0103\u021bilor publice [&hellip;]","og_url":"https:\/\/www.btv.md\/ro\/stare-exceptionala-la-balti-mai-multe-familii-ar-putea-sa-si-piarda-casele-din-cauza-apelor-subterane\/","og_site_name":"BTV","article_publisher":"https:\/\/www.facebook.com\/btvmoldova\/","article_published_time":"2016-02-09T15:45:52+00:00","article_modified_time":"2016-02-09T15:48:25+00:00","og_image":[{"width":1023,"height":577,"url":"https:\/\/www.btv.md\/wp-content\/uploads\/2016\/02\/casa.png","type":"image\/png"}],"author":"admin","twitter_misc":{"Scris de":"admin","Timp estimat pentru citire":"1 minut"},"schema":{"@context":"https:\/\/schema.org","@graph":[{"@type":"Article","@id":"https:\/\/www.btv.md\/ro\/stare-exceptionala-la-balti-mai-multe-familii-ar-putea-sa-si-piarda-casele-din-cauza-apelor-subterane\/#article","isPartOf":{"@id":"https:\/\/www.btv.md\/ro\/stare-exceptionala-la-balti-mai-multe-familii-ar-putea-sa-si-piarda-casele-din-cauza-apelor-subterane\/"},"author":{"name":"admin","@id":"https:\/\/www.btv.md\/#\/schema\/person\/8fadce81561b3ce2c34c46dadc4ccbf2"},"headline":"STARE EXCEP\u021aIONAL\u0102 LA B\u0102L\u021aI. MAI MULTE FAMILII AR PUTEA S\u0102-\u0218I PIARD\u0102 CASELE DIN CAUZA APELOR SUBTERANE","datePublished":"2016-02-09T15:45:52+00:00","dateModified":"2016-02-09T15:48:25+00:00","mainEntityOfPage":{"@id":"https:\/\/www.btv.md\/ro\/stare-exceptionala-la-balti-mai-multe-familii-ar-putea-sa-si-piarda-casele-din-cauza-apelor-subterane\/"},"wordCount":297,"image":{"@id":"https:\/\/www.btv.md\/ro\/stare-exceptionala-la-balti-mai-multe-familii-ar-putea-sa-si-piarda-casele-din-cauza-apelor-subterane\/#primaryimage"},"thumbnailUrl":"https:\/\/www.btv.md\/wp-content\/uploads\/2016\/02\/casa.png","articleSection":["Ora\u0219"],"inLanguage":"ro-RO"},{"@type":"WebPage","@id":"https:\/\/www.btv.md\/ro\/stare-exceptionala-la-balti-mai-multe-familii-ar-putea-sa-si-piarda-casele-din-cauza-apelor-subterane\/","url":"https:\/\/www.btv.md\/ro\/stare-exceptionala-la-balti-mai-multe-familii-ar-putea-sa-si-piarda-casele-din-cauza-apelor-subterane\/","name":"STARE EXCEP\u021aIONAL\u0102 LA B\u0102L\u021aI. MAI MULTE FAMILII AR PUTEA S\u0102-\u0218I PIARD\u0102 CASELE DIN CAUZA APELOR SUBTERANE - BTV","isPartOf":{"@id":"https:\/\/www.btv.md\/#website"},"primaryImageOfPage":{"@id":"https:\/\/www.btv.md\/ro\/stare-exceptionala-la-balti-mai-multe-familii-ar-putea-sa-si-piarda-casele-din-cauza-apelor-subterane\/#primaryimage"},"image":{"@id":"https:\/\/www.btv.md\/ro\/stare-exceptionala-la-balti-mai-multe-familii-ar-putea-sa-si-piarda-casele-din-cauza-apelor-subterane\/#primaryimage"},"thumbnailUrl":"https:\/\/www.btv.md\/wp-content\/uploads\/2016\/02\/casa.png","datePublished":"2016-02-09T15:45:52+00:00","dateModified":"2016-02-09T15:48:25+00:00","author":{"@id":"https:\/\/www.btv.md\/#\/schema\/person\/8fadce81561b3ce2c34c46dadc4ccbf2"},"inLanguage":"ro-RO","potentialAction":[{"@type":"ReadAction","target":["https:\/\/www.btv.md\/ro\/stare-exceptionala-la-balti-mai-multe-familii-ar-putea-sa-si-piarda-casele-din-cauza-apelor-subterane\/"]}]},{"@type":"ImageObject","inLanguage":"ro-RO","@id":"https:\/\/www.btv.md\/ro\/stare-exceptionala-la-balti-mai-multe-familii-ar-putea-sa-si-piarda-casele-din-cauza-apelor-subterane\/#primaryimage","url":"https:\/\/www.btv.md\/wp-content\/uploads\/2016\/02\/casa.png","contentUrl":"https:\/\/www.btv.md\/wp-content\/uploads\/2016\/02\/casa.png","width":1023,"height":577},{"@type":"WebSite","@id":"https:\/\/www.btv.md\/#website","url":"https:\/\/www.btv.md\/","name":"BTV","description":"\u0411\u0435\u043b\u044c\u0446\u043a\u043e\u0435 \u0442\u0435\u043b\u0435\u0432\u0438\u0434\u0435\u043d\u0438\u0435","potentialAction":[{"@type":"SearchAction","target":{"@type":"EntryPoint","urlTemplate":"https:\/\/www.btv.md\/?s={search_term_string}"},"query-input":{"@type":"PropertyValueSpecification","valueRequired":true,"valueName":"search_term_string"}}],"inLanguage":"ro-RO"},{"@type":"Person","@id":"https:\/\/www.btv.md\/#\/schema\/person\/8fadce81561b3ce2c34c46dadc4ccbf2","name":"admin"}]}},"_links":{"self":[{"href":"https:\/\/www.btv.md\/ro\/wp-json\/wp\/v2\/posts\/6815","targetHints":{"allow":["GET"]}}],"collection":[{"href":"https:\/\/www.btv.md\/ro\/wp-json\/wp\/v2\/posts"}],"about":[{"href":"https:\/\/www.btv.md\/ro\/wp-json\/wp\/v2\/types\/post"}],"author":[{"embeddable":true,"href":"https:\/\/www.btv.md\/ro\/wp-json\/wp\/v2\/users\/4"}],"replies":[{"embeddable":true,"href":"https:\/\/www.btv.md\/ro\/wp-json\/wp\/v2\/comments?post=6815"}],"version-history":[{"count":0,"href":"https:\/\/www.btv.md\/ro\/wp-json\/wp\/v2\/posts\/6815\/revisions"}],"wp:featuredmedia":[{"embeddable":true,"href":"https:\/\/www.btv.md\/ro\/wp-json\/wp\/v2\/media\/6813"}],"wp:attachment":[{"href":"https:\/\/www.btv.md\/ro\/wp-json\/wp\/v2\/media?parent=6815"}],"wp:term":[{"taxonomy":"category","embeddable":true,"href":"https:\/\/www.btv.md\/ro\/wp-json\/wp\/v2\/categories?post=6815"},{"taxonomy":"post_tag","embeddable":true,"href":"https:\/\/www.btv.md\/ro\/wp-json\/wp\/v2\/tags?post=6815"}],"curies":[{"name":"wp","href":"https:\/\/api.w.org\/{rel}","templated":true}]}}