{"id":68307,"date":"2020-02-21T12:29:55","date_gmt":"2020-02-21T10:29:55","guid":{"rendered":"http:\/\/www.btv.md\/?p=68307"},"modified":"2020-02-21T12:29:55","modified_gmt":"2020-02-21T10:29:55","slug":"oficial-european-i-a-criticat-pe-oficialii-locali-din-chisinau","status":"publish","type":"post","link":"https:\/\/www.btv.md\/ro\/oficial-european-i-a-criticat-pe-oficialii-locali-din-chisinau\/","title":{"rendered":"Oficial european i-a criticat pe oficialii locali din Chi\u0219in\u0103u"},"content":{"rendered":"<div class=\"article-update margin-top-15\">\n<div class=\"update-body margin-top-10\">\n<p><strong>Critici dure la adresa autorit\u0103\u021bilor de la Chi\u0219in\u0103u din partea unui oficial european. \u201eEste inacceptabil faptul c\u0103 dup\u0103 ce s-au aflat numele celor implica\u021bi \u00een frauda bancar\u0103, ei s\u0103 nu fie tra\u0219i la r\u0103spundere \u0219i s\u0103 se caute mereu pretexte pentru a nu investiga acest caz\u201d.<\/strong><\/p>\n<p>Declara\u021bia a fost f\u0103cut\u0103 de c\u0103tre directorul general adjunct pentru Europa \u0219i Asia Central\u0103 al Serviciului European de Ac\u021biune Extern\u0103, Luc Pierre Devigne, \u00een cadrul vizitei sale \u00een Republica Moldova. Ce a mai spus oficialul european \u0219i care este reac\u021bia reprezentan\u021bilor Guvernului de la Chi\u0219in\u0103u, afla\u021bi \u00een cele ce urmeaz\u0103.<\/p>\n<p>Rela\u021bia dintre Republica Moldova \u0219i Uniunea European\u0103 este, \u00een general, una de succes, dar se impun mai multe ac\u021biuni \u00een lupta contra corup\u021biei, a declarat Luc Pierre Devigne. El a subliniat c\u0103 asisten\u021ba financiar\u0103 european\u0103 va depinde de felul \u00een care Chi\u0219in\u0103ul va respecta legile \u0219i standardele democratice. \u201ePartenerii europeni vor ac\u021biuni concrete \u00een procesul de investigare a fraudei bancare, vor s\u0103 vad\u0103 rezultate \u00een lupta \u00eempotriva corup\u021biei \u0219i reforme \u00een justi\u021bie\u201d, a men\u021bionat oficialul.<\/p>\n<\/div>\n<p>Oficialul european a discutat cu autorit\u0103\u021bile de la Chi\u0219in\u0103u despre priorit\u0103\u021bile din viitorul apropiat.<\/p>\n<p>Dac\u0103 lucrurile nu se vor schimba \u00een bine \u00een Republica Moldova, toate facilit\u0103\u021bile acordate de Uniunea European\u0103 vor fi suspendate, a mai declarat oficialul.<\/p>\n<p>Pe de alt\u0103 parte, reprezentan\u021bii Guvernului de la Chi\u0219in\u0103u NU sunt de acord cu declara\u021biile f\u0103cute de c\u0103tre Luc Pierre Devigne. Potrivit lui Vitalie Dragancea, unul dintre consilierii premierului Ion Chicu, jaful din sistemul bancar este un subiect primordial \u0219i se iau toate m\u0103surile pentru rezolvarea cazului.<\/p>\n<p>Directorul general adjunct pentru Europa \u0219i Asia Central\u0103 \u00een cadrul Serviciului European de Ac\u021biune Extern\u0103 din partea Uniunii Europene a mai declarat c\u0103 \u00ee\u0219i dore\u0219te c\u0103 \u00een Republica Moldova deciziile s\u0103 fie luate transparent, cu implicarea opozi\u021biei, a societ\u0103\u021bii civile \u0219i cu respectarea recomand\u0103rilor Comisiei de la Vene\u021bia. Iar reformele \u00een justi\u021bie trebuie realizate cu un consens din toate p\u0103r\u021bile, a mai spus Luc Pierre Devigne. \u00cen zilele urm\u0103toare, oficialul european se va \u00eent\u00e2lni cu al\u021bi func\u021bionari publici \u0219i politicieni de la noi.<\/p>\n<p>Sursa: <a href=\"https:\/\/www.jurnaltv.md\/news\/d33f7a6a58852b77\/directorul-adjunct-al-serviciului-european-de-actiune-externa-i-a-criticat-pe-oficialii-locali.html\">jurnaltv.md<\/a><\/p>\n<\/div>\n","protected":false},"excerpt":{"rendered":"<p>Critici dure la adresa autorit\u0103\u021bilor de la Chi\u0219in\u0103u din partea unui oficial european. \u201eEste inacceptabil faptul c\u0103 dup\u0103 ce s-au aflat numele celor implica\u021bi \u00een frauda bancar\u0103, ei s\u0103 nu fie tra\u0219i la r\u0103spundere \u0219i s\u0103 se caute mereu pretexte pentru a nu investiga acest caz\u201d. Declara\u021bia a fost f\u0103cut\u0103 de c\u0103tre directorul general adjunct [&hellip;]<\/p>\n","protected":false},"author":4,"featured_media":68308,"comment_status":"closed","ping_status":"closed","sticky":false,"template":"","format":"standard","meta":{"footnotes":""},"categories":[6369,6377],"tags":[10979,7755,10977,9601,10978],"class_list":["post-68307","post","type-post","status-publish","format-standard","has-post-thumbnail","hentry","category-economie-ro","category-stiri","tag-autoritatile-locale","tag-chisinau-ro","tag-critici","tag-oficialii","tag-oficialul-european"],"yoast_head":"<!-- This site is optimized with the Yoast SEO plugin v27.4 - https:\/\/yoast.com\/product\/yoast-seo-wordpress\/ -->\n<title>Oficial european i-a criticat pe oficialii locali din Chi\u0219in\u0103u - BTV<\/title>\n<meta name=\"robots\" content=\"index, follow, max-snippet:-1, max-image-preview:large, max-video-preview:-1\" \/>\n<link rel=\"canonical\" href=\"https:\/\/www.btv.md\/ro\/oficial-european-i-a-criticat-pe-oficialii-locali-din-chisinau\/\" \/>\n<meta property=\"og:locale\" content=\"ro_RO\" \/>\n<meta property=\"og:type\" content=\"article\" \/>\n<meta property=\"og:title\" content=\"Oficial european i-a criticat pe oficialii locali din Chi\u0219in\u0103u - BTV\" \/>\n<meta property=\"og:description\" content=\"Critici dure la adresa autorit\u0103\u021bilor de la Chi\u0219in\u0103u din partea unui oficial european. \u201eEste inacceptabil faptul c\u0103 dup\u0103 ce s-au aflat numele celor implica\u021bi \u00een frauda bancar\u0103, ei s\u0103 nu fie tra\u0219i la r\u0103spundere \u0219i s\u0103 se caute mereu pretexte pentru a nu investiga acest caz\u201d. Declara\u021bia a fost f\u0103cut\u0103 de c\u0103tre directorul general adjunct [&hellip;]\" \/>\n<meta property=\"og:url\" content=\"https:\/\/www.btv.md\/ro\/oficial-european-i-a-criticat-pe-oficialii-locali-din-chisinau\/\" \/>\n<meta property=\"og:site_name\" content=\"BTV\" \/>\n<meta property=\"article:publisher\" content=\"https:\/\/www.facebook.com\/btvmoldova\/\" \/>\n<meta property=\"article:published_time\" content=\"2020-02-21T10:29:55+00:00\" \/>\n<meta property=\"og:image\" content=\"https:\/\/www.btv.md\/wp-content\/uploads\/2020\/02\/dev.png\" \/>\n\t<meta property=\"og:image:width\" content=\"1565\" \/>\n\t<meta property=\"og:image:height\" content=\"959\" \/>\n\t<meta property=\"og:image:type\" content=\"image\/png\" \/>\n<meta name=\"author\" content=\"admin\" \/>\n<meta name=\"twitter:label1\" content=\"Scris de\" \/>\n\t<meta name=\"twitter:data1\" content=\"admin\" \/>\n\t<meta name=\"twitter:label2\" content=\"Timp estimat pentru citire\" \/>\n\t<meta name=\"twitter:data2\" content=\"2 minute\" \/>\n<script type=\"application\/ld+json\" class=\"yoast-schema-graph\">{\"@context\":\"https:\\\/\\\/schema.org\",\"@graph\":[{\"@type\":\"Article\",\"@id\":\"https:\\\/\\\/www.btv.md\\\/ro\\\/oficial-european-i-a-criticat-pe-oficialii-locali-din-chisinau\\\/#article\",\"isPartOf\":{\"@id\":\"https:\\\/\\\/www.btv.md\\\/ro\\\/oficial-european-i-a-criticat-pe-oficialii-locali-din-chisinau\\\/\"},\"author\":{\"name\":\"admin\",\"@id\":\"https:\\\/\\\/www.btv.md\\\/#\\\/schema\\\/person\\\/8fadce81561b3ce2c34c46dadc4ccbf2\"},\"headline\":\"Oficial european i-a criticat pe oficialii locali din Chi\u0219in\u0103u\",\"datePublished\":\"2020-02-21T10:29:55+00:00\",\"mainEntityOfPage\":{\"@id\":\"https:\\\/\\\/www.btv.md\\\/ro\\\/oficial-european-i-a-criticat-pe-oficialii-locali-din-chisinau\\\/\"},\"wordCount\":403,\"image\":{\"@id\":\"https:\\\/\\\/www.btv.md\\\/ro\\\/oficial-european-i-a-criticat-pe-oficialii-locali-din-chisinau\\\/#primaryimage\"},\"thumbnailUrl\":\"https:\\\/\\\/www.btv.md\\\/wp-content\\\/uploads\\\/2020\\\/02\\\/dev.png\",\"keywords\":[\"autorit\u0103\u021bile locale\",\"Chi\u0219in\u0103u\",\"critici\",\"oficialii\",\"oficialul european\"],\"articleSection\":[\"Economie\",\"\u0218tiri\"],\"inLanguage\":\"ro-RO\"},{\"@type\":\"WebPage\",\"@id\":\"https:\\\/\\\/www.btv.md\\\/ro\\\/oficial-european-i-a-criticat-pe-oficialii-locali-din-chisinau\\\/\",\"url\":\"https:\\\/\\\/www.btv.md\\\/ro\\\/oficial-european-i-a-criticat-pe-oficialii-locali-din-chisinau\\\/\",\"name\":\"Oficial european i-a criticat pe oficialii locali din Chi\u0219in\u0103u - BTV\",\"isPartOf\":{\"@id\":\"https:\\\/\\\/www.btv.md\\\/#website\"},\"primaryImageOfPage\":{\"@id\":\"https:\\\/\\\/www.btv.md\\\/ro\\\/oficial-european-i-a-criticat-pe-oficialii-locali-din-chisinau\\\/#primaryimage\"},\"image\":{\"@id\":\"https:\\\/\\\/www.btv.md\\\/ro\\\/oficial-european-i-a-criticat-pe-oficialii-locali-din-chisinau\\\/#primaryimage\"},\"thumbnailUrl\":\"https:\\\/\\\/www.btv.md\\\/wp-content\\\/uploads\\\/2020\\\/02\\\/dev.png\",\"datePublished\":\"2020-02-21T10:29:55+00:00\",\"author\":{\"@id\":\"https:\\\/\\\/www.btv.md\\\/#\\\/schema\\\/person\\\/8fadce81561b3ce2c34c46dadc4ccbf2\"},\"inLanguage\":\"ro-RO\",\"potentialAction\":[{\"@type\":\"ReadAction\",\"target\":[\"https:\\\/\\\/www.btv.md\\\/ro\\\/oficial-european-i-a-criticat-pe-oficialii-locali-din-chisinau\\\/\"]}]},{\"@type\":\"ImageObject\",\"inLanguage\":\"ro-RO\",\"@id\":\"https:\\\/\\\/www.btv.md\\\/ro\\\/oficial-european-i-a-criticat-pe-oficialii-locali-din-chisinau\\\/#primaryimage\",\"url\":\"https:\\\/\\\/www.btv.md\\\/wp-content\\\/uploads\\\/2020\\\/02\\\/dev.png\",\"contentUrl\":\"https:\\\/\\\/www.btv.md\\\/wp-content\\\/uploads\\\/2020\\\/02\\\/dev.png\",\"width\":1565,\"height\":959},{\"@type\":\"WebSite\",\"@id\":\"https:\\\/\\\/www.btv.md\\\/#website\",\"url\":\"https:\\\/\\\/www.btv.md\\\/\",\"name\":\"BTV\",\"description\":\"\u0411\u0435\u043b\u044c\u0446\u043a\u043e\u0435 \u0442\u0435\u043b\u0435\u0432\u0438\u0434\u0435\u043d\u0438\u0435\",\"potentialAction\":[{\"@type\":\"SearchAction\",\"target\":{\"@type\":\"EntryPoint\",\"urlTemplate\":\"https:\\\/\\\/www.btv.md\\\/?s={search_term_string}\"},\"query-input\":{\"@type\":\"PropertyValueSpecification\",\"valueRequired\":true,\"valueName\":\"search_term_string\"}}],\"inLanguage\":\"ro-RO\"},{\"@type\":\"Person\",\"@id\":\"https:\\\/\\\/www.btv.md\\\/#\\\/schema\\\/person\\\/8fadce81561b3ce2c34c46dadc4ccbf2\",\"name\":\"admin\"}]}<\/script>\n<!-- \/ Yoast SEO plugin. -->","yoast_head_json":{"title":"Oficial european i-a criticat pe oficialii locali din Chi\u0219in\u0103u - BTV","robots":{"index":"index","follow":"follow","max-snippet":"max-snippet:-1","max-image-preview":"max-image-preview:large","max-video-preview":"max-video-preview:-1"},"canonical":"https:\/\/www.btv.md\/ro\/oficial-european-i-a-criticat-pe-oficialii-locali-din-chisinau\/","og_locale":"ro_RO","og_type":"article","og_title":"Oficial european i-a criticat pe oficialii locali din Chi\u0219in\u0103u - BTV","og_description":"Critici dure la adresa autorit\u0103\u021bilor de la Chi\u0219in\u0103u din partea unui oficial european. \u201eEste inacceptabil faptul c\u0103 dup\u0103 ce s-au aflat numele celor implica\u021bi \u00een frauda bancar\u0103, ei s\u0103 nu fie tra\u0219i la r\u0103spundere \u0219i s\u0103 se caute mereu pretexte pentru a nu investiga acest caz\u201d. Declara\u021bia a fost f\u0103cut\u0103 de c\u0103tre directorul general adjunct [&hellip;]","og_url":"https:\/\/www.btv.md\/ro\/oficial-european-i-a-criticat-pe-oficialii-locali-din-chisinau\/","og_site_name":"BTV","article_publisher":"https:\/\/www.facebook.com\/btvmoldova\/","article_published_time":"2020-02-21T10:29:55+00:00","og_image":[{"width":1565,"height":959,"url":"https:\/\/www.btv.md\/wp-content\/uploads\/2020\/02\/dev.png","type":"image\/png"}],"author":"admin","twitter_misc":{"Scris de":"admin","Timp estimat pentru citire":"2 minute"},"schema":{"@context":"https:\/\/schema.org","@graph":[{"@type":"Article","@id":"https:\/\/www.btv.md\/ro\/oficial-european-i-a-criticat-pe-oficialii-locali-din-chisinau\/#article","isPartOf":{"@id":"https:\/\/www.btv.md\/ro\/oficial-european-i-a-criticat-pe-oficialii-locali-din-chisinau\/"},"author":{"name":"admin","@id":"https:\/\/www.btv.md\/#\/schema\/person\/8fadce81561b3ce2c34c46dadc4ccbf2"},"headline":"Oficial european i-a criticat pe oficialii locali din Chi\u0219in\u0103u","datePublished":"2020-02-21T10:29:55+00:00","mainEntityOfPage":{"@id":"https:\/\/www.btv.md\/ro\/oficial-european-i-a-criticat-pe-oficialii-locali-din-chisinau\/"},"wordCount":403,"image":{"@id":"https:\/\/www.btv.md\/ro\/oficial-european-i-a-criticat-pe-oficialii-locali-din-chisinau\/#primaryimage"},"thumbnailUrl":"https:\/\/www.btv.md\/wp-content\/uploads\/2020\/02\/dev.png","keywords":["autorit\u0103\u021bile locale","Chi\u0219in\u0103u","critici","oficialii","oficialul european"],"articleSection":["Economie","\u0218tiri"],"inLanguage":"ro-RO"},{"@type":"WebPage","@id":"https:\/\/www.btv.md\/ro\/oficial-european-i-a-criticat-pe-oficialii-locali-din-chisinau\/","url":"https:\/\/www.btv.md\/ro\/oficial-european-i-a-criticat-pe-oficialii-locali-din-chisinau\/","name":"Oficial european i-a criticat pe oficialii locali din Chi\u0219in\u0103u - BTV","isPartOf":{"@id":"https:\/\/www.btv.md\/#website"},"primaryImageOfPage":{"@id":"https:\/\/www.btv.md\/ro\/oficial-european-i-a-criticat-pe-oficialii-locali-din-chisinau\/#primaryimage"},"image":{"@id":"https:\/\/www.btv.md\/ro\/oficial-european-i-a-criticat-pe-oficialii-locali-din-chisinau\/#primaryimage"},"thumbnailUrl":"https:\/\/www.btv.md\/wp-content\/uploads\/2020\/02\/dev.png","datePublished":"2020-02-21T10:29:55+00:00","author":{"@id":"https:\/\/www.btv.md\/#\/schema\/person\/8fadce81561b3ce2c34c46dadc4ccbf2"},"inLanguage":"ro-RO","potentialAction":[{"@type":"ReadAction","target":["https:\/\/www.btv.md\/ro\/oficial-european-i-a-criticat-pe-oficialii-locali-din-chisinau\/"]}]},{"@type":"ImageObject","inLanguage":"ro-RO","@id":"https:\/\/www.btv.md\/ro\/oficial-european-i-a-criticat-pe-oficialii-locali-din-chisinau\/#primaryimage","url":"https:\/\/www.btv.md\/wp-content\/uploads\/2020\/02\/dev.png","contentUrl":"https:\/\/www.btv.md\/wp-content\/uploads\/2020\/02\/dev.png","width":1565,"height":959},{"@type":"WebSite","@id":"https:\/\/www.btv.md\/#website","url":"https:\/\/www.btv.md\/","name":"BTV","description":"\u0411\u0435\u043b\u044c\u0446\u043a\u043e\u0435 \u0442\u0435\u043b\u0435\u0432\u0438\u0434\u0435\u043d\u0438\u0435","potentialAction":[{"@type":"SearchAction","target":{"@type":"EntryPoint","urlTemplate":"https:\/\/www.btv.md\/?s={search_term_string}"},"query-input":{"@type":"PropertyValueSpecification","valueRequired":true,"valueName":"search_term_string"}}],"inLanguage":"ro-RO"},{"@type":"Person","@id":"https:\/\/www.btv.md\/#\/schema\/person\/8fadce81561b3ce2c34c46dadc4ccbf2","name":"admin"}]}},"_links":{"self":[{"href":"https:\/\/www.btv.md\/ro\/wp-json\/wp\/v2\/posts\/68307","targetHints":{"allow":["GET"]}}],"collection":[{"href":"https:\/\/www.btv.md\/ro\/wp-json\/wp\/v2\/posts"}],"about":[{"href":"https:\/\/www.btv.md\/ro\/wp-json\/wp\/v2\/types\/post"}],"author":[{"embeddable":true,"href":"https:\/\/www.btv.md\/ro\/wp-json\/wp\/v2\/users\/4"}],"replies":[{"embeddable":true,"href":"https:\/\/www.btv.md\/ro\/wp-json\/wp\/v2\/comments?post=68307"}],"version-history":[{"count":0,"href":"https:\/\/www.btv.md\/ro\/wp-json\/wp\/v2\/posts\/68307\/revisions"}],"wp:featuredmedia":[{"embeddable":true,"href":"https:\/\/www.btv.md\/ro\/wp-json\/wp\/v2\/media\/68308"}],"wp:attachment":[{"href":"https:\/\/www.btv.md\/ro\/wp-json\/wp\/v2\/media?parent=68307"}],"wp:term":[{"taxonomy":"category","embeddable":true,"href":"https:\/\/www.btv.md\/ro\/wp-json\/wp\/v2\/categories?post=68307"},{"taxonomy":"post_tag","embeddable":true,"href":"https:\/\/www.btv.md\/ro\/wp-json\/wp\/v2\/tags?post=68307"}],"curies":[{"name":"wp","href":"https:\/\/api.w.org\/{rel}","templated":true}]}}