{"id":68316,"date":"2020-02-21T12:48:25","date_gmt":"2020-02-21T10:48:25","guid":{"rendered":"http:\/\/www.btv.md\/?p=68316"},"modified":"2020-02-21T12:48:25","modified_gmt":"2020-02-21T10:48:25","slug":"tesla-autopilot-pacalit-de-o-bucata-de-adeziv-sa-mearga-cu-136-km-h","status":"publish","type":"post","link":"https:\/\/www.btv.md\/ro\/tesla-autopilot-pacalit-de-o-bucata-de-adeziv-sa-mearga-cu-136-km-h\/","title":{"rendered":"Tesla Autopilot, \u201ep\u0103c\u0103lit\u201d de o bucat\u0103 de adeziv s\u0103 mearg\u0103 cu 136 km\/h"},"content":{"rendered":"<p><strong>Ma\u0219inile moderne au \u201eochi&#8217; peste tot, \u00eens\u0103 asta nu \u00eenseamn\u0103 c\u0103 nu pot fi p\u0103c\u0103lite, unele chiar destul de u\u0219or. Precum a fost acest Tesla Model S.<\/strong><\/p>\n<p>Nivelul tehnologic ridicat al ma\u0219inilor moderne, \u00een ceea ce prive\u0219te sistemele de siguran\u021b\u0103 \u0219i preven\u021bie active, este ceva cu care ne-am obi\u0219nuit \u0219i \u00een care am ajuns s\u0103 ne punem din ce \u00een ce mai mult\u0103 \u00eencredere. Unii utilizatori duc asta la extrem, l\u0103s\u00e2nd ma\u0219inile lor s\u0103 ruleze singure, folosidu-se de \u201eochii&#8217;, senzorii \u0219i \u201ecreierele&#8217; lor. Experien\u021bele nu se termin\u0103 tot timpul cu bine.<\/p>\n<p>McAfee Advanced Threat Research a f\u0103cut un studiu pentru a demonstra c\u0103 cititorul de limit\u0103 de vitez\u0103 al ma\u0219inii are \u00eenc\u0103 vulnerabilit\u0103\u021bi. \u00cen testul condus de ace\u0219tia, un indicator de 35 mph (56 km\/h) a fost modificat subtil folosind band\u0103 adeziv\u0103. Prin \u201esubtil&#8217; se \u00een\u021belege c\u0103 cifra 3 a fost modificat suficient de pu\u021bin \u00eenc\u00e2t s\u0103 fie recunoscut de c\u0103tre oameni ca 3, dar de ma\u0219in\u0103 ca 8.<\/p>\n<p>Sigur, o men\u021biune important\u0103 este aceea c\u0103 modelul care a participat la test a fost un Model S care folosea o versiune cu mult diferit\u0103 (adic\u0103 \u00eenvechit\u0103) fa\u021b\u0103 de cea din modelele actuale. Ma\u0219inile produse \u00een intervalul Septembrie 2014-Octombrie 2016 au folosit Mobileye Q3, o camer\u0103 la care Tesla a renun\u021bat dup\u0103 primul caz de accident fatal \u00een contextul folosirii sistemului Autopilot, \u00een 2016.<\/p>\n<p>Un test rapid efectuat cu o Tesla Model S din 2020 nu indic\u0103 acelea\u0219i probleme pe care modelele produse \u00een perioada men\u021bionat\u0103 mai sus le-au prezentat.<\/p>\n<p><iframe title=\"McAfee Demonstrates Model Hacking in the Real World\" width=\"1170\" height=\"658\" data-src=\"https:\/\/www.youtube.com\/embed\/4uGV_fRj0UA?wmode=transparent&amp;rel=0&amp;feature=oembed\" frameborder=\"0\" allow=\"accelerometer; autoplay; encrypted-media; gyroscope; picture-in-picture\" allowfullscreen src=\"data:image\/svg+xml;base64,PHN2ZyB3aWR0aD0iMSIgaGVpZ2h0PSIxIiB4bWxucz0iaHR0cDovL3d3dy53My5vcmcvMjAwMC9zdmciPjwvc3ZnPg==\" class=\"lazyload\" data-load-mode=\"1\"><\/iframe><\/p>\n<p>Sursa: <a href=\"https:\/\/www.auto-bild.ro\/stiri\/tesla-autopilot-hacking-adeziv-178577.html?fbclid=IwAR00eFp_YNjpwj_0D3cTpZUcUmcWeN13xmTjPfLTQBPtds8QadyH1I3skdM\">auto-bild.ro<\/a><\/p>\n","protected":false},"excerpt":{"rendered":"<p>Ma\u0219inile moderne au \u201eochi&#8217; peste tot, \u00eens\u0103 asta nu \u00eenseamn\u0103 c\u0103 nu pot fi p\u0103c\u0103lite, unele chiar destul de u\u0219or. Precum a fost acest Tesla Model S. Nivelul tehnologic ridicat al ma\u0219inilor moderne, \u00een ceea ce prive\u0219te sistemele de siguran\u021b\u0103 \u0219i preven\u021bie active, este ceva cu care ne-am obi\u0219nuit \u0219i \u00een care am ajuns s\u0103 [&hellip;]<\/p>\n","protected":false},"author":4,"featured_media":68318,"comment_status":"closed","ping_status":"closed","sticky":false,"template":"","format":"standard","meta":{"footnotes":""},"categories":[6354,6349],"tags":[10875,10981,10980],"class_list":["post-68316","post","type-post","status-publish","format-standard","has-post-thumbnail","hentry","category-externe-ro","category-social","tag-automobil-ro","tag-limit","tag-tesla-autopilot"],"yoast_head":"<!-- This site is optimized with the Yoast SEO plugin v27.4 - https:\/\/yoast.com\/product\/yoast-seo-wordpress\/ -->\n<title>Tesla Autopilot, \u201ep\u0103c\u0103lit\u201d de o bucat\u0103 de adeziv s\u0103 mearg\u0103 cu 136 km\/h - BTV<\/title>\n<meta name=\"robots\" content=\"index, follow, max-snippet:-1, max-image-preview:large, max-video-preview:-1\" \/>\n<link rel=\"canonical\" href=\"https:\/\/www.btv.md\/ro\/tesla-autopilot-pacalit-de-o-bucata-de-adeziv-sa-mearga-cu-136-km-h\/\" \/>\n<meta property=\"og:locale\" content=\"ro_RO\" \/>\n<meta property=\"og:type\" content=\"article\" \/>\n<meta property=\"og:title\" content=\"Tesla Autopilot, \u201ep\u0103c\u0103lit\u201d de o bucat\u0103 de adeziv s\u0103 mearg\u0103 cu 136 km\/h - BTV\" \/>\n<meta property=\"og:description\" content=\"Ma\u0219inile moderne au \u201eochi&#8217; peste tot, \u00eens\u0103 asta nu \u00eenseamn\u0103 c\u0103 nu pot fi p\u0103c\u0103lite, unele chiar destul de u\u0219or. Precum a fost acest Tesla Model S. Nivelul tehnologic ridicat al ma\u0219inilor moderne, \u00een ceea ce prive\u0219te sistemele de siguran\u021b\u0103 \u0219i preven\u021bie active, este ceva cu care ne-am obi\u0219nuit \u0219i \u00een care am ajuns s\u0103 [&hellip;]\" \/>\n<meta property=\"og:url\" content=\"https:\/\/www.btv.md\/ro\/tesla-autopilot-pacalit-de-o-bucata-de-adeziv-sa-mearga-cu-136-km-h\/\" \/>\n<meta property=\"og:site_name\" content=\"BTV\" \/>\n<meta property=\"article:publisher\" content=\"https:\/\/www.facebook.com\/btvmoldova\/\" \/>\n<meta property=\"article:published_time\" content=\"2020-02-21T10:48:25+00:00\" \/>\n<meta property=\"og:image\" content=\"https:\/\/www.btv.md\/wp-content\/uploads\/2020\/02\/tesla-autopilot-cititor-viteza-1024x576-1.png\" \/>\n\t<meta property=\"og:image:width\" content=\"1024\" \/>\n\t<meta property=\"og:image:height\" content=\"576\" \/>\n\t<meta property=\"og:image:type\" content=\"image\/png\" \/>\n<meta name=\"author\" content=\"admin\" \/>\n<meta name=\"twitter:label1\" content=\"Scris de\" \/>\n\t<meta name=\"twitter:data1\" content=\"admin\" \/>\n\t<meta name=\"twitter:label2\" content=\"Timp estimat pentru citire\" \/>\n\t<meta name=\"twitter:data2\" content=\"1 minut\" \/>\n<script type=\"application\/ld+json\" class=\"yoast-schema-graph\">{\"@context\":\"https:\\\/\\\/schema.org\",\"@graph\":[{\"@type\":\"Article\",\"@id\":\"https:\\\/\\\/www.btv.md\\\/ro\\\/tesla-autopilot-pacalit-de-o-bucata-de-adeziv-sa-mearga-cu-136-km-h\\\/#article\",\"isPartOf\":{\"@id\":\"https:\\\/\\\/www.btv.md\\\/ro\\\/tesla-autopilot-pacalit-de-o-bucata-de-adeziv-sa-mearga-cu-136-km-h\\\/\"},\"author\":{\"name\":\"admin\",\"@id\":\"https:\\\/\\\/www.btv.md\\\/#\\\/schema\\\/person\\\/8fadce81561b3ce2c34c46dadc4ccbf2\"},\"headline\":\"Tesla Autopilot, \u201ep\u0103c\u0103lit\u201d de o bucat\u0103 de adeziv s\u0103 mearg\u0103 cu 136 km\\\/h\",\"datePublished\":\"2020-02-21T10:48:25+00:00\",\"mainEntityOfPage\":{\"@id\":\"https:\\\/\\\/www.btv.md\\\/ro\\\/tesla-autopilot-pacalit-de-o-bucata-de-adeziv-sa-mearga-cu-136-km-h\\\/\"},\"wordCount\":299,\"image\":{\"@id\":\"https:\\\/\\\/www.btv.md\\\/ro\\\/tesla-autopilot-pacalit-de-o-bucata-de-adeziv-sa-mearga-cu-136-km-h\\\/#primaryimage\"},\"thumbnailUrl\":\"https:\\\/\\\/www.btv.md\\\/wp-content\\\/uploads\\\/2020\\\/02\\\/tesla-autopilot-cititor-viteza-1024x576-1.png\",\"keywords\":[\"automobil\",\"limit\",\"Tesla Autopilot\"],\"articleSection\":[\"Externe\",\"Social\"],\"inLanguage\":\"ro-RO\"},{\"@type\":\"WebPage\",\"@id\":\"https:\\\/\\\/www.btv.md\\\/ro\\\/tesla-autopilot-pacalit-de-o-bucata-de-adeziv-sa-mearga-cu-136-km-h\\\/\",\"url\":\"https:\\\/\\\/www.btv.md\\\/ro\\\/tesla-autopilot-pacalit-de-o-bucata-de-adeziv-sa-mearga-cu-136-km-h\\\/\",\"name\":\"Tesla Autopilot, \u201ep\u0103c\u0103lit\u201d de o bucat\u0103 de adeziv s\u0103 mearg\u0103 cu 136 km\\\/h - BTV\",\"isPartOf\":{\"@id\":\"https:\\\/\\\/www.btv.md\\\/#website\"},\"primaryImageOfPage\":{\"@id\":\"https:\\\/\\\/www.btv.md\\\/ro\\\/tesla-autopilot-pacalit-de-o-bucata-de-adeziv-sa-mearga-cu-136-km-h\\\/#primaryimage\"},\"image\":{\"@id\":\"https:\\\/\\\/www.btv.md\\\/ro\\\/tesla-autopilot-pacalit-de-o-bucata-de-adeziv-sa-mearga-cu-136-km-h\\\/#primaryimage\"},\"thumbnailUrl\":\"https:\\\/\\\/www.btv.md\\\/wp-content\\\/uploads\\\/2020\\\/02\\\/tesla-autopilot-cititor-viteza-1024x576-1.png\",\"datePublished\":\"2020-02-21T10:48:25+00:00\",\"author\":{\"@id\":\"https:\\\/\\\/www.btv.md\\\/#\\\/schema\\\/person\\\/8fadce81561b3ce2c34c46dadc4ccbf2\"},\"inLanguage\":\"ro-RO\",\"potentialAction\":[{\"@type\":\"ReadAction\",\"target\":[\"https:\\\/\\\/www.btv.md\\\/ro\\\/tesla-autopilot-pacalit-de-o-bucata-de-adeziv-sa-mearga-cu-136-km-h\\\/\"]}]},{\"@type\":\"ImageObject\",\"inLanguage\":\"ro-RO\",\"@id\":\"https:\\\/\\\/www.btv.md\\\/ro\\\/tesla-autopilot-pacalit-de-o-bucata-de-adeziv-sa-mearga-cu-136-km-h\\\/#primaryimage\",\"url\":\"https:\\\/\\\/www.btv.md\\\/wp-content\\\/uploads\\\/2020\\\/02\\\/tesla-autopilot-cititor-viteza-1024x576-1.png\",\"contentUrl\":\"https:\\\/\\\/www.btv.md\\\/wp-content\\\/uploads\\\/2020\\\/02\\\/tesla-autopilot-cititor-viteza-1024x576-1.png\",\"width\":1024,\"height\":576},{\"@type\":\"WebSite\",\"@id\":\"https:\\\/\\\/www.btv.md\\\/#website\",\"url\":\"https:\\\/\\\/www.btv.md\\\/\",\"name\":\"BTV\",\"description\":\"\u0411\u0435\u043b\u044c\u0446\u043a\u043e\u0435 \u0442\u0435\u043b\u0435\u0432\u0438\u0434\u0435\u043d\u0438\u0435\",\"potentialAction\":[{\"@type\":\"SearchAction\",\"target\":{\"@type\":\"EntryPoint\",\"urlTemplate\":\"https:\\\/\\\/www.btv.md\\\/?s={search_term_string}\"},\"query-input\":{\"@type\":\"PropertyValueSpecification\",\"valueRequired\":true,\"valueName\":\"search_term_string\"}}],\"inLanguage\":\"ro-RO\"},{\"@type\":\"Person\",\"@id\":\"https:\\\/\\\/www.btv.md\\\/#\\\/schema\\\/person\\\/8fadce81561b3ce2c34c46dadc4ccbf2\",\"name\":\"admin\"}]}<\/script>\n<!-- \/ Yoast SEO plugin. -->","yoast_head_json":{"title":"Tesla Autopilot, \u201ep\u0103c\u0103lit\u201d de o bucat\u0103 de adeziv s\u0103 mearg\u0103 cu 136 km\/h - BTV","robots":{"index":"index","follow":"follow","max-snippet":"max-snippet:-1","max-image-preview":"max-image-preview:large","max-video-preview":"max-video-preview:-1"},"canonical":"https:\/\/www.btv.md\/ro\/tesla-autopilot-pacalit-de-o-bucata-de-adeziv-sa-mearga-cu-136-km-h\/","og_locale":"ro_RO","og_type":"article","og_title":"Tesla Autopilot, \u201ep\u0103c\u0103lit\u201d de o bucat\u0103 de adeziv s\u0103 mearg\u0103 cu 136 km\/h - BTV","og_description":"Ma\u0219inile moderne au \u201eochi&#8217; peste tot, \u00eens\u0103 asta nu \u00eenseamn\u0103 c\u0103 nu pot fi p\u0103c\u0103lite, unele chiar destul de u\u0219or. Precum a fost acest Tesla Model S. Nivelul tehnologic ridicat al ma\u0219inilor moderne, \u00een ceea ce prive\u0219te sistemele de siguran\u021b\u0103 \u0219i preven\u021bie active, este ceva cu care ne-am obi\u0219nuit \u0219i \u00een care am ajuns s\u0103 [&hellip;]","og_url":"https:\/\/www.btv.md\/ro\/tesla-autopilot-pacalit-de-o-bucata-de-adeziv-sa-mearga-cu-136-km-h\/","og_site_name":"BTV","article_publisher":"https:\/\/www.facebook.com\/btvmoldova\/","article_published_time":"2020-02-21T10:48:25+00:00","og_image":[{"width":1024,"height":576,"url":"https:\/\/www.btv.md\/wp-content\/uploads\/2020\/02\/tesla-autopilot-cititor-viteza-1024x576-1.png","type":"image\/png"}],"author":"admin","twitter_misc":{"Scris de":"admin","Timp estimat pentru citire":"1 minut"},"schema":{"@context":"https:\/\/schema.org","@graph":[{"@type":"Article","@id":"https:\/\/www.btv.md\/ro\/tesla-autopilot-pacalit-de-o-bucata-de-adeziv-sa-mearga-cu-136-km-h\/#article","isPartOf":{"@id":"https:\/\/www.btv.md\/ro\/tesla-autopilot-pacalit-de-o-bucata-de-adeziv-sa-mearga-cu-136-km-h\/"},"author":{"name":"admin","@id":"https:\/\/www.btv.md\/#\/schema\/person\/8fadce81561b3ce2c34c46dadc4ccbf2"},"headline":"Tesla Autopilot, \u201ep\u0103c\u0103lit\u201d de o bucat\u0103 de adeziv s\u0103 mearg\u0103 cu 136 km\/h","datePublished":"2020-02-21T10:48:25+00:00","mainEntityOfPage":{"@id":"https:\/\/www.btv.md\/ro\/tesla-autopilot-pacalit-de-o-bucata-de-adeziv-sa-mearga-cu-136-km-h\/"},"wordCount":299,"image":{"@id":"https:\/\/www.btv.md\/ro\/tesla-autopilot-pacalit-de-o-bucata-de-adeziv-sa-mearga-cu-136-km-h\/#primaryimage"},"thumbnailUrl":"https:\/\/www.btv.md\/wp-content\/uploads\/2020\/02\/tesla-autopilot-cititor-viteza-1024x576-1.png","keywords":["automobil","limit","Tesla Autopilot"],"articleSection":["Externe","Social"],"inLanguage":"ro-RO"},{"@type":"WebPage","@id":"https:\/\/www.btv.md\/ro\/tesla-autopilot-pacalit-de-o-bucata-de-adeziv-sa-mearga-cu-136-km-h\/","url":"https:\/\/www.btv.md\/ro\/tesla-autopilot-pacalit-de-o-bucata-de-adeziv-sa-mearga-cu-136-km-h\/","name":"Tesla Autopilot, \u201ep\u0103c\u0103lit\u201d de o bucat\u0103 de adeziv s\u0103 mearg\u0103 cu 136 km\/h - BTV","isPartOf":{"@id":"https:\/\/www.btv.md\/#website"},"primaryImageOfPage":{"@id":"https:\/\/www.btv.md\/ro\/tesla-autopilot-pacalit-de-o-bucata-de-adeziv-sa-mearga-cu-136-km-h\/#primaryimage"},"image":{"@id":"https:\/\/www.btv.md\/ro\/tesla-autopilot-pacalit-de-o-bucata-de-adeziv-sa-mearga-cu-136-km-h\/#primaryimage"},"thumbnailUrl":"https:\/\/www.btv.md\/wp-content\/uploads\/2020\/02\/tesla-autopilot-cititor-viteza-1024x576-1.png","datePublished":"2020-02-21T10:48:25+00:00","author":{"@id":"https:\/\/www.btv.md\/#\/schema\/person\/8fadce81561b3ce2c34c46dadc4ccbf2"},"inLanguage":"ro-RO","potentialAction":[{"@type":"ReadAction","target":["https:\/\/www.btv.md\/ro\/tesla-autopilot-pacalit-de-o-bucata-de-adeziv-sa-mearga-cu-136-km-h\/"]}]},{"@type":"ImageObject","inLanguage":"ro-RO","@id":"https:\/\/www.btv.md\/ro\/tesla-autopilot-pacalit-de-o-bucata-de-adeziv-sa-mearga-cu-136-km-h\/#primaryimage","url":"https:\/\/www.btv.md\/wp-content\/uploads\/2020\/02\/tesla-autopilot-cititor-viteza-1024x576-1.png","contentUrl":"https:\/\/www.btv.md\/wp-content\/uploads\/2020\/02\/tesla-autopilot-cititor-viteza-1024x576-1.png","width":1024,"height":576},{"@type":"WebSite","@id":"https:\/\/www.btv.md\/#website","url":"https:\/\/www.btv.md\/","name":"BTV","description":"\u0411\u0435\u043b\u044c\u0446\u043a\u043e\u0435 \u0442\u0435\u043b\u0435\u0432\u0438\u0434\u0435\u043d\u0438\u0435","potentialAction":[{"@type":"SearchAction","target":{"@type":"EntryPoint","urlTemplate":"https:\/\/www.btv.md\/?s={search_term_string}"},"query-input":{"@type":"PropertyValueSpecification","valueRequired":true,"valueName":"search_term_string"}}],"inLanguage":"ro-RO"},{"@type":"Person","@id":"https:\/\/www.btv.md\/#\/schema\/person\/8fadce81561b3ce2c34c46dadc4ccbf2","name":"admin"}]}},"_links":{"self":[{"href":"https:\/\/www.btv.md\/ro\/wp-json\/wp\/v2\/posts\/68316","targetHints":{"allow":["GET"]}}],"collection":[{"href":"https:\/\/www.btv.md\/ro\/wp-json\/wp\/v2\/posts"}],"about":[{"href":"https:\/\/www.btv.md\/ro\/wp-json\/wp\/v2\/types\/post"}],"author":[{"embeddable":true,"href":"https:\/\/www.btv.md\/ro\/wp-json\/wp\/v2\/users\/4"}],"replies":[{"embeddable":true,"href":"https:\/\/www.btv.md\/ro\/wp-json\/wp\/v2\/comments?post=68316"}],"version-history":[{"count":0,"href":"https:\/\/www.btv.md\/ro\/wp-json\/wp\/v2\/posts\/68316\/revisions"}],"wp:featuredmedia":[{"embeddable":true,"href":"https:\/\/www.btv.md\/ro\/wp-json\/wp\/v2\/media\/68318"}],"wp:attachment":[{"href":"https:\/\/www.btv.md\/ro\/wp-json\/wp\/v2\/media?parent=68316"}],"wp:term":[{"taxonomy":"category","embeddable":true,"href":"https:\/\/www.btv.md\/ro\/wp-json\/wp\/v2\/categories?post=68316"},{"taxonomy":"post_tag","embeddable":true,"href":"https:\/\/www.btv.md\/ro\/wp-json\/wp\/v2\/tags?post=68316"}],"curies":[{"name":"wp","href":"https:\/\/api.w.org\/{rel}","templated":true}]}}