{"id":68321,"date":"2020-02-21T12:59:26","date_gmt":"2020-02-21T10:59:26","guid":{"rendered":"http:\/\/www.btv.md\/?p=68321"},"modified":"2020-02-21T12:59:26","modified_gmt":"2020-02-21T10:59:26","slug":"avertizarea-ue-privind-cetatenia-prin-investitii-oferita-de-r-moldova","status":"publish","type":"post","link":"https:\/\/www.btv.md\/ro\/avertizarea-ue-privind-cetatenia-prin-investitii-oferita-de-r-moldova\/","title":{"rendered":"Avertizarea UE privind cet\u0103\u021benia prin investi\u021bii oferit\u0103 de R. Moldova"},"content":{"rendered":"<div class=\"content pkj4qa-2 eDxeoB\">\n<p class=\"pkj4qa-3 iqIBaK\"><strong>Acordarea cet\u0103\u0163eniei prin investi\u0163ii nu este o practic\u0103 compatibil\u0103 cu regimul liberalizat de vize oferit de Uniunea European\u0103 pentru Republica Moldova.<\/strong><\/p>\n<div id=\"articleBody\" class=\"pkj4qa-6 fJUwYN\">\n<p>Declara\u0163ia a fost f\u0103cut\u0103 de directorul general adjunct pentru Europa \u015fi Asia Central\u0103 \u00een cadrul Serviciului European de Ac\u0163iune Extern\u0103 din partea EU, Luc Pierre Devigne, aflat \u00een vizit\u0103 la Chi\u015fin\u0103u, transmite Infotag.<\/p>\n<p>Joi, \u00een cadrul unei conferin\u0163e de pres\u0103, organizate dup\u0103 reuniunea Comitetului de Asociere Republica Moldova &#8211; Uniunea European\u0103, oficialul european s-a referit la programul cet\u0103\u0163eniei prin investi\u0163ii, implementat de Republica Moldova, care presupune acordarea cet\u0103\u0163eniei \u00een condi\u0163ii de anonimitate.<\/p>\n<p>Luc Pierre Devigne a men\u0163ionat c\u0103 &#8222;nu vede acest lucru ca fiind compatibil cu un regim liberalizat de vize serios \u015fi sigur&#8221;.<\/p>\n<p>&#8222;Aceasta este o problem\u0103 de securitate. Se pune sub semnul \u00eentreb\u0103rii: cum poate Uniunea European\u0103 s\u0103 accepte un regim liberalizat de vize de la o \u0163ar\u0103 care nici nu \u015ftie ce oameni i-au devenit cet\u0103\u0163eni \u015fi pe care motive au devenit ace\u015ftia cet\u0103\u0163eni?&#8221;, a declarat Luc Devigne.<\/p>\n<p>Oficialul a amintit c\u0103 &#8222;asocierea cu UE nu este doar o form\u0103 profund\u0103 de integrare economic\u0103 \u015fi politic\u0103&#8221;, ci \u00eenseamn\u0103 respectarea &#8222;principiilor, valorilor, drepturilor omului \u015fi statului de drept&#8221;.<\/p>\n<p>&#8222;Din acest motiv, UE a\u015fteapt\u0103 \u00een continuare de la guvernan\u0163i s\u0103 fie intensificat\u0103 lupta contra corup\u0163iei, depolitizate institu\u0163iile de stat, \u00eembun\u0103t\u0103\u0163it climatul de afaceri, dar \u015fi s\u0103 fie asigurat statul de drept, problem\u0103 care ridic\u0103 cele mai multe semne de \u00eentrebare&#8221;, a men\u0163ionat oficialul european.<\/p>\n<p>El a explicat c\u0103 Bruxelles a\u015fteapt\u0103 ac\u0163iuni concrete.<\/p>\n<p>&#8222;UE a sprijinit \u00eentotdeauna serios Moldova. Pe parcursul unei perioade \u00eendelungate de timp, Moldova a fost unul dintre primii beneficiari ai ajutorului european pentru popula\u0163ie.<\/p>\n<p>Dar buna guvernare nu poate fi \u00eenlocuit\u0103. \u00cens\u0103, sprijinul nostru s-a bazat \u00eentotdeauna pe condi\u0163ii stricte, inclusiv pe principiul statului de drept \u015fi al bunei guvern\u0103ri. Respectiv, autorit\u0103\u0163ile trebuie s\u0103 ia m\u0103suri concrete&#8221;, a spus Luc Devigne.<\/p>\n<p>Sursa: <a class=\"pkj4qa-7 YUPs\" href=\"http:\/\/www.infotag.md\/ro\/\" target=\"_blank\" rel=\"nofollow noopener noreferrer\">infotag.md<\/a><\/p>\n<\/div>\n<\/div>\n","protected":false},"excerpt":{"rendered":"<p>Acordarea cet\u0103\u0163eniei prin investi\u0163ii nu este o practic\u0103 compatibil\u0103 cu regimul liberalizat de vize oferit de Uniunea European\u0103 pentru Republica Moldova. Declara\u0163ia a fost f\u0103cut\u0103 de directorul general adjunct pentru Europa \u015fi Asia Central\u0103 \u00een cadrul Serviciului European de Ac\u0163iune Extern\u0103 din partea EU, Luc Pierre Devigne, aflat \u00een vizit\u0103 la Chi\u015fin\u0103u, transmite Infotag. Joi, [&hellip;]<\/p>\n","protected":false},"author":4,"featured_media":68322,"comment_status":"closed","ping_status":"closed","sticky":false,"template":"","format":"standard","meta":{"footnotes":""},"categories":[6368,6377],"tags":[10983,10982,9750,9731],"class_list":["post-68321","post","type-post","status-publish","format-standard","has-post-thumbnail","hentry","category-politica-ro","category-stiri","tag-avertizarea","tag-cetatenie","tag-investitii-ro","tag-uniunea-europeana"],"yoast_head":"<!-- This site is optimized with the Yoast SEO plugin v27.4 - https:\/\/yoast.com\/product\/yoast-seo-wordpress\/ -->\n<title>Avertizarea UE privind cet\u0103\u021benia prin investi\u021bii oferit\u0103 de R. Moldova - BTV<\/title>\n<meta name=\"robots\" content=\"index, follow, max-snippet:-1, max-image-preview:large, max-video-preview:-1\" \/>\n<link rel=\"canonical\" href=\"https:\/\/www.btv.md\/ro\/avertizarea-ue-privind-cetatenia-prin-investitii-oferita-de-r-moldova\/\" \/>\n<meta property=\"og:locale\" content=\"ro_RO\" \/>\n<meta property=\"og:type\" content=\"article\" \/>\n<meta property=\"og:title\" content=\"Avertizarea UE privind cet\u0103\u021benia prin investi\u021bii oferit\u0103 de R. Moldova - BTV\" \/>\n<meta property=\"og:description\" content=\"Acordarea cet\u0103\u0163eniei prin investi\u0163ii nu este o practic\u0103 compatibil\u0103 cu regimul liberalizat de vize oferit de Uniunea European\u0103 pentru Republica Moldova. Declara\u0163ia a fost f\u0103cut\u0103 de directorul general adjunct pentru Europa \u015fi Asia Central\u0103 \u00een cadrul Serviciului European de Ac\u0163iune Extern\u0103 din partea EU, Luc Pierre Devigne, aflat \u00een vizit\u0103 la Chi\u015fin\u0103u, transmite Infotag. Joi, [&hellip;]\" \/>\n<meta property=\"og:url\" content=\"https:\/\/www.btv.md\/ro\/avertizarea-ue-privind-cetatenia-prin-investitii-oferita-de-r-moldova\/\" \/>\n<meta property=\"og:site_name\" content=\"BTV\" \/>\n<meta property=\"article:publisher\" content=\"https:\/\/www.facebook.com\/btvmoldova\/\" \/>\n<meta property=\"article:published_time\" content=\"2020-02-21T10:59:26+00:00\" \/>\n<meta property=\"og:image\" content=\"https:\/\/www.btv.md\/wp-content\/uploads\/2020\/02\/ee008861-18f0-4522-9b8e-f69b641fe1f1_w1200_r1_s.jpg\" \/>\n\t<meta property=\"og:image:width\" content=\"1200\" \/>\n\t<meta property=\"og:image:height\" content=\"675\" \/>\n\t<meta property=\"og:image:type\" content=\"image\/jpeg\" \/>\n<meta name=\"author\" content=\"admin\" \/>\n<meta name=\"twitter:label1\" content=\"Scris de\" \/>\n\t<meta name=\"twitter:data1\" content=\"admin\" \/>\n\t<meta name=\"twitter:label2\" content=\"Timp estimat pentru citire\" \/>\n\t<meta name=\"twitter:data2\" content=\"2 minute\" \/>\n<script type=\"application\/ld+json\" class=\"yoast-schema-graph\">{\"@context\":\"https:\\\/\\\/schema.org\",\"@graph\":[{\"@type\":\"Article\",\"@id\":\"https:\\\/\\\/www.btv.md\\\/ro\\\/avertizarea-ue-privind-cetatenia-prin-investitii-oferita-de-r-moldova\\\/#article\",\"isPartOf\":{\"@id\":\"https:\\\/\\\/www.btv.md\\\/ro\\\/avertizarea-ue-privind-cetatenia-prin-investitii-oferita-de-r-moldova\\\/\"},\"author\":{\"name\":\"admin\",\"@id\":\"https:\\\/\\\/www.btv.md\\\/#\\\/schema\\\/person\\\/8fadce81561b3ce2c34c46dadc4ccbf2\"},\"headline\":\"Avertizarea UE privind cet\u0103\u021benia prin investi\u021bii oferit\u0103 de R. Moldova\",\"datePublished\":\"2020-02-21T10:59:26+00:00\",\"mainEntityOfPage\":{\"@id\":\"https:\\\/\\\/www.btv.md\\\/ro\\\/avertizarea-ue-privind-cetatenia-prin-investitii-oferita-de-r-moldova\\\/\"},\"wordCount\":352,\"image\":{\"@id\":\"https:\\\/\\\/www.btv.md\\\/ro\\\/avertizarea-ue-privind-cetatenia-prin-investitii-oferita-de-r-moldova\\\/#primaryimage\"},\"thumbnailUrl\":\"https:\\\/\\\/www.btv.md\\\/wp-content\\\/uploads\\\/2020\\\/02\\\/ee008861-18f0-4522-9b8e-f69b641fe1f1_w1200_r1_s.jpg\",\"keywords\":[\"avertizarea\",\"cet\u0103\u021benie\",\"investi\u021bii\",\"Uniunea European\u0103\"],\"articleSection\":[\"Politic\u0103\",\"\u0218tiri\"],\"inLanguage\":\"ro-RO\"},{\"@type\":\"WebPage\",\"@id\":\"https:\\\/\\\/www.btv.md\\\/ro\\\/avertizarea-ue-privind-cetatenia-prin-investitii-oferita-de-r-moldova\\\/\",\"url\":\"https:\\\/\\\/www.btv.md\\\/ro\\\/avertizarea-ue-privind-cetatenia-prin-investitii-oferita-de-r-moldova\\\/\",\"name\":\"Avertizarea UE privind cet\u0103\u021benia prin investi\u021bii oferit\u0103 de R. Moldova - BTV\",\"isPartOf\":{\"@id\":\"https:\\\/\\\/www.btv.md\\\/#website\"},\"primaryImageOfPage\":{\"@id\":\"https:\\\/\\\/www.btv.md\\\/ro\\\/avertizarea-ue-privind-cetatenia-prin-investitii-oferita-de-r-moldova\\\/#primaryimage\"},\"image\":{\"@id\":\"https:\\\/\\\/www.btv.md\\\/ro\\\/avertizarea-ue-privind-cetatenia-prin-investitii-oferita-de-r-moldova\\\/#primaryimage\"},\"thumbnailUrl\":\"https:\\\/\\\/www.btv.md\\\/wp-content\\\/uploads\\\/2020\\\/02\\\/ee008861-18f0-4522-9b8e-f69b641fe1f1_w1200_r1_s.jpg\",\"datePublished\":\"2020-02-21T10:59:26+00:00\",\"author\":{\"@id\":\"https:\\\/\\\/www.btv.md\\\/#\\\/schema\\\/person\\\/8fadce81561b3ce2c34c46dadc4ccbf2\"},\"inLanguage\":\"ro-RO\",\"potentialAction\":[{\"@type\":\"ReadAction\",\"target\":[\"https:\\\/\\\/www.btv.md\\\/ro\\\/avertizarea-ue-privind-cetatenia-prin-investitii-oferita-de-r-moldova\\\/\"]}]},{\"@type\":\"ImageObject\",\"inLanguage\":\"ro-RO\",\"@id\":\"https:\\\/\\\/www.btv.md\\\/ro\\\/avertizarea-ue-privind-cetatenia-prin-investitii-oferita-de-r-moldova\\\/#primaryimage\",\"url\":\"https:\\\/\\\/www.btv.md\\\/wp-content\\\/uploads\\\/2020\\\/02\\\/ee008861-18f0-4522-9b8e-f69b641fe1f1_w1200_r1_s.jpg\",\"contentUrl\":\"https:\\\/\\\/www.btv.md\\\/wp-content\\\/uploads\\\/2020\\\/02\\\/ee008861-18f0-4522-9b8e-f69b641fe1f1_w1200_r1_s.jpg\",\"width\":1200,\"height\":675},{\"@type\":\"WebSite\",\"@id\":\"https:\\\/\\\/www.btv.md\\\/#website\",\"url\":\"https:\\\/\\\/www.btv.md\\\/\",\"name\":\"BTV\",\"description\":\"\u0411\u0435\u043b\u044c\u0446\u043a\u043e\u0435 \u0442\u0435\u043b\u0435\u0432\u0438\u0434\u0435\u043d\u0438\u0435\",\"potentialAction\":[{\"@type\":\"SearchAction\",\"target\":{\"@type\":\"EntryPoint\",\"urlTemplate\":\"https:\\\/\\\/www.btv.md\\\/?s={search_term_string}\"},\"query-input\":{\"@type\":\"PropertyValueSpecification\",\"valueRequired\":true,\"valueName\":\"search_term_string\"}}],\"inLanguage\":\"ro-RO\"},{\"@type\":\"Person\",\"@id\":\"https:\\\/\\\/www.btv.md\\\/#\\\/schema\\\/person\\\/8fadce81561b3ce2c34c46dadc4ccbf2\",\"name\":\"admin\"}]}<\/script>\n<!-- \/ Yoast SEO plugin. -->","yoast_head_json":{"title":"Avertizarea UE privind cet\u0103\u021benia prin investi\u021bii oferit\u0103 de R. Moldova - BTV","robots":{"index":"index","follow":"follow","max-snippet":"max-snippet:-1","max-image-preview":"max-image-preview:large","max-video-preview":"max-video-preview:-1"},"canonical":"https:\/\/www.btv.md\/ro\/avertizarea-ue-privind-cetatenia-prin-investitii-oferita-de-r-moldova\/","og_locale":"ro_RO","og_type":"article","og_title":"Avertizarea UE privind cet\u0103\u021benia prin investi\u021bii oferit\u0103 de R. Moldova - BTV","og_description":"Acordarea cet\u0103\u0163eniei prin investi\u0163ii nu este o practic\u0103 compatibil\u0103 cu regimul liberalizat de vize oferit de Uniunea European\u0103 pentru Republica Moldova. Declara\u0163ia a fost f\u0103cut\u0103 de directorul general adjunct pentru Europa \u015fi Asia Central\u0103 \u00een cadrul Serviciului European de Ac\u0163iune Extern\u0103 din partea EU, Luc Pierre Devigne, aflat \u00een vizit\u0103 la Chi\u015fin\u0103u, transmite Infotag. Joi, [&hellip;]","og_url":"https:\/\/www.btv.md\/ro\/avertizarea-ue-privind-cetatenia-prin-investitii-oferita-de-r-moldova\/","og_site_name":"BTV","article_publisher":"https:\/\/www.facebook.com\/btvmoldova\/","article_published_time":"2020-02-21T10:59:26+00:00","og_image":[{"width":1200,"height":675,"url":"https:\/\/www.btv.md\/wp-content\/uploads\/2020\/02\/ee008861-18f0-4522-9b8e-f69b641fe1f1_w1200_r1_s.jpg","type":"image\/jpeg"}],"author":"admin","twitter_misc":{"Scris de":"admin","Timp estimat pentru citire":"2 minute"},"schema":{"@context":"https:\/\/schema.org","@graph":[{"@type":"Article","@id":"https:\/\/www.btv.md\/ro\/avertizarea-ue-privind-cetatenia-prin-investitii-oferita-de-r-moldova\/#article","isPartOf":{"@id":"https:\/\/www.btv.md\/ro\/avertizarea-ue-privind-cetatenia-prin-investitii-oferita-de-r-moldova\/"},"author":{"name":"admin","@id":"https:\/\/www.btv.md\/#\/schema\/person\/8fadce81561b3ce2c34c46dadc4ccbf2"},"headline":"Avertizarea UE privind cet\u0103\u021benia prin investi\u021bii oferit\u0103 de R. Moldova","datePublished":"2020-02-21T10:59:26+00:00","mainEntityOfPage":{"@id":"https:\/\/www.btv.md\/ro\/avertizarea-ue-privind-cetatenia-prin-investitii-oferita-de-r-moldova\/"},"wordCount":352,"image":{"@id":"https:\/\/www.btv.md\/ro\/avertizarea-ue-privind-cetatenia-prin-investitii-oferita-de-r-moldova\/#primaryimage"},"thumbnailUrl":"https:\/\/www.btv.md\/wp-content\/uploads\/2020\/02\/ee008861-18f0-4522-9b8e-f69b641fe1f1_w1200_r1_s.jpg","keywords":["avertizarea","cet\u0103\u021benie","investi\u021bii","Uniunea European\u0103"],"articleSection":["Politic\u0103","\u0218tiri"],"inLanguage":"ro-RO"},{"@type":"WebPage","@id":"https:\/\/www.btv.md\/ro\/avertizarea-ue-privind-cetatenia-prin-investitii-oferita-de-r-moldova\/","url":"https:\/\/www.btv.md\/ro\/avertizarea-ue-privind-cetatenia-prin-investitii-oferita-de-r-moldova\/","name":"Avertizarea UE privind cet\u0103\u021benia prin investi\u021bii oferit\u0103 de R. Moldova - BTV","isPartOf":{"@id":"https:\/\/www.btv.md\/#website"},"primaryImageOfPage":{"@id":"https:\/\/www.btv.md\/ro\/avertizarea-ue-privind-cetatenia-prin-investitii-oferita-de-r-moldova\/#primaryimage"},"image":{"@id":"https:\/\/www.btv.md\/ro\/avertizarea-ue-privind-cetatenia-prin-investitii-oferita-de-r-moldova\/#primaryimage"},"thumbnailUrl":"https:\/\/www.btv.md\/wp-content\/uploads\/2020\/02\/ee008861-18f0-4522-9b8e-f69b641fe1f1_w1200_r1_s.jpg","datePublished":"2020-02-21T10:59:26+00:00","author":{"@id":"https:\/\/www.btv.md\/#\/schema\/person\/8fadce81561b3ce2c34c46dadc4ccbf2"},"inLanguage":"ro-RO","potentialAction":[{"@type":"ReadAction","target":["https:\/\/www.btv.md\/ro\/avertizarea-ue-privind-cetatenia-prin-investitii-oferita-de-r-moldova\/"]}]},{"@type":"ImageObject","inLanguage":"ro-RO","@id":"https:\/\/www.btv.md\/ro\/avertizarea-ue-privind-cetatenia-prin-investitii-oferita-de-r-moldova\/#primaryimage","url":"https:\/\/www.btv.md\/wp-content\/uploads\/2020\/02\/ee008861-18f0-4522-9b8e-f69b641fe1f1_w1200_r1_s.jpg","contentUrl":"https:\/\/www.btv.md\/wp-content\/uploads\/2020\/02\/ee008861-18f0-4522-9b8e-f69b641fe1f1_w1200_r1_s.jpg","width":1200,"height":675},{"@type":"WebSite","@id":"https:\/\/www.btv.md\/#website","url":"https:\/\/www.btv.md\/","name":"BTV","description":"\u0411\u0435\u043b\u044c\u0446\u043a\u043e\u0435 \u0442\u0435\u043b\u0435\u0432\u0438\u0434\u0435\u043d\u0438\u0435","potentialAction":[{"@type":"SearchAction","target":{"@type":"EntryPoint","urlTemplate":"https:\/\/www.btv.md\/?s={search_term_string}"},"query-input":{"@type":"PropertyValueSpecification","valueRequired":true,"valueName":"search_term_string"}}],"inLanguage":"ro-RO"},{"@type":"Person","@id":"https:\/\/www.btv.md\/#\/schema\/person\/8fadce81561b3ce2c34c46dadc4ccbf2","name":"admin"}]}},"_links":{"self":[{"href":"https:\/\/www.btv.md\/ro\/wp-json\/wp\/v2\/posts\/68321","targetHints":{"allow":["GET"]}}],"collection":[{"href":"https:\/\/www.btv.md\/ro\/wp-json\/wp\/v2\/posts"}],"about":[{"href":"https:\/\/www.btv.md\/ro\/wp-json\/wp\/v2\/types\/post"}],"author":[{"embeddable":true,"href":"https:\/\/www.btv.md\/ro\/wp-json\/wp\/v2\/users\/4"}],"replies":[{"embeddable":true,"href":"https:\/\/www.btv.md\/ro\/wp-json\/wp\/v2\/comments?post=68321"}],"version-history":[{"count":0,"href":"https:\/\/www.btv.md\/ro\/wp-json\/wp\/v2\/posts\/68321\/revisions"}],"wp:featuredmedia":[{"embeddable":true,"href":"https:\/\/www.btv.md\/ro\/wp-json\/wp\/v2\/media\/68322"}],"wp:attachment":[{"href":"https:\/\/www.btv.md\/ro\/wp-json\/wp\/v2\/media?parent=68321"}],"wp:term":[{"taxonomy":"category","embeddable":true,"href":"https:\/\/www.btv.md\/ro\/wp-json\/wp\/v2\/categories?post=68321"},{"taxonomy":"post_tag","embeddable":true,"href":"https:\/\/www.btv.md\/ro\/wp-json\/wp\/v2\/tags?post=68321"}],"curies":[{"name":"wp","href":"https:\/\/api.w.org\/{rel}","templated":true}]}}