{"id":6845,"date":"2016-02-10T12:43:17","date_gmt":"2016-02-10T09:43:17","guid":{"rendered":"http:\/\/btv.md\/?p=6845"},"modified":"2016-02-10T12:43:17","modified_gmt":"2016-02-10T09:43:17","slug":"republica-moldova-condamnata-din-nou-la-cedo","status":"publish","type":"post","link":"https:\/\/www.btv.md\/ro\/republica-moldova-condamnata-din-nou-la-cedo\/","title":{"rendered":"REPUBLICA  MOLDOVA  CONDAMNAT\u0102  DIN  NOU  LA  CEDO"},"content":{"rendered":"<p><strong>Un cet\u0103\u021bean al R. Moldova va primi desp\u0103gubiri de 5 300 de euro din partea statului, pentru c\u0103 a fost \u021binut \u00een arest \u00een Penitenciarul nr. 13, \u00een condi\u021bii inumane: \u00een celule suprapopulate \u015fi murdare, f\u0103r\u0103 sistem de ventilare, cu pu\u021bin\u0103 lumin\u0103 natural\u0103, cu m\u00e2ncare de proast\u0103 calitate \u0219i beneficiind de plimb\u0103ri zilnice de numai o or\u0103, informeaz\u0103 <a href=\"http:\/\/www.ziarulnational.md\/r-moldova-condamnata-din-nou-la-cedo-pentru-conditii-inumane-in-penitenciar\/\" target=\"_blank\">Ziarul Na\u021bional<\/a>.<\/strong><\/p>\n<p>Curtea European\u0103 pentru Drepturile Omului a condamnat R. Moldova pentru condi\u021biile proaste de deten\u021bie. Hot\u0103r\u00e2rea a fost pronun\u021bat\u0103 ast\u0103zi. <\/p>\n<p>Reclamantul Alexandru Mescereacov, n\u0103scut \u00een 1982, s-a pl\u00e2ns \u00cenaltei Cur\u021bi europene c\u0103 Procuratura General\u0103 a ini\u0163iat \u00een 2002 urm\u0103rirea penal\u0103 \u00eempotriva sa, iar judec\u0103torii au dispus arestarea preventiv\u0103. B\u0103rbatul a plecat din \u0163ar\u0103 \u0219i a fost anun\u021bat \u00een c\u0103utare interna\u0163ional\u0103. \u00cen decembrie 2010, reclamantul a fost re\u0163inut \u00een Federa\u0163ia Rus\u0103 \u015fi a fost extr\u0103dat \u00een Republica Moldova. <\/p>\n<p>T\u00e2n\u0103rul sus\u021bine c\u0103 nu a fost informat despre mandatul de arest emis \u00een 2002 pe numele s\u0103u \u015fi c\u0103 nu existau suficiente motive pentru justificarea deten\u0163iei. Recursurile au fost respinse, iar ulterior reclamantul a fost condamnat la opt ani de \u00eenchisoare. CEDO nu a fost informat\u0103 despre evolu\u0163iile ulterioare \u00een dosarul penal deschis pe numele reclamantului. <\/p>\n<p>\u00cen pl\u00e2ngerea adresat\u0103 la CEDO, moldoveanul s-a pl\u00e2ns de tratament inuman \u015fi degradant \u00een penitenciar, dar a invocat \u0219i \u00eenc\u0103lcarea unui alt articol al Conven\u0163iei, sus\u0163in\u00e2nd c\u0103 nu a existat o b\u0103nuial\u0103 rezonabil\u0103 c\u0103 el a s\u0103v\u00e2r\u015fit infrac\u0163iunea \u015fi c\u0103 temeiurile invocate de instan\u0163ele de judecat\u0103 na\u0163ionale \u00een sus\u0163inerea arestului preventiv nu sunt relevante \u015fi suficiente. \u00cen plus, el sus\u0163ine c\u0103 deten\u0163ia i-a \u00eenc\u0103lcat prezum\u0163ia nevinov\u0103\u0163iei garantat\u0103 de Conven\u0163ie.<br \/>\nCEDO a condamnat condi\u021biile proaste de deten\u021bie, iar restul capetelor din cererea reclamantului au fost respinse ca inadmisibile. <\/p>\n<p>B\u0103rbatul a cerut 15 mii de euro cu titlu de prejudiciu moral \u0219i 2 710 euro cu titlu de costuri \u0219i cheltuieli. Curtea a acordat reclamantului 4 500 de euro drept prejudiciu moral \u0219i 800 de euro cu titlu de costuri \u0219i cheltuieli. <\/p>\n","protected":false},"excerpt":{"rendered":"<p>Un cet\u0103\u021bean al R. Moldova va primi desp\u0103gubiri de 5 300 de euro din partea statului, pentru c\u0103 a fost \u021binut \u00een arest \u00een Penitenciarul nr. 13, \u00een condi\u021bii inumane: \u00een celule suprapopulate \u015fi murdare, f\u0103r\u0103 sistem de ventilare, cu pu\u021bin\u0103 lumin\u0103 natural\u0103, cu m\u00e2ncare de proast\u0103 calitate \u0219i beneficiind de plimb\u0103ri zilnice de numai [&hellip;]<\/p>\n","protected":false},"author":4,"featured_media":6846,"comment_status":"closed","ping_status":"closed","sticky":false,"template":"","format":"standard","meta":{"footnotes":""},"categories":[6349],"tags":[],"class_list":["post-6845","post","type-post","status-publish","format-standard","has-post-thumbnail","hentry","category-social"],"yoast_head":"<!-- This site is optimized with the Yoast SEO plugin v27.4 - https:\/\/yoast.com\/product\/yoast-seo-wordpress\/ -->\n<title>REPUBLICA MOLDOVA CONDAMNAT\u0102 DIN NOU LA CEDO - BTV<\/title>\n<meta name=\"robots\" content=\"index, follow, max-snippet:-1, max-image-preview:large, max-video-preview:-1\" \/>\n<link rel=\"canonical\" href=\"https:\/\/www.btv.md\/ro\/republica-moldova-condamnata-din-nou-la-cedo\/\" \/>\n<meta property=\"og:locale\" content=\"ro_RO\" \/>\n<meta property=\"og:type\" content=\"article\" \/>\n<meta property=\"og:title\" content=\"REPUBLICA MOLDOVA CONDAMNAT\u0102 DIN NOU LA CEDO - BTV\" \/>\n<meta property=\"og:description\" content=\"Un cet\u0103\u021bean al R. Moldova va primi desp\u0103gubiri de 5 300 de euro din partea statului, pentru c\u0103 a fost \u021binut \u00een arest \u00een Penitenciarul nr. 13, \u00een condi\u021bii inumane: \u00een celule suprapopulate \u015fi murdare, f\u0103r\u0103 sistem de ventilare, cu pu\u021bin\u0103 lumin\u0103 natural\u0103, cu m\u00e2ncare de proast\u0103 calitate \u0219i beneficiind de plimb\u0103ri zilnice de numai [&hellip;]\" \/>\n<meta property=\"og:url\" content=\"https:\/\/www.btv.md\/ro\/republica-moldova-condamnata-din-nou-la-cedo\/\" \/>\n<meta property=\"og:site_name\" content=\"BTV\" \/>\n<meta property=\"article:publisher\" content=\"https:\/\/www.facebook.com\/btvmoldova\/\" \/>\n<meta property=\"article:published_time\" content=\"2016-02-10T09:43:17+00:00\" \/>\n<meta property=\"og:image\" content=\"https:\/\/www.btv.md\/wp-content\/uploads\/2016\/02\/r-moldova-condamnata-din-nou-la-cedo-pentru-conditii-inumane-in-penitenciar.jpg\" \/>\n\t<meta property=\"og:image:width\" content=\"640\" \/>\n\t<meta property=\"og:image:height\" content=\"378\" \/>\n\t<meta property=\"og:image:type\" content=\"image\/jpeg\" \/>\n<meta name=\"author\" content=\"admin\" \/>\n<meta name=\"twitter:label1\" content=\"Scris de\" \/>\n\t<meta name=\"twitter:data1\" content=\"admin\" \/>\n\t<meta name=\"twitter:label2\" content=\"Timp estimat pentru citire\" \/>\n\t<meta name=\"twitter:data2\" content=\"2 minute\" \/>\n<script type=\"application\/ld+json\" class=\"yoast-schema-graph\">{\"@context\":\"https:\\\/\\\/schema.org\",\"@graph\":[{\"@type\":\"Article\",\"@id\":\"https:\\\/\\\/www.btv.md\\\/ro\\\/republica-moldova-condamnata-din-nou-la-cedo\\\/#article\",\"isPartOf\":{\"@id\":\"https:\\\/\\\/www.btv.md\\\/ro\\\/republica-moldova-condamnata-din-nou-la-cedo\\\/\"},\"author\":{\"name\":\"admin\",\"@id\":\"https:\\\/\\\/www.btv.md\\\/#\\\/schema\\\/person\\\/8fadce81561b3ce2c34c46dadc4ccbf2\"},\"headline\":\"REPUBLICA MOLDOVA CONDAMNAT\u0102 DIN NOU LA CEDO\",\"datePublished\":\"2016-02-10T09:43:17+00:00\",\"mainEntityOfPage\":{\"@id\":\"https:\\\/\\\/www.btv.md\\\/ro\\\/republica-moldova-condamnata-din-nou-la-cedo\\\/\"},\"wordCount\":372,\"image\":{\"@id\":\"https:\\\/\\\/www.btv.md\\\/ro\\\/republica-moldova-condamnata-din-nou-la-cedo\\\/#primaryimage\"},\"thumbnailUrl\":\"https:\\\/\\\/www.btv.md\\\/wp-content\\\/uploads\\\/2016\\\/02\\\/r-moldova-condamnata-din-nou-la-cedo-pentru-conditii-inumane-in-penitenciar.jpg\",\"articleSection\":[\"Social\"],\"inLanguage\":\"ro-RO\"},{\"@type\":\"WebPage\",\"@id\":\"https:\\\/\\\/www.btv.md\\\/ro\\\/republica-moldova-condamnata-din-nou-la-cedo\\\/\",\"url\":\"https:\\\/\\\/www.btv.md\\\/ro\\\/republica-moldova-condamnata-din-nou-la-cedo\\\/\",\"name\":\"REPUBLICA MOLDOVA CONDAMNAT\u0102 DIN NOU LA CEDO - BTV\",\"isPartOf\":{\"@id\":\"https:\\\/\\\/www.btv.md\\\/#website\"},\"primaryImageOfPage\":{\"@id\":\"https:\\\/\\\/www.btv.md\\\/ro\\\/republica-moldova-condamnata-din-nou-la-cedo\\\/#primaryimage\"},\"image\":{\"@id\":\"https:\\\/\\\/www.btv.md\\\/ro\\\/republica-moldova-condamnata-din-nou-la-cedo\\\/#primaryimage\"},\"thumbnailUrl\":\"https:\\\/\\\/www.btv.md\\\/wp-content\\\/uploads\\\/2016\\\/02\\\/r-moldova-condamnata-din-nou-la-cedo-pentru-conditii-inumane-in-penitenciar.jpg\",\"datePublished\":\"2016-02-10T09:43:17+00:00\",\"author\":{\"@id\":\"https:\\\/\\\/www.btv.md\\\/#\\\/schema\\\/person\\\/8fadce81561b3ce2c34c46dadc4ccbf2\"},\"inLanguage\":\"ro-RO\",\"potentialAction\":[{\"@type\":\"ReadAction\",\"target\":[\"https:\\\/\\\/www.btv.md\\\/ro\\\/republica-moldova-condamnata-din-nou-la-cedo\\\/\"]}]},{\"@type\":\"ImageObject\",\"inLanguage\":\"ro-RO\",\"@id\":\"https:\\\/\\\/www.btv.md\\\/ro\\\/republica-moldova-condamnata-din-nou-la-cedo\\\/#primaryimage\",\"url\":\"https:\\\/\\\/www.btv.md\\\/wp-content\\\/uploads\\\/2016\\\/02\\\/r-moldova-condamnata-din-nou-la-cedo-pentru-conditii-inumane-in-penitenciar.jpg\",\"contentUrl\":\"https:\\\/\\\/www.btv.md\\\/wp-content\\\/uploads\\\/2016\\\/02\\\/r-moldova-condamnata-din-nou-la-cedo-pentru-conditii-inumane-in-penitenciar.jpg\",\"width\":640,\"height\":378,\"caption\":\"www.ziarelive.ro\"},{\"@type\":\"WebSite\",\"@id\":\"https:\\\/\\\/www.btv.md\\\/#website\",\"url\":\"https:\\\/\\\/www.btv.md\\\/\",\"name\":\"BTV\",\"description\":\"\u0411\u0435\u043b\u044c\u0446\u043a\u043e\u0435 \u0442\u0435\u043b\u0435\u0432\u0438\u0434\u0435\u043d\u0438\u0435\",\"potentialAction\":[{\"@type\":\"SearchAction\",\"target\":{\"@type\":\"EntryPoint\",\"urlTemplate\":\"https:\\\/\\\/www.btv.md\\\/?s={search_term_string}\"},\"query-input\":{\"@type\":\"PropertyValueSpecification\",\"valueRequired\":true,\"valueName\":\"search_term_string\"}}],\"inLanguage\":\"ro-RO\"},{\"@type\":\"Person\",\"@id\":\"https:\\\/\\\/www.btv.md\\\/#\\\/schema\\\/person\\\/8fadce81561b3ce2c34c46dadc4ccbf2\",\"name\":\"admin\"}]}<\/script>\n<!-- \/ Yoast SEO plugin. -->","yoast_head_json":{"title":"REPUBLICA MOLDOVA CONDAMNAT\u0102 DIN NOU LA CEDO - BTV","robots":{"index":"index","follow":"follow","max-snippet":"max-snippet:-1","max-image-preview":"max-image-preview:large","max-video-preview":"max-video-preview:-1"},"canonical":"https:\/\/www.btv.md\/ro\/republica-moldova-condamnata-din-nou-la-cedo\/","og_locale":"ro_RO","og_type":"article","og_title":"REPUBLICA MOLDOVA CONDAMNAT\u0102 DIN NOU LA CEDO - BTV","og_description":"Un cet\u0103\u021bean al R. Moldova va primi desp\u0103gubiri de 5 300 de euro din partea statului, pentru c\u0103 a fost \u021binut \u00een arest \u00een Penitenciarul nr. 13, \u00een condi\u021bii inumane: \u00een celule suprapopulate \u015fi murdare, f\u0103r\u0103 sistem de ventilare, cu pu\u021bin\u0103 lumin\u0103 natural\u0103, cu m\u00e2ncare de proast\u0103 calitate \u0219i beneficiind de plimb\u0103ri zilnice de numai [&hellip;]","og_url":"https:\/\/www.btv.md\/ro\/republica-moldova-condamnata-din-nou-la-cedo\/","og_site_name":"BTV","article_publisher":"https:\/\/www.facebook.com\/btvmoldova\/","article_published_time":"2016-02-10T09:43:17+00:00","og_image":[{"width":640,"height":378,"url":"https:\/\/www.btv.md\/wp-content\/uploads\/2016\/02\/r-moldova-condamnata-din-nou-la-cedo-pentru-conditii-inumane-in-penitenciar.jpg","type":"image\/jpeg"}],"author":"admin","twitter_misc":{"Scris de":"admin","Timp estimat pentru citire":"2 minute"},"schema":{"@context":"https:\/\/schema.org","@graph":[{"@type":"Article","@id":"https:\/\/www.btv.md\/ro\/republica-moldova-condamnata-din-nou-la-cedo\/#article","isPartOf":{"@id":"https:\/\/www.btv.md\/ro\/republica-moldova-condamnata-din-nou-la-cedo\/"},"author":{"name":"admin","@id":"https:\/\/www.btv.md\/#\/schema\/person\/8fadce81561b3ce2c34c46dadc4ccbf2"},"headline":"REPUBLICA MOLDOVA CONDAMNAT\u0102 DIN NOU LA CEDO","datePublished":"2016-02-10T09:43:17+00:00","mainEntityOfPage":{"@id":"https:\/\/www.btv.md\/ro\/republica-moldova-condamnata-din-nou-la-cedo\/"},"wordCount":372,"image":{"@id":"https:\/\/www.btv.md\/ro\/republica-moldova-condamnata-din-nou-la-cedo\/#primaryimage"},"thumbnailUrl":"https:\/\/www.btv.md\/wp-content\/uploads\/2016\/02\/r-moldova-condamnata-din-nou-la-cedo-pentru-conditii-inumane-in-penitenciar.jpg","articleSection":["Social"],"inLanguage":"ro-RO"},{"@type":"WebPage","@id":"https:\/\/www.btv.md\/ro\/republica-moldova-condamnata-din-nou-la-cedo\/","url":"https:\/\/www.btv.md\/ro\/republica-moldova-condamnata-din-nou-la-cedo\/","name":"REPUBLICA MOLDOVA CONDAMNAT\u0102 DIN NOU LA CEDO - BTV","isPartOf":{"@id":"https:\/\/www.btv.md\/#website"},"primaryImageOfPage":{"@id":"https:\/\/www.btv.md\/ro\/republica-moldova-condamnata-din-nou-la-cedo\/#primaryimage"},"image":{"@id":"https:\/\/www.btv.md\/ro\/republica-moldova-condamnata-din-nou-la-cedo\/#primaryimage"},"thumbnailUrl":"https:\/\/www.btv.md\/wp-content\/uploads\/2016\/02\/r-moldova-condamnata-din-nou-la-cedo-pentru-conditii-inumane-in-penitenciar.jpg","datePublished":"2016-02-10T09:43:17+00:00","author":{"@id":"https:\/\/www.btv.md\/#\/schema\/person\/8fadce81561b3ce2c34c46dadc4ccbf2"},"inLanguage":"ro-RO","potentialAction":[{"@type":"ReadAction","target":["https:\/\/www.btv.md\/ro\/republica-moldova-condamnata-din-nou-la-cedo\/"]}]},{"@type":"ImageObject","inLanguage":"ro-RO","@id":"https:\/\/www.btv.md\/ro\/republica-moldova-condamnata-din-nou-la-cedo\/#primaryimage","url":"https:\/\/www.btv.md\/wp-content\/uploads\/2016\/02\/r-moldova-condamnata-din-nou-la-cedo-pentru-conditii-inumane-in-penitenciar.jpg","contentUrl":"https:\/\/www.btv.md\/wp-content\/uploads\/2016\/02\/r-moldova-condamnata-din-nou-la-cedo-pentru-conditii-inumane-in-penitenciar.jpg","width":640,"height":378,"caption":"www.ziarelive.ro"},{"@type":"WebSite","@id":"https:\/\/www.btv.md\/#website","url":"https:\/\/www.btv.md\/","name":"BTV","description":"\u0411\u0435\u043b\u044c\u0446\u043a\u043e\u0435 \u0442\u0435\u043b\u0435\u0432\u0438\u0434\u0435\u043d\u0438\u0435","potentialAction":[{"@type":"SearchAction","target":{"@type":"EntryPoint","urlTemplate":"https:\/\/www.btv.md\/?s={search_term_string}"},"query-input":{"@type":"PropertyValueSpecification","valueRequired":true,"valueName":"search_term_string"}}],"inLanguage":"ro-RO"},{"@type":"Person","@id":"https:\/\/www.btv.md\/#\/schema\/person\/8fadce81561b3ce2c34c46dadc4ccbf2","name":"admin"}]}},"_links":{"self":[{"href":"https:\/\/www.btv.md\/ro\/wp-json\/wp\/v2\/posts\/6845","targetHints":{"allow":["GET"]}}],"collection":[{"href":"https:\/\/www.btv.md\/ro\/wp-json\/wp\/v2\/posts"}],"about":[{"href":"https:\/\/www.btv.md\/ro\/wp-json\/wp\/v2\/types\/post"}],"author":[{"embeddable":true,"href":"https:\/\/www.btv.md\/ro\/wp-json\/wp\/v2\/users\/4"}],"replies":[{"embeddable":true,"href":"https:\/\/www.btv.md\/ro\/wp-json\/wp\/v2\/comments?post=6845"}],"version-history":[{"count":0,"href":"https:\/\/www.btv.md\/ro\/wp-json\/wp\/v2\/posts\/6845\/revisions"}],"wp:featuredmedia":[{"embeddable":true,"href":"https:\/\/www.btv.md\/ro\/wp-json\/wp\/v2\/media\/6846"}],"wp:attachment":[{"href":"https:\/\/www.btv.md\/ro\/wp-json\/wp\/v2\/media?parent=6845"}],"wp:term":[{"taxonomy":"category","embeddable":true,"href":"https:\/\/www.btv.md\/ro\/wp-json\/wp\/v2\/categories?post=6845"},{"taxonomy":"post_tag","embeddable":true,"href":"https:\/\/www.btv.md\/ro\/wp-json\/wp\/v2\/tags?post=6845"}],"curies":[{"name":"wp","href":"https:\/\/api.w.org\/{rel}","templated":true}]}}