{"id":6864,"date":"2016-02-10T16:21:36","date_gmt":"2016-02-10T13:21:36","guid":{"rendered":"http:\/\/btv.md\/?p=6864"},"modified":"2016-02-10T16:21:36","modified_gmt":"2016-02-10T13:21:36","slug":"afla-ce-drumuri-din-tara-vor-fi-reparate-in-2016","status":"publish","type":"post","link":"https:\/\/www.btv.md\/ro\/afla-ce-drumuri-din-tara-vor-fi-reparate-in-2016\/","title":{"rendered":"AFL\u0102  CE  DRUMURI  DIN  \u021aAR\u0102  VOR  FI  REPARATE  \u00ceN  2016"},"content":{"rendered":"<p><strong>Moldova se preg\u0103te\u0219te de etapa ordinar\u0103 a construc\u021biei noilor drumuri cu mijloacele donatorilor interna\u021bionali. \u00cen particular, a fost anun\u021bat un tender interna\u021bional pentru selectarea contractan\u021bilor la construc\u021bia \u00een \u021bara noastr\u0103 a unui \u0219ir de \u0219osele noi cu mijloacele de creditare ale B\u0103ncii Europene pentru Reconstruc\u021bie \u0219i Dezvoltare, B\u0103ncii Europene de Investi\u021bii \u0219i granturile Uniunii Europene, transmite <a href=\"http:\/\/www.noi.md\/md\/news_id\/78377\" target=\"_blank\">NOI.md<\/a>.<\/strong><\/p>\n<p>Potrivit comunicatului B\u0103ncii Europene, \u00een particular este vorba despre selectarea companiilor pentru construc\u021bia drumului de ocolire la Slobozia Mare (finan\u021barea BERD), drumului Porumbrei-Cimi\u0219lia, drumului de ocolire la Comrat, drumului Chi\u0219in\u0103u-Porumbrei (toate finan\u021bate de Banca European\u0103 de Investi\u021bii), precum \u0219i construc\u021bia drumurilor de ocolire la Bahmut \u0219i Vulc\u0103ne\u0219ti (finan\u021bat\u0103 de Comisia European\u0103).<\/p>\n<p>\u00cen afar\u0103 de aceasta, vor fi selectate companii de consultan\u021b\u0103 pentru exercitarea controlului asupra execut\u0103rii acestor lucr\u0103ri. Concursurile pentru contracte, dup\u0103 cum se a\u0219teapt\u0103, vor avea loc \u00een trimestrele II \u0219i III ale anului 2016. Lucr\u0103rile vor fi finan\u021bate din mijloacele creditelor BERD \u0219i BEI, care au alocat \u00eemprumuturi \u00een valoare de c\u00eete 150 mil. euro pentru implementarea Programului de reabilitare a re\u021belei de drumuri din Moldova, precum \u0219i ale grantului UE \u00een valoare de 16,2 mil. euro.<\/p>\n<p>Anterior s-a comunicat c\u0103 construc\u021bia drumurilor de ocolire men\u021bionate la Comrat, Slobozia Mare, Bahmut, Vulc\u0103ne\u0219ti, precum \u0219i reabilitarea integral\u0103 a traseelor na\u021bionale, care trec prin aceste localit\u0103\u021bi, cu suportul partenerilor europeni va permite de a reduce cheltuielile de transport, va asigura confortul \u0219i securitatea circula\u021biei rutiere.<\/p>\n","protected":false},"excerpt":{"rendered":"<p>Moldova se preg\u0103te\u0219te de etapa ordinar\u0103 a construc\u021biei noilor drumuri cu mijloacele donatorilor interna\u021bionali. \u00cen particular, a fost anun\u021bat un tender interna\u021bional pentru selectarea contractan\u021bilor la construc\u021bia \u00een \u021bara noastr\u0103 a unui \u0219ir de \u0219osele noi cu mijloacele de creditare ale B\u0103ncii Europene pentru Reconstruc\u021bie \u0219i Dezvoltare, B\u0103ncii Europene de Investi\u021bii \u0219i granturile Uniunii Europene, [&hellip;]<\/p>\n","protected":false},"author":4,"featured_media":6865,"comment_status":"closed","ping_status":"closed","sticky":false,"template":"","format":"standard","meta":{"footnotes":""},"categories":[6349],"tags":[],"class_list":["post-6864","post","type-post","status-publish","format-standard","has-post-thumbnail","hentry","category-social"],"yoast_head":"<!-- This site is optimized with the Yoast SEO plugin v27.4 - https:\/\/yoast.com\/product\/yoast-seo-wordpress\/ -->\n<title>AFL\u0102 CE DRUMURI DIN \u021aAR\u0102 VOR FI REPARATE \u00ceN 2016 - BTV<\/title>\n<meta name=\"robots\" content=\"index, follow, max-snippet:-1, max-image-preview:large, max-video-preview:-1\" \/>\n<link rel=\"canonical\" href=\"https:\/\/www.btv.md\/ro\/afla-ce-drumuri-din-tara-vor-fi-reparate-in-2016\/\" \/>\n<meta property=\"og:locale\" content=\"ro_RO\" \/>\n<meta property=\"og:type\" content=\"article\" \/>\n<meta property=\"og:title\" content=\"AFL\u0102 CE DRUMURI DIN \u021aAR\u0102 VOR FI REPARATE \u00ceN 2016 - BTV\" \/>\n<meta property=\"og:description\" content=\"Moldova se preg\u0103te\u0219te de etapa ordinar\u0103 a construc\u021biei noilor drumuri cu mijloacele donatorilor interna\u021bionali. \u00cen particular, a fost anun\u021bat un tender interna\u021bional pentru selectarea contractan\u021bilor la construc\u021bia \u00een \u021bara noastr\u0103 a unui \u0219ir de \u0219osele noi cu mijloacele de creditare ale B\u0103ncii Europene pentru Reconstruc\u021bie \u0219i Dezvoltare, B\u0103ncii Europene de Investi\u021bii \u0219i granturile Uniunii Europene, [&hellip;]\" \/>\n<meta property=\"og:url\" content=\"https:\/\/www.btv.md\/ro\/afla-ce-drumuri-din-tara-vor-fi-reparate-in-2016\/\" \/>\n<meta property=\"og:site_name\" content=\"BTV\" \/>\n<meta property=\"article:publisher\" content=\"https:\/\/www.facebook.com\/btvmoldova\/\" \/>\n<meta property=\"article:published_time\" content=\"2016-02-10T13:21:36+00:00\" \/>\n<meta property=\"og:image\" content=\"https:\/\/www.btv.md\/wp-content\/uploads\/2016\/02\/658x0_drumuri-reparatii.jpg\" \/>\n\t<meta property=\"og:image:width\" content=\"658\" \/>\n\t<meta property=\"og:image:height\" content=\"336\" \/>\n\t<meta property=\"og:image:type\" content=\"image\/jpeg\" \/>\n<meta name=\"author\" content=\"admin\" \/>\n<meta name=\"twitter:label1\" content=\"Scris de\" \/>\n\t<meta name=\"twitter:data1\" content=\"admin\" \/>\n\t<meta name=\"twitter:label2\" content=\"Timp estimat pentru citire\" \/>\n\t<meta name=\"twitter:data2\" content=\"1 minut\" \/>\n<script type=\"application\/ld+json\" class=\"yoast-schema-graph\">{\"@context\":\"https:\\\/\\\/schema.org\",\"@graph\":[{\"@type\":\"Article\",\"@id\":\"https:\\\/\\\/www.btv.md\\\/ro\\\/afla-ce-drumuri-din-tara-vor-fi-reparate-in-2016\\\/#article\",\"isPartOf\":{\"@id\":\"https:\\\/\\\/www.btv.md\\\/ro\\\/afla-ce-drumuri-din-tara-vor-fi-reparate-in-2016\\\/\"},\"author\":{\"name\":\"admin\",\"@id\":\"https:\\\/\\\/www.btv.md\\\/#\\\/schema\\\/person\\\/8fadce81561b3ce2c34c46dadc4ccbf2\"},\"headline\":\"AFL\u0102 CE DRUMURI DIN \u021aAR\u0102 VOR FI REPARATE \u00ceN 2016\",\"datePublished\":\"2016-02-10T13:21:36+00:00\",\"mainEntityOfPage\":{\"@id\":\"https:\\\/\\\/www.btv.md\\\/ro\\\/afla-ce-drumuri-din-tara-vor-fi-reparate-in-2016\\\/\"},\"wordCount\":277,\"image\":{\"@id\":\"https:\\\/\\\/www.btv.md\\\/ro\\\/afla-ce-drumuri-din-tara-vor-fi-reparate-in-2016\\\/#primaryimage\"},\"thumbnailUrl\":\"https:\\\/\\\/www.btv.md\\\/wp-content\\\/uploads\\\/2016\\\/02\\\/658x0_drumuri-reparatii.jpg\",\"articleSection\":[\"Social\"],\"inLanguage\":\"ro-RO\"},{\"@type\":\"WebPage\",\"@id\":\"https:\\\/\\\/www.btv.md\\\/ro\\\/afla-ce-drumuri-din-tara-vor-fi-reparate-in-2016\\\/\",\"url\":\"https:\\\/\\\/www.btv.md\\\/ro\\\/afla-ce-drumuri-din-tara-vor-fi-reparate-in-2016\\\/\",\"name\":\"AFL\u0102 CE DRUMURI DIN \u021aAR\u0102 VOR FI REPARATE \u00ceN 2016 - BTV\",\"isPartOf\":{\"@id\":\"https:\\\/\\\/www.btv.md\\\/#website\"},\"primaryImageOfPage\":{\"@id\":\"https:\\\/\\\/www.btv.md\\\/ro\\\/afla-ce-drumuri-din-tara-vor-fi-reparate-in-2016\\\/#primaryimage\"},\"image\":{\"@id\":\"https:\\\/\\\/www.btv.md\\\/ro\\\/afla-ce-drumuri-din-tara-vor-fi-reparate-in-2016\\\/#primaryimage\"},\"thumbnailUrl\":\"https:\\\/\\\/www.btv.md\\\/wp-content\\\/uploads\\\/2016\\\/02\\\/658x0_drumuri-reparatii.jpg\",\"datePublished\":\"2016-02-10T13:21:36+00:00\",\"author\":{\"@id\":\"https:\\\/\\\/www.btv.md\\\/#\\\/schema\\\/person\\\/8fadce81561b3ce2c34c46dadc4ccbf2\"},\"inLanguage\":\"ro-RO\",\"potentialAction\":[{\"@type\":\"ReadAction\",\"target\":[\"https:\\\/\\\/www.btv.md\\\/ro\\\/afla-ce-drumuri-din-tara-vor-fi-reparate-in-2016\\\/\"]}]},{\"@type\":\"ImageObject\",\"inLanguage\":\"ro-RO\",\"@id\":\"https:\\\/\\\/www.btv.md\\\/ro\\\/afla-ce-drumuri-din-tara-vor-fi-reparate-in-2016\\\/#primaryimage\",\"url\":\"https:\\\/\\\/www.btv.md\\\/wp-content\\\/uploads\\\/2016\\\/02\\\/658x0_drumuri-reparatii.jpg\",\"contentUrl\":\"https:\\\/\\\/www.btv.md\\\/wp-content\\\/uploads\\\/2016\\\/02\\\/658x0_drumuri-reparatii.jpg\",\"width\":658,\"height\":336,\"caption\":\"www.timpul.md\"},{\"@type\":\"WebSite\",\"@id\":\"https:\\\/\\\/www.btv.md\\\/#website\",\"url\":\"https:\\\/\\\/www.btv.md\\\/\",\"name\":\"BTV\",\"description\":\"\u0411\u0435\u043b\u044c\u0446\u043a\u043e\u0435 \u0442\u0435\u043b\u0435\u0432\u0438\u0434\u0435\u043d\u0438\u0435\",\"potentialAction\":[{\"@type\":\"SearchAction\",\"target\":{\"@type\":\"EntryPoint\",\"urlTemplate\":\"https:\\\/\\\/www.btv.md\\\/?s={search_term_string}\"},\"query-input\":{\"@type\":\"PropertyValueSpecification\",\"valueRequired\":true,\"valueName\":\"search_term_string\"}}],\"inLanguage\":\"ro-RO\"},{\"@type\":\"Person\",\"@id\":\"https:\\\/\\\/www.btv.md\\\/#\\\/schema\\\/person\\\/8fadce81561b3ce2c34c46dadc4ccbf2\",\"name\":\"admin\"}]}<\/script>\n<!-- \/ Yoast SEO plugin. -->","yoast_head_json":{"title":"AFL\u0102 CE DRUMURI DIN \u021aAR\u0102 VOR FI REPARATE \u00ceN 2016 - BTV","robots":{"index":"index","follow":"follow","max-snippet":"max-snippet:-1","max-image-preview":"max-image-preview:large","max-video-preview":"max-video-preview:-1"},"canonical":"https:\/\/www.btv.md\/ro\/afla-ce-drumuri-din-tara-vor-fi-reparate-in-2016\/","og_locale":"ro_RO","og_type":"article","og_title":"AFL\u0102 CE DRUMURI DIN \u021aAR\u0102 VOR FI REPARATE \u00ceN 2016 - BTV","og_description":"Moldova se preg\u0103te\u0219te de etapa ordinar\u0103 a construc\u021biei noilor drumuri cu mijloacele donatorilor interna\u021bionali. \u00cen particular, a fost anun\u021bat un tender interna\u021bional pentru selectarea contractan\u021bilor la construc\u021bia \u00een \u021bara noastr\u0103 a unui \u0219ir de \u0219osele noi cu mijloacele de creditare ale B\u0103ncii Europene pentru Reconstruc\u021bie \u0219i Dezvoltare, B\u0103ncii Europene de Investi\u021bii \u0219i granturile Uniunii Europene, [&hellip;]","og_url":"https:\/\/www.btv.md\/ro\/afla-ce-drumuri-din-tara-vor-fi-reparate-in-2016\/","og_site_name":"BTV","article_publisher":"https:\/\/www.facebook.com\/btvmoldova\/","article_published_time":"2016-02-10T13:21:36+00:00","og_image":[{"width":658,"height":336,"url":"https:\/\/www.btv.md\/wp-content\/uploads\/2016\/02\/658x0_drumuri-reparatii.jpg","type":"image\/jpeg"}],"author":"admin","twitter_misc":{"Scris de":"admin","Timp estimat pentru citire":"1 minut"},"schema":{"@context":"https:\/\/schema.org","@graph":[{"@type":"Article","@id":"https:\/\/www.btv.md\/ro\/afla-ce-drumuri-din-tara-vor-fi-reparate-in-2016\/#article","isPartOf":{"@id":"https:\/\/www.btv.md\/ro\/afla-ce-drumuri-din-tara-vor-fi-reparate-in-2016\/"},"author":{"name":"admin","@id":"https:\/\/www.btv.md\/#\/schema\/person\/8fadce81561b3ce2c34c46dadc4ccbf2"},"headline":"AFL\u0102 CE DRUMURI DIN \u021aAR\u0102 VOR FI REPARATE \u00ceN 2016","datePublished":"2016-02-10T13:21:36+00:00","mainEntityOfPage":{"@id":"https:\/\/www.btv.md\/ro\/afla-ce-drumuri-din-tara-vor-fi-reparate-in-2016\/"},"wordCount":277,"image":{"@id":"https:\/\/www.btv.md\/ro\/afla-ce-drumuri-din-tara-vor-fi-reparate-in-2016\/#primaryimage"},"thumbnailUrl":"https:\/\/www.btv.md\/wp-content\/uploads\/2016\/02\/658x0_drumuri-reparatii.jpg","articleSection":["Social"],"inLanguage":"ro-RO"},{"@type":"WebPage","@id":"https:\/\/www.btv.md\/ro\/afla-ce-drumuri-din-tara-vor-fi-reparate-in-2016\/","url":"https:\/\/www.btv.md\/ro\/afla-ce-drumuri-din-tara-vor-fi-reparate-in-2016\/","name":"AFL\u0102 CE DRUMURI DIN \u021aAR\u0102 VOR FI REPARATE \u00ceN 2016 - BTV","isPartOf":{"@id":"https:\/\/www.btv.md\/#website"},"primaryImageOfPage":{"@id":"https:\/\/www.btv.md\/ro\/afla-ce-drumuri-din-tara-vor-fi-reparate-in-2016\/#primaryimage"},"image":{"@id":"https:\/\/www.btv.md\/ro\/afla-ce-drumuri-din-tara-vor-fi-reparate-in-2016\/#primaryimage"},"thumbnailUrl":"https:\/\/www.btv.md\/wp-content\/uploads\/2016\/02\/658x0_drumuri-reparatii.jpg","datePublished":"2016-02-10T13:21:36+00:00","author":{"@id":"https:\/\/www.btv.md\/#\/schema\/person\/8fadce81561b3ce2c34c46dadc4ccbf2"},"inLanguage":"ro-RO","potentialAction":[{"@type":"ReadAction","target":["https:\/\/www.btv.md\/ro\/afla-ce-drumuri-din-tara-vor-fi-reparate-in-2016\/"]}]},{"@type":"ImageObject","inLanguage":"ro-RO","@id":"https:\/\/www.btv.md\/ro\/afla-ce-drumuri-din-tara-vor-fi-reparate-in-2016\/#primaryimage","url":"https:\/\/www.btv.md\/wp-content\/uploads\/2016\/02\/658x0_drumuri-reparatii.jpg","contentUrl":"https:\/\/www.btv.md\/wp-content\/uploads\/2016\/02\/658x0_drumuri-reparatii.jpg","width":658,"height":336,"caption":"www.timpul.md"},{"@type":"WebSite","@id":"https:\/\/www.btv.md\/#website","url":"https:\/\/www.btv.md\/","name":"BTV","description":"\u0411\u0435\u043b\u044c\u0446\u043a\u043e\u0435 \u0442\u0435\u043b\u0435\u0432\u0438\u0434\u0435\u043d\u0438\u0435","potentialAction":[{"@type":"SearchAction","target":{"@type":"EntryPoint","urlTemplate":"https:\/\/www.btv.md\/?s={search_term_string}"},"query-input":{"@type":"PropertyValueSpecification","valueRequired":true,"valueName":"search_term_string"}}],"inLanguage":"ro-RO"},{"@type":"Person","@id":"https:\/\/www.btv.md\/#\/schema\/person\/8fadce81561b3ce2c34c46dadc4ccbf2","name":"admin"}]}},"_links":{"self":[{"href":"https:\/\/www.btv.md\/ro\/wp-json\/wp\/v2\/posts\/6864","targetHints":{"allow":["GET"]}}],"collection":[{"href":"https:\/\/www.btv.md\/ro\/wp-json\/wp\/v2\/posts"}],"about":[{"href":"https:\/\/www.btv.md\/ro\/wp-json\/wp\/v2\/types\/post"}],"author":[{"embeddable":true,"href":"https:\/\/www.btv.md\/ro\/wp-json\/wp\/v2\/users\/4"}],"replies":[{"embeddable":true,"href":"https:\/\/www.btv.md\/ro\/wp-json\/wp\/v2\/comments?post=6864"}],"version-history":[{"count":0,"href":"https:\/\/www.btv.md\/ro\/wp-json\/wp\/v2\/posts\/6864\/revisions"}],"wp:featuredmedia":[{"embeddable":true,"href":"https:\/\/www.btv.md\/ro\/wp-json\/wp\/v2\/media\/6865"}],"wp:attachment":[{"href":"https:\/\/www.btv.md\/ro\/wp-json\/wp\/v2\/media?parent=6864"}],"wp:term":[{"taxonomy":"category","embeddable":true,"href":"https:\/\/www.btv.md\/ro\/wp-json\/wp\/v2\/categories?post=6864"},{"taxonomy":"post_tag","embeddable":true,"href":"https:\/\/www.btv.md\/ro\/wp-json\/wp\/v2\/tags?post=6864"}],"curies":[{"name":"wp","href":"https:\/\/api.w.org\/{rel}","templated":true}]}}