{"id":6870,"date":"2016-02-10T16:31:53","date_gmt":"2016-02-10T13:31:53","guid":{"rendered":"http:\/\/btv.md\/?p=6870"},"modified":"2016-02-10T16:31:53","modified_gmt":"2016-02-10T13:31:53","slug":"repartizarea-bugetului-din-2015-deficit-fara-precedent","status":"publish","type":"post","link":"https:\/\/www.btv.md\/ro\/repartizarea-bugetului-din-2015-deficit-fara-precedent\/","title":{"rendered":"REPARTIZAREA  BUGETULUI  DIN  2015: DEFICIT  F\u0102R\u0102  PRECEDENT"},"content":{"rendered":"<p><strong>Datele oficiale ale Ministerului Finan\u0163elor arat\u0103 c\u0103 deficitul bugetar s-a majorat \u00een 2015 cu 40,3% fa\u0163\u0103 de cel \u00eenregistrat \u00een 2014, iar exper\u0163ii sus\u0163in c\u0103 salvarea de la o catastrof\u0103 bugetar\u0103 poate fi evitat\u0103 doar prin relansarea rela\u0163iilor cu partenerii externi, scrie <a href=\"http:\/\/adevarul.ro\/moldova\/economie\/repartizarea-bugetului-2015-deficit-precedent-1_56bae46a5ab6550cb8a41c5f\/index.html\" target=\"_blank\">Adev\u0103rul.md<\/a>.<\/strong><\/p>\n<p>Ministerul Finan\u0163elor a publicat datele finale privind executarea bugetului public na\u0163ional \u015fi a bugetului de stat \u00een 2015. Astfel, veniturile acumulate la bugetul public na\u0163ional au \u00eensumat 43,66 miliarde de lei, reprezent\u00e2nd 97,4% din suma pe care o a\u015fteptau autorit\u0103\u0163ile. Totu\u015fi, la buget s-au adunat cu circa 3% mai mul\u0163i bani dec\u00e2t \u00een 2014. \u00cen acela\u015fi timp, cheltuielile publice au fost cu peste 3,55 miliarde mai mici dec\u00e2t a planificat guvernul, constituind 46,39 miliarde de lei. Totu\u015fi, de\u015fi suma planificat\u0103 nu a fost repartizat\u0103, cheltuielile au fost \u00een 2015 cu peste 2 miliarde de lei sau cu 4,5% mai mari dec\u00e2t \u00een 2014<\/p>\n<p>Referitor la bugetul de stat, Ministerul Finan\u0163elor comunic\u0103 despre faptul c\u0103 banii furniza\u0163i au \u00eensumat la sf\u00e2r\u015fitul anului trecut 28,03 miliarde de lei, reprezent\u00e2nd 95,5 la sut\u0103 fa\u0163\u0103 de c\u00e2t era prev\u0103zut \u00een proiect. Suma veniturilor acumulate s-a majorat cu 320,2 milioane de lei sau cu 1,2% comparativ cu 2014. Potrivit datelor oficiale, cheltuielile bugetare au fost de 30,1 miliarde de lei, cu 9% mai pu\u0163in dec\u00e2t a fost prev\u0103zut \u015fi cu 2,6% mai mici fa\u0163\u0103 de 2014. Soldul datoriei de stat externe a constituit, la sf\u00e2r\u015fitul anului trecut, 1,337 miliarde de dolari, cu 30,9 milioane de dolari mai mare dec\u00e2t cel \u00eenregistrat la sf\u00e2r\u015fitul anului 2014. Datoria de stat intern\u0103 a \u00eensumat 7,2 miliarde de lei, reprezen\u00e2nd o p\u0103trime din veniturile acumulate la buget \u015fi fiind mai mare cu peste 150 milioane de lei fa\u0163\u0103 de suma \u00eenregistrat\u0103 la \u00eenceputul anului 2015<\/p>\n","protected":false},"excerpt":{"rendered":"<p>Datele oficiale ale Ministerului Finan\u0163elor arat\u0103 c\u0103 deficitul bugetar s-a majorat \u00een 2015 cu 40,3% fa\u0163\u0103 de cel \u00eenregistrat \u00een 2014, iar exper\u0163ii sus\u0163in c\u0103 salvarea de la o catastrof\u0103 bugetar\u0103 poate fi evitat\u0103 doar prin relansarea rela\u0163iilor cu partenerii externi, scrie Adev\u0103rul.md. Ministerul Finan\u0163elor a publicat datele finale privind executarea bugetului public na\u0163ional \u015fi [&hellip;]<\/p>\n","protected":false},"author":4,"featured_media":6871,"comment_status":"closed","ping_status":"closed","sticky":false,"template":"","format":"standard","meta":{"footnotes":""},"categories":[7],"tags":[],"class_list":["post-6870","post","type-post","status-publish","format-standard","has-post-thumbnail","hentry","category-economie"],"yoast_head":"<!-- This site is optimized with the Yoast SEO plugin v27.4 - https:\/\/yoast.com\/product\/yoast-seo-wordpress\/ -->\n<title>REPARTIZAREA BUGETULUI DIN 2015: DEFICIT F\u0102R\u0102 PRECEDENT - BTV<\/title>\n<meta name=\"robots\" content=\"index, follow, max-snippet:-1, max-image-preview:large, max-video-preview:-1\" \/>\n<link rel=\"canonical\" href=\"https:\/\/www.btv.md\/ro\/repartizarea-bugetului-din-2015-deficit-fara-precedent\/\" \/>\n<meta property=\"og:locale\" content=\"ro_RO\" \/>\n<meta property=\"og:type\" content=\"article\" \/>\n<meta property=\"og:title\" content=\"REPARTIZAREA BUGETULUI DIN 2015: DEFICIT F\u0102R\u0102 PRECEDENT - BTV\" \/>\n<meta property=\"og:description\" content=\"Datele oficiale ale Ministerului Finan\u0163elor arat\u0103 c\u0103 deficitul bugetar s-a majorat \u00een 2015 cu 40,3% fa\u0163\u0103 de cel \u00eenregistrat \u00een 2014, iar exper\u0163ii sus\u0163in c\u0103 salvarea de la o catastrof\u0103 bugetar\u0103 poate fi evitat\u0103 doar prin relansarea rela\u0163iilor cu partenerii externi, scrie Adev\u0103rul.md. Ministerul Finan\u0163elor a publicat datele finale privind executarea bugetului public na\u0163ional \u015fi [&hellip;]\" \/>\n<meta property=\"og:url\" content=\"https:\/\/www.btv.md\/ro\/repartizarea-bugetului-din-2015-deficit-fara-precedent\/\" \/>\n<meta property=\"og:site_name\" content=\"BTV\" \/>\n<meta property=\"article:publisher\" content=\"https:\/\/www.facebook.com\/btvmoldova\/\" \/>\n<meta property=\"article:published_time\" content=\"2016-02-10T13:31:53+00:00\" \/>\n<meta property=\"og:image\" content=\"https:\/\/www.btv.md\/wp-content\/uploads\/2016\/02\/646x404-2.jpg\" \/>\n\t<meta property=\"og:image:width\" content=\"646\" \/>\n\t<meta property=\"og:image:height\" content=\"404\" \/>\n\t<meta property=\"og:image:type\" content=\"image\/jpeg\" \/>\n<meta name=\"author\" content=\"admin\" \/>\n<meta name=\"twitter:label1\" content=\"Scris de\" \/>\n\t<meta name=\"twitter:data1\" content=\"admin\" \/>\n\t<meta name=\"twitter:label2\" content=\"Timp estimat pentru citire\" \/>\n\t<meta name=\"twitter:data2\" content=\"1 minut\" \/>\n<script type=\"application\/ld+json\" class=\"yoast-schema-graph\">{\"@context\":\"https:\\\/\\\/schema.org\",\"@graph\":[{\"@type\":\"Article\",\"@id\":\"https:\\\/\\\/www.btv.md\\\/ro\\\/repartizarea-bugetului-din-2015-deficit-fara-precedent\\\/#article\",\"isPartOf\":{\"@id\":\"https:\\\/\\\/www.btv.md\\\/ro\\\/repartizarea-bugetului-din-2015-deficit-fara-precedent\\\/\"},\"author\":{\"name\":\"admin\",\"@id\":\"https:\\\/\\\/www.btv.md\\\/#\\\/schema\\\/person\\\/8fadce81561b3ce2c34c46dadc4ccbf2\"},\"headline\":\"REPARTIZAREA BUGETULUI DIN 2015: DEFICIT F\u0102R\u0102 PRECEDENT\",\"datePublished\":\"2016-02-10T13:31:53+00:00\",\"mainEntityOfPage\":{\"@id\":\"https:\\\/\\\/www.btv.md\\\/ro\\\/repartizarea-bugetului-din-2015-deficit-fara-precedent\\\/\"},\"wordCount\":304,\"image\":{\"@id\":\"https:\\\/\\\/www.btv.md\\\/ro\\\/repartizarea-bugetului-din-2015-deficit-fara-precedent\\\/#primaryimage\"},\"thumbnailUrl\":\"https:\\\/\\\/www.btv.md\\\/wp-content\\\/uploads\\\/2016\\\/02\\\/646x404-2.jpg\",\"articleSection\":[\"\u042d\u043a\u043e\u043d\u043e\u043c\u0438\u043a\u0430\"],\"inLanguage\":\"ro-RO\"},{\"@type\":\"WebPage\",\"@id\":\"https:\\\/\\\/www.btv.md\\\/ro\\\/repartizarea-bugetului-din-2015-deficit-fara-precedent\\\/\",\"url\":\"https:\\\/\\\/www.btv.md\\\/ro\\\/repartizarea-bugetului-din-2015-deficit-fara-precedent\\\/\",\"name\":\"REPARTIZAREA BUGETULUI DIN 2015: DEFICIT F\u0102R\u0102 PRECEDENT - BTV\",\"isPartOf\":{\"@id\":\"https:\\\/\\\/www.btv.md\\\/#website\"},\"primaryImageOfPage\":{\"@id\":\"https:\\\/\\\/www.btv.md\\\/ro\\\/repartizarea-bugetului-din-2015-deficit-fara-precedent\\\/#primaryimage\"},\"image\":{\"@id\":\"https:\\\/\\\/www.btv.md\\\/ro\\\/repartizarea-bugetului-din-2015-deficit-fara-precedent\\\/#primaryimage\"},\"thumbnailUrl\":\"https:\\\/\\\/www.btv.md\\\/wp-content\\\/uploads\\\/2016\\\/02\\\/646x404-2.jpg\",\"datePublished\":\"2016-02-10T13:31:53+00:00\",\"author\":{\"@id\":\"https:\\\/\\\/www.btv.md\\\/#\\\/schema\\\/person\\\/8fadce81561b3ce2c34c46dadc4ccbf2\"},\"inLanguage\":\"ro-RO\",\"potentialAction\":[{\"@type\":\"ReadAction\",\"target\":[\"https:\\\/\\\/www.btv.md\\\/ro\\\/repartizarea-bugetului-din-2015-deficit-fara-precedent\\\/\"]}]},{\"@type\":\"ImageObject\",\"inLanguage\":\"ro-RO\",\"@id\":\"https:\\\/\\\/www.btv.md\\\/ro\\\/repartizarea-bugetului-din-2015-deficit-fara-precedent\\\/#primaryimage\",\"url\":\"https:\\\/\\\/www.btv.md\\\/wp-content\\\/uploads\\\/2016\\\/02\\\/646x404-2.jpg\",\"contentUrl\":\"https:\\\/\\\/www.btv.md\\\/wp-content\\\/uploads\\\/2016\\\/02\\\/646x404-2.jpg\",\"width\":646,\"height\":404,\"caption\":\"adevarul.ro\"},{\"@type\":\"WebSite\",\"@id\":\"https:\\\/\\\/www.btv.md\\\/#website\",\"url\":\"https:\\\/\\\/www.btv.md\\\/\",\"name\":\"BTV\",\"description\":\"\u0411\u0435\u043b\u044c\u0446\u043a\u043e\u0435 \u0442\u0435\u043b\u0435\u0432\u0438\u0434\u0435\u043d\u0438\u0435\",\"potentialAction\":[{\"@type\":\"SearchAction\",\"target\":{\"@type\":\"EntryPoint\",\"urlTemplate\":\"https:\\\/\\\/www.btv.md\\\/?s={search_term_string}\"},\"query-input\":{\"@type\":\"PropertyValueSpecification\",\"valueRequired\":true,\"valueName\":\"search_term_string\"}}],\"inLanguage\":\"ro-RO\"},{\"@type\":\"Person\",\"@id\":\"https:\\\/\\\/www.btv.md\\\/#\\\/schema\\\/person\\\/8fadce81561b3ce2c34c46dadc4ccbf2\",\"name\":\"admin\"}]}<\/script>\n<!-- \/ Yoast SEO plugin. -->","yoast_head_json":{"title":"REPARTIZAREA BUGETULUI DIN 2015: DEFICIT F\u0102R\u0102 PRECEDENT - BTV","robots":{"index":"index","follow":"follow","max-snippet":"max-snippet:-1","max-image-preview":"max-image-preview:large","max-video-preview":"max-video-preview:-1"},"canonical":"https:\/\/www.btv.md\/ro\/repartizarea-bugetului-din-2015-deficit-fara-precedent\/","og_locale":"ro_RO","og_type":"article","og_title":"REPARTIZAREA BUGETULUI DIN 2015: DEFICIT F\u0102R\u0102 PRECEDENT - BTV","og_description":"Datele oficiale ale Ministerului Finan\u0163elor arat\u0103 c\u0103 deficitul bugetar s-a majorat \u00een 2015 cu 40,3% fa\u0163\u0103 de cel \u00eenregistrat \u00een 2014, iar exper\u0163ii sus\u0163in c\u0103 salvarea de la o catastrof\u0103 bugetar\u0103 poate fi evitat\u0103 doar prin relansarea rela\u0163iilor cu partenerii externi, scrie Adev\u0103rul.md. Ministerul Finan\u0163elor a publicat datele finale privind executarea bugetului public na\u0163ional \u015fi [&hellip;]","og_url":"https:\/\/www.btv.md\/ro\/repartizarea-bugetului-din-2015-deficit-fara-precedent\/","og_site_name":"BTV","article_publisher":"https:\/\/www.facebook.com\/btvmoldova\/","article_published_time":"2016-02-10T13:31:53+00:00","og_image":[{"width":646,"height":404,"url":"https:\/\/www.btv.md\/wp-content\/uploads\/2016\/02\/646x404-2.jpg","type":"image\/jpeg"}],"author":"admin","twitter_misc":{"Scris de":"admin","Timp estimat pentru citire":"1 minut"},"schema":{"@context":"https:\/\/schema.org","@graph":[{"@type":"Article","@id":"https:\/\/www.btv.md\/ro\/repartizarea-bugetului-din-2015-deficit-fara-precedent\/#article","isPartOf":{"@id":"https:\/\/www.btv.md\/ro\/repartizarea-bugetului-din-2015-deficit-fara-precedent\/"},"author":{"name":"admin","@id":"https:\/\/www.btv.md\/#\/schema\/person\/8fadce81561b3ce2c34c46dadc4ccbf2"},"headline":"REPARTIZAREA BUGETULUI DIN 2015: DEFICIT F\u0102R\u0102 PRECEDENT","datePublished":"2016-02-10T13:31:53+00:00","mainEntityOfPage":{"@id":"https:\/\/www.btv.md\/ro\/repartizarea-bugetului-din-2015-deficit-fara-precedent\/"},"wordCount":304,"image":{"@id":"https:\/\/www.btv.md\/ro\/repartizarea-bugetului-din-2015-deficit-fara-precedent\/#primaryimage"},"thumbnailUrl":"https:\/\/www.btv.md\/wp-content\/uploads\/2016\/02\/646x404-2.jpg","articleSection":["\u042d\u043a\u043e\u043d\u043e\u043c\u0438\u043a\u0430"],"inLanguage":"ro-RO"},{"@type":"WebPage","@id":"https:\/\/www.btv.md\/ro\/repartizarea-bugetului-din-2015-deficit-fara-precedent\/","url":"https:\/\/www.btv.md\/ro\/repartizarea-bugetului-din-2015-deficit-fara-precedent\/","name":"REPARTIZAREA BUGETULUI DIN 2015: DEFICIT F\u0102R\u0102 PRECEDENT - BTV","isPartOf":{"@id":"https:\/\/www.btv.md\/#website"},"primaryImageOfPage":{"@id":"https:\/\/www.btv.md\/ro\/repartizarea-bugetului-din-2015-deficit-fara-precedent\/#primaryimage"},"image":{"@id":"https:\/\/www.btv.md\/ro\/repartizarea-bugetului-din-2015-deficit-fara-precedent\/#primaryimage"},"thumbnailUrl":"https:\/\/www.btv.md\/wp-content\/uploads\/2016\/02\/646x404-2.jpg","datePublished":"2016-02-10T13:31:53+00:00","author":{"@id":"https:\/\/www.btv.md\/#\/schema\/person\/8fadce81561b3ce2c34c46dadc4ccbf2"},"inLanguage":"ro-RO","potentialAction":[{"@type":"ReadAction","target":["https:\/\/www.btv.md\/ro\/repartizarea-bugetului-din-2015-deficit-fara-precedent\/"]}]},{"@type":"ImageObject","inLanguage":"ro-RO","@id":"https:\/\/www.btv.md\/ro\/repartizarea-bugetului-din-2015-deficit-fara-precedent\/#primaryimage","url":"https:\/\/www.btv.md\/wp-content\/uploads\/2016\/02\/646x404-2.jpg","contentUrl":"https:\/\/www.btv.md\/wp-content\/uploads\/2016\/02\/646x404-2.jpg","width":646,"height":404,"caption":"adevarul.ro"},{"@type":"WebSite","@id":"https:\/\/www.btv.md\/#website","url":"https:\/\/www.btv.md\/","name":"BTV","description":"\u0411\u0435\u043b\u044c\u0446\u043a\u043e\u0435 \u0442\u0435\u043b\u0435\u0432\u0438\u0434\u0435\u043d\u0438\u0435","potentialAction":[{"@type":"SearchAction","target":{"@type":"EntryPoint","urlTemplate":"https:\/\/www.btv.md\/?s={search_term_string}"},"query-input":{"@type":"PropertyValueSpecification","valueRequired":true,"valueName":"search_term_string"}}],"inLanguage":"ro-RO"},{"@type":"Person","@id":"https:\/\/www.btv.md\/#\/schema\/person\/8fadce81561b3ce2c34c46dadc4ccbf2","name":"admin"}]}},"_links":{"self":[{"href":"https:\/\/www.btv.md\/ro\/wp-json\/wp\/v2\/posts\/6870","targetHints":{"allow":["GET"]}}],"collection":[{"href":"https:\/\/www.btv.md\/ro\/wp-json\/wp\/v2\/posts"}],"about":[{"href":"https:\/\/www.btv.md\/ro\/wp-json\/wp\/v2\/types\/post"}],"author":[{"embeddable":true,"href":"https:\/\/www.btv.md\/ro\/wp-json\/wp\/v2\/users\/4"}],"replies":[{"embeddable":true,"href":"https:\/\/www.btv.md\/ro\/wp-json\/wp\/v2\/comments?post=6870"}],"version-history":[{"count":0,"href":"https:\/\/www.btv.md\/ro\/wp-json\/wp\/v2\/posts\/6870\/revisions"}],"wp:featuredmedia":[{"embeddable":true,"href":"https:\/\/www.btv.md\/ro\/wp-json\/wp\/v2\/media\/6871"}],"wp:attachment":[{"href":"https:\/\/www.btv.md\/ro\/wp-json\/wp\/v2\/media?parent=6870"}],"wp:term":[{"taxonomy":"category","embeddable":true,"href":"https:\/\/www.btv.md\/ro\/wp-json\/wp\/v2\/categories?post=6870"},{"taxonomy":"post_tag","embeddable":true,"href":"https:\/\/www.btv.md\/ro\/wp-json\/wp\/v2\/tags?post=6870"}],"curies":[{"name":"wp","href":"https:\/\/api.w.org\/{rel}","templated":true}]}}