{"id":6873,"date":"2016-02-10T16:35:25","date_gmt":"2016-02-10T13:35:25","guid":{"rendered":"http:\/\/btv.md\/?p=6873"},"modified":"2016-02-10T16:35:25","modified_gmt":"2016-02-10T13:35:25","slug":"creditul-acordat-de-guvernul-poloniei-ar-putea-fi-prelungit-cu-inca-doi-ani","status":"publish","type":"post","link":"https:\/\/www.btv.md\/ro\/creditul-acordat-de-guvernul-poloniei-ar-putea-fi-prelungit-cu-inca-doi-ani\/","title":{"rendered":"CREDITUL  ACORDAT  DE  GUVERNUL  POLONIEI  AR  PUTEA  FI  PRELUNGIT  CU  \u00ceNC\u0102  DOI  ANI"},"content":{"rendered":"<p><strong>Proiectul creditului de asisten\u0163\u0103 acordat de Guvernul Poloniei ar putea fi prelungit cu \u00eenc\u0103 doi ani, informeaz\u0103 <a href=\"http:\/\/unimedia.info\/stiri\/proiectul-creditului-de-asistenta-acordat-de-guvernul-poloniei-ar-putea-fi-prelungit-cu-inca-doi-ani-109248.html\" target=\"_blank\">unimedia.md<\/a>.<\/strong><\/p>\n<p>Ministrul agriculturii \u015fi industriei alimentare, Eduard Grama, inten\u021bioneaz\u0103 s\u0103 expedieze autorit\u0103\u021bilor poloneze o solicitare \u00een acest sens.<\/p>\n<p>Anun\u021bul a fost f\u0103cut \u00een cadrul \u00eentrevederii cu ambasadorul Republicii Polone \u00een Republica Moldova, Artur Michalski.<br \/>\n\u201e<em>Sper\u0103m ca primele proiecte s\u0103 fie expediate Ministerului de Finan\u0163e al Poloniei p\u00e2n\u0103 la finele lunii februarie. Suplimentar, vom solicita prelungirea proiectului pentru un termen de cel pu\u0163in 2 ani<\/em>\u201d, a men\u0163ionat ministrul Eduard Grama, citat \u00eentr-un comunicat de pres\u0103 al MAIA.<\/p>\n<p>La r\u00e2ndul s\u0103u, Artur Michalski a \u00eenm\u00e2nat invita\u0163ia expediat\u0103 de Ministerul Agriculturii \u015fi Dezvolt\u0103rii Rurale al Poloniei de a participa la T\u00e2rgul Interna\u0163ional de Turism Rural Agrotravel, care va avea loc \u00een Kielce, \u00een perioada 8-10 aprilie, \u015fi a men\u0163ionat c\u0103 agroturismul este un domeniu care ar putea spori atractivitatea Republicii Moldova.<\/p>\n<p>Artur Michalski a men\u0163ionat importan\u0163a moderniz\u0103rii agriculturii \u00een Republica Moldova \u015fi dezvoltarea rela\u0163iilor de colaborare \u00eentre cele dou\u0103 state \u015fi a asigurat conducerea ministerului de sprijinul necesar.<\/p>\n<p>\u00cen cadrul discu\u0163iilor a fost abordat\u0103 importan\u0163a exportului vinurilor moldovene\u015fti pe pia\u0163a polonez\u0103 \u015fi s-a vorbit despre inten\u0163ia p\u0103r\u0163ii moldovene\u015fti de a l\u0103rgi formatul zilelor vinului moldovenesc p\u00e2n\u0103 la un festival.<\/p>\n<p>\u00cen perioada ianuarie-noiembrie 2015, exportul produselor agroalimentare \u00een Republica Polon\u0103 a \u00eenregistrat o cre\u015ftere de circa 5%, comparativ cu aceea\u015fi perioad\u0103 a anului 2014. Principalele produse exportate sunt sucuri de fructe, vin, semin\u0163e de floarea soarelui.<\/p>\n","protected":false},"excerpt":{"rendered":"<p>Proiectul creditului de asisten\u0163\u0103 acordat de Guvernul Poloniei ar putea fi prelungit cu \u00eenc\u0103 doi ani, informeaz\u0103 unimedia.md. Ministrul agriculturii \u015fi industriei alimentare, Eduard Grama, inten\u021bioneaz\u0103 s\u0103 expedieze autorit\u0103\u021bilor poloneze o solicitare \u00een acest sens. Anun\u021bul a fost f\u0103cut \u00een cadrul \u00eentrevederii cu ambasadorul Republicii Polone \u00een Republica Moldova, Artur Michalski. \u201eSper\u0103m ca primele proiecte [&hellip;]<\/p>\n","protected":false},"author":4,"featured_media":6874,"comment_status":"closed","ping_status":"closed","sticky":false,"template":"","format":"standard","meta":{"footnotes":""},"categories":[6369],"tags":[],"class_list":["post-6873","post","type-post","status-publish","format-standard","has-post-thumbnail","hentry","category-economie-ro"],"yoast_head":"<!-- This site is optimized with the Yoast SEO plugin v27.4 - https:\/\/yoast.com\/product\/yoast-seo-wordpress\/ -->\n<title>CREDITUL ACORDAT DE GUVERNUL POLONIEI AR PUTEA FI PRELUNGIT CU \u00ceNC\u0102 DOI ANI - BTV<\/title>\n<meta name=\"robots\" content=\"index, follow, max-snippet:-1, max-image-preview:large, max-video-preview:-1\" \/>\n<link rel=\"canonical\" href=\"https:\/\/www.btv.md\/ro\/creditul-acordat-de-guvernul-poloniei-ar-putea-fi-prelungit-cu-inca-doi-ani\/\" \/>\n<meta property=\"og:locale\" content=\"ro_RO\" \/>\n<meta property=\"og:type\" content=\"article\" \/>\n<meta property=\"og:title\" content=\"CREDITUL ACORDAT DE GUVERNUL POLONIEI AR PUTEA FI PRELUNGIT CU \u00ceNC\u0102 DOI ANI - BTV\" \/>\n<meta property=\"og:description\" content=\"Proiectul creditului de asisten\u0163\u0103 acordat de Guvernul Poloniei ar putea fi prelungit cu \u00eenc\u0103 doi ani, informeaz\u0103 unimedia.md. Ministrul agriculturii \u015fi industriei alimentare, Eduard Grama, inten\u021bioneaz\u0103 s\u0103 expedieze autorit\u0103\u021bilor poloneze o solicitare \u00een acest sens. Anun\u021bul a fost f\u0103cut \u00een cadrul \u00eentrevederii cu ambasadorul Republicii Polone \u00een Republica Moldova, Artur Michalski. \u201eSper\u0103m ca primele proiecte [&hellip;]\" \/>\n<meta property=\"og:url\" content=\"https:\/\/www.btv.md\/ro\/creditul-acordat-de-guvernul-poloniei-ar-putea-fi-prelungit-cu-inca-doi-ani\/\" \/>\n<meta property=\"og:site_name\" content=\"BTV\" \/>\n<meta property=\"article:publisher\" content=\"https:\/\/www.facebook.com\/btvmoldova\/\" \/>\n<meta property=\"article:published_time\" content=\"2016-02-10T13:35:25+00:00\" \/>\n<meta property=\"og:image\" content=\"https:\/\/www.btv.md\/wp-content\/uploads\/2016\/02\/proiectul-creditului-de-asistenta-acordat-de-guvernul-poloniei-ar-putea-fi-prelungit-cu-inca-doi-ani-1455084796.png\" \/>\n\t<meta property=\"og:image:width\" content=\"700\" \/>\n\t<meta property=\"og:image:height\" content=\"340\" \/>\n\t<meta property=\"og:image:type\" content=\"image\/png\" \/>\n<meta name=\"author\" content=\"admin\" \/>\n<meta name=\"twitter:label1\" content=\"Scris de\" \/>\n\t<meta name=\"twitter:data1\" content=\"admin\" \/>\n\t<meta name=\"twitter:label2\" content=\"Timp estimat pentru citire\" \/>\n\t<meta name=\"twitter:data2\" content=\"1 minut\" \/>\n<script type=\"application\/ld+json\" class=\"yoast-schema-graph\">{\"@context\":\"https:\\\/\\\/schema.org\",\"@graph\":[{\"@type\":\"Article\",\"@id\":\"https:\\\/\\\/www.btv.md\\\/ro\\\/creditul-acordat-de-guvernul-poloniei-ar-putea-fi-prelungit-cu-inca-doi-ani\\\/#article\",\"isPartOf\":{\"@id\":\"https:\\\/\\\/www.btv.md\\\/ro\\\/creditul-acordat-de-guvernul-poloniei-ar-putea-fi-prelungit-cu-inca-doi-ani\\\/\"},\"author\":{\"name\":\"admin\",\"@id\":\"https:\\\/\\\/www.btv.md\\\/#\\\/schema\\\/person\\\/8fadce81561b3ce2c34c46dadc4ccbf2\"},\"headline\":\"CREDITUL ACORDAT DE GUVERNUL POLONIEI AR PUTEA FI PRELUNGIT CU \u00ceNC\u0102 DOI ANI\",\"datePublished\":\"2016-02-10T13:35:25+00:00\",\"mainEntityOfPage\":{\"@id\":\"https:\\\/\\\/www.btv.md\\\/ro\\\/creditul-acordat-de-guvernul-poloniei-ar-putea-fi-prelungit-cu-inca-doi-ani\\\/\"},\"wordCount\":283,\"image\":{\"@id\":\"https:\\\/\\\/www.btv.md\\\/ro\\\/creditul-acordat-de-guvernul-poloniei-ar-putea-fi-prelungit-cu-inca-doi-ani\\\/#primaryimage\"},\"thumbnailUrl\":\"https:\\\/\\\/www.btv.md\\\/wp-content\\\/uploads\\\/2016\\\/02\\\/proiectul-creditului-de-asistenta-acordat-de-guvernul-poloniei-ar-putea-fi-prelungit-cu-inca-doi-ani-1455084796.png\",\"articleSection\":[\"Economie\"],\"inLanguage\":\"ro-RO\"},{\"@type\":\"WebPage\",\"@id\":\"https:\\\/\\\/www.btv.md\\\/ro\\\/creditul-acordat-de-guvernul-poloniei-ar-putea-fi-prelungit-cu-inca-doi-ani\\\/\",\"url\":\"https:\\\/\\\/www.btv.md\\\/ro\\\/creditul-acordat-de-guvernul-poloniei-ar-putea-fi-prelungit-cu-inca-doi-ani\\\/\",\"name\":\"CREDITUL ACORDAT DE GUVERNUL POLONIEI AR PUTEA FI PRELUNGIT CU \u00ceNC\u0102 DOI ANI - BTV\",\"isPartOf\":{\"@id\":\"https:\\\/\\\/www.btv.md\\\/#website\"},\"primaryImageOfPage\":{\"@id\":\"https:\\\/\\\/www.btv.md\\\/ro\\\/creditul-acordat-de-guvernul-poloniei-ar-putea-fi-prelungit-cu-inca-doi-ani\\\/#primaryimage\"},\"image\":{\"@id\":\"https:\\\/\\\/www.btv.md\\\/ro\\\/creditul-acordat-de-guvernul-poloniei-ar-putea-fi-prelungit-cu-inca-doi-ani\\\/#primaryimage\"},\"thumbnailUrl\":\"https:\\\/\\\/www.btv.md\\\/wp-content\\\/uploads\\\/2016\\\/02\\\/proiectul-creditului-de-asistenta-acordat-de-guvernul-poloniei-ar-putea-fi-prelungit-cu-inca-doi-ani-1455084796.png\",\"datePublished\":\"2016-02-10T13:35:25+00:00\",\"author\":{\"@id\":\"https:\\\/\\\/www.btv.md\\\/#\\\/schema\\\/person\\\/8fadce81561b3ce2c34c46dadc4ccbf2\"},\"inLanguage\":\"ro-RO\",\"potentialAction\":[{\"@type\":\"ReadAction\",\"target\":[\"https:\\\/\\\/www.btv.md\\\/ro\\\/creditul-acordat-de-guvernul-poloniei-ar-putea-fi-prelungit-cu-inca-doi-ani\\\/\"]}]},{\"@type\":\"ImageObject\",\"inLanguage\":\"ro-RO\",\"@id\":\"https:\\\/\\\/www.btv.md\\\/ro\\\/creditul-acordat-de-guvernul-poloniei-ar-putea-fi-prelungit-cu-inca-doi-ani\\\/#primaryimage\",\"url\":\"https:\\\/\\\/www.btv.md\\\/wp-content\\\/uploads\\\/2016\\\/02\\\/proiectul-creditului-de-asistenta-acordat-de-guvernul-poloniei-ar-putea-fi-prelungit-cu-inca-doi-ani-1455084796.png\",\"contentUrl\":\"https:\\\/\\\/www.btv.md\\\/wp-content\\\/uploads\\\/2016\\\/02\\\/proiectul-creditului-de-asistenta-acordat-de-guvernul-poloniei-ar-putea-fi-prelungit-cu-inca-doi-ani-1455084796.png\",\"width\":700,\"height\":340,\"caption\":\"unimedia.info\"},{\"@type\":\"WebSite\",\"@id\":\"https:\\\/\\\/www.btv.md\\\/#website\",\"url\":\"https:\\\/\\\/www.btv.md\\\/\",\"name\":\"BTV\",\"description\":\"\u0411\u0435\u043b\u044c\u0446\u043a\u043e\u0435 \u0442\u0435\u043b\u0435\u0432\u0438\u0434\u0435\u043d\u0438\u0435\",\"potentialAction\":[{\"@type\":\"SearchAction\",\"target\":{\"@type\":\"EntryPoint\",\"urlTemplate\":\"https:\\\/\\\/www.btv.md\\\/?s={search_term_string}\"},\"query-input\":{\"@type\":\"PropertyValueSpecification\",\"valueRequired\":true,\"valueName\":\"search_term_string\"}}],\"inLanguage\":\"ro-RO\"},{\"@type\":\"Person\",\"@id\":\"https:\\\/\\\/www.btv.md\\\/#\\\/schema\\\/person\\\/8fadce81561b3ce2c34c46dadc4ccbf2\",\"name\":\"admin\"}]}<\/script>\n<!-- \/ Yoast SEO plugin. -->","yoast_head_json":{"title":"CREDITUL ACORDAT DE GUVERNUL POLONIEI AR PUTEA FI PRELUNGIT CU \u00ceNC\u0102 DOI ANI - BTV","robots":{"index":"index","follow":"follow","max-snippet":"max-snippet:-1","max-image-preview":"max-image-preview:large","max-video-preview":"max-video-preview:-1"},"canonical":"https:\/\/www.btv.md\/ro\/creditul-acordat-de-guvernul-poloniei-ar-putea-fi-prelungit-cu-inca-doi-ani\/","og_locale":"ro_RO","og_type":"article","og_title":"CREDITUL ACORDAT DE GUVERNUL POLONIEI AR PUTEA FI PRELUNGIT CU \u00ceNC\u0102 DOI ANI - BTV","og_description":"Proiectul creditului de asisten\u0163\u0103 acordat de Guvernul Poloniei ar putea fi prelungit cu \u00eenc\u0103 doi ani, informeaz\u0103 unimedia.md. Ministrul agriculturii \u015fi industriei alimentare, Eduard Grama, inten\u021bioneaz\u0103 s\u0103 expedieze autorit\u0103\u021bilor poloneze o solicitare \u00een acest sens. Anun\u021bul a fost f\u0103cut \u00een cadrul \u00eentrevederii cu ambasadorul Republicii Polone \u00een Republica Moldova, Artur Michalski. \u201eSper\u0103m ca primele proiecte [&hellip;]","og_url":"https:\/\/www.btv.md\/ro\/creditul-acordat-de-guvernul-poloniei-ar-putea-fi-prelungit-cu-inca-doi-ani\/","og_site_name":"BTV","article_publisher":"https:\/\/www.facebook.com\/btvmoldova\/","article_published_time":"2016-02-10T13:35:25+00:00","og_image":[{"width":700,"height":340,"url":"https:\/\/www.btv.md\/wp-content\/uploads\/2016\/02\/proiectul-creditului-de-asistenta-acordat-de-guvernul-poloniei-ar-putea-fi-prelungit-cu-inca-doi-ani-1455084796.png","type":"image\/png"}],"author":"admin","twitter_misc":{"Scris de":"admin","Timp estimat pentru citire":"1 minut"},"schema":{"@context":"https:\/\/schema.org","@graph":[{"@type":"Article","@id":"https:\/\/www.btv.md\/ro\/creditul-acordat-de-guvernul-poloniei-ar-putea-fi-prelungit-cu-inca-doi-ani\/#article","isPartOf":{"@id":"https:\/\/www.btv.md\/ro\/creditul-acordat-de-guvernul-poloniei-ar-putea-fi-prelungit-cu-inca-doi-ani\/"},"author":{"name":"admin","@id":"https:\/\/www.btv.md\/#\/schema\/person\/8fadce81561b3ce2c34c46dadc4ccbf2"},"headline":"CREDITUL ACORDAT DE GUVERNUL POLONIEI AR PUTEA FI PRELUNGIT CU \u00ceNC\u0102 DOI ANI","datePublished":"2016-02-10T13:35:25+00:00","mainEntityOfPage":{"@id":"https:\/\/www.btv.md\/ro\/creditul-acordat-de-guvernul-poloniei-ar-putea-fi-prelungit-cu-inca-doi-ani\/"},"wordCount":283,"image":{"@id":"https:\/\/www.btv.md\/ro\/creditul-acordat-de-guvernul-poloniei-ar-putea-fi-prelungit-cu-inca-doi-ani\/#primaryimage"},"thumbnailUrl":"https:\/\/www.btv.md\/wp-content\/uploads\/2016\/02\/proiectul-creditului-de-asistenta-acordat-de-guvernul-poloniei-ar-putea-fi-prelungit-cu-inca-doi-ani-1455084796.png","articleSection":["Economie"],"inLanguage":"ro-RO"},{"@type":"WebPage","@id":"https:\/\/www.btv.md\/ro\/creditul-acordat-de-guvernul-poloniei-ar-putea-fi-prelungit-cu-inca-doi-ani\/","url":"https:\/\/www.btv.md\/ro\/creditul-acordat-de-guvernul-poloniei-ar-putea-fi-prelungit-cu-inca-doi-ani\/","name":"CREDITUL ACORDAT DE GUVERNUL POLONIEI AR PUTEA FI PRELUNGIT CU \u00ceNC\u0102 DOI ANI - BTV","isPartOf":{"@id":"https:\/\/www.btv.md\/#website"},"primaryImageOfPage":{"@id":"https:\/\/www.btv.md\/ro\/creditul-acordat-de-guvernul-poloniei-ar-putea-fi-prelungit-cu-inca-doi-ani\/#primaryimage"},"image":{"@id":"https:\/\/www.btv.md\/ro\/creditul-acordat-de-guvernul-poloniei-ar-putea-fi-prelungit-cu-inca-doi-ani\/#primaryimage"},"thumbnailUrl":"https:\/\/www.btv.md\/wp-content\/uploads\/2016\/02\/proiectul-creditului-de-asistenta-acordat-de-guvernul-poloniei-ar-putea-fi-prelungit-cu-inca-doi-ani-1455084796.png","datePublished":"2016-02-10T13:35:25+00:00","author":{"@id":"https:\/\/www.btv.md\/#\/schema\/person\/8fadce81561b3ce2c34c46dadc4ccbf2"},"inLanguage":"ro-RO","potentialAction":[{"@type":"ReadAction","target":["https:\/\/www.btv.md\/ro\/creditul-acordat-de-guvernul-poloniei-ar-putea-fi-prelungit-cu-inca-doi-ani\/"]}]},{"@type":"ImageObject","inLanguage":"ro-RO","@id":"https:\/\/www.btv.md\/ro\/creditul-acordat-de-guvernul-poloniei-ar-putea-fi-prelungit-cu-inca-doi-ani\/#primaryimage","url":"https:\/\/www.btv.md\/wp-content\/uploads\/2016\/02\/proiectul-creditului-de-asistenta-acordat-de-guvernul-poloniei-ar-putea-fi-prelungit-cu-inca-doi-ani-1455084796.png","contentUrl":"https:\/\/www.btv.md\/wp-content\/uploads\/2016\/02\/proiectul-creditului-de-asistenta-acordat-de-guvernul-poloniei-ar-putea-fi-prelungit-cu-inca-doi-ani-1455084796.png","width":700,"height":340,"caption":"unimedia.info"},{"@type":"WebSite","@id":"https:\/\/www.btv.md\/#website","url":"https:\/\/www.btv.md\/","name":"BTV","description":"\u0411\u0435\u043b\u044c\u0446\u043a\u043e\u0435 \u0442\u0435\u043b\u0435\u0432\u0438\u0434\u0435\u043d\u0438\u0435","potentialAction":[{"@type":"SearchAction","target":{"@type":"EntryPoint","urlTemplate":"https:\/\/www.btv.md\/?s={search_term_string}"},"query-input":{"@type":"PropertyValueSpecification","valueRequired":true,"valueName":"search_term_string"}}],"inLanguage":"ro-RO"},{"@type":"Person","@id":"https:\/\/www.btv.md\/#\/schema\/person\/8fadce81561b3ce2c34c46dadc4ccbf2","name":"admin"}]}},"_links":{"self":[{"href":"https:\/\/www.btv.md\/ro\/wp-json\/wp\/v2\/posts\/6873","targetHints":{"allow":["GET"]}}],"collection":[{"href":"https:\/\/www.btv.md\/ro\/wp-json\/wp\/v2\/posts"}],"about":[{"href":"https:\/\/www.btv.md\/ro\/wp-json\/wp\/v2\/types\/post"}],"author":[{"embeddable":true,"href":"https:\/\/www.btv.md\/ro\/wp-json\/wp\/v2\/users\/4"}],"replies":[{"embeddable":true,"href":"https:\/\/www.btv.md\/ro\/wp-json\/wp\/v2\/comments?post=6873"}],"version-history":[{"count":0,"href":"https:\/\/www.btv.md\/ro\/wp-json\/wp\/v2\/posts\/6873\/revisions"}],"wp:featuredmedia":[{"embeddable":true,"href":"https:\/\/www.btv.md\/ro\/wp-json\/wp\/v2\/media\/6874"}],"wp:attachment":[{"href":"https:\/\/www.btv.md\/ro\/wp-json\/wp\/v2\/media?parent=6873"}],"wp:term":[{"taxonomy":"category","embeddable":true,"href":"https:\/\/www.btv.md\/ro\/wp-json\/wp\/v2\/categories?post=6873"},{"taxonomy":"post_tag","embeddable":true,"href":"https:\/\/www.btv.md\/ro\/wp-json\/wp\/v2\/tags?post=6873"}],"curies":[{"name":"wp","href":"https:\/\/api.w.org\/{rel}","templated":true}]}}