{"id":6883,"date":"2016-02-10T17:52:14","date_gmt":"2016-02-10T14:52:14","guid":{"rendered":"http:\/\/btv.md\/?p=6883"},"modified":"2016-02-10T17:52:14","modified_gmt":"2016-02-10T14:52:14","slug":"gripa-ataca-in-forta-tot-teritoriul-tarii","status":"publish","type":"post","link":"https:\/\/www.btv.md\/ro\/gripa-ataca-in-forta-tot-teritoriul-tarii\/","title":{"rendered":"GRIPA  ATAC\u0102  \u00ceN  FOR\u021a\u0102  TOT  TERITORIUL \u021a\u0102RII"},"content":{"rendered":"<p><strong>Pragul epidemic de grip\u0103 a fost dep\u0103\u015fit \u00een \u0163ar\u0103. Potrivit Ministerului S\u0103n\u0103t\u0103\u0163ii, num\u0103rul bolnavilor care sufer\u0103 de infec\u0163ii ale c\u0103ilor respiratorii este \u00eentr-o continu\u0103 cre\u0219tere. S\u0103pt\u0103m\u00e2na trecut\u0103 au fost \u00eenregistrate peste 350 de cazuri, dep\u0103\u0219ind astfel pragul epidemic de 300 de persoane la 100000 popula\u021bie.<\/strong><\/p>\n<p>\u0218i \u00een ora\u0219ul B\u0103l\u021bi situa\u021bia nu este deloc \u00eembucur\u0103toare. Potrivit \u0219eful adjunct  al Centrului de S\u0103n\u0103tate Public\u0103 B\u0103l\u021bi, Veceslav Chi\u0219lari, de la \u00eenceputul anului, \u00een municipiu au fost \u00eenregistrate peste 60 de cazuri de grip\u0103, 10 dintre ele au fost confirmate \u00een laborator. \u0218eful adjunct a precizat c\u0103 \u00een fiecare zi se atest\u0103 o cre\u0219tere numeric\u0103 a cazurilor de viroze. <\/p>\n<p>S\u0103pt\u0103m\u00e2na trecut\u0103 \u00een ora\u0219ul B\u0103l\u021bi au fost \u00eenregistrate peste 1500 de  cazuri de infec\u021bii respiratorii acute,  cu aproape de 300 de cazuri mai mult dec\u00e2t s\u0103pt\u0103m\u00e2na precedent\u0103.  <\/p>\n<p><iframe width=\"420\" height=\"315\" data-src=\"https:\/\/www.youtube.com\/embed\/xxrGEKc1t4g\" frameborder=\"0\" allowfullscreen src=\"data:image\/svg+xml;base64,PHN2ZyB3aWR0aD0iMSIgaGVpZ2h0PSIxIiB4bWxucz0iaHR0cDovL3d3dy53My5vcmcvMjAwMC9zdmciPjwvc3ZnPg==\" class=\"lazyload\" data-load-mode=\"1\"><\/iframe><\/p>\n","protected":false},"excerpt":{"rendered":"<p>Pragul epidemic de grip\u0103 a fost dep\u0103\u015fit \u00een \u0163ar\u0103. Potrivit Ministerului S\u0103n\u0103t\u0103\u0163ii, num\u0103rul bolnavilor care sufer\u0103 de infec\u0163ii ale c\u0103ilor respiratorii este \u00eentr-o continu\u0103 cre\u0219tere. S\u0103pt\u0103m\u00e2na trecut\u0103 au fost \u00eenregistrate peste 350 de cazuri, dep\u0103\u0219ind astfel pragul epidemic de 300 de persoane la 100000 popula\u021bie. \u0218i \u00een ora\u0219ul B\u0103l\u021bi situa\u021bia nu este deloc \u00eembucur\u0103toare. Potrivit [&hellip;]<\/p>\n","protected":false},"author":4,"featured_media":6884,"comment_status":"closed","ping_status":"closed","sticky":false,"template":"","format":"standard","meta":{"footnotes":""},"categories":[6353],"tags":[],"class_list":["post-6883","post","type-post","status-publish","format-standard","has-post-thumbnail","hentry","category-oras"],"yoast_head":"<!-- This site is optimized with the Yoast SEO plugin v27.4 - https:\/\/yoast.com\/product\/yoast-seo-wordpress\/ -->\n<title>GRIPA ATAC\u0102 \u00ceN FOR\u021a\u0102 TOT TERITORIUL \u021a\u0102RII - BTV<\/title>\n<meta name=\"robots\" content=\"index, follow, max-snippet:-1, max-image-preview:large, max-video-preview:-1\" \/>\n<link rel=\"canonical\" href=\"https:\/\/www.btv.md\/ro\/gripa-ataca-in-forta-tot-teritoriul-tarii\/\" \/>\n<meta property=\"og:locale\" content=\"ro_RO\" \/>\n<meta property=\"og:type\" content=\"article\" \/>\n<meta property=\"og:title\" content=\"GRIPA ATAC\u0102 \u00ceN FOR\u021a\u0102 TOT TERITORIUL \u021a\u0102RII - BTV\" \/>\n<meta property=\"og:description\" content=\"Pragul epidemic de grip\u0103 a fost dep\u0103\u015fit \u00een \u0163ar\u0103. Potrivit Ministerului S\u0103n\u0103t\u0103\u0163ii, num\u0103rul bolnavilor care sufer\u0103 de infec\u0163ii ale c\u0103ilor respiratorii este \u00eentr-o continu\u0103 cre\u0219tere. S\u0103pt\u0103m\u00e2na trecut\u0103 au fost \u00eenregistrate peste 350 de cazuri, dep\u0103\u0219ind astfel pragul epidemic de 300 de persoane la 100000 popula\u021bie. \u0218i \u00een ora\u0219ul B\u0103l\u021bi situa\u021bia nu este deloc \u00eembucur\u0103toare. Potrivit [&hellip;]\" \/>\n<meta property=\"og:url\" content=\"https:\/\/www.btv.md\/ro\/gripa-ataca-in-forta-tot-teritoriul-tarii\/\" \/>\n<meta property=\"og:site_name\" content=\"BTV\" \/>\n<meta property=\"article:publisher\" content=\"https:\/\/www.facebook.com\/btvmoldova\/\" \/>\n<meta property=\"article:published_time\" content=\"2016-02-10T14:52:14+00:00\" \/>\n<meta property=\"og:image\" content=\"https:\/\/www.btv.md\/wp-content\/uploads\/2016\/02\/646x404-3.jpg\" \/>\n\t<meta property=\"og:image:width\" content=\"646\" \/>\n\t<meta property=\"og:image:height\" content=\"404\" \/>\n\t<meta property=\"og:image:type\" content=\"image\/jpeg\" \/>\n<meta name=\"author\" content=\"admin\" \/>\n<meta name=\"twitter:label1\" content=\"Scris de\" \/>\n\t<meta name=\"twitter:data1\" content=\"admin\" \/>\n\t<meta name=\"twitter:label2\" content=\"Timp estimat pentru citire\" \/>\n\t<meta name=\"twitter:data2\" content=\"1 minut\" \/>\n<script type=\"application\/ld+json\" class=\"yoast-schema-graph\">{\"@context\":\"https:\\\/\\\/schema.org\",\"@graph\":[{\"@type\":\"Article\",\"@id\":\"https:\\\/\\\/www.btv.md\\\/ro\\\/gripa-ataca-in-forta-tot-teritoriul-tarii\\\/#article\",\"isPartOf\":{\"@id\":\"https:\\\/\\\/www.btv.md\\\/ro\\\/gripa-ataca-in-forta-tot-teritoriul-tarii\\\/\"},\"author\":{\"name\":\"admin\",\"@id\":\"https:\\\/\\\/www.btv.md\\\/#\\\/schema\\\/person\\\/8fadce81561b3ce2c34c46dadc4ccbf2\"},\"headline\":\"GRIPA ATAC\u0102 \u00ceN FOR\u021a\u0102 TOT TERITORIUL \u021a\u0102RII\",\"datePublished\":\"2016-02-10T14:52:14+00:00\",\"mainEntityOfPage\":{\"@id\":\"https:\\\/\\\/www.btv.md\\\/ro\\\/gripa-ataca-in-forta-tot-teritoriul-tarii\\\/\"},\"wordCount\":167,\"image\":{\"@id\":\"https:\\\/\\\/www.btv.md\\\/ro\\\/gripa-ataca-in-forta-tot-teritoriul-tarii\\\/#primaryimage\"},\"thumbnailUrl\":\"https:\\\/\\\/www.btv.md\\\/wp-content\\\/uploads\\\/2016\\\/02\\\/646x404-3.jpg\",\"articleSection\":[\"Ora\u0219\"],\"inLanguage\":\"ro-RO\"},{\"@type\":\"WebPage\",\"@id\":\"https:\\\/\\\/www.btv.md\\\/ro\\\/gripa-ataca-in-forta-tot-teritoriul-tarii\\\/\",\"url\":\"https:\\\/\\\/www.btv.md\\\/ro\\\/gripa-ataca-in-forta-tot-teritoriul-tarii\\\/\",\"name\":\"GRIPA ATAC\u0102 \u00ceN FOR\u021a\u0102 TOT TERITORIUL \u021a\u0102RII - BTV\",\"isPartOf\":{\"@id\":\"https:\\\/\\\/www.btv.md\\\/#website\"},\"primaryImageOfPage\":{\"@id\":\"https:\\\/\\\/www.btv.md\\\/ro\\\/gripa-ataca-in-forta-tot-teritoriul-tarii\\\/#primaryimage\"},\"image\":{\"@id\":\"https:\\\/\\\/www.btv.md\\\/ro\\\/gripa-ataca-in-forta-tot-teritoriul-tarii\\\/#primaryimage\"},\"thumbnailUrl\":\"https:\\\/\\\/www.btv.md\\\/wp-content\\\/uploads\\\/2016\\\/02\\\/646x404-3.jpg\",\"datePublished\":\"2016-02-10T14:52:14+00:00\",\"author\":{\"@id\":\"https:\\\/\\\/www.btv.md\\\/#\\\/schema\\\/person\\\/8fadce81561b3ce2c34c46dadc4ccbf2\"},\"inLanguage\":\"ro-RO\",\"potentialAction\":[{\"@type\":\"ReadAction\",\"target\":[\"https:\\\/\\\/www.btv.md\\\/ro\\\/gripa-ataca-in-forta-tot-teritoriul-tarii\\\/\"]}]},{\"@type\":\"ImageObject\",\"inLanguage\":\"ro-RO\",\"@id\":\"https:\\\/\\\/www.btv.md\\\/ro\\\/gripa-ataca-in-forta-tot-teritoriul-tarii\\\/#primaryimage\",\"url\":\"https:\\\/\\\/www.btv.md\\\/wp-content\\\/uploads\\\/2016\\\/02\\\/646x404-3.jpg\",\"contentUrl\":\"https:\\\/\\\/www.btv.md\\\/wp-content\\\/uploads\\\/2016\\\/02\\\/646x404-3.jpg\",\"width\":646,\"height\":404,\"caption\":\"adevarul.ro\"},{\"@type\":\"WebSite\",\"@id\":\"https:\\\/\\\/www.btv.md\\\/#website\",\"url\":\"https:\\\/\\\/www.btv.md\\\/\",\"name\":\"BTV\",\"description\":\"\u0411\u0435\u043b\u044c\u0446\u043a\u043e\u0435 \u0442\u0435\u043b\u0435\u0432\u0438\u0434\u0435\u043d\u0438\u0435\",\"potentialAction\":[{\"@type\":\"SearchAction\",\"target\":{\"@type\":\"EntryPoint\",\"urlTemplate\":\"https:\\\/\\\/www.btv.md\\\/?s={search_term_string}\"},\"query-input\":{\"@type\":\"PropertyValueSpecification\",\"valueRequired\":true,\"valueName\":\"search_term_string\"}}],\"inLanguage\":\"ro-RO\"},{\"@type\":\"Person\",\"@id\":\"https:\\\/\\\/www.btv.md\\\/#\\\/schema\\\/person\\\/8fadce81561b3ce2c34c46dadc4ccbf2\",\"name\":\"admin\"}]}<\/script>\n<!-- \/ Yoast SEO plugin. -->","yoast_head_json":{"title":"GRIPA ATAC\u0102 \u00ceN FOR\u021a\u0102 TOT TERITORIUL \u021a\u0102RII - BTV","robots":{"index":"index","follow":"follow","max-snippet":"max-snippet:-1","max-image-preview":"max-image-preview:large","max-video-preview":"max-video-preview:-1"},"canonical":"https:\/\/www.btv.md\/ro\/gripa-ataca-in-forta-tot-teritoriul-tarii\/","og_locale":"ro_RO","og_type":"article","og_title":"GRIPA ATAC\u0102 \u00ceN FOR\u021a\u0102 TOT TERITORIUL \u021a\u0102RII - BTV","og_description":"Pragul epidemic de grip\u0103 a fost dep\u0103\u015fit \u00een \u0163ar\u0103. Potrivit Ministerului S\u0103n\u0103t\u0103\u0163ii, num\u0103rul bolnavilor care sufer\u0103 de infec\u0163ii ale c\u0103ilor respiratorii este \u00eentr-o continu\u0103 cre\u0219tere. S\u0103pt\u0103m\u00e2na trecut\u0103 au fost \u00eenregistrate peste 350 de cazuri, dep\u0103\u0219ind astfel pragul epidemic de 300 de persoane la 100000 popula\u021bie. \u0218i \u00een ora\u0219ul B\u0103l\u021bi situa\u021bia nu este deloc \u00eembucur\u0103toare. Potrivit [&hellip;]","og_url":"https:\/\/www.btv.md\/ro\/gripa-ataca-in-forta-tot-teritoriul-tarii\/","og_site_name":"BTV","article_publisher":"https:\/\/www.facebook.com\/btvmoldova\/","article_published_time":"2016-02-10T14:52:14+00:00","og_image":[{"width":646,"height":404,"url":"https:\/\/www.btv.md\/wp-content\/uploads\/2016\/02\/646x404-3.jpg","type":"image\/jpeg"}],"author":"admin","twitter_misc":{"Scris de":"admin","Timp estimat pentru citire":"1 minut"},"schema":{"@context":"https:\/\/schema.org","@graph":[{"@type":"Article","@id":"https:\/\/www.btv.md\/ro\/gripa-ataca-in-forta-tot-teritoriul-tarii\/#article","isPartOf":{"@id":"https:\/\/www.btv.md\/ro\/gripa-ataca-in-forta-tot-teritoriul-tarii\/"},"author":{"name":"admin","@id":"https:\/\/www.btv.md\/#\/schema\/person\/8fadce81561b3ce2c34c46dadc4ccbf2"},"headline":"GRIPA ATAC\u0102 \u00ceN FOR\u021a\u0102 TOT TERITORIUL \u021a\u0102RII","datePublished":"2016-02-10T14:52:14+00:00","mainEntityOfPage":{"@id":"https:\/\/www.btv.md\/ro\/gripa-ataca-in-forta-tot-teritoriul-tarii\/"},"wordCount":167,"image":{"@id":"https:\/\/www.btv.md\/ro\/gripa-ataca-in-forta-tot-teritoriul-tarii\/#primaryimage"},"thumbnailUrl":"https:\/\/www.btv.md\/wp-content\/uploads\/2016\/02\/646x404-3.jpg","articleSection":["Ora\u0219"],"inLanguage":"ro-RO"},{"@type":"WebPage","@id":"https:\/\/www.btv.md\/ro\/gripa-ataca-in-forta-tot-teritoriul-tarii\/","url":"https:\/\/www.btv.md\/ro\/gripa-ataca-in-forta-tot-teritoriul-tarii\/","name":"GRIPA ATAC\u0102 \u00ceN FOR\u021a\u0102 TOT TERITORIUL \u021a\u0102RII - BTV","isPartOf":{"@id":"https:\/\/www.btv.md\/#website"},"primaryImageOfPage":{"@id":"https:\/\/www.btv.md\/ro\/gripa-ataca-in-forta-tot-teritoriul-tarii\/#primaryimage"},"image":{"@id":"https:\/\/www.btv.md\/ro\/gripa-ataca-in-forta-tot-teritoriul-tarii\/#primaryimage"},"thumbnailUrl":"https:\/\/www.btv.md\/wp-content\/uploads\/2016\/02\/646x404-3.jpg","datePublished":"2016-02-10T14:52:14+00:00","author":{"@id":"https:\/\/www.btv.md\/#\/schema\/person\/8fadce81561b3ce2c34c46dadc4ccbf2"},"inLanguage":"ro-RO","potentialAction":[{"@type":"ReadAction","target":["https:\/\/www.btv.md\/ro\/gripa-ataca-in-forta-tot-teritoriul-tarii\/"]}]},{"@type":"ImageObject","inLanguage":"ro-RO","@id":"https:\/\/www.btv.md\/ro\/gripa-ataca-in-forta-tot-teritoriul-tarii\/#primaryimage","url":"https:\/\/www.btv.md\/wp-content\/uploads\/2016\/02\/646x404-3.jpg","contentUrl":"https:\/\/www.btv.md\/wp-content\/uploads\/2016\/02\/646x404-3.jpg","width":646,"height":404,"caption":"adevarul.ro"},{"@type":"WebSite","@id":"https:\/\/www.btv.md\/#website","url":"https:\/\/www.btv.md\/","name":"BTV","description":"\u0411\u0435\u043b\u044c\u0446\u043a\u043e\u0435 \u0442\u0435\u043b\u0435\u0432\u0438\u0434\u0435\u043d\u0438\u0435","potentialAction":[{"@type":"SearchAction","target":{"@type":"EntryPoint","urlTemplate":"https:\/\/www.btv.md\/?s={search_term_string}"},"query-input":{"@type":"PropertyValueSpecification","valueRequired":true,"valueName":"search_term_string"}}],"inLanguage":"ro-RO"},{"@type":"Person","@id":"https:\/\/www.btv.md\/#\/schema\/person\/8fadce81561b3ce2c34c46dadc4ccbf2","name":"admin"}]}},"_links":{"self":[{"href":"https:\/\/www.btv.md\/ro\/wp-json\/wp\/v2\/posts\/6883","targetHints":{"allow":["GET"]}}],"collection":[{"href":"https:\/\/www.btv.md\/ro\/wp-json\/wp\/v2\/posts"}],"about":[{"href":"https:\/\/www.btv.md\/ro\/wp-json\/wp\/v2\/types\/post"}],"author":[{"embeddable":true,"href":"https:\/\/www.btv.md\/ro\/wp-json\/wp\/v2\/users\/4"}],"replies":[{"embeddable":true,"href":"https:\/\/www.btv.md\/ro\/wp-json\/wp\/v2\/comments?post=6883"}],"version-history":[{"count":0,"href":"https:\/\/www.btv.md\/ro\/wp-json\/wp\/v2\/posts\/6883\/revisions"}],"wp:featuredmedia":[{"embeddable":true,"href":"https:\/\/www.btv.md\/ro\/wp-json\/wp\/v2\/media\/6884"}],"wp:attachment":[{"href":"https:\/\/www.btv.md\/ro\/wp-json\/wp\/v2\/media?parent=6883"}],"wp:term":[{"taxonomy":"category","embeddable":true,"href":"https:\/\/www.btv.md\/ro\/wp-json\/wp\/v2\/categories?post=6883"},{"taxonomy":"post_tag","embeddable":true,"href":"https:\/\/www.btv.md\/ro\/wp-json\/wp\/v2\/tags?post=6883"}],"curies":[{"name":"wp","href":"https:\/\/api.w.org\/{rel}","templated":true}]}}