{"id":6929,"date":"2016-02-11T17:41:26","date_gmt":"2016-02-11T14:41:26","guid":{"rendered":"http:\/\/btv.md\/?p=6929"},"modified":"2016-02-11T17:41:26","modified_gmt":"2016-02-11T14:41:26","slug":"curg-banii-pe-strazile-din-balti","status":"publish","type":"post","link":"https:\/\/www.btv.md\/ro\/curg-banii-pe-strazile-din-balti\/","title":{"rendered":"CURG BANII PE STR\u0102ZILE DIN B\u0102L\u021aI"},"content":{"rendered":"<p><strong>O por\u021biune a apeductului de pe strada \u0218tefan cel Mare din ora\u0219ul B\u0103l\u021bi s-a spart, \u00een consecin\u021b\u0103 tone de ap\u0103 au inundat acostamentul str\u0103zii. Reprezentan\u0163ii Regiei &#8222;Ap\u0103-Canal&#8221; spun c\u0103 defec\u0163iunea urma s\u0103 fie \u00eenl\u0103turat\u0103 imediat, \u00eens\u0103 drume\u021bii afirm\u0103 contrariul. De asemenea \u0219eful \u00eentreprinderii, Victor Corcodel, a precizat c\u0103 pierderile de ap\u0103 vor fi achitate de consumatori<\/strong><\/p>\n<p>\u201d<em>O parte din pierderile de ap\u0103 vor intra \u00een tarif \u0219i o parte va fi achitate de abona\u021bii \u201eAP\u0102-CANAL\u201d. \u00cen orice caz \u00eentreprinderea lucreaz\u0103 \u0219i ne vom str\u0103dui s\u0103 ac\u021bion\u0103m prompt la acest\u0103 problem\u0103.  Uneori se \u00eent\u00e2mpl\u0103 s\u0103 reac\u021bion\u0103m cu o \u00eent\u00e2rziere de o zi,<\/em>\u201d a declarat Victor Corcodel.<\/p>\n<p>Incidentul s-a produs \u00een apropiere de \u00eentreprinderea \u201e Re\u021belel Electrice de Distribu\u021beie  Nord. Potrvit angaja\u021bilor \u00eentreprinderii, apa izvor\u0103\u0219te \u00een zon\u0103 de c\u00e2teva luni. Iar locuitorii din preajm\u0103 care au dorit s\u0103 le p\u0103str\u0103m anonimatul au declarat pentru BTV, c\u0103 por\u021biunea  \u00een cauz\u0103 a fost deja reparat\u0103 odat\u0103 de angaja\u021bii \u201eAp\u0103-Canal\u201d, fapt confirmat \u0219i de \u0219eful \u00eentreprinderii.<\/p>\n<p>\u201d<em>De anul trecut aici izvor\u0103\u0219te apa.  Asta demonstreaz\u0103 c\u00e2t de bine muncesc cei de la Ap\u0103 Canal.  \u00cen apropiere de noi la fel se \u00eent\u00e2mpl\u0103 s\u0103 se sparg\u0103 des \u021beava. Ei vin \u0219i bat ni\u0219te cepuri \u0219i pleac\u0103. Angaja\u021bii spun c\u0103 cepurile sunt aduse din India.  De ce? Materialul acolo este mai bun.<\/em>\u201d<\/p>\n<p>Pentru renovarea apeductului \u00een municipiul B\u0103l\u021bi sunt necesare fonduri de peste 50 de milioane de euro. Lungimea apeductului \u00een municipiu este de peste 200 de kilometri. Un metru cub de ap\u0103 menajer\u0103 \u00een municipiul B\u0103l\u021bi cost\u0103 aproape 12 lei. <\/p>\n<p><iframe width=\"420\" height=\"315\" data-src=\"https:\/\/www.youtube.com\/embed\/p0hLNAwnxXw\" frameborder=\"0\" allowfullscreen src=\"data:image\/svg+xml;base64,PHN2ZyB3aWR0aD0iMSIgaGVpZ2h0PSIxIiB4bWxucz0iaHR0cDovL3d3dy53My5vcmcvMjAwMC9zdmciPjwvc3ZnPg==\" class=\"lazyload\" data-load-mode=\"1\"><\/iframe><\/p>\n","protected":false},"excerpt":{"rendered":"<p>O por\u021biune a apeductului de pe strada \u0218tefan cel Mare din ora\u0219ul B\u0103l\u021bi s-a spart, \u00een consecin\u021b\u0103 tone de ap\u0103 au inundat acostamentul str\u0103zii. Reprezentan\u0163ii Regiei &#8222;Ap\u0103-Canal&#8221; spun c\u0103 defec\u0163iunea urma s\u0103 fie \u00eenl\u0103turat\u0103 imediat, \u00eens\u0103 drume\u021bii afirm\u0103 contrariul. De asemenea \u0219eful \u00eentreprinderii, Victor Corcodel, a precizat c\u0103 pierderile de ap\u0103 vor fi achitate de [&hellip;]<\/p>\n","protected":false},"author":4,"featured_media":6930,"comment_status":"closed","ping_status":"closed","sticky":false,"template":"","format":"standard","meta":{"footnotes":""},"categories":[6353],"tags":[],"class_list":["post-6929","post","type-post","status-publish","format-standard","has-post-thumbnail","hentry","category-oras"],"yoast_head":"<!-- This site is optimized with the Yoast SEO plugin v27.4 - https:\/\/yoast.com\/product\/yoast-seo-wordpress\/ -->\n<title>CURG BANII PE STR\u0102ZILE DIN B\u0102L\u021aI - BTV<\/title>\n<meta name=\"robots\" content=\"index, follow, max-snippet:-1, max-image-preview:large, max-video-preview:-1\" \/>\n<link rel=\"canonical\" href=\"https:\/\/www.btv.md\/ro\/curg-banii-pe-strazile-din-balti\/\" \/>\n<meta property=\"og:locale\" content=\"ro_RO\" \/>\n<meta property=\"og:type\" content=\"article\" \/>\n<meta property=\"og:title\" content=\"CURG BANII PE STR\u0102ZILE DIN B\u0102L\u021aI - BTV\" \/>\n<meta property=\"og:description\" content=\"O por\u021biune a apeductului de pe strada \u0218tefan cel Mare din ora\u0219ul B\u0103l\u021bi s-a spart, \u00een consecin\u021b\u0103 tone de ap\u0103 au inundat acostamentul str\u0103zii. Reprezentan\u0163ii Regiei &#8222;Ap\u0103-Canal&#8221; spun c\u0103 defec\u0163iunea urma s\u0103 fie \u00eenl\u0103turat\u0103 imediat, \u00eens\u0103 drume\u021bii afirm\u0103 contrariul. De asemenea \u0219eful \u00eentreprinderii, Victor Corcodel, a precizat c\u0103 pierderile de ap\u0103 vor fi achitate de [&hellip;]\" \/>\n<meta property=\"og:url\" content=\"https:\/\/www.btv.md\/ro\/curg-banii-pe-strazile-din-balti\/\" \/>\n<meta property=\"og:site_name\" content=\"BTV\" \/>\n<meta property=\"article:publisher\" content=\"https:\/\/www.facebook.com\/btvmoldova\/\" \/>\n<meta property=\"article:published_time\" content=\"2016-02-11T14:41:26+00:00\" \/>\n<meta property=\"og:image\" content=\"https:\/\/www.btv.md\/wp-content\/uploads\/2016\/02\/apa.jpg\" \/>\n\t<meta property=\"og:image:width\" content=\"1007\" \/>\n\t<meta property=\"og:image:height\" content=\"555\" \/>\n\t<meta property=\"og:image:type\" content=\"image\/jpeg\" \/>\n<meta name=\"author\" content=\"admin\" \/>\n<meta name=\"twitter:label1\" content=\"Scris de\" \/>\n\t<meta name=\"twitter:data1\" content=\"admin\" \/>\n\t<meta name=\"twitter:label2\" content=\"Timp estimat pentru citire\" \/>\n\t<meta name=\"twitter:data2\" content=\"1 minut\" \/>\n<script type=\"application\/ld+json\" class=\"yoast-schema-graph\">{\"@context\":\"https:\\\/\\\/schema.org\",\"@graph\":[{\"@type\":\"Article\",\"@id\":\"https:\\\/\\\/www.btv.md\\\/ro\\\/curg-banii-pe-strazile-din-balti\\\/#article\",\"isPartOf\":{\"@id\":\"https:\\\/\\\/www.btv.md\\\/ro\\\/curg-banii-pe-strazile-din-balti\\\/\"},\"author\":{\"name\":\"admin\",\"@id\":\"https:\\\/\\\/www.btv.md\\\/#\\\/schema\\\/person\\\/8fadce81561b3ce2c34c46dadc4ccbf2\"},\"headline\":\"CURG BANII PE STR\u0102ZILE DIN B\u0102L\u021aI\",\"datePublished\":\"2016-02-11T14:41:26+00:00\",\"mainEntityOfPage\":{\"@id\":\"https:\\\/\\\/www.btv.md\\\/ro\\\/curg-banii-pe-strazile-din-balti\\\/\"},\"wordCount\":296,\"image\":{\"@id\":\"https:\\\/\\\/www.btv.md\\\/ro\\\/curg-banii-pe-strazile-din-balti\\\/#primaryimage\"},\"thumbnailUrl\":\"https:\\\/\\\/www.btv.md\\\/wp-content\\\/uploads\\\/2016\\\/02\\\/apa.jpg\",\"articleSection\":[\"Ora\u0219\"],\"inLanguage\":\"ro-RO\"},{\"@type\":\"WebPage\",\"@id\":\"https:\\\/\\\/www.btv.md\\\/ro\\\/curg-banii-pe-strazile-din-balti\\\/\",\"url\":\"https:\\\/\\\/www.btv.md\\\/ro\\\/curg-banii-pe-strazile-din-balti\\\/\",\"name\":\"CURG BANII PE STR\u0102ZILE DIN B\u0102L\u021aI - BTV\",\"isPartOf\":{\"@id\":\"https:\\\/\\\/www.btv.md\\\/#website\"},\"primaryImageOfPage\":{\"@id\":\"https:\\\/\\\/www.btv.md\\\/ro\\\/curg-banii-pe-strazile-din-balti\\\/#primaryimage\"},\"image\":{\"@id\":\"https:\\\/\\\/www.btv.md\\\/ro\\\/curg-banii-pe-strazile-din-balti\\\/#primaryimage\"},\"thumbnailUrl\":\"https:\\\/\\\/www.btv.md\\\/wp-content\\\/uploads\\\/2016\\\/02\\\/apa.jpg\",\"datePublished\":\"2016-02-11T14:41:26+00:00\",\"author\":{\"@id\":\"https:\\\/\\\/www.btv.md\\\/#\\\/schema\\\/person\\\/8fadce81561b3ce2c34c46dadc4ccbf2\"},\"inLanguage\":\"ro-RO\",\"potentialAction\":[{\"@type\":\"ReadAction\",\"target\":[\"https:\\\/\\\/www.btv.md\\\/ro\\\/curg-banii-pe-strazile-din-balti\\\/\"]}]},{\"@type\":\"ImageObject\",\"inLanguage\":\"ro-RO\",\"@id\":\"https:\\\/\\\/www.btv.md\\\/ro\\\/curg-banii-pe-strazile-din-balti\\\/#primaryimage\",\"url\":\"https:\\\/\\\/www.btv.md\\\/wp-content\\\/uploads\\\/2016\\\/02\\\/apa.jpg\",\"contentUrl\":\"https:\\\/\\\/www.btv.md\\\/wp-content\\\/uploads\\\/2016\\\/02\\\/apa.jpg\",\"width\":1007,\"height\":555},{\"@type\":\"WebSite\",\"@id\":\"https:\\\/\\\/www.btv.md\\\/#website\",\"url\":\"https:\\\/\\\/www.btv.md\\\/\",\"name\":\"BTV\",\"description\":\"\u0411\u0435\u043b\u044c\u0446\u043a\u043e\u0435 \u0442\u0435\u043b\u0435\u0432\u0438\u0434\u0435\u043d\u0438\u0435\",\"potentialAction\":[{\"@type\":\"SearchAction\",\"target\":{\"@type\":\"EntryPoint\",\"urlTemplate\":\"https:\\\/\\\/www.btv.md\\\/?s={search_term_string}\"},\"query-input\":{\"@type\":\"PropertyValueSpecification\",\"valueRequired\":true,\"valueName\":\"search_term_string\"}}],\"inLanguage\":\"ro-RO\"},{\"@type\":\"Person\",\"@id\":\"https:\\\/\\\/www.btv.md\\\/#\\\/schema\\\/person\\\/8fadce81561b3ce2c34c46dadc4ccbf2\",\"name\":\"admin\"}]}<\/script>\n<!-- \/ Yoast SEO plugin. -->","yoast_head_json":{"title":"CURG BANII PE STR\u0102ZILE DIN B\u0102L\u021aI - BTV","robots":{"index":"index","follow":"follow","max-snippet":"max-snippet:-1","max-image-preview":"max-image-preview:large","max-video-preview":"max-video-preview:-1"},"canonical":"https:\/\/www.btv.md\/ro\/curg-banii-pe-strazile-din-balti\/","og_locale":"ro_RO","og_type":"article","og_title":"CURG BANII PE STR\u0102ZILE DIN B\u0102L\u021aI - BTV","og_description":"O por\u021biune a apeductului de pe strada \u0218tefan cel Mare din ora\u0219ul B\u0103l\u021bi s-a spart, \u00een consecin\u021b\u0103 tone de ap\u0103 au inundat acostamentul str\u0103zii. Reprezentan\u0163ii Regiei &#8222;Ap\u0103-Canal&#8221; spun c\u0103 defec\u0163iunea urma s\u0103 fie \u00eenl\u0103turat\u0103 imediat, \u00eens\u0103 drume\u021bii afirm\u0103 contrariul. De asemenea \u0219eful \u00eentreprinderii, Victor Corcodel, a precizat c\u0103 pierderile de ap\u0103 vor fi achitate de [&hellip;]","og_url":"https:\/\/www.btv.md\/ro\/curg-banii-pe-strazile-din-balti\/","og_site_name":"BTV","article_publisher":"https:\/\/www.facebook.com\/btvmoldova\/","article_published_time":"2016-02-11T14:41:26+00:00","og_image":[{"width":1007,"height":555,"url":"https:\/\/www.btv.md\/wp-content\/uploads\/2016\/02\/apa.jpg","type":"image\/jpeg"}],"author":"admin","twitter_misc":{"Scris de":"admin","Timp estimat pentru citire":"1 minut"},"schema":{"@context":"https:\/\/schema.org","@graph":[{"@type":"Article","@id":"https:\/\/www.btv.md\/ro\/curg-banii-pe-strazile-din-balti\/#article","isPartOf":{"@id":"https:\/\/www.btv.md\/ro\/curg-banii-pe-strazile-din-balti\/"},"author":{"name":"admin","@id":"https:\/\/www.btv.md\/#\/schema\/person\/8fadce81561b3ce2c34c46dadc4ccbf2"},"headline":"CURG BANII PE STR\u0102ZILE DIN B\u0102L\u021aI","datePublished":"2016-02-11T14:41:26+00:00","mainEntityOfPage":{"@id":"https:\/\/www.btv.md\/ro\/curg-banii-pe-strazile-din-balti\/"},"wordCount":296,"image":{"@id":"https:\/\/www.btv.md\/ro\/curg-banii-pe-strazile-din-balti\/#primaryimage"},"thumbnailUrl":"https:\/\/www.btv.md\/wp-content\/uploads\/2016\/02\/apa.jpg","articleSection":["Ora\u0219"],"inLanguage":"ro-RO"},{"@type":"WebPage","@id":"https:\/\/www.btv.md\/ro\/curg-banii-pe-strazile-din-balti\/","url":"https:\/\/www.btv.md\/ro\/curg-banii-pe-strazile-din-balti\/","name":"CURG BANII PE STR\u0102ZILE DIN B\u0102L\u021aI - BTV","isPartOf":{"@id":"https:\/\/www.btv.md\/#website"},"primaryImageOfPage":{"@id":"https:\/\/www.btv.md\/ro\/curg-banii-pe-strazile-din-balti\/#primaryimage"},"image":{"@id":"https:\/\/www.btv.md\/ro\/curg-banii-pe-strazile-din-balti\/#primaryimage"},"thumbnailUrl":"https:\/\/www.btv.md\/wp-content\/uploads\/2016\/02\/apa.jpg","datePublished":"2016-02-11T14:41:26+00:00","author":{"@id":"https:\/\/www.btv.md\/#\/schema\/person\/8fadce81561b3ce2c34c46dadc4ccbf2"},"inLanguage":"ro-RO","potentialAction":[{"@type":"ReadAction","target":["https:\/\/www.btv.md\/ro\/curg-banii-pe-strazile-din-balti\/"]}]},{"@type":"ImageObject","inLanguage":"ro-RO","@id":"https:\/\/www.btv.md\/ro\/curg-banii-pe-strazile-din-balti\/#primaryimage","url":"https:\/\/www.btv.md\/wp-content\/uploads\/2016\/02\/apa.jpg","contentUrl":"https:\/\/www.btv.md\/wp-content\/uploads\/2016\/02\/apa.jpg","width":1007,"height":555},{"@type":"WebSite","@id":"https:\/\/www.btv.md\/#website","url":"https:\/\/www.btv.md\/","name":"BTV","description":"\u0411\u0435\u043b\u044c\u0446\u043a\u043e\u0435 \u0442\u0435\u043b\u0435\u0432\u0438\u0434\u0435\u043d\u0438\u0435","potentialAction":[{"@type":"SearchAction","target":{"@type":"EntryPoint","urlTemplate":"https:\/\/www.btv.md\/?s={search_term_string}"},"query-input":{"@type":"PropertyValueSpecification","valueRequired":true,"valueName":"search_term_string"}}],"inLanguage":"ro-RO"},{"@type":"Person","@id":"https:\/\/www.btv.md\/#\/schema\/person\/8fadce81561b3ce2c34c46dadc4ccbf2","name":"admin"}]}},"_links":{"self":[{"href":"https:\/\/www.btv.md\/ro\/wp-json\/wp\/v2\/posts\/6929","targetHints":{"allow":["GET"]}}],"collection":[{"href":"https:\/\/www.btv.md\/ro\/wp-json\/wp\/v2\/posts"}],"about":[{"href":"https:\/\/www.btv.md\/ro\/wp-json\/wp\/v2\/types\/post"}],"author":[{"embeddable":true,"href":"https:\/\/www.btv.md\/ro\/wp-json\/wp\/v2\/users\/4"}],"replies":[{"embeddable":true,"href":"https:\/\/www.btv.md\/ro\/wp-json\/wp\/v2\/comments?post=6929"}],"version-history":[{"count":0,"href":"https:\/\/www.btv.md\/ro\/wp-json\/wp\/v2\/posts\/6929\/revisions"}],"wp:featuredmedia":[{"embeddable":true,"href":"https:\/\/www.btv.md\/ro\/wp-json\/wp\/v2\/media\/6930"}],"wp:attachment":[{"href":"https:\/\/www.btv.md\/ro\/wp-json\/wp\/v2\/media?parent=6929"}],"wp:term":[{"taxonomy":"category","embeddable":true,"href":"https:\/\/www.btv.md\/ro\/wp-json\/wp\/v2\/categories?post=6929"},{"taxonomy":"post_tag","embeddable":true,"href":"https:\/\/www.btv.md\/ro\/wp-json\/wp\/v2\/tags?post=6929"}],"curies":[{"name":"wp","href":"https:\/\/api.w.org\/{rel}","templated":true}]}}