{"id":6949,"date":"2016-02-12T12:02:33","date_gmt":"2016-02-12T09:02:33","guid":{"rendered":"http:\/\/btv.md\/?p=6949"},"modified":"2016-02-12T12:02:33","modified_gmt":"2016-02-12T09:02:33","slug":"caile-ferate-din-moldova-vor-fi-modernizate","status":"publish","type":"post","link":"https:\/\/www.btv.md\/ro\/caile-ferate-din-moldova-vor-fi-modernizate\/","title":{"rendered":"C\u0102ILE  FERATE  DIN  MOLDOVA  VOR  FI   MODERNIZATE"},"content":{"rendered":"<p><strong>Guvernul a aprobat  proiectul de lege privind ratificarea Acordului de grant dintre Republica Moldova \u015fi Banca European\u0103 pentru Reconstruc\u0163ie \u015fi Dezvoltare (BERD), scrie <a href=\"http:\/\/unimedia.info\/stiri\/caile-ferate-din-moldova-vor-fi-modernizate--berd-va-acorda-un-grant-de-250-de-mii-de-euro-109321.html\" target=\"_blank\">Unimedia.md<\/a>.<\/strong><\/p>\n<p>Documentul face parte din Proiectul de Restructurare a C\u0103ilor Ferate din Moldova, implementat cu suportul BERD.<br \/>\n\u00cen urma ratific\u0103rii Acordului men\u0163ionat, Republica Moldova va beneficia de 250 de mii de euro, sub form\u0103 de grant, din sursele financiare ale Fondului special BERD. Banii sunt destina\u0163i implement\u0103rii noilor practici \u015fi strategii pe termen scurt sau lung \u00een domeniul dezvolt\u0103rii sistemului feroviar.<\/p>\n<p>Acordul respectiv are ca scop implementarea reformelor \u00een sectorul feroviar, stabilite \u00een Agenda de Asociere Republica Moldova &#8211; Uniunea European\u0103, precum \u015fi \u00een Strategia de Transport \u015fi Logistic\u0103 2013-2022.<\/p>\n<p>Documentul urmeaz\u0103 a fi prezentat spre examinare Pre\u015fedintelui Republicii Moldova.<\/p>\n","protected":false},"excerpt":{"rendered":"<p>Guvernul a aprobat proiectul de lege privind ratificarea Acordului de grant dintre Republica Moldova \u015fi Banca European\u0103 pentru Reconstruc\u0163ie \u015fi Dezvoltare (BERD), scrie Unimedia.md. Documentul face parte din Proiectul de Restructurare a C\u0103ilor Ferate din Moldova, implementat cu suportul BERD. \u00cen urma ratific\u0103rii Acordului men\u0163ionat, Republica Moldova va beneficia de 250 de mii de euro, [&hellip;]<\/p>\n","protected":false},"author":4,"featured_media":6950,"comment_status":"closed","ping_status":"closed","sticky":false,"template":"","format":"standard","meta":{"footnotes":""},"categories":[7],"tags":[],"class_list":["post-6949","post","type-post","status-publish","format-standard","has-post-thumbnail","hentry","category-economie"],"yoast_head":"<!-- This site is optimized with the Yoast SEO plugin v27.4 - https:\/\/yoast.com\/product\/yoast-seo-wordpress\/ -->\n<title>C\u0102ILE FERATE DIN MOLDOVA VOR FI  MODERNIZATE - BTV<\/title>\n<meta name=\"robots\" content=\"index, follow, max-snippet:-1, max-image-preview:large, max-video-preview:-1\" \/>\n<link rel=\"canonical\" href=\"https:\/\/www.btv.md\/ro\/caile-ferate-din-moldova-vor-fi-modernizate\/\" \/>\n<meta property=\"og:locale\" content=\"ro_RO\" \/>\n<meta property=\"og:type\" content=\"article\" \/>\n<meta property=\"og:title\" content=\"C\u0102ILE FERATE DIN MOLDOVA VOR FI  MODERNIZATE - BTV\" \/>\n<meta property=\"og:description\" content=\"Guvernul a aprobat proiectul de lege privind ratificarea Acordului de grant dintre Republica Moldova \u015fi Banca European\u0103 pentru Reconstruc\u0163ie \u015fi Dezvoltare (BERD), scrie Unimedia.md. Documentul face parte din Proiectul de Restructurare a C\u0103ilor Ferate din Moldova, implementat cu suportul BERD. \u00cen urma ratific\u0103rii Acordului men\u0163ionat, Republica Moldova va beneficia de 250 de mii de euro, [&hellip;]\" \/>\n<meta property=\"og:url\" content=\"https:\/\/www.btv.md\/ro\/caile-ferate-din-moldova-vor-fi-modernizate\/\" \/>\n<meta property=\"og:site_name\" content=\"BTV\" \/>\n<meta property=\"article:publisher\" content=\"https:\/\/www.facebook.com\/btvmoldova\/\" \/>\n<meta property=\"article:published_time\" content=\"2016-02-12T09:02:33+00:00\" \/>\n<meta property=\"og:image\" content=\"https:\/\/www.btv.md\/wp-content\/uploads\/2016\/02\/cale_ferata_turda_campia_turzii-586x319.jpg\" \/>\n\t<meta property=\"og:image:width\" content=\"586\" \/>\n\t<meta property=\"og:image:height\" content=\"319\" \/>\n\t<meta property=\"og:image:type\" content=\"image\/jpeg\" \/>\n<meta name=\"author\" content=\"admin\" \/>\n<meta name=\"twitter:label1\" content=\"Scris de\" \/>\n\t<meta name=\"twitter:data1\" content=\"admin\" \/>\n\t<meta name=\"twitter:label2\" content=\"Timp estimat pentru citire\" \/>\n\t<meta name=\"twitter:data2\" content=\"1 minut\" \/>\n<script type=\"application\/ld+json\" class=\"yoast-schema-graph\">{\"@context\":\"https:\\\/\\\/schema.org\",\"@graph\":[{\"@type\":\"Article\",\"@id\":\"https:\\\/\\\/www.btv.md\\\/ro\\\/caile-ferate-din-moldova-vor-fi-modernizate\\\/#article\",\"isPartOf\":{\"@id\":\"https:\\\/\\\/www.btv.md\\\/ro\\\/caile-ferate-din-moldova-vor-fi-modernizate\\\/\"},\"author\":{\"name\":\"admin\",\"@id\":\"https:\\\/\\\/www.btv.md\\\/#\\\/schema\\\/person\\\/8fadce81561b3ce2c34c46dadc4ccbf2\"},\"headline\":\"C\u0102ILE FERATE DIN MOLDOVA VOR FI MODERNIZATE\",\"datePublished\":\"2016-02-12T09:02:33+00:00\",\"mainEntityOfPage\":{\"@id\":\"https:\\\/\\\/www.btv.md\\\/ro\\\/caile-ferate-din-moldova-vor-fi-modernizate\\\/\"},\"wordCount\":139,\"image\":{\"@id\":\"https:\\\/\\\/www.btv.md\\\/ro\\\/caile-ferate-din-moldova-vor-fi-modernizate\\\/#primaryimage\"},\"thumbnailUrl\":\"https:\\\/\\\/www.btv.md\\\/wp-content\\\/uploads\\\/2016\\\/02\\\/cale_ferata_turda_campia_turzii-586x319.jpg\",\"articleSection\":[\"\u042d\u043a\u043e\u043d\u043e\u043c\u0438\u043a\u0430\"],\"inLanguage\":\"ro-RO\"},{\"@type\":\"WebPage\",\"@id\":\"https:\\\/\\\/www.btv.md\\\/ro\\\/caile-ferate-din-moldova-vor-fi-modernizate\\\/\",\"url\":\"https:\\\/\\\/www.btv.md\\\/ro\\\/caile-ferate-din-moldova-vor-fi-modernizate\\\/\",\"name\":\"C\u0102ILE FERATE DIN MOLDOVA VOR FI MODERNIZATE - BTV\",\"isPartOf\":{\"@id\":\"https:\\\/\\\/www.btv.md\\\/#website\"},\"primaryImageOfPage\":{\"@id\":\"https:\\\/\\\/www.btv.md\\\/ro\\\/caile-ferate-din-moldova-vor-fi-modernizate\\\/#primaryimage\"},\"image\":{\"@id\":\"https:\\\/\\\/www.btv.md\\\/ro\\\/caile-ferate-din-moldova-vor-fi-modernizate\\\/#primaryimage\"},\"thumbnailUrl\":\"https:\\\/\\\/www.btv.md\\\/wp-content\\\/uploads\\\/2016\\\/02\\\/cale_ferata_turda_campia_turzii-586x319.jpg\",\"datePublished\":\"2016-02-12T09:02:33+00:00\",\"author\":{\"@id\":\"https:\\\/\\\/www.btv.md\\\/#\\\/schema\\\/person\\\/8fadce81561b3ce2c34c46dadc4ccbf2\"},\"inLanguage\":\"ro-RO\",\"potentialAction\":[{\"@type\":\"ReadAction\",\"target\":[\"https:\\\/\\\/www.btv.md\\\/ro\\\/caile-ferate-din-moldova-vor-fi-modernizate\\\/\"]}]},{\"@type\":\"ImageObject\",\"inLanguage\":\"ro-RO\",\"@id\":\"https:\\\/\\\/www.btv.md\\\/ro\\\/caile-ferate-din-moldova-vor-fi-modernizate\\\/#primaryimage\",\"url\":\"https:\\\/\\\/www.btv.md\\\/wp-content\\\/uploads\\\/2016\\\/02\\\/cale_ferata_turda_campia_turzii-586x319.jpg\",\"contentUrl\":\"https:\\\/\\\/www.btv.md\\\/wp-content\\\/uploads\\\/2016\\\/02\\\/cale_ferata_turda_campia_turzii-586x319.jpg\",\"width\":586,\"height\":319,\"caption\":\"independent.md\"},{\"@type\":\"WebSite\",\"@id\":\"https:\\\/\\\/www.btv.md\\\/#website\",\"url\":\"https:\\\/\\\/www.btv.md\\\/\",\"name\":\"BTV\",\"description\":\"\u0411\u0435\u043b\u044c\u0446\u043a\u043e\u0435 \u0442\u0435\u043b\u0435\u0432\u0438\u0434\u0435\u043d\u0438\u0435\",\"potentialAction\":[{\"@type\":\"SearchAction\",\"target\":{\"@type\":\"EntryPoint\",\"urlTemplate\":\"https:\\\/\\\/www.btv.md\\\/?s={search_term_string}\"},\"query-input\":{\"@type\":\"PropertyValueSpecification\",\"valueRequired\":true,\"valueName\":\"search_term_string\"}}],\"inLanguage\":\"ro-RO\"},{\"@type\":\"Person\",\"@id\":\"https:\\\/\\\/www.btv.md\\\/#\\\/schema\\\/person\\\/8fadce81561b3ce2c34c46dadc4ccbf2\",\"name\":\"admin\"}]}<\/script>\n<!-- \/ Yoast SEO plugin. -->","yoast_head_json":{"title":"C\u0102ILE FERATE DIN MOLDOVA VOR FI  MODERNIZATE - BTV","robots":{"index":"index","follow":"follow","max-snippet":"max-snippet:-1","max-image-preview":"max-image-preview:large","max-video-preview":"max-video-preview:-1"},"canonical":"https:\/\/www.btv.md\/ro\/caile-ferate-din-moldova-vor-fi-modernizate\/","og_locale":"ro_RO","og_type":"article","og_title":"C\u0102ILE FERATE DIN MOLDOVA VOR FI  MODERNIZATE - BTV","og_description":"Guvernul a aprobat proiectul de lege privind ratificarea Acordului de grant dintre Republica Moldova \u015fi Banca European\u0103 pentru Reconstruc\u0163ie \u015fi Dezvoltare (BERD), scrie Unimedia.md. Documentul face parte din Proiectul de Restructurare a C\u0103ilor Ferate din Moldova, implementat cu suportul BERD. \u00cen urma ratific\u0103rii Acordului men\u0163ionat, Republica Moldova va beneficia de 250 de mii de euro, [&hellip;]","og_url":"https:\/\/www.btv.md\/ro\/caile-ferate-din-moldova-vor-fi-modernizate\/","og_site_name":"BTV","article_publisher":"https:\/\/www.facebook.com\/btvmoldova\/","article_published_time":"2016-02-12T09:02:33+00:00","og_image":[{"width":586,"height":319,"url":"https:\/\/www.btv.md\/wp-content\/uploads\/2016\/02\/cale_ferata_turda_campia_turzii-586x319.jpg","type":"image\/jpeg"}],"author":"admin","twitter_misc":{"Scris de":"admin","Timp estimat pentru citire":"1 minut"},"schema":{"@context":"https:\/\/schema.org","@graph":[{"@type":"Article","@id":"https:\/\/www.btv.md\/ro\/caile-ferate-din-moldova-vor-fi-modernizate\/#article","isPartOf":{"@id":"https:\/\/www.btv.md\/ro\/caile-ferate-din-moldova-vor-fi-modernizate\/"},"author":{"name":"admin","@id":"https:\/\/www.btv.md\/#\/schema\/person\/8fadce81561b3ce2c34c46dadc4ccbf2"},"headline":"C\u0102ILE FERATE DIN MOLDOVA VOR FI MODERNIZATE","datePublished":"2016-02-12T09:02:33+00:00","mainEntityOfPage":{"@id":"https:\/\/www.btv.md\/ro\/caile-ferate-din-moldova-vor-fi-modernizate\/"},"wordCount":139,"image":{"@id":"https:\/\/www.btv.md\/ro\/caile-ferate-din-moldova-vor-fi-modernizate\/#primaryimage"},"thumbnailUrl":"https:\/\/www.btv.md\/wp-content\/uploads\/2016\/02\/cale_ferata_turda_campia_turzii-586x319.jpg","articleSection":["\u042d\u043a\u043e\u043d\u043e\u043c\u0438\u043a\u0430"],"inLanguage":"ro-RO"},{"@type":"WebPage","@id":"https:\/\/www.btv.md\/ro\/caile-ferate-din-moldova-vor-fi-modernizate\/","url":"https:\/\/www.btv.md\/ro\/caile-ferate-din-moldova-vor-fi-modernizate\/","name":"C\u0102ILE FERATE DIN MOLDOVA VOR FI MODERNIZATE - BTV","isPartOf":{"@id":"https:\/\/www.btv.md\/#website"},"primaryImageOfPage":{"@id":"https:\/\/www.btv.md\/ro\/caile-ferate-din-moldova-vor-fi-modernizate\/#primaryimage"},"image":{"@id":"https:\/\/www.btv.md\/ro\/caile-ferate-din-moldova-vor-fi-modernizate\/#primaryimage"},"thumbnailUrl":"https:\/\/www.btv.md\/wp-content\/uploads\/2016\/02\/cale_ferata_turda_campia_turzii-586x319.jpg","datePublished":"2016-02-12T09:02:33+00:00","author":{"@id":"https:\/\/www.btv.md\/#\/schema\/person\/8fadce81561b3ce2c34c46dadc4ccbf2"},"inLanguage":"ro-RO","potentialAction":[{"@type":"ReadAction","target":["https:\/\/www.btv.md\/ro\/caile-ferate-din-moldova-vor-fi-modernizate\/"]}]},{"@type":"ImageObject","inLanguage":"ro-RO","@id":"https:\/\/www.btv.md\/ro\/caile-ferate-din-moldova-vor-fi-modernizate\/#primaryimage","url":"https:\/\/www.btv.md\/wp-content\/uploads\/2016\/02\/cale_ferata_turda_campia_turzii-586x319.jpg","contentUrl":"https:\/\/www.btv.md\/wp-content\/uploads\/2016\/02\/cale_ferata_turda_campia_turzii-586x319.jpg","width":586,"height":319,"caption":"independent.md"},{"@type":"WebSite","@id":"https:\/\/www.btv.md\/#website","url":"https:\/\/www.btv.md\/","name":"BTV","description":"\u0411\u0435\u043b\u044c\u0446\u043a\u043e\u0435 \u0442\u0435\u043b\u0435\u0432\u0438\u0434\u0435\u043d\u0438\u0435","potentialAction":[{"@type":"SearchAction","target":{"@type":"EntryPoint","urlTemplate":"https:\/\/www.btv.md\/?s={search_term_string}"},"query-input":{"@type":"PropertyValueSpecification","valueRequired":true,"valueName":"search_term_string"}}],"inLanguage":"ro-RO"},{"@type":"Person","@id":"https:\/\/www.btv.md\/#\/schema\/person\/8fadce81561b3ce2c34c46dadc4ccbf2","name":"admin"}]}},"_links":{"self":[{"href":"https:\/\/www.btv.md\/ro\/wp-json\/wp\/v2\/posts\/6949","targetHints":{"allow":["GET"]}}],"collection":[{"href":"https:\/\/www.btv.md\/ro\/wp-json\/wp\/v2\/posts"}],"about":[{"href":"https:\/\/www.btv.md\/ro\/wp-json\/wp\/v2\/types\/post"}],"author":[{"embeddable":true,"href":"https:\/\/www.btv.md\/ro\/wp-json\/wp\/v2\/users\/4"}],"replies":[{"embeddable":true,"href":"https:\/\/www.btv.md\/ro\/wp-json\/wp\/v2\/comments?post=6949"}],"version-history":[{"count":0,"href":"https:\/\/www.btv.md\/ro\/wp-json\/wp\/v2\/posts\/6949\/revisions"}],"wp:featuredmedia":[{"embeddable":true,"href":"https:\/\/www.btv.md\/ro\/wp-json\/wp\/v2\/media\/6950"}],"wp:attachment":[{"href":"https:\/\/www.btv.md\/ro\/wp-json\/wp\/v2\/media?parent=6949"}],"wp:term":[{"taxonomy":"category","embeddable":true,"href":"https:\/\/www.btv.md\/ro\/wp-json\/wp\/v2\/categories?post=6949"},{"taxonomy":"post_tag","embeddable":true,"href":"https:\/\/www.btv.md\/ro\/wp-json\/wp\/v2\/tags?post=6949"}],"curies":[{"name":"wp","href":"https:\/\/api.w.org\/{rel}","templated":true}]}}