{"id":6952,"date":"2016-02-12T12:06:41","date_gmt":"2016-02-12T09:06:41","guid":{"rendered":"http:\/\/btv.md\/?p=6952"},"modified":"2016-02-12T12:07:48","modified_gmt":"2016-02-12T09:07:48","slug":"ministerul-muncii-instista-sa-fie-majorata-varsta-de-pensionare","status":"publish","type":"post","link":"https:\/\/www.btv.md\/ro\/ministerul-muncii-instista-sa-fie-majorata-varsta-de-pensionare\/","title":{"rendered":"MINISTERUL  MUNCII  INSTIST\u0102  S\u0102  FIE  MAJORAT\u0102  V\u00c2RSTA DE  PENSIONARE"},"content":{"rendered":"<p><strong>La moment are loc elaborarea reformei cu privire la pensii. Deja se \u0219tie c\u0103 majorarea v\u00e2rstei de pensionare \u00een Moldova se va face pe etape, informeaz\u0103 <a href=\"http:\/\/sputnik.md\/moldova\/20160211\/4620712.html#ixzz3zw79Ncsf\" target=\"_blank\">Sputnik.md<\/a>.<\/strong><\/p>\n<p>Ministerul Muncii, Protec\u021biei Sociale \u0219i Familiei este nevoit s\u0103 recurg\u0103 la m\u0103suri dureroase, pentru c\u0103 implementarea reformei sistemului de pensii a tot fost am\u00e2nat\u0103, a declarat mar\u021bi \u00een cadrul unei conferin\u021be de pres\u0103 \u0219efa acestei institu\u0163ii, Stela Grigora\u015f.<\/p>\n<p>\u201d<em>Moldova nu se deosebe\u0219te de alte \u021b\u0103ri. Tendin\u021bele din \u00eentreaga lume se reflect\u0103 \u00een faptul c\u0103 oamenii au \u00eenceput s\u0103 tr\u0103iasc\u0103 mai mult \u0219i c\u0103 pragul de pensionare trebuie majorat. Din acest motiv, Moldova trebuie s\u0103 fie parte a procesului general. Noi trebuie s\u0103 \u00eentreprindem pa\u0219i, fie \u015fi mici, dar concre\u021bi \u00een acest sens<\/em>&#8222;, a spus ministrul.<\/p>\n<p>Reprezentan\u021bii departamentului subliniaz\u0103 c\u0103 \u00een prezent are loc elaborarea reformei sistemului de pensii. Deja se \u0219tie c\u0103 majorarea v\u00e2rstei de pensie se va face pe etape.<\/p>\n<p>&#8222;<em>Desigur, pragul de pensionare nu va fi majorat din start cu cinci ani. Aceasta va fi o procedur\u0103 pe etape, ea va prevedea majorarea pragului la fiecare trei luni sau la fiecare \u0219ase luni. Noi examin\u0103m diferite variante. Concep\u021bia reformei va fi discutat\u0103 cu societatea civil\u0103 \u0219i cu partenerii interna\u021bionali<\/em>&#8222;, a explicat viceministrul muncii \u0219i protec\u021biei sociale Laura, Grecu.<\/p>\n<p>Ministerul Muncii inten\u021bioneaz\u0103 s\u0103 revin\u0103 la problema cu privire la unificarea sistemului de calculare a pensiilor pentru toate categoriile de cet\u0103\u021beni, indiferent de func\u021biile pe care le-au ocupat anterior. Conducerea institu\u0163iei de profil consider\u0103 c\u0103 pensiile pentru deputa\u021bi, func\u021bionarii de stat \u0219i alte categorii de popula\u021bie trebuie s\u0103 fie calculate dup\u0103 acelea\u0219i reguli.<\/p>\n<p>\u00cen 2015, Banca Mondial\u0103 (BM), la rug\u0103mintea Guvernului Moldovei, a efectuat o analiz\u0103 a sistemului de pensionare din Moldova. Autorii cercet\u0103rii au recomandat autorit\u0103\u021bilor s\u0103 creasc\u0103 v\u00e2rsta de pensionare \u0219i s\u0103 o egaleze pentru b\u0103rba\u021bi \u0219i femei.<\/p>\n","protected":false},"excerpt":{"rendered":"<p>La moment are loc elaborarea reformei cu privire la pensii. Deja se \u0219tie c\u0103 majorarea v\u00e2rstei de pensionare \u00een Moldova se va face pe etape, informeaz\u0103 Sputnik.md. Ministerul Muncii, Protec\u021biei Sociale \u0219i Familiei este nevoit s\u0103 recurg\u0103 la m\u0103suri dureroase, pentru c\u0103 implementarea reformei sistemului de pensii a tot fost am\u00e2nat\u0103, a declarat mar\u021bi \u00een [&hellip;]<\/p>\n","protected":false},"author":4,"featured_media":6955,"comment_status":"closed","ping_status":"closed","sticky":false,"template":"","format":"standard","meta":{"footnotes":""},"categories":[6349],"tags":[],"class_list":["post-6952","post","type-post","status-publish","format-standard","has-post-thumbnail","hentry","category-social"],"yoast_head":"<!-- This site is optimized with the Yoast SEO plugin v27.4 - https:\/\/yoast.com\/product\/yoast-seo-wordpress\/ -->\n<title>MINISTERUL MUNCII INSTIST\u0102 S\u0102 FIE MAJORAT\u0102 V\u00c2RSTA DE PENSIONARE  - BTV<\/title>\n<meta name=\"robots\" content=\"index, follow, max-snippet:-1, max-image-preview:large, max-video-preview:-1\" \/>\n<link rel=\"canonical\" href=\"https:\/\/www.btv.md\/ro\/ministerul-muncii-instista-sa-fie-majorata-varsta-de-pensionare\/\" \/>\n<meta property=\"og:locale\" content=\"ro_RO\" \/>\n<meta property=\"og:type\" content=\"article\" \/>\n<meta property=\"og:title\" content=\"MINISTERUL MUNCII INSTIST\u0102 S\u0102 FIE MAJORAT\u0102 V\u00c2RSTA DE PENSIONARE  - BTV\" \/>\n<meta property=\"og:description\" content=\"La moment are loc elaborarea reformei cu privire la pensii. Deja se \u0219tie c\u0103 majorarea v\u00e2rstei de pensionare \u00een Moldova se va face pe etape, informeaz\u0103 Sputnik.md. Ministerul Muncii, Protec\u021biei Sociale \u0219i Familiei este nevoit s\u0103 recurg\u0103 la m\u0103suri dureroase, pentru c\u0103 implementarea reformei sistemului de pensii a tot fost am\u00e2nat\u0103, a declarat mar\u021bi \u00een [&hellip;]\" \/>\n<meta property=\"og:url\" content=\"https:\/\/www.btv.md\/ro\/ministerul-muncii-instista-sa-fie-majorata-varsta-de-pensionare\/\" \/>\n<meta property=\"og:site_name\" content=\"BTV\" \/>\n<meta property=\"article:publisher\" content=\"https:\/\/www.facebook.com\/btvmoldova\/\" \/>\n<meta property=\"article:published_time\" content=\"2016-02-12T09:06:41+00:00\" \/>\n<meta property=\"article:modified_time\" content=\"2016-02-12T09:07:48+00:00\" \/>\n<meta property=\"og:image\" content=\"https:\/\/www.btv.md\/wp-content\/uploads\/2016\/02\/clipboard01_47-465x390.jpg\" \/>\n\t<meta property=\"og:image:width\" content=\"605\" \/>\n\t<meta property=\"og:image:height\" content=\"388\" \/>\n\t<meta property=\"og:image:type\" content=\"image\/jpeg\" \/>\n<meta name=\"author\" content=\"admin\" \/>\n<meta name=\"twitter:label1\" content=\"Scris de\" \/>\n\t<meta name=\"twitter:data1\" content=\"admin\" \/>\n\t<meta name=\"twitter:label2\" content=\"Timp estimat pentru citire\" \/>\n\t<meta name=\"twitter:data2\" content=\"2 minute\" \/>\n<script type=\"application\/ld+json\" class=\"yoast-schema-graph\">{\"@context\":\"https:\\\/\\\/schema.org\",\"@graph\":[{\"@type\":\"Article\",\"@id\":\"https:\\\/\\\/www.btv.md\\\/ro\\\/ministerul-muncii-instista-sa-fie-majorata-varsta-de-pensionare\\\/#article\",\"isPartOf\":{\"@id\":\"https:\\\/\\\/www.btv.md\\\/ro\\\/ministerul-muncii-instista-sa-fie-majorata-varsta-de-pensionare\\\/\"},\"author\":{\"name\":\"admin\",\"@id\":\"https:\\\/\\\/www.btv.md\\\/#\\\/schema\\\/person\\\/8fadce81561b3ce2c34c46dadc4ccbf2\"},\"headline\":\"MINISTERUL MUNCII INSTIST\u0102 S\u0102 FIE MAJORAT\u0102 V\u00c2RSTA DE PENSIONARE\",\"datePublished\":\"2016-02-12T09:06:41+00:00\",\"dateModified\":\"2016-02-12T09:07:48+00:00\",\"mainEntityOfPage\":{\"@id\":\"https:\\\/\\\/www.btv.md\\\/ro\\\/ministerul-muncii-instista-sa-fie-majorata-varsta-de-pensionare\\\/\"},\"wordCount\":339,\"image\":{\"@id\":\"https:\\\/\\\/www.btv.md\\\/ro\\\/ministerul-muncii-instista-sa-fie-majorata-varsta-de-pensionare\\\/#primaryimage\"},\"thumbnailUrl\":\"https:\\\/\\\/www.btv.md\\\/wp-content\\\/uploads\\\/2016\\\/02\\\/clipboard01_47-465x390.jpg\",\"articleSection\":[\"Social\"],\"inLanguage\":\"ro-RO\"},{\"@type\":\"WebPage\",\"@id\":\"https:\\\/\\\/www.btv.md\\\/ro\\\/ministerul-muncii-instista-sa-fie-majorata-varsta-de-pensionare\\\/\",\"url\":\"https:\\\/\\\/www.btv.md\\\/ro\\\/ministerul-muncii-instista-sa-fie-majorata-varsta-de-pensionare\\\/\",\"name\":\"MINISTERUL MUNCII INSTIST\u0102 S\u0102 FIE MAJORAT\u0102 V\u00c2RSTA DE PENSIONARE - BTV\",\"isPartOf\":{\"@id\":\"https:\\\/\\\/www.btv.md\\\/#website\"},\"primaryImageOfPage\":{\"@id\":\"https:\\\/\\\/www.btv.md\\\/ro\\\/ministerul-muncii-instista-sa-fie-majorata-varsta-de-pensionare\\\/#primaryimage\"},\"image\":{\"@id\":\"https:\\\/\\\/www.btv.md\\\/ro\\\/ministerul-muncii-instista-sa-fie-majorata-varsta-de-pensionare\\\/#primaryimage\"},\"thumbnailUrl\":\"https:\\\/\\\/www.btv.md\\\/wp-content\\\/uploads\\\/2016\\\/02\\\/clipboard01_47-465x390.jpg\",\"datePublished\":\"2016-02-12T09:06:41+00:00\",\"dateModified\":\"2016-02-12T09:07:48+00:00\",\"author\":{\"@id\":\"https:\\\/\\\/www.btv.md\\\/#\\\/schema\\\/person\\\/8fadce81561b3ce2c34c46dadc4ccbf2\"},\"inLanguage\":\"ro-RO\",\"potentialAction\":[{\"@type\":\"ReadAction\",\"target\":[\"https:\\\/\\\/www.btv.md\\\/ro\\\/ministerul-muncii-instista-sa-fie-majorata-varsta-de-pensionare\\\/\"]}]},{\"@type\":\"ImageObject\",\"inLanguage\":\"ro-RO\",\"@id\":\"https:\\\/\\\/www.btv.md\\\/ro\\\/ministerul-muncii-instista-sa-fie-majorata-varsta-de-pensionare\\\/#primaryimage\",\"url\":\"https:\\\/\\\/www.btv.md\\\/wp-content\\\/uploads\\\/2016\\\/02\\\/clipboard01_47-465x390.jpg\",\"contentUrl\":\"https:\\\/\\\/www.btv.md\\\/wp-content\\\/uploads\\\/2016\\\/02\\\/clipboard01_47-465x390.jpg\",\"width\":605,\"height\":388,\"caption\":\"www.evz.ro\"},{\"@type\":\"WebSite\",\"@id\":\"https:\\\/\\\/www.btv.md\\\/#website\",\"url\":\"https:\\\/\\\/www.btv.md\\\/\",\"name\":\"BTV\",\"description\":\"\u0411\u0435\u043b\u044c\u0446\u043a\u043e\u0435 \u0442\u0435\u043b\u0435\u0432\u0438\u0434\u0435\u043d\u0438\u0435\",\"potentialAction\":[{\"@type\":\"SearchAction\",\"target\":{\"@type\":\"EntryPoint\",\"urlTemplate\":\"https:\\\/\\\/www.btv.md\\\/?s={search_term_string}\"},\"query-input\":{\"@type\":\"PropertyValueSpecification\",\"valueRequired\":true,\"valueName\":\"search_term_string\"}}],\"inLanguage\":\"ro-RO\"},{\"@type\":\"Person\",\"@id\":\"https:\\\/\\\/www.btv.md\\\/#\\\/schema\\\/person\\\/8fadce81561b3ce2c34c46dadc4ccbf2\",\"name\":\"admin\"}]}<\/script>\n<!-- \/ Yoast SEO plugin. -->","yoast_head_json":{"title":"MINISTERUL MUNCII INSTIST\u0102 S\u0102 FIE MAJORAT\u0102 V\u00c2RSTA DE PENSIONARE  - BTV","robots":{"index":"index","follow":"follow","max-snippet":"max-snippet:-1","max-image-preview":"max-image-preview:large","max-video-preview":"max-video-preview:-1"},"canonical":"https:\/\/www.btv.md\/ro\/ministerul-muncii-instista-sa-fie-majorata-varsta-de-pensionare\/","og_locale":"ro_RO","og_type":"article","og_title":"MINISTERUL MUNCII INSTIST\u0102 S\u0102 FIE MAJORAT\u0102 V\u00c2RSTA DE PENSIONARE  - BTV","og_description":"La moment are loc elaborarea reformei cu privire la pensii. Deja se \u0219tie c\u0103 majorarea v\u00e2rstei de pensionare \u00een Moldova se va face pe etape, informeaz\u0103 Sputnik.md. Ministerul Muncii, Protec\u021biei Sociale \u0219i Familiei este nevoit s\u0103 recurg\u0103 la m\u0103suri dureroase, pentru c\u0103 implementarea reformei sistemului de pensii a tot fost am\u00e2nat\u0103, a declarat mar\u021bi \u00een [&hellip;]","og_url":"https:\/\/www.btv.md\/ro\/ministerul-muncii-instista-sa-fie-majorata-varsta-de-pensionare\/","og_site_name":"BTV","article_publisher":"https:\/\/www.facebook.com\/btvmoldova\/","article_published_time":"2016-02-12T09:06:41+00:00","article_modified_time":"2016-02-12T09:07:48+00:00","og_image":[{"width":605,"height":388,"url":"https:\/\/www.btv.md\/wp-content\/uploads\/2016\/02\/clipboard01_47-465x390.jpg","type":"image\/jpeg"}],"author":"admin","twitter_misc":{"Scris de":"admin","Timp estimat pentru citire":"2 minute"},"schema":{"@context":"https:\/\/schema.org","@graph":[{"@type":"Article","@id":"https:\/\/www.btv.md\/ro\/ministerul-muncii-instista-sa-fie-majorata-varsta-de-pensionare\/#article","isPartOf":{"@id":"https:\/\/www.btv.md\/ro\/ministerul-muncii-instista-sa-fie-majorata-varsta-de-pensionare\/"},"author":{"name":"admin","@id":"https:\/\/www.btv.md\/#\/schema\/person\/8fadce81561b3ce2c34c46dadc4ccbf2"},"headline":"MINISTERUL MUNCII INSTIST\u0102 S\u0102 FIE MAJORAT\u0102 V\u00c2RSTA DE PENSIONARE","datePublished":"2016-02-12T09:06:41+00:00","dateModified":"2016-02-12T09:07:48+00:00","mainEntityOfPage":{"@id":"https:\/\/www.btv.md\/ro\/ministerul-muncii-instista-sa-fie-majorata-varsta-de-pensionare\/"},"wordCount":339,"image":{"@id":"https:\/\/www.btv.md\/ro\/ministerul-muncii-instista-sa-fie-majorata-varsta-de-pensionare\/#primaryimage"},"thumbnailUrl":"https:\/\/www.btv.md\/wp-content\/uploads\/2016\/02\/clipboard01_47-465x390.jpg","articleSection":["Social"],"inLanguage":"ro-RO"},{"@type":"WebPage","@id":"https:\/\/www.btv.md\/ro\/ministerul-muncii-instista-sa-fie-majorata-varsta-de-pensionare\/","url":"https:\/\/www.btv.md\/ro\/ministerul-muncii-instista-sa-fie-majorata-varsta-de-pensionare\/","name":"MINISTERUL MUNCII INSTIST\u0102 S\u0102 FIE MAJORAT\u0102 V\u00c2RSTA DE PENSIONARE - BTV","isPartOf":{"@id":"https:\/\/www.btv.md\/#website"},"primaryImageOfPage":{"@id":"https:\/\/www.btv.md\/ro\/ministerul-muncii-instista-sa-fie-majorata-varsta-de-pensionare\/#primaryimage"},"image":{"@id":"https:\/\/www.btv.md\/ro\/ministerul-muncii-instista-sa-fie-majorata-varsta-de-pensionare\/#primaryimage"},"thumbnailUrl":"https:\/\/www.btv.md\/wp-content\/uploads\/2016\/02\/clipboard01_47-465x390.jpg","datePublished":"2016-02-12T09:06:41+00:00","dateModified":"2016-02-12T09:07:48+00:00","author":{"@id":"https:\/\/www.btv.md\/#\/schema\/person\/8fadce81561b3ce2c34c46dadc4ccbf2"},"inLanguage":"ro-RO","potentialAction":[{"@type":"ReadAction","target":["https:\/\/www.btv.md\/ro\/ministerul-muncii-instista-sa-fie-majorata-varsta-de-pensionare\/"]}]},{"@type":"ImageObject","inLanguage":"ro-RO","@id":"https:\/\/www.btv.md\/ro\/ministerul-muncii-instista-sa-fie-majorata-varsta-de-pensionare\/#primaryimage","url":"https:\/\/www.btv.md\/wp-content\/uploads\/2016\/02\/clipboard01_47-465x390.jpg","contentUrl":"https:\/\/www.btv.md\/wp-content\/uploads\/2016\/02\/clipboard01_47-465x390.jpg","width":605,"height":388,"caption":"www.evz.ro"},{"@type":"WebSite","@id":"https:\/\/www.btv.md\/#website","url":"https:\/\/www.btv.md\/","name":"BTV","description":"\u0411\u0435\u043b\u044c\u0446\u043a\u043e\u0435 \u0442\u0435\u043b\u0435\u0432\u0438\u0434\u0435\u043d\u0438\u0435","potentialAction":[{"@type":"SearchAction","target":{"@type":"EntryPoint","urlTemplate":"https:\/\/www.btv.md\/?s={search_term_string}"},"query-input":{"@type":"PropertyValueSpecification","valueRequired":true,"valueName":"search_term_string"}}],"inLanguage":"ro-RO"},{"@type":"Person","@id":"https:\/\/www.btv.md\/#\/schema\/person\/8fadce81561b3ce2c34c46dadc4ccbf2","name":"admin"}]}},"_links":{"self":[{"href":"https:\/\/www.btv.md\/ro\/wp-json\/wp\/v2\/posts\/6952","targetHints":{"allow":["GET"]}}],"collection":[{"href":"https:\/\/www.btv.md\/ro\/wp-json\/wp\/v2\/posts"}],"about":[{"href":"https:\/\/www.btv.md\/ro\/wp-json\/wp\/v2\/types\/post"}],"author":[{"embeddable":true,"href":"https:\/\/www.btv.md\/ro\/wp-json\/wp\/v2\/users\/4"}],"replies":[{"embeddable":true,"href":"https:\/\/www.btv.md\/ro\/wp-json\/wp\/v2\/comments?post=6952"}],"version-history":[{"count":0,"href":"https:\/\/www.btv.md\/ro\/wp-json\/wp\/v2\/posts\/6952\/revisions"}],"wp:featuredmedia":[{"embeddable":true,"href":"https:\/\/www.btv.md\/ro\/wp-json\/wp\/v2\/media\/6955"}],"wp:attachment":[{"href":"https:\/\/www.btv.md\/ro\/wp-json\/wp\/v2\/media?parent=6952"}],"wp:term":[{"taxonomy":"category","embeddable":true,"href":"https:\/\/www.btv.md\/ro\/wp-json\/wp\/v2\/categories?post=6952"},{"taxonomy":"post_tag","embeddable":true,"href":"https:\/\/www.btv.md\/ro\/wp-json\/wp\/v2\/tags?post=6952"}],"curies":[{"name":"wp","href":"https:\/\/api.w.org\/{rel}","templated":true}]}}