{"id":6956,"date":"2016-02-12T12:12:26","date_gmt":"2016-02-12T09:12:26","guid":{"rendered":"http:\/\/btv.md\/?p=6956"},"modified":"2016-02-12T12:12:26","modified_gmt":"2016-02-12T09:12:26","slug":"indexarea-pensiilor-sub-semnul-intrebarii","status":"publish","type":"post","link":"https:\/\/www.btv.md\/ro\/indexarea-pensiilor-sub-semnul-intrebarii\/","title":{"rendered":"INDEXAREA  PENSIILOR  SUB  SEMNUL  \u00ceNTREB\u0102RII"},"content":{"rendered":"<p><strong>\u00cen cadrul Ministerului Muncii, Protec\u021biei Sociale \u0219i Familiei din Moldova nu exist\u0103 siguran\u0163a c\u0103 \u00een luna aprilie a acestui an pensiile vor fi indexate cu 10%, a\u0219a cum a declarat anterior Guvernul. informeaz\u0103 <a href=\"http:\/\/sputnik.md\/moldova\/20160211\/4622026.html#ixzz3zw9f2Y5d\" target=\"_blank\"> Sputnik<\/a>.<\/strong><\/p>\n<p>Reprezentan\u021bii ministerului au explicat c\u0103 m\u0103rimea index\u0103rii depinde de indicatorii care vor fi prezenta\u021bi peste o s\u0103pt\u0103m\u00e2n\u0103 \u0219i jum\u0103tate de Biroul Na\u021bional de Statistic\u0103 al \u0163\u0103rii. \u00cen prezent, la elaborarea bugetului asigur\u0103rilor sociale de stat, speciali\u0219tii institu\u0163iei au \u021binut cont de urm\u0103toarele date: cre\u0219terea pre\u021burilor de consum a constituit 7% \u00een 2015, iar majorarea salariului mediu a dep\u0103\u0219it 10%.<\/p>\n<p>&#8222;<em>La momentul elabor\u0103rii bugetului asigur\u0103rilor sociale, noi lu\u0103m \u00een calcul indicatori accesibili. Iar c\u00e2nd elabor\u0103m decizia Guvernului privind indexarea pensiilor, ne baz\u0103m pe rezultatele finale pe care le primim de la Biroul Na\u021bional de Statistic\u0103. Vreau ca cet\u0103\u021benii s\u0103 \u00een\u021beleag\u0103 acest lucru, pentru a evita a\u0219tept\u0103rile exagerate \u00een cazul \u00een care indexarea pensiilor va fi mai mic\u0103 de 10%<\/em>&#8222;, a declarat \u00een cadrul unei conferin\u021be de pres\u0103 Laura Grecu, viceministrul Muncii, Protec\u021biei Sociale \u0219i Familiei.<\/p>\n<p>Printre priorit\u0103\u021bile Ministerului Muncii, Protec\u021biei Sociale \u0219i Familiei pentru urm\u0103toarele 100 de zile figureaz\u0103 de asemenea indexarea salariilor bugetarilor. \u00cen afar\u0103 de aceasta, institu\u0163ia de resort inten\u021bioneaz\u0103, pe parcursul a trei ani, s\u0103 majoreze salariul minim (care este ast\u0103zi de o mie de lei) p\u00e2n\u0103 la 40% din venitul mediu al cet\u0103\u021benilor pe \u021bar\u0103. La moment, Ministerul nu poate s\u0103 fac\u0103 public\u0103 suma cheltuielilor necesare pentru realizarea acestor dou\u0103 ini\u021biative.<\/p>\n","protected":false},"excerpt":{"rendered":"<p>\u00cen cadrul Ministerului Muncii, Protec\u021biei Sociale \u0219i Familiei din Moldova nu exist\u0103 siguran\u0163a c\u0103 \u00een luna aprilie a acestui an pensiile vor fi indexate cu 10%, a\u0219a cum a declarat anterior Guvernul. informeaz\u0103 Sputnik. Reprezentan\u021bii ministerului au explicat c\u0103 m\u0103rimea index\u0103rii depinde de indicatorii care vor fi prezenta\u021bi peste o s\u0103pt\u0103m\u00e2n\u0103 \u0219i jum\u0103tate de Biroul [&hellip;]<\/p>\n","protected":false},"author":4,"featured_media":6957,"comment_status":"closed","ping_status":"closed","sticky":false,"template":"","format":"standard","meta":{"footnotes":""},"categories":[6349],"tags":[],"class_list":["post-6956","post","type-post","status-publish","format-standard","has-post-thumbnail","hentry","category-social"],"yoast_head":"<!-- This site is optimized with the Yoast SEO plugin v27.4 - https:\/\/yoast.com\/product\/yoast-seo-wordpress\/ -->\n<title>INDEXAREA PENSIILOR SUB SEMNUL \u00ceNTREB\u0102RII - BTV<\/title>\n<meta name=\"robots\" content=\"index, follow, max-snippet:-1, max-image-preview:large, max-video-preview:-1\" \/>\n<link rel=\"canonical\" href=\"https:\/\/www.btv.md\/ro\/indexarea-pensiilor-sub-semnul-intrebarii\/\" \/>\n<meta property=\"og:locale\" content=\"ro_RO\" \/>\n<meta property=\"og:type\" content=\"article\" \/>\n<meta property=\"og:title\" content=\"INDEXAREA PENSIILOR SUB SEMNUL \u00ceNTREB\u0102RII - BTV\" \/>\n<meta property=\"og:description\" content=\"\u00cen cadrul Ministerului Muncii, Protec\u021biei Sociale \u0219i Familiei din Moldova nu exist\u0103 siguran\u0163a c\u0103 \u00een luna aprilie a acestui an pensiile vor fi indexate cu 10%, a\u0219a cum a declarat anterior Guvernul. informeaz\u0103 Sputnik. Reprezentan\u021bii ministerului au explicat c\u0103 m\u0103rimea index\u0103rii depinde de indicatorii care vor fi prezenta\u021bi peste o s\u0103pt\u0103m\u00e2n\u0103 \u0219i jum\u0103tate de Biroul [&hellip;]\" \/>\n<meta property=\"og:url\" content=\"https:\/\/www.btv.md\/ro\/indexarea-pensiilor-sub-semnul-intrebarii\/\" \/>\n<meta property=\"og:site_name\" content=\"BTV\" \/>\n<meta property=\"article:publisher\" content=\"https:\/\/www.facebook.com\/btvmoldova\/\" \/>\n<meta property=\"article:published_time\" content=\"2016-02-12T09:12:26+00:00\" \/>\n<meta property=\"og:image\" content=\"https:\/\/www.btv.md\/wp-content\/uploads\/2016\/02\/3325051.jpg\" \/>\n\t<meta property=\"og:image:width\" content=\"1000\" \/>\n\t<meta property=\"og:image:height\" content=\"541\" \/>\n\t<meta property=\"og:image:type\" content=\"image\/jpeg\" \/>\n<meta name=\"author\" content=\"admin\" \/>\n<meta name=\"twitter:label1\" content=\"Scris de\" \/>\n\t<meta name=\"twitter:data1\" content=\"admin\" \/>\n\t<meta name=\"twitter:label2\" content=\"Timp estimat pentru citire\" \/>\n\t<meta name=\"twitter:data2\" content=\"1 minut\" \/>\n<script type=\"application\/ld+json\" class=\"yoast-schema-graph\">{\"@context\":\"https:\\\/\\\/schema.org\",\"@graph\":[{\"@type\":\"Article\",\"@id\":\"https:\\\/\\\/www.btv.md\\\/ro\\\/indexarea-pensiilor-sub-semnul-intrebarii\\\/#article\",\"isPartOf\":{\"@id\":\"https:\\\/\\\/www.btv.md\\\/ro\\\/indexarea-pensiilor-sub-semnul-intrebarii\\\/\"},\"author\":{\"name\":\"admin\",\"@id\":\"https:\\\/\\\/www.btv.md\\\/#\\\/schema\\\/person\\\/8fadce81561b3ce2c34c46dadc4ccbf2\"},\"headline\":\"INDEXAREA PENSIILOR SUB SEMNUL \u00ceNTREB\u0102RII\",\"datePublished\":\"2016-02-12T09:12:26+00:00\",\"mainEntityOfPage\":{\"@id\":\"https:\\\/\\\/www.btv.md\\\/ro\\\/indexarea-pensiilor-sub-semnul-intrebarii\\\/\"},\"wordCount\":278,\"image\":{\"@id\":\"https:\\\/\\\/www.btv.md\\\/ro\\\/indexarea-pensiilor-sub-semnul-intrebarii\\\/#primaryimage\"},\"thumbnailUrl\":\"https:\\\/\\\/www.btv.md\\\/wp-content\\\/uploads\\\/2016\\\/02\\\/3325051.jpg\",\"articleSection\":[\"Social\"],\"inLanguage\":\"ro-RO\"},{\"@type\":\"WebPage\",\"@id\":\"https:\\\/\\\/www.btv.md\\\/ro\\\/indexarea-pensiilor-sub-semnul-intrebarii\\\/\",\"url\":\"https:\\\/\\\/www.btv.md\\\/ro\\\/indexarea-pensiilor-sub-semnul-intrebarii\\\/\",\"name\":\"INDEXAREA PENSIILOR SUB SEMNUL \u00ceNTREB\u0102RII - BTV\",\"isPartOf\":{\"@id\":\"https:\\\/\\\/www.btv.md\\\/#website\"},\"primaryImageOfPage\":{\"@id\":\"https:\\\/\\\/www.btv.md\\\/ro\\\/indexarea-pensiilor-sub-semnul-intrebarii\\\/#primaryimage\"},\"image\":{\"@id\":\"https:\\\/\\\/www.btv.md\\\/ro\\\/indexarea-pensiilor-sub-semnul-intrebarii\\\/#primaryimage\"},\"thumbnailUrl\":\"https:\\\/\\\/www.btv.md\\\/wp-content\\\/uploads\\\/2016\\\/02\\\/3325051.jpg\",\"datePublished\":\"2016-02-12T09:12:26+00:00\",\"author\":{\"@id\":\"https:\\\/\\\/www.btv.md\\\/#\\\/schema\\\/person\\\/8fadce81561b3ce2c34c46dadc4ccbf2\"},\"inLanguage\":\"ro-RO\",\"potentialAction\":[{\"@type\":\"ReadAction\",\"target\":[\"https:\\\/\\\/www.btv.md\\\/ro\\\/indexarea-pensiilor-sub-semnul-intrebarii\\\/\"]}]},{\"@type\":\"ImageObject\",\"inLanguage\":\"ro-RO\",\"@id\":\"https:\\\/\\\/www.btv.md\\\/ro\\\/indexarea-pensiilor-sub-semnul-intrebarii\\\/#primaryimage\",\"url\":\"https:\\\/\\\/www.btv.md\\\/wp-content\\\/uploads\\\/2016\\\/02\\\/3325051.jpg\",\"contentUrl\":\"https:\\\/\\\/www.btv.md\\\/wp-content\\\/uploads\\\/2016\\\/02\\\/3325051.jpg\",\"width\":1000,\"height\":541,\"caption\":\"sputnik.md\"},{\"@type\":\"WebSite\",\"@id\":\"https:\\\/\\\/www.btv.md\\\/#website\",\"url\":\"https:\\\/\\\/www.btv.md\\\/\",\"name\":\"BTV\",\"description\":\"\u0411\u0435\u043b\u044c\u0446\u043a\u043e\u0435 \u0442\u0435\u043b\u0435\u0432\u0438\u0434\u0435\u043d\u0438\u0435\",\"potentialAction\":[{\"@type\":\"SearchAction\",\"target\":{\"@type\":\"EntryPoint\",\"urlTemplate\":\"https:\\\/\\\/www.btv.md\\\/?s={search_term_string}\"},\"query-input\":{\"@type\":\"PropertyValueSpecification\",\"valueRequired\":true,\"valueName\":\"search_term_string\"}}],\"inLanguage\":\"ro-RO\"},{\"@type\":\"Person\",\"@id\":\"https:\\\/\\\/www.btv.md\\\/#\\\/schema\\\/person\\\/8fadce81561b3ce2c34c46dadc4ccbf2\",\"name\":\"admin\"}]}<\/script>\n<!-- \/ Yoast SEO plugin. -->","yoast_head_json":{"title":"INDEXAREA PENSIILOR SUB SEMNUL \u00ceNTREB\u0102RII - BTV","robots":{"index":"index","follow":"follow","max-snippet":"max-snippet:-1","max-image-preview":"max-image-preview:large","max-video-preview":"max-video-preview:-1"},"canonical":"https:\/\/www.btv.md\/ro\/indexarea-pensiilor-sub-semnul-intrebarii\/","og_locale":"ro_RO","og_type":"article","og_title":"INDEXAREA PENSIILOR SUB SEMNUL \u00ceNTREB\u0102RII - BTV","og_description":"\u00cen cadrul Ministerului Muncii, Protec\u021biei Sociale \u0219i Familiei din Moldova nu exist\u0103 siguran\u0163a c\u0103 \u00een luna aprilie a acestui an pensiile vor fi indexate cu 10%, a\u0219a cum a declarat anterior Guvernul. informeaz\u0103 Sputnik. Reprezentan\u021bii ministerului au explicat c\u0103 m\u0103rimea index\u0103rii depinde de indicatorii care vor fi prezenta\u021bi peste o s\u0103pt\u0103m\u00e2n\u0103 \u0219i jum\u0103tate de Biroul [&hellip;]","og_url":"https:\/\/www.btv.md\/ro\/indexarea-pensiilor-sub-semnul-intrebarii\/","og_site_name":"BTV","article_publisher":"https:\/\/www.facebook.com\/btvmoldova\/","article_published_time":"2016-02-12T09:12:26+00:00","og_image":[{"width":1000,"height":541,"url":"https:\/\/www.btv.md\/wp-content\/uploads\/2016\/02\/3325051.jpg","type":"image\/jpeg"}],"author":"admin","twitter_misc":{"Scris de":"admin","Timp estimat pentru citire":"1 minut"},"schema":{"@context":"https:\/\/schema.org","@graph":[{"@type":"Article","@id":"https:\/\/www.btv.md\/ro\/indexarea-pensiilor-sub-semnul-intrebarii\/#article","isPartOf":{"@id":"https:\/\/www.btv.md\/ro\/indexarea-pensiilor-sub-semnul-intrebarii\/"},"author":{"name":"admin","@id":"https:\/\/www.btv.md\/#\/schema\/person\/8fadce81561b3ce2c34c46dadc4ccbf2"},"headline":"INDEXAREA PENSIILOR SUB SEMNUL \u00ceNTREB\u0102RII","datePublished":"2016-02-12T09:12:26+00:00","mainEntityOfPage":{"@id":"https:\/\/www.btv.md\/ro\/indexarea-pensiilor-sub-semnul-intrebarii\/"},"wordCount":278,"image":{"@id":"https:\/\/www.btv.md\/ro\/indexarea-pensiilor-sub-semnul-intrebarii\/#primaryimage"},"thumbnailUrl":"https:\/\/www.btv.md\/wp-content\/uploads\/2016\/02\/3325051.jpg","articleSection":["Social"],"inLanguage":"ro-RO"},{"@type":"WebPage","@id":"https:\/\/www.btv.md\/ro\/indexarea-pensiilor-sub-semnul-intrebarii\/","url":"https:\/\/www.btv.md\/ro\/indexarea-pensiilor-sub-semnul-intrebarii\/","name":"INDEXAREA PENSIILOR SUB SEMNUL \u00ceNTREB\u0102RII - BTV","isPartOf":{"@id":"https:\/\/www.btv.md\/#website"},"primaryImageOfPage":{"@id":"https:\/\/www.btv.md\/ro\/indexarea-pensiilor-sub-semnul-intrebarii\/#primaryimage"},"image":{"@id":"https:\/\/www.btv.md\/ro\/indexarea-pensiilor-sub-semnul-intrebarii\/#primaryimage"},"thumbnailUrl":"https:\/\/www.btv.md\/wp-content\/uploads\/2016\/02\/3325051.jpg","datePublished":"2016-02-12T09:12:26+00:00","author":{"@id":"https:\/\/www.btv.md\/#\/schema\/person\/8fadce81561b3ce2c34c46dadc4ccbf2"},"inLanguage":"ro-RO","potentialAction":[{"@type":"ReadAction","target":["https:\/\/www.btv.md\/ro\/indexarea-pensiilor-sub-semnul-intrebarii\/"]}]},{"@type":"ImageObject","inLanguage":"ro-RO","@id":"https:\/\/www.btv.md\/ro\/indexarea-pensiilor-sub-semnul-intrebarii\/#primaryimage","url":"https:\/\/www.btv.md\/wp-content\/uploads\/2016\/02\/3325051.jpg","contentUrl":"https:\/\/www.btv.md\/wp-content\/uploads\/2016\/02\/3325051.jpg","width":1000,"height":541,"caption":"sputnik.md"},{"@type":"WebSite","@id":"https:\/\/www.btv.md\/#website","url":"https:\/\/www.btv.md\/","name":"BTV","description":"\u0411\u0435\u043b\u044c\u0446\u043a\u043e\u0435 \u0442\u0435\u043b\u0435\u0432\u0438\u0434\u0435\u043d\u0438\u0435","potentialAction":[{"@type":"SearchAction","target":{"@type":"EntryPoint","urlTemplate":"https:\/\/www.btv.md\/?s={search_term_string}"},"query-input":{"@type":"PropertyValueSpecification","valueRequired":true,"valueName":"search_term_string"}}],"inLanguage":"ro-RO"},{"@type":"Person","@id":"https:\/\/www.btv.md\/#\/schema\/person\/8fadce81561b3ce2c34c46dadc4ccbf2","name":"admin"}]}},"_links":{"self":[{"href":"https:\/\/www.btv.md\/ro\/wp-json\/wp\/v2\/posts\/6956","targetHints":{"allow":["GET"]}}],"collection":[{"href":"https:\/\/www.btv.md\/ro\/wp-json\/wp\/v2\/posts"}],"about":[{"href":"https:\/\/www.btv.md\/ro\/wp-json\/wp\/v2\/types\/post"}],"author":[{"embeddable":true,"href":"https:\/\/www.btv.md\/ro\/wp-json\/wp\/v2\/users\/4"}],"replies":[{"embeddable":true,"href":"https:\/\/www.btv.md\/ro\/wp-json\/wp\/v2\/comments?post=6956"}],"version-history":[{"count":0,"href":"https:\/\/www.btv.md\/ro\/wp-json\/wp\/v2\/posts\/6956\/revisions"}],"wp:featuredmedia":[{"embeddable":true,"href":"https:\/\/www.btv.md\/ro\/wp-json\/wp\/v2\/media\/6957"}],"wp:attachment":[{"href":"https:\/\/www.btv.md\/ro\/wp-json\/wp\/v2\/media?parent=6956"}],"wp:term":[{"taxonomy":"category","embeddable":true,"href":"https:\/\/www.btv.md\/ro\/wp-json\/wp\/v2\/categories?post=6956"},{"taxonomy":"post_tag","embeddable":true,"href":"https:\/\/www.btv.md\/ro\/wp-json\/wp\/v2\/tags?post=6956"}],"curies":[{"name":"wp","href":"https:\/\/api.w.org\/{rel}","templated":true}]}}