{"id":6959,"date":"2016-02-12T12:15:38","date_gmt":"2016-02-12T09:15:38","guid":{"rendered":"http:\/\/btv.md\/?p=6959"},"modified":"2016-02-12T12:15:38","modified_gmt":"2016-02-12T09:15:38","slug":"incalcari-la-frontiera","status":"publish","type":"post","link":"https:\/\/www.btv.md\/ro\/incalcari-la-frontiera\/","title":{"rendered":"\u00ceNC\u0102LC\u0102RI  LA  FRONTIER\u0102"},"content":{"rendered":"<p><strong>Num\u0103rul de persoane care a \u00eenc\u0103lcat legisla\u021bia frontalier\u0103 a crescut, arat\u0103 un raport al Poli\u021biei de Frontier\u0103! Pe parcursul anului 2015, au fost \u00eenregistrate circa 3.700 cazuri de \u00eenc\u0103lcare a legisla\u0163iei frontaliere, \u00een care au fost implicate peste 4.300 persoane. Comparativ cu anul 2014, num\u0103rul de cazuri \u00eenregistrate \u015fi persoane re\u0163inute s-a majorat cu 7% \u015fi, respectiv, 5%, informeaz\u0103 <a href=\"http:\/\/www.realitatea.md\/peste-4-000-de-persoane-au-incalcat-legisla-ia-frontaliera-unde-au-fost-inregistrate-cele-mai-multe-incalcari_34433.html\" target=\"_blank\">realitatea.md<\/a>.<\/strong><\/p>\n<p>Potrivit raportului, pe sectorul de frontier\u0103 \u201everde\u201d situa\u021bia general\u0103 a \u00eenc\u0103lc\u0103rilor legisla\u021biei a fost similar\u0103 anului precedent. Totu\u015fi, pe segmente de frontier\u0103 situa\u0163ia difer\u0103. Astfel, dac\u0103 pe segmentul MDA &#8211; UKR a fost \u00eenregistrat\u0103 o cre\u015ftere a num\u0103rului de \u00eenc\u0103lc\u0103ri a legisla\u0163iei frontaliere cu 10%, atunci pe segmentul de frontier\u0103 MDA &#8211; ROU se observ\u0103 o sc\u0103dere cu 6%. \u00cen punctele de trecere s-a \u00eenregistrat o cre\u0219tere a num\u0103rului de fapte ilegale depistate cu circa 10%. Cre\u015fterea este actual\u0103 pentru to\u0163i indicatorii ce \u0163in s\u0103 caracterizeze situa\u0163ia opera\u0163ional\u0103 \u00een punctele de trecere. Cea mai mare cre\u015ftere a num\u0103rului de cazuri a fost \u00eenregistrat\u0103 pe segmentul de frontier\u0103 moldo-rom\u00e2n.<\/p>\n<p>Totodat\u0103, pe parcursul anului 2015, \u00een punctele de trecere a frontierei de stat nu a fost autorizat\u0103 trecerea la 5.614 persoane, ceea ce constituie cu 4% mai pu\u021bin comparativ cu anul 2014. Tendin\u021ba respectiv\u0103 a fost caracteristic\u0103 \u0219i pentru sectorul aerian. Totodat\u0103, pe sectorul MDA &#8211; UKR \u0219i MDA &#8211; ROU a fost \u00eenregistrat\u0103 a majorare a num\u0103rului de neautoriz\u0103ri. Astfel, cel mai semnificativ num\u0103r de neautoriz\u0103ri a fost fixat pe segmentul moldoucrainean al frontierei &#8211; 3107 persoane, indicatorul fiind \u00een cre\u015ftere nesemnificativ\u0103, cu 4% fa\u0163\u0103 de anul 2014, ca rezultat a major\u0103rii fluxului de persoane pe sectorul dat.<\/p>\n<p>De asemenea, pe segmentul moldo-rom\u00e2n al frontierei a fost \u00eenregistrat cel mai mic num\u0103r de neautoriz\u0103ri, constituind 898 persoane, de\u0219i \u00een cre\u0219tere fa\u0163\u0103 de cel a anului 2014 cu aproximativ 30%. Pentru acest segment, \u00een mare parte, cre\u015fterea a fost influen\u0163at\u0103 de intensificarea mobilit\u0103\u0163ii at\u00eet a cet\u0103\u0163enilor moldoveni, ca rezultat a liberaliz\u0103rii regimului de vize cu UE, c\u00e2t \u015fi a celor str\u0103ini, ca rezultat a faptului c\u0103 cet\u0103\u021benii statelor membre ale Uniunii Europene pot intra \u00een Republica Moldova \u00een baza buletinelor de identitate ID1 \u0219i ID2. Sc\u0103derea num\u0103rului de neautorizari a fost caracteristic doar sectorului de frontier\u0103 aerian\u0103, cu 26% fa\u0163\u0103 de anul 2014. Pe acest segment de frontier\u0103 cele mai multe neautoriz\u0103ri au fost aplicate cet\u0103\u0163enilor moldoveni \u015fi a celor din Federa\u0163ia Rus\u0103 \u0219i Rom\u00e2nia.<\/p>\n<p>Poli\u021bia de Frontier\u0103 anun\u021b\u0103 c\u0103 printre principalele motive ale neautoriz\u0103rii trecerii frontierei de stat \u00een perioada de referin\u0163\u0103 sunt prezentarea actului de c\u0103l\u0103torie nevalabil, nerespectarea condi\u021biilor de \u00eentrare \u0219i existen\u0163a unor consemne. Pe de o parte, s-a constatat c\u0103 pentru majoritatea indicatorilor men\u0163iona\u0163i mai sus se observ\u0103 o tendin\u0163\u0103 de cre\u015ftere, pentru o alt\u0103 parte a acestora este vizibil\u0103 o tendin\u0163\u0103 de sc\u0103dere. Astfel, cre\u015ftere a num\u0103rului de neautoriz\u0103ri a fost pentru indicatorii: act de c\u0103l\u0103torie nevalabil (6%), consemn (16%), nerespectarea condi\u021biilor de \u00eentrare (13%) \u015fi termen de \u015federe dep\u0103\u015fit (16%). <\/p>\n","protected":false},"excerpt":{"rendered":"<p>Num\u0103rul de persoane care a \u00eenc\u0103lcat legisla\u021bia frontalier\u0103 a crescut, arat\u0103 un raport al Poli\u021biei de Frontier\u0103! Pe parcursul anului 2015, au fost \u00eenregistrate circa 3.700 cazuri de \u00eenc\u0103lcare a legisla\u0163iei frontaliere, \u00een care au fost implicate peste 4.300 persoane. Comparativ cu anul 2014, num\u0103rul de cazuri \u00eenregistrate \u015fi persoane re\u0163inute s-a majorat cu 7% [&hellip;]<\/p>\n","protected":false},"author":4,"featured_media":6960,"comment_status":"closed","ping_status":"closed","sticky":false,"template":"","format":"standard","meta":{"footnotes":""},"categories":[6351],"tags":[],"class_list":["post-6959","post","type-post","status-publish","format-standard","has-post-thumbnail","hentry","category-incidente"],"yoast_head":"<!-- This site is optimized with the Yoast SEO plugin v27.4 - https:\/\/yoast.com\/product\/yoast-seo-wordpress\/ -->\n<title>\u00ceNC\u0102LC\u0102RI LA FRONTIER\u0102  - BTV<\/title>\n<meta name=\"robots\" content=\"index, follow, max-snippet:-1, max-image-preview:large, max-video-preview:-1\" \/>\n<link rel=\"canonical\" href=\"https:\/\/www.btv.md\/ro\/incalcari-la-frontiera\/\" \/>\n<meta property=\"og:locale\" content=\"ro_RO\" \/>\n<meta property=\"og:type\" content=\"article\" \/>\n<meta property=\"og:title\" content=\"\u00ceNC\u0102LC\u0102RI LA FRONTIER\u0102  - BTV\" \/>\n<meta property=\"og:description\" content=\"Num\u0103rul de persoane care a \u00eenc\u0103lcat legisla\u021bia frontalier\u0103 a crescut, arat\u0103 un raport al Poli\u021biei de Frontier\u0103! Pe parcursul anului 2015, au fost \u00eenregistrate circa 3.700 cazuri de \u00eenc\u0103lcare a legisla\u0163iei frontaliere, \u00een care au fost implicate peste 4.300 persoane. Comparativ cu anul 2014, num\u0103rul de cazuri \u00eenregistrate \u015fi persoane re\u0163inute s-a majorat cu 7% [&hellip;]\" \/>\n<meta property=\"og:url\" content=\"https:\/\/www.btv.md\/ro\/incalcari-la-frontiera\/\" \/>\n<meta property=\"og:site_name\" content=\"BTV\" \/>\n<meta property=\"article:publisher\" content=\"https:\/\/www.facebook.com\/btvmoldova\/\" \/>\n<meta property=\"article:published_time\" content=\"2016-02-12T09:15:38+00:00\" \/>\n<meta property=\"og:image\" content=\"https:\/\/www.btv.md\/wp-content\/uploads\/2016\/02\/Incalcari-la-frontiera-in-ultimele-24-de-ore-1421992399.jpg\" \/>\n\t<meta property=\"og:image:width\" content=\"700\" \/>\n\t<meta property=\"og:image:height\" content=\"438\" \/>\n\t<meta property=\"og:image:type\" content=\"image\/jpeg\" \/>\n<meta name=\"author\" content=\"admin\" \/>\n<meta name=\"twitter:label1\" content=\"Scris de\" \/>\n\t<meta name=\"twitter:data1\" content=\"admin\" \/>\n\t<meta name=\"twitter:label2\" content=\"Timp estimat pentru citire\" \/>\n\t<meta name=\"twitter:data2\" content=\"3 minute\" \/>\n<script type=\"application\/ld+json\" class=\"yoast-schema-graph\">{\"@context\":\"https:\\\/\\\/schema.org\",\"@graph\":[{\"@type\":\"Article\",\"@id\":\"https:\\\/\\\/www.btv.md\\\/ro\\\/incalcari-la-frontiera\\\/#article\",\"isPartOf\":{\"@id\":\"https:\\\/\\\/www.btv.md\\\/ro\\\/incalcari-la-frontiera\\\/\"},\"author\":{\"name\":\"admin\",\"@id\":\"https:\\\/\\\/www.btv.md\\\/#\\\/schema\\\/person\\\/8fadce81561b3ce2c34c46dadc4ccbf2\"},\"headline\":\"\u00ceNC\u0102LC\u0102RI LA FRONTIER\u0102\",\"datePublished\":\"2016-02-12T09:15:38+00:00\",\"mainEntityOfPage\":{\"@id\":\"https:\\\/\\\/www.btv.md\\\/ro\\\/incalcari-la-frontiera\\\/\"},\"wordCount\":539,\"image\":{\"@id\":\"https:\\\/\\\/www.btv.md\\\/ro\\\/incalcari-la-frontiera\\\/#primaryimage\"},\"thumbnailUrl\":\"https:\\\/\\\/www.btv.md\\\/wp-content\\\/uploads\\\/2016\\\/02\\\/Incalcari-la-frontiera-in-ultimele-24-de-ore-1421992399.jpg\",\"articleSection\":[\"Incidente\"],\"inLanguage\":\"ro-RO\"},{\"@type\":\"WebPage\",\"@id\":\"https:\\\/\\\/www.btv.md\\\/ro\\\/incalcari-la-frontiera\\\/\",\"url\":\"https:\\\/\\\/www.btv.md\\\/ro\\\/incalcari-la-frontiera\\\/\",\"name\":\"\u00ceNC\u0102LC\u0102RI LA FRONTIER\u0102 - BTV\",\"isPartOf\":{\"@id\":\"https:\\\/\\\/www.btv.md\\\/#website\"},\"primaryImageOfPage\":{\"@id\":\"https:\\\/\\\/www.btv.md\\\/ro\\\/incalcari-la-frontiera\\\/#primaryimage\"},\"image\":{\"@id\":\"https:\\\/\\\/www.btv.md\\\/ro\\\/incalcari-la-frontiera\\\/#primaryimage\"},\"thumbnailUrl\":\"https:\\\/\\\/www.btv.md\\\/wp-content\\\/uploads\\\/2016\\\/02\\\/Incalcari-la-frontiera-in-ultimele-24-de-ore-1421992399.jpg\",\"datePublished\":\"2016-02-12T09:15:38+00:00\",\"author\":{\"@id\":\"https:\\\/\\\/www.btv.md\\\/#\\\/schema\\\/person\\\/8fadce81561b3ce2c34c46dadc4ccbf2\"},\"inLanguage\":\"ro-RO\",\"potentialAction\":[{\"@type\":\"ReadAction\",\"target\":[\"https:\\\/\\\/www.btv.md\\\/ro\\\/incalcari-la-frontiera\\\/\"]}]},{\"@type\":\"ImageObject\",\"inLanguage\":\"ro-RO\",\"@id\":\"https:\\\/\\\/www.btv.md\\\/ro\\\/incalcari-la-frontiera\\\/#primaryimage\",\"url\":\"https:\\\/\\\/www.btv.md\\\/wp-content\\\/uploads\\\/2016\\\/02\\\/Incalcari-la-frontiera-in-ultimele-24-de-ore-1421992399.jpg\",\"contentUrl\":\"https:\\\/\\\/www.btv.md\\\/wp-content\\\/uploads\\\/2016\\\/02\\\/Incalcari-la-frontiera-in-ultimele-24-de-ore-1421992399.jpg\",\"width\":700,\"height\":438,\"caption\":\"unimedia.info\"},{\"@type\":\"WebSite\",\"@id\":\"https:\\\/\\\/www.btv.md\\\/#website\",\"url\":\"https:\\\/\\\/www.btv.md\\\/\",\"name\":\"BTV\",\"description\":\"\u0411\u0435\u043b\u044c\u0446\u043a\u043e\u0435 \u0442\u0435\u043b\u0435\u0432\u0438\u0434\u0435\u043d\u0438\u0435\",\"potentialAction\":[{\"@type\":\"SearchAction\",\"target\":{\"@type\":\"EntryPoint\",\"urlTemplate\":\"https:\\\/\\\/www.btv.md\\\/?s={search_term_string}\"},\"query-input\":{\"@type\":\"PropertyValueSpecification\",\"valueRequired\":true,\"valueName\":\"search_term_string\"}}],\"inLanguage\":\"ro-RO\"},{\"@type\":\"Person\",\"@id\":\"https:\\\/\\\/www.btv.md\\\/#\\\/schema\\\/person\\\/8fadce81561b3ce2c34c46dadc4ccbf2\",\"name\":\"admin\"}]}<\/script>\n<!-- \/ Yoast SEO plugin. -->","yoast_head_json":{"title":"\u00ceNC\u0102LC\u0102RI LA FRONTIER\u0102  - BTV","robots":{"index":"index","follow":"follow","max-snippet":"max-snippet:-1","max-image-preview":"max-image-preview:large","max-video-preview":"max-video-preview:-1"},"canonical":"https:\/\/www.btv.md\/ro\/incalcari-la-frontiera\/","og_locale":"ro_RO","og_type":"article","og_title":"\u00ceNC\u0102LC\u0102RI LA FRONTIER\u0102  - BTV","og_description":"Num\u0103rul de persoane care a \u00eenc\u0103lcat legisla\u021bia frontalier\u0103 a crescut, arat\u0103 un raport al Poli\u021biei de Frontier\u0103! Pe parcursul anului 2015, au fost \u00eenregistrate circa 3.700 cazuri de \u00eenc\u0103lcare a legisla\u0163iei frontaliere, \u00een care au fost implicate peste 4.300 persoane. Comparativ cu anul 2014, num\u0103rul de cazuri \u00eenregistrate \u015fi persoane re\u0163inute s-a majorat cu 7% [&hellip;]","og_url":"https:\/\/www.btv.md\/ro\/incalcari-la-frontiera\/","og_site_name":"BTV","article_publisher":"https:\/\/www.facebook.com\/btvmoldova\/","article_published_time":"2016-02-12T09:15:38+00:00","og_image":[{"width":700,"height":438,"url":"https:\/\/www.btv.md\/wp-content\/uploads\/2016\/02\/Incalcari-la-frontiera-in-ultimele-24-de-ore-1421992399.jpg","type":"image\/jpeg"}],"author":"admin","twitter_misc":{"Scris de":"admin","Timp estimat pentru citire":"3 minute"},"schema":{"@context":"https:\/\/schema.org","@graph":[{"@type":"Article","@id":"https:\/\/www.btv.md\/ro\/incalcari-la-frontiera\/#article","isPartOf":{"@id":"https:\/\/www.btv.md\/ro\/incalcari-la-frontiera\/"},"author":{"name":"admin","@id":"https:\/\/www.btv.md\/#\/schema\/person\/8fadce81561b3ce2c34c46dadc4ccbf2"},"headline":"\u00ceNC\u0102LC\u0102RI LA FRONTIER\u0102","datePublished":"2016-02-12T09:15:38+00:00","mainEntityOfPage":{"@id":"https:\/\/www.btv.md\/ro\/incalcari-la-frontiera\/"},"wordCount":539,"image":{"@id":"https:\/\/www.btv.md\/ro\/incalcari-la-frontiera\/#primaryimage"},"thumbnailUrl":"https:\/\/www.btv.md\/wp-content\/uploads\/2016\/02\/Incalcari-la-frontiera-in-ultimele-24-de-ore-1421992399.jpg","articleSection":["Incidente"],"inLanguage":"ro-RO"},{"@type":"WebPage","@id":"https:\/\/www.btv.md\/ro\/incalcari-la-frontiera\/","url":"https:\/\/www.btv.md\/ro\/incalcari-la-frontiera\/","name":"\u00ceNC\u0102LC\u0102RI LA FRONTIER\u0102 - BTV","isPartOf":{"@id":"https:\/\/www.btv.md\/#website"},"primaryImageOfPage":{"@id":"https:\/\/www.btv.md\/ro\/incalcari-la-frontiera\/#primaryimage"},"image":{"@id":"https:\/\/www.btv.md\/ro\/incalcari-la-frontiera\/#primaryimage"},"thumbnailUrl":"https:\/\/www.btv.md\/wp-content\/uploads\/2016\/02\/Incalcari-la-frontiera-in-ultimele-24-de-ore-1421992399.jpg","datePublished":"2016-02-12T09:15:38+00:00","author":{"@id":"https:\/\/www.btv.md\/#\/schema\/person\/8fadce81561b3ce2c34c46dadc4ccbf2"},"inLanguage":"ro-RO","potentialAction":[{"@type":"ReadAction","target":["https:\/\/www.btv.md\/ro\/incalcari-la-frontiera\/"]}]},{"@type":"ImageObject","inLanguage":"ro-RO","@id":"https:\/\/www.btv.md\/ro\/incalcari-la-frontiera\/#primaryimage","url":"https:\/\/www.btv.md\/wp-content\/uploads\/2016\/02\/Incalcari-la-frontiera-in-ultimele-24-de-ore-1421992399.jpg","contentUrl":"https:\/\/www.btv.md\/wp-content\/uploads\/2016\/02\/Incalcari-la-frontiera-in-ultimele-24-de-ore-1421992399.jpg","width":700,"height":438,"caption":"unimedia.info"},{"@type":"WebSite","@id":"https:\/\/www.btv.md\/#website","url":"https:\/\/www.btv.md\/","name":"BTV","description":"\u0411\u0435\u043b\u044c\u0446\u043a\u043e\u0435 \u0442\u0435\u043b\u0435\u0432\u0438\u0434\u0435\u043d\u0438\u0435","potentialAction":[{"@type":"SearchAction","target":{"@type":"EntryPoint","urlTemplate":"https:\/\/www.btv.md\/?s={search_term_string}"},"query-input":{"@type":"PropertyValueSpecification","valueRequired":true,"valueName":"search_term_string"}}],"inLanguage":"ro-RO"},{"@type":"Person","@id":"https:\/\/www.btv.md\/#\/schema\/person\/8fadce81561b3ce2c34c46dadc4ccbf2","name":"admin"}]}},"_links":{"self":[{"href":"https:\/\/www.btv.md\/ro\/wp-json\/wp\/v2\/posts\/6959","targetHints":{"allow":["GET"]}}],"collection":[{"href":"https:\/\/www.btv.md\/ro\/wp-json\/wp\/v2\/posts"}],"about":[{"href":"https:\/\/www.btv.md\/ro\/wp-json\/wp\/v2\/types\/post"}],"author":[{"embeddable":true,"href":"https:\/\/www.btv.md\/ro\/wp-json\/wp\/v2\/users\/4"}],"replies":[{"embeddable":true,"href":"https:\/\/www.btv.md\/ro\/wp-json\/wp\/v2\/comments?post=6959"}],"version-history":[{"count":0,"href":"https:\/\/www.btv.md\/ro\/wp-json\/wp\/v2\/posts\/6959\/revisions"}],"wp:featuredmedia":[{"embeddable":true,"href":"https:\/\/www.btv.md\/ro\/wp-json\/wp\/v2\/media\/6960"}],"wp:attachment":[{"href":"https:\/\/www.btv.md\/ro\/wp-json\/wp\/v2\/media?parent=6959"}],"wp:term":[{"taxonomy":"category","embeddable":true,"href":"https:\/\/www.btv.md\/ro\/wp-json\/wp\/v2\/categories?post=6959"},{"taxonomy":"post_tag","embeddable":true,"href":"https:\/\/www.btv.md\/ro\/wp-json\/wp\/v2\/tags?post=6959"}],"curies":[{"name":"wp","href":"https:\/\/api.w.org\/{rel}","templated":true}]}}