{"id":6982,"date":"2016-02-12T13:03:43","date_gmt":"2016-02-12T10:03:43","guid":{"rendered":"http:\/\/btv.md\/?p=6982"},"modified":"2016-02-12T17:02:30","modified_gmt":"2016-02-12T14:02:30","slug":"parlamentul-a-anuntat-un-nou-concurs-pentru-selcatrea-guvernatorului-bnm","status":"publish","type":"post","link":"https:\/\/www.btv.md\/ro\/parlamentul-a-anuntat-un-nou-concurs-pentru-selcatrea-guvernatorului-bnm\/","title":{"rendered":"PARLAMENTUL A ANUN\u021aAT UN NOU CONCURS PENTRU SELECTAREA GUVERNATORULUI BNM"},"content":{"rendered":"<p><strong>Parlamentul Republicii Moldova a anun\u021bat  un nou concurs de selectare a candidatului la func\u021bia de Guvernator al B\u0103ncii Na\u021bionale a Moldovei.<\/strong><\/p>\n<p>La func\u021bia de Guvernator al B\u0103ncii Na\u021bionale pot candida persoanele care, cumulativ:<\/p>\n<p><em>de\u021bin cet\u0103\u021benia Republicii Moldova;<br \/>\nau studii superioare \u0219i post-universitare;<br \/>\nau experien\u021b\u0103 de cel pu\u021bin 10 ani \u00een domeniul financiar sau monetar;<br \/>\ncunosc foarte bine \u0219i au capacitatea de a vorbi fluent limba englez\u0103.<\/em> <\/p>\n<p>Candida\u021bii urmeaz\u0103 s\u0103 expedieze dosarele la adresa de e-mail guvernator.bnm@parlament.md, cu urm\u0103toarele documente: <\/p>\n<p><em>1. Curriculum Vitae (completat \u00een limbile rom\u00e2n\u0103 \u0219i englez\u0103);<br \/>\n2. Copia actului de identitate (pentru dovada cet\u0103\u021beniei);<br \/>\n3. Copiile actelor de studii universitare\/post-universitare;<br \/>\n4. Cel pu\u021bin 2 scrisori de referin\u021b\u0103;<br \/>\n5. Scrisoare de motiva\u021bie (preferabil \u00een limba englez\u0103). <\/em><\/p>\n<p>Dosarele candida\u021bilor vor fi plasate pe pagina web a Parlamentului, \u00een rubrica special creat\u0103, cu genericul Selectarea candidatului la func\u021bia de Guvernator al B\u0103ncii Na\u021bionale a Moldovei.<\/p>\n<p>Termenul limit\u0103 pentru depunerea dosarelor este 22 februarie 2016, ora 17.00.<\/p>\n<p>Guvernatorul BNM, Dorin Dr\u0103gu\u021banu, a anun\u021bat c\u0103 renun\u021b\u0103 la func\u021bie la 21 septembrie, cu o zi \u00eenainte de sosirea unei misiuni a Fondului Monetar Interna\u021bional \u00een Republica Moldova.<\/p>\n","protected":false},"excerpt":{"rendered":"<p>Parlamentul Republicii Moldova a anun\u021bat un nou concurs de selectare a candidatului la func\u021bia de Guvernator al B\u0103ncii Na\u021bionale a Moldovei. La func\u021bia de Guvernator al B\u0103ncii Na\u021bionale pot candida persoanele care, cumulativ: de\u021bin cet\u0103\u021benia Republicii Moldova; au studii superioare \u0219i post-universitare; au experien\u021b\u0103 de cel pu\u021bin 10 ani \u00een domeniul financiar sau monetar; cunosc [&hellip;]<\/p>\n","protected":false},"author":4,"featured_media":6983,"comment_status":"closed","ping_status":"closed","sticky":false,"template":"","format":"standard","meta":{"footnotes":""},"categories":[7],"tags":[],"class_list":["post-6982","post","type-post","status-publish","format-standard","has-post-thumbnail","hentry","category-economie"],"yoast_head":"<!-- This site is optimized with the Yoast SEO plugin v27.4 - https:\/\/yoast.com\/product\/yoast-seo-wordpress\/ -->\n<title>PARLAMENTUL A ANUN\u021aAT UN NOU CONCURS PENTRU SELECTAREA GUVERNATORULUI BNM - BTV<\/title>\n<meta name=\"robots\" content=\"index, follow, max-snippet:-1, max-image-preview:large, max-video-preview:-1\" \/>\n<link rel=\"canonical\" href=\"https:\/\/www.btv.md\/ro\/parlamentul-a-anuntat-un-nou-concurs-pentru-selcatrea-guvernatorului-bnm\/\" \/>\n<meta property=\"og:locale\" content=\"ro_RO\" \/>\n<meta property=\"og:type\" content=\"article\" \/>\n<meta property=\"og:title\" content=\"PARLAMENTUL A ANUN\u021aAT UN NOU CONCURS PENTRU SELECTAREA GUVERNATORULUI BNM - BTV\" \/>\n<meta property=\"og:description\" content=\"Parlamentul Republicii Moldova a anun\u021bat un nou concurs de selectare a candidatului la func\u021bia de Guvernator al B\u0103ncii Na\u021bionale a Moldovei. La func\u021bia de Guvernator al B\u0103ncii Na\u021bionale pot candida persoanele care, cumulativ: de\u021bin cet\u0103\u021benia Republicii Moldova; au studii superioare \u0219i post-universitare; au experien\u021b\u0103 de cel pu\u021bin 10 ani \u00een domeniul financiar sau monetar; cunosc [&hellip;]\" \/>\n<meta property=\"og:url\" content=\"https:\/\/www.btv.md\/ro\/parlamentul-a-anuntat-un-nou-concurs-pentru-selcatrea-guvernatorului-bnm\/\" \/>\n<meta property=\"og:site_name\" content=\"BTV\" \/>\n<meta property=\"article:publisher\" content=\"https:\/\/www.facebook.com\/btvmoldova\/\" \/>\n<meta property=\"article:published_time\" content=\"2016-02-12T10:03:43+00:00\" \/>\n<meta property=\"article:modified_time\" content=\"2016-02-12T14:02:30+00:00\" \/>\n<meta property=\"og:image\" content=\"https:\/\/www.btv.md\/wp-content\/uploads\/2016\/02\/noi.md_.jpg\" \/>\n\t<meta property=\"og:image:width\" content=\"900\" \/>\n\t<meta property=\"og:image:height\" content=\"600\" \/>\n\t<meta property=\"og:image:type\" content=\"image\/jpeg\" \/>\n<meta name=\"author\" content=\"admin\" \/>\n<meta name=\"twitter:label1\" content=\"Scris de\" \/>\n\t<meta name=\"twitter:data1\" content=\"admin\" \/>\n\t<meta name=\"twitter:label2\" content=\"Timp estimat pentru citire\" \/>\n\t<meta name=\"twitter:data2\" content=\"1 minut\" \/>\n<script type=\"application\/ld+json\" class=\"yoast-schema-graph\">{\"@context\":\"https:\\\/\\\/schema.org\",\"@graph\":[{\"@type\":\"Article\",\"@id\":\"https:\\\/\\\/www.btv.md\\\/ro\\\/parlamentul-a-anuntat-un-nou-concurs-pentru-selcatrea-guvernatorului-bnm\\\/#article\",\"isPartOf\":{\"@id\":\"https:\\\/\\\/www.btv.md\\\/ro\\\/parlamentul-a-anuntat-un-nou-concurs-pentru-selcatrea-guvernatorului-bnm\\\/\"},\"author\":{\"name\":\"admin\",\"@id\":\"https:\\\/\\\/www.btv.md\\\/#\\\/schema\\\/person\\\/8fadce81561b3ce2c34c46dadc4ccbf2\"},\"headline\":\"PARLAMENTUL A ANUN\u021aAT UN NOU CONCURS PENTRU SELECTAREA GUVERNATORULUI BNM\",\"datePublished\":\"2016-02-12T10:03:43+00:00\",\"dateModified\":\"2016-02-12T14:02:30+00:00\",\"mainEntityOfPage\":{\"@id\":\"https:\\\/\\\/www.btv.md\\\/ro\\\/parlamentul-a-anuntat-un-nou-concurs-pentru-selcatrea-guvernatorului-bnm\\\/\"},\"wordCount\":212,\"image\":{\"@id\":\"https:\\\/\\\/www.btv.md\\\/ro\\\/parlamentul-a-anuntat-un-nou-concurs-pentru-selcatrea-guvernatorului-bnm\\\/#primaryimage\"},\"thumbnailUrl\":\"https:\\\/\\\/www.btv.md\\\/wp-content\\\/uploads\\\/2016\\\/02\\\/noi.md_.jpg\",\"articleSection\":[\"\u042d\u043a\u043e\u043d\u043e\u043c\u0438\u043a\u0430\"],\"inLanguage\":\"ro-RO\"},{\"@type\":\"WebPage\",\"@id\":\"https:\\\/\\\/www.btv.md\\\/ro\\\/parlamentul-a-anuntat-un-nou-concurs-pentru-selcatrea-guvernatorului-bnm\\\/\",\"url\":\"https:\\\/\\\/www.btv.md\\\/ro\\\/parlamentul-a-anuntat-un-nou-concurs-pentru-selcatrea-guvernatorului-bnm\\\/\",\"name\":\"PARLAMENTUL A ANUN\u021aAT UN NOU CONCURS PENTRU SELECTAREA GUVERNATORULUI BNM - BTV\",\"isPartOf\":{\"@id\":\"https:\\\/\\\/www.btv.md\\\/#website\"},\"primaryImageOfPage\":{\"@id\":\"https:\\\/\\\/www.btv.md\\\/ro\\\/parlamentul-a-anuntat-un-nou-concurs-pentru-selcatrea-guvernatorului-bnm\\\/#primaryimage\"},\"image\":{\"@id\":\"https:\\\/\\\/www.btv.md\\\/ro\\\/parlamentul-a-anuntat-un-nou-concurs-pentru-selcatrea-guvernatorului-bnm\\\/#primaryimage\"},\"thumbnailUrl\":\"https:\\\/\\\/www.btv.md\\\/wp-content\\\/uploads\\\/2016\\\/02\\\/noi.md_.jpg\",\"datePublished\":\"2016-02-12T10:03:43+00:00\",\"dateModified\":\"2016-02-12T14:02:30+00:00\",\"author\":{\"@id\":\"https:\\\/\\\/www.btv.md\\\/#\\\/schema\\\/person\\\/8fadce81561b3ce2c34c46dadc4ccbf2\"},\"inLanguage\":\"ro-RO\",\"potentialAction\":[{\"@type\":\"ReadAction\",\"target\":[\"https:\\\/\\\/www.btv.md\\\/ro\\\/parlamentul-a-anuntat-un-nou-concurs-pentru-selcatrea-guvernatorului-bnm\\\/\"]}]},{\"@type\":\"ImageObject\",\"inLanguage\":\"ro-RO\",\"@id\":\"https:\\\/\\\/www.btv.md\\\/ro\\\/parlamentul-a-anuntat-un-nou-concurs-pentru-selcatrea-guvernatorului-bnm\\\/#primaryimage\",\"url\":\"https:\\\/\\\/www.btv.md\\\/wp-content\\\/uploads\\\/2016\\\/02\\\/noi.md_.jpg\",\"contentUrl\":\"https:\\\/\\\/www.btv.md\\\/wp-content\\\/uploads\\\/2016\\\/02\\\/noi.md_.jpg\",\"width\":900,\"height\":600,\"caption\":\"noi.md\"},{\"@type\":\"WebSite\",\"@id\":\"https:\\\/\\\/www.btv.md\\\/#website\",\"url\":\"https:\\\/\\\/www.btv.md\\\/\",\"name\":\"BTV\",\"description\":\"\u0411\u0435\u043b\u044c\u0446\u043a\u043e\u0435 \u0442\u0435\u043b\u0435\u0432\u0438\u0434\u0435\u043d\u0438\u0435\",\"potentialAction\":[{\"@type\":\"SearchAction\",\"target\":{\"@type\":\"EntryPoint\",\"urlTemplate\":\"https:\\\/\\\/www.btv.md\\\/?s={search_term_string}\"},\"query-input\":{\"@type\":\"PropertyValueSpecification\",\"valueRequired\":true,\"valueName\":\"search_term_string\"}}],\"inLanguage\":\"ro-RO\"},{\"@type\":\"Person\",\"@id\":\"https:\\\/\\\/www.btv.md\\\/#\\\/schema\\\/person\\\/8fadce81561b3ce2c34c46dadc4ccbf2\",\"name\":\"admin\"}]}<\/script>\n<!-- \/ Yoast SEO plugin. -->","yoast_head_json":{"title":"PARLAMENTUL A ANUN\u021aAT UN NOU CONCURS PENTRU SELECTAREA GUVERNATORULUI BNM - BTV","robots":{"index":"index","follow":"follow","max-snippet":"max-snippet:-1","max-image-preview":"max-image-preview:large","max-video-preview":"max-video-preview:-1"},"canonical":"https:\/\/www.btv.md\/ro\/parlamentul-a-anuntat-un-nou-concurs-pentru-selcatrea-guvernatorului-bnm\/","og_locale":"ro_RO","og_type":"article","og_title":"PARLAMENTUL A ANUN\u021aAT UN NOU CONCURS PENTRU SELECTAREA GUVERNATORULUI BNM - BTV","og_description":"Parlamentul Republicii Moldova a anun\u021bat un nou concurs de selectare a candidatului la func\u021bia de Guvernator al B\u0103ncii Na\u021bionale a Moldovei. La func\u021bia de Guvernator al B\u0103ncii Na\u021bionale pot candida persoanele care, cumulativ: de\u021bin cet\u0103\u021benia Republicii Moldova; au studii superioare \u0219i post-universitare; au experien\u021b\u0103 de cel pu\u021bin 10 ani \u00een domeniul financiar sau monetar; cunosc [&hellip;]","og_url":"https:\/\/www.btv.md\/ro\/parlamentul-a-anuntat-un-nou-concurs-pentru-selcatrea-guvernatorului-bnm\/","og_site_name":"BTV","article_publisher":"https:\/\/www.facebook.com\/btvmoldova\/","article_published_time":"2016-02-12T10:03:43+00:00","article_modified_time":"2016-02-12T14:02:30+00:00","og_image":[{"width":900,"height":600,"url":"https:\/\/www.btv.md\/wp-content\/uploads\/2016\/02\/noi.md_.jpg","type":"image\/jpeg"}],"author":"admin","twitter_misc":{"Scris de":"admin","Timp estimat pentru citire":"1 minut"},"schema":{"@context":"https:\/\/schema.org","@graph":[{"@type":"Article","@id":"https:\/\/www.btv.md\/ro\/parlamentul-a-anuntat-un-nou-concurs-pentru-selcatrea-guvernatorului-bnm\/#article","isPartOf":{"@id":"https:\/\/www.btv.md\/ro\/parlamentul-a-anuntat-un-nou-concurs-pentru-selcatrea-guvernatorului-bnm\/"},"author":{"name":"admin","@id":"https:\/\/www.btv.md\/#\/schema\/person\/8fadce81561b3ce2c34c46dadc4ccbf2"},"headline":"PARLAMENTUL A ANUN\u021aAT UN NOU CONCURS PENTRU SELECTAREA GUVERNATORULUI BNM","datePublished":"2016-02-12T10:03:43+00:00","dateModified":"2016-02-12T14:02:30+00:00","mainEntityOfPage":{"@id":"https:\/\/www.btv.md\/ro\/parlamentul-a-anuntat-un-nou-concurs-pentru-selcatrea-guvernatorului-bnm\/"},"wordCount":212,"image":{"@id":"https:\/\/www.btv.md\/ro\/parlamentul-a-anuntat-un-nou-concurs-pentru-selcatrea-guvernatorului-bnm\/#primaryimage"},"thumbnailUrl":"https:\/\/www.btv.md\/wp-content\/uploads\/2016\/02\/noi.md_.jpg","articleSection":["\u042d\u043a\u043e\u043d\u043e\u043c\u0438\u043a\u0430"],"inLanguage":"ro-RO"},{"@type":"WebPage","@id":"https:\/\/www.btv.md\/ro\/parlamentul-a-anuntat-un-nou-concurs-pentru-selcatrea-guvernatorului-bnm\/","url":"https:\/\/www.btv.md\/ro\/parlamentul-a-anuntat-un-nou-concurs-pentru-selcatrea-guvernatorului-bnm\/","name":"PARLAMENTUL A ANUN\u021aAT UN NOU CONCURS PENTRU SELECTAREA GUVERNATORULUI BNM - BTV","isPartOf":{"@id":"https:\/\/www.btv.md\/#website"},"primaryImageOfPage":{"@id":"https:\/\/www.btv.md\/ro\/parlamentul-a-anuntat-un-nou-concurs-pentru-selcatrea-guvernatorului-bnm\/#primaryimage"},"image":{"@id":"https:\/\/www.btv.md\/ro\/parlamentul-a-anuntat-un-nou-concurs-pentru-selcatrea-guvernatorului-bnm\/#primaryimage"},"thumbnailUrl":"https:\/\/www.btv.md\/wp-content\/uploads\/2016\/02\/noi.md_.jpg","datePublished":"2016-02-12T10:03:43+00:00","dateModified":"2016-02-12T14:02:30+00:00","author":{"@id":"https:\/\/www.btv.md\/#\/schema\/person\/8fadce81561b3ce2c34c46dadc4ccbf2"},"inLanguage":"ro-RO","potentialAction":[{"@type":"ReadAction","target":["https:\/\/www.btv.md\/ro\/parlamentul-a-anuntat-un-nou-concurs-pentru-selcatrea-guvernatorului-bnm\/"]}]},{"@type":"ImageObject","inLanguage":"ro-RO","@id":"https:\/\/www.btv.md\/ro\/parlamentul-a-anuntat-un-nou-concurs-pentru-selcatrea-guvernatorului-bnm\/#primaryimage","url":"https:\/\/www.btv.md\/wp-content\/uploads\/2016\/02\/noi.md_.jpg","contentUrl":"https:\/\/www.btv.md\/wp-content\/uploads\/2016\/02\/noi.md_.jpg","width":900,"height":600,"caption":"noi.md"},{"@type":"WebSite","@id":"https:\/\/www.btv.md\/#website","url":"https:\/\/www.btv.md\/","name":"BTV","description":"\u0411\u0435\u043b\u044c\u0446\u043a\u043e\u0435 \u0442\u0435\u043b\u0435\u0432\u0438\u0434\u0435\u043d\u0438\u0435","potentialAction":[{"@type":"SearchAction","target":{"@type":"EntryPoint","urlTemplate":"https:\/\/www.btv.md\/?s={search_term_string}"},"query-input":{"@type":"PropertyValueSpecification","valueRequired":true,"valueName":"search_term_string"}}],"inLanguage":"ro-RO"},{"@type":"Person","@id":"https:\/\/www.btv.md\/#\/schema\/person\/8fadce81561b3ce2c34c46dadc4ccbf2","name":"admin"}]}},"_links":{"self":[{"href":"https:\/\/www.btv.md\/ro\/wp-json\/wp\/v2\/posts\/6982","targetHints":{"allow":["GET"]}}],"collection":[{"href":"https:\/\/www.btv.md\/ro\/wp-json\/wp\/v2\/posts"}],"about":[{"href":"https:\/\/www.btv.md\/ro\/wp-json\/wp\/v2\/types\/post"}],"author":[{"embeddable":true,"href":"https:\/\/www.btv.md\/ro\/wp-json\/wp\/v2\/users\/4"}],"replies":[{"embeddable":true,"href":"https:\/\/www.btv.md\/ro\/wp-json\/wp\/v2\/comments?post=6982"}],"version-history":[{"count":0,"href":"https:\/\/www.btv.md\/ro\/wp-json\/wp\/v2\/posts\/6982\/revisions"}],"wp:featuredmedia":[{"embeddable":true,"href":"https:\/\/www.btv.md\/ro\/wp-json\/wp\/v2\/media\/6983"}],"wp:attachment":[{"href":"https:\/\/www.btv.md\/ro\/wp-json\/wp\/v2\/media?parent=6982"}],"wp:term":[{"taxonomy":"category","embeddable":true,"href":"https:\/\/www.btv.md\/ro\/wp-json\/wp\/v2\/categories?post=6982"},{"taxonomy":"post_tag","embeddable":true,"href":"https:\/\/www.btv.md\/ro\/wp-json\/wp\/v2\/tags?post=6982"}],"curies":[{"name":"wp","href":"https:\/\/api.w.org\/{rel}","templated":true}]}}