{"id":7075,"date":"2016-02-15T14:52:19","date_gmt":"2016-02-15T11:52:19","guid":{"rendered":"http:\/\/btv.md\/?p=7075"},"modified":"2016-02-15T14:52:19","modified_gmt":"2016-02-15T11:52:19","slug":"actiuni-de-tortura-comise-de-politisti","status":"publish","type":"post","link":"https:\/\/www.btv.md\/ro\/actiuni-de-tortura-comise-de-politisti\/","title":{"rendered":"AC\u021aIUNI  DE  TORTUR\u0102, COMISE  DE  POLI\u021aI\u0218TI"},"content":{"rendered":"<p><strong>Num\u0103rul cazurilor de adres\u0103ri privind tortura \u015fi alte rele tratamente \u00een Republica Moldova sunt \u00een descre\u0219tere. Cel pu\u021bin a\u0219a arat\u0103 datele prezentate de Procuratura General\u0103, care a evaluat situa\u0163ia din ultimii 7 ani. Astfel, dac\u0103 \u00een 2009 au fost \u00eenregistrare 992 sesiz\u0103ri privind tortura, \u00een 2015 num\u0103rul acestora a fost de 633, informeaz\u0103 <a href=\"http:\/\/www.realitatea.md\/tortura-in-republica-moldova-cele-mai-multe-actiuni-sunt-comise-de-politisti-statistica_34539.html\" target=\"_blank\">Realitatea.md<\/a>.<\/strong><\/p>\n<p>\u00cen majoritatea cazurilor, rele tratamente au fost admise fa\u0163\u0103 de persoanele suspecte, b\u0103nuite, \u00eenvinuite c\u0103 ar fi comis infrac\u0163iuni sau condamnate pentru fapte penale. De asemenea s-au invocat fapte de maltratare aplicate fa\u0163\u0103 de contravenien\u0163i, dar \u0219i fa\u0163\u0103 de al\u0163i participan\u0163i la procesul penal, cum ar fi cei cu statut de victim\u0103, parte v\u0103t\u0103mat\u0103, martor. <\/p>\n<p>\u00cen anul precedent procurorii au remis \u00een instan\u0163a de judecat\u0103 38 cauze penale pe faptul comiterii actelor de tortur\u0103. \u00cen rezultatul examin\u0103rii dosarelor penale \u00een anul 2015, instan\u0163ele de judecat\u0103 au pronun\u0163at 43 de sentin\u0163e \u00een privin\u0163a la 53 persoane. <\/p>\n","protected":false},"excerpt":{"rendered":"<p>Num\u0103rul cazurilor de adres\u0103ri privind tortura \u015fi alte rele tratamente \u00een Republica Moldova sunt \u00een descre\u0219tere. Cel pu\u021bin a\u0219a arat\u0103 datele prezentate de Procuratura General\u0103, care a evaluat situa\u0163ia din ultimii 7 ani. Astfel, dac\u0103 \u00een 2009 au fost \u00eenregistrare 992 sesiz\u0103ri privind tortura, \u00een 2015 num\u0103rul acestora a fost de 633, informeaz\u0103 Realitatea.md. \u00cen [&hellip;]<\/p>\n","protected":false},"author":4,"featured_media":7076,"comment_status":"closed","ping_status":"closed","sticky":false,"template":"","format":"standard","meta":{"footnotes":""},"categories":[6349],"tags":[],"class_list":["post-7075","post","type-post","status-publish","format-standard","has-post-thumbnail","hentry","category-social"],"yoast_head":"<!-- This site is optimized with the Yoast SEO plugin v27.4 - https:\/\/yoast.com\/product\/yoast-seo-wordpress\/ -->\n<title>AC\u021aIUNI DE TORTUR\u0102, COMISE DE POLI\u021aI\u0218TI - BTV<\/title>\n<meta name=\"robots\" content=\"index, follow, max-snippet:-1, max-image-preview:large, max-video-preview:-1\" \/>\n<link rel=\"canonical\" href=\"https:\/\/www.btv.md\/ro\/actiuni-de-tortura-comise-de-politisti\/\" \/>\n<meta property=\"og:locale\" content=\"ro_RO\" \/>\n<meta property=\"og:type\" content=\"article\" \/>\n<meta property=\"og:title\" content=\"AC\u021aIUNI DE TORTUR\u0102, COMISE DE POLI\u021aI\u0218TI - BTV\" \/>\n<meta property=\"og:description\" content=\"Num\u0103rul cazurilor de adres\u0103ri privind tortura \u015fi alte rele tratamente \u00een Republica Moldova sunt \u00een descre\u0219tere. Cel pu\u021bin a\u0219a arat\u0103 datele prezentate de Procuratura General\u0103, care a evaluat situa\u0163ia din ultimii 7 ani. Astfel, dac\u0103 \u00een 2009 au fost \u00eenregistrare 992 sesiz\u0103ri privind tortura, \u00een 2015 num\u0103rul acestora a fost de 633, informeaz\u0103 Realitatea.md. \u00cen [&hellip;]\" \/>\n<meta property=\"og:url\" content=\"https:\/\/www.btv.md\/ro\/actiuni-de-tortura-comise-de-politisti\/\" \/>\n<meta property=\"og:site_name\" content=\"BTV\" \/>\n<meta property=\"article:publisher\" content=\"https:\/\/www.facebook.com\/btvmoldova\/\" \/>\n<meta property=\"article:published_time\" content=\"2016-02-15T11:52:19+00:00\" \/>\n<meta property=\"og:image\" content=\"https:\/\/www.btv.md\/wp-content\/uploads\/2016\/02\/big-trei-politisti-condamnati-la-sase-ani-pentru-tortura.jpg\" \/>\n\t<meta property=\"og:image:width\" content=\"530\" \/>\n\t<meta property=\"og:image:height\" content=\"318\" \/>\n\t<meta property=\"og:image:type\" content=\"image\/jpeg\" \/>\n<meta name=\"author\" content=\"admin\" \/>\n<meta name=\"twitter:label1\" content=\"Scris de\" \/>\n\t<meta name=\"twitter:data1\" content=\"admin\" \/>\n\t<meta name=\"twitter:label2\" content=\"Timp estimat pentru citire\" \/>\n\t<meta name=\"twitter:data2\" content=\"1 minut\" \/>\n<script type=\"application\/ld+json\" class=\"yoast-schema-graph\">{\"@context\":\"https:\\\/\\\/schema.org\",\"@graph\":[{\"@type\":\"Article\",\"@id\":\"https:\\\/\\\/www.btv.md\\\/ro\\\/actiuni-de-tortura-comise-de-politisti\\\/#article\",\"isPartOf\":{\"@id\":\"https:\\\/\\\/www.btv.md\\\/ro\\\/actiuni-de-tortura-comise-de-politisti\\\/\"},\"author\":{\"name\":\"admin\",\"@id\":\"https:\\\/\\\/www.btv.md\\\/#\\\/schema\\\/person\\\/8fadce81561b3ce2c34c46dadc4ccbf2\"},\"headline\":\"AC\u021aIUNI DE TORTUR\u0102, COMISE DE POLI\u021aI\u0218TI\",\"datePublished\":\"2016-02-15T11:52:19+00:00\",\"mainEntityOfPage\":{\"@id\":\"https:\\\/\\\/www.btv.md\\\/ro\\\/actiuni-de-tortura-comise-de-politisti\\\/\"},\"wordCount\":171,\"image\":{\"@id\":\"https:\\\/\\\/www.btv.md\\\/ro\\\/actiuni-de-tortura-comise-de-politisti\\\/#primaryimage\"},\"thumbnailUrl\":\"https:\\\/\\\/www.btv.md\\\/wp-content\\\/uploads\\\/2016\\\/02\\\/big-trei-politisti-condamnati-la-sase-ani-pentru-tortura.jpg\",\"articleSection\":[\"Social\"],\"inLanguage\":\"ro-RO\"},{\"@type\":\"WebPage\",\"@id\":\"https:\\\/\\\/www.btv.md\\\/ro\\\/actiuni-de-tortura-comise-de-politisti\\\/\",\"url\":\"https:\\\/\\\/www.btv.md\\\/ro\\\/actiuni-de-tortura-comise-de-politisti\\\/\",\"name\":\"AC\u021aIUNI DE TORTUR\u0102, COMISE DE POLI\u021aI\u0218TI - BTV\",\"isPartOf\":{\"@id\":\"https:\\\/\\\/www.btv.md\\\/#website\"},\"primaryImageOfPage\":{\"@id\":\"https:\\\/\\\/www.btv.md\\\/ro\\\/actiuni-de-tortura-comise-de-politisti\\\/#primaryimage\"},\"image\":{\"@id\":\"https:\\\/\\\/www.btv.md\\\/ro\\\/actiuni-de-tortura-comise-de-politisti\\\/#primaryimage\"},\"thumbnailUrl\":\"https:\\\/\\\/www.btv.md\\\/wp-content\\\/uploads\\\/2016\\\/02\\\/big-trei-politisti-condamnati-la-sase-ani-pentru-tortura.jpg\",\"datePublished\":\"2016-02-15T11:52:19+00:00\",\"author\":{\"@id\":\"https:\\\/\\\/www.btv.md\\\/#\\\/schema\\\/person\\\/8fadce81561b3ce2c34c46dadc4ccbf2\"},\"inLanguage\":\"ro-RO\",\"potentialAction\":[{\"@type\":\"ReadAction\",\"target\":[\"https:\\\/\\\/www.btv.md\\\/ro\\\/actiuni-de-tortura-comise-de-politisti\\\/\"]}]},{\"@type\":\"ImageObject\",\"inLanguage\":\"ro-RO\",\"@id\":\"https:\\\/\\\/www.btv.md\\\/ro\\\/actiuni-de-tortura-comise-de-politisti\\\/#primaryimage\",\"url\":\"https:\\\/\\\/www.btv.md\\\/wp-content\\\/uploads\\\/2016\\\/02\\\/big-trei-politisti-condamnati-la-sase-ani-pentru-tortura.jpg\",\"contentUrl\":\"https:\\\/\\\/www.btv.md\\\/wp-content\\\/uploads\\\/2016\\\/02\\\/big-trei-politisti-condamnati-la-sase-ani-pentru-tortura.jpg\",\"width\":530,\"height\":318,\"caption\":\"trm.md\"},{\"@type\":\"WebSite\",\"@id\":\"https:\\\/\\\/www.btv.md\\\/#website\",\"url\":\"https:\\\/\\\/www.btv.md\\\/\",\"name\":\"BTV\",\"description\":\"\u0411\u0435\u043b\u044c\u0446\u043a\u043e\u0435 \u0442\u0435\u043b\u0435\u0432\u0438\u0434\u0435\u043d\u0438\u0435\",\"potentialAction\":[{\"@type\":\"SearchAction\",\"target\":{\"@type\":\"EntryPoint\",\"urlTemplate\":\"https:\\\/\\\/www.btv.md\\\/?s={search_term_string}\"},\"query-input\":{\"@type\":\"PropertyValueSpecification\",\"valueRequired\":true,\"valueName\":\"search_term_string\"}}],\"inLanguage\":\"ro-RO\"},{\"@type\":\"Person\",\"@id\":\"https:\\\/\\\/www.btv.md\\\/#\\\/schema\\\/person\\\/8fadce81561b3ce2c34c46dadc4ccbf2\",\"name\":\"admin\"}]}<\/script>\n<!-- \/ Yoast SEO plugin. -->","yoast_head_json":{"title":"AC\u021aIUNI DE TORTUR\u0102, COMISE DE POLI\u021aI\u0218TI - BTV","robots":{"index":"index","follow":"follow","max-snippet":"max-snippet:-1","max-image-preview":"max-image-preview:large","max-video-preview":"max-video-preview:-1"},"canonical":"https:\/\/www.btv.md\/ro\/actiuni-de-tortura-comise-de-politisti\/","og_locale":"ro_RO","og_type":"article","og_title":"AC\u021aIUNI DE TORTUR\u0102, COMISE DE POLI\u021aI\u0218TI - BTV","og_description":"Num\u0103rul cazurilor de adres\u0103ri privind tortura \u015fi alte rele tratamente \u00een Republica Moldova sunt \u00een descre\u0219tere. Cel pu\u021bin a\u0219a arat\u0103 datele prezentate de Procuratura General\u0103, care a evaluat situa\u0163ia din ultimii 7 ani. Astfel, dac\u0103 \u00een 2009 au fost \u00eenregistrare 992 sesiz\u0103ri privind tortura, \u00een 2015 num\u0103rul acestora a fost de 633, informeaz\u0103 Realitatea.md. \u00cen [&hellip;]","og_url":"https:\/\/www.btv.md\/ro\/actiuni-de-tortura-comise-de-politisti\/","og_site_name":"BTV","article_publisher":"https:\/\/www.facebook.com\/btvmoldova\/","article_published_time":"2016-02-15T11:52:19+00:00","og_image":[{"width":530,"height":318,"url":"https:\/\/www.btv.md\/wp-content\/uploads\/2016\/02\/big-trei-politisti-condamnati-la-sase-ani-pentru-tortura.jpg","type":"image\/jpeg"}],"author":"admin","twitter_misc":{"Scris de":"admin","Timp estimat pentru citire":"1 minut"},"schema":{"@context":"https:\/\/schema.org","@graph":[{"@type":"Article","@id":"https:\/\/www.btv.md\/ro\/actiuni-de-tortura-comise-de-politisti\/#article","isPartOf":{"@id":"https:\/\/www.btv.md\/ro\/actiuni-de-tortura-comise-de-politisti\/"},"author":{"name":"admin","@id":"https:\/\/www.btv.md\/#\/schema\/person\/8fadce81561b3ce2c34c46dadc4ccbf2"},"headline":"AC\u021aIUNI DE TORTUR\u0102, COMISE DE POLI\u021aI\u0218TI","datePublished":"2016-02-15T11:52:19+00:00","mainEntityOfPage":{"@id":"https:\/\/www.btv.md\/ro\/actiuni-de-tortura-comise-de-politisti\/"},"wordCount":171,"image":{"@id":"https:\/\/www.btv.md\/ro\/actiuni-de-tortura-comise-de-politisti\/#primaryimage"},"thumbnailUrl":"https:\/\/www.btv.md\/wp-content\/uploads\/2016\/02\/big-trei-politisti-condamnati-la-sase-ani-pentru-tortura.jpg","articleSection":["Social"],"inLanguage":"ro-RO"},{"@type":"WebPage","@id":"https:\/\/www.btv.md\/ro\/actiuni-de-tortura-comise-de-politisti\/","url":"https:\/\/www.btv.md\/ro\/actiuni-de-tortura-comise-de-politisti\/","name":"AC\u021aIUNI DE TORTUR\u0102, COMISE DE POLI\u021aI\u0218TI - BTV","isPartOf":{"@id":"https:\/\/www.btv.md\/#website"},"primaryImageOfPage":{"@id":"https:\/\/www.btv.md\/ro\/actiuni-de-tortura-comise-de-politisti\/#primaryimage"},"image":{"@id":"https:\/\/www.btv.md\/ro\/actiuni-de-tortura-comise-de-politisti\/#primaryimage"},"thumbnailUrl":"https:\/\/www.btv.md\/wp-content\/uploads\/2016\/02\/big-trei-politisti-condamnati-la-sase-ani-pentru-tortura.jpg","datePublished":"2016-02-15T11:52:19+00:00","author":{"@id":"https:\/\/www.btv.md\/#\/schema\/person\/8fadce81561b3ce2c34c46dadc4ccbf2"},"inLanguage":"ro-RO","potentialAction":[{"@type":"ReadAction","target":["https:\/\/www.btv.md\/ro\/actiuni-de-tortura-comise-de-politisti\/"]}]},{"@type":"ImageObject","inLanguage":"ro-RO","@id":"https:\/\/www.btv.md\/ro\/actiuni-de-tortura-comise-de-politisti\/#primaryimage","url":"https:\/\/www.btv.md\/wp-content\/uploads\/2016\/02\/big-trei-politisti-condamnati-la-sase-ani-pentru-tortura.jpg","contentUrl":"https:\/\/www.btv.md\/wp-content\/uploads\/2016\/02\/big-trei-politisti-condamnati-la-sase-ani-pentru-tortura.jpg","width":530,"height":318,"caption":"trm.md"},{"@type":"WebSite","@id":"https:\/\/www.btv.md\/#website","url":"https:\/\/www.btv.md\/","name":"BTV","description":"\u0411\u0435\u043b\u044c\u0446\u043a\u043e\u0435 \u0442\u0435\u043b\u0435\u0432\u0438\u0434\u0435\u043d\u0438\u0435","potentialAction":[{"@type":"SearchAction","target":{"@type":"EntryPoint","urlTemplate":"https:\/\/www.btv.md\/?s={search_term_string}"},"query-input":{"@type":"PropertyValueSpecification","valueRequired":true,"valueName":"search_term_string"}}],"inLanguage":"ro-RO"},{"@type":"Person","@id":"https:\/\/www.btv.md\/#\/schema\/person\/8fadce81561b3ce2c34c46dadc4ccbf2","name":"admin"}]}},"_links":{"self":[{"href":"https:\/\/www.btv.md\/ro\/wp-json\/wp\/v2\/posts\/7075","targetHints":{"allow":["GET"]}}],"collection":[{"href":"https:\/\/www.btv.md\/ro\/wp-json\/wp\/v2\/posts"}],"about":[{"href":"https:\/\/www.btv.md\/ro\/wp-json\/wp\/v2\/types\/post"}],"author":[{"embeddable":true,"href":"https:\/\/www.btv.md\/ro\/wp-json\/wp\/v2\/users\/4"}],"replies":[{"embeddable":true,"href":"https:\/\/www.btv.md\/ro\/wp-json\/wp\/v2\/comments?post=7075"}],"version-history":[{"count":0,"href":"https:\/\/www.btv.md\/ro\/wp-json\/wp\/v2\/posts\/7075\/revisions"}],"wp:featuredmedia":[{"embeddable":true,"href":"https:\/\/www.btv.md\/ro\/wp-json\/wp\/v2\/media\/7076"}],"wp:attachment":[{"href":"https:\/\/www.btv.md\/ro\/wp-json\/wp\/v2\/media?parent=7075"}],"wp:term":[{"taxonomy":"category","embeddable":true,"href":"https:\/\/www.btv.md\/ro\/wp-json\/wp\/v2\/categories?post=7075"},{"taxonomy":"post_tag","embeddable":true,"href":"https:\/\/www.btv.md\/ro\/wp-json\/wp\/v2\/tags?post=7075"}],"curies":[{"name":"wp","href":"https:\/\/api.w.org\/{rel}","templated":true}]}}