{"id":7084,"date":"2016-02-15T15:02:38","date_gmt":"2016-02-15T12:02:38","guid":{"rendered":"http:\/\/btv.md\/?p=7084"},"modified":"2016-02-15T15:02:38","modified_gmt":"2016-02-15T12:02:38","slug":"o-noua-puscarie-in-locul-celei-unde-sta-filat","status":"publish","type":"post","link":"https:\/\/www.btv.md\/ro\/o-noua-puscarie-in-locul-celei-unde-sta-filat\/","title":{"rendered":"O  NOU\u0102  PU\u0218C\u0102RIE, \u00ceN  LOCUL  CELEI  UNDE  ST\u0102  FILAT"},"content":{"rendered":"<p><strong>Ministerul Justi\u0163iei \u015fi Departamentul Institu\u0163iilor Penitenciare anun\u0163\u0103 despre \u00eenceputul elabor\u0103rii unui Plan opera\u0163ional pentru construc\u0163ia unui penitenciar de tip european \u00een locul Penitenciarului nr.13 din Chi\u015fin\u0103u, informeaz\u0103 <a href=\"http:\/\/point.md\/ro\/noutati\/social\/s-a-decis-cand-incepe-construcia-noii-pucarii-in-locul-celei-unde-sta-filat\" target=\"_blank\"> Point.md<\/a>.<\/strong><\/p>\n<p>Un nou Plan opera\u0163ional pentru construc\u0163ia unui penitenciar de tip european \u00een locul Penitenciarului nr.13 din Chi\u015fin\u0103u urmeaz\u0103 s\u0103 fie elaborat \u00een cel mai scurt timp. O decizie \u00een acest sens a fost luat\u0103 la o \u015fedin\u0163\u0103 comun\u0103 a Unit\u0103\u0163ii de Implementare a Proiectului (UIP) de construc\u021bie a penitenciarului \u0219i expertul cheie al Companiei de asisten\u021b\u0103 tehnic\u0103 CGL Management Group LLC, Ivan Stefanovic, cu ministrul Justi\u0163iei, Vladimir Cebotari.<\/p>\n<p>Expertul cheie al Companiei de asisten\u021b\u0103 tehnic\u0103 \u0219i-a \u00eenceput activitatea \u00een cadrul Proiectului la \u00eenceputul acestui an. <\/p>\n<p>Noul Plan opera\u021bional pentru construc\u021bia noului penitenciar va sta la baza preg\u0103tirii termenelor de referin\u021b\u0103 pentru organizarea concursului de selectare a companiei de proiectare.<\/p>\n<p>Ministrul Cebotari  a propus ideea organiz\u0103rii unei proceduri de licita\u021bie interna\u021bional\u0103 comun\u0103 pentru contractarea companiilor de proiectare \u0219i celei de construc\u021bie a noului penitenciar.<\/p>\n<p>Parlamentul de la Chi\u015fin\u0103u a ratificat \u00een decembrie 2013 Acordul cadru prin care Moldova \u00eemprumut\u0103 39 de milioane de euro de la Banca de Dezvoltare a Consiliului Europei (BDCE) pentru a construi o pu\u015fc\u0103rie. Proiectul urmeaz\u0103 s\u0103 fie implementat p\u00e2n\u0103 \u00een anul 2018. \u00cenchisoarea va substitui Penitenciarul num\u0103rul 13 din capital\u0103.  <\/p>\n<p>Timp de doi ani, Guvernul nu a f\u0103cut nimic pentru a \u00eencepe construc\u0163ia acestui penitenciar, dec\u00e2t s\u0103 creeze Unitatea de implementare a Proiectului de construc\u0163ie a penitenciarului din Chi\u015fin\u0103u (UIP).<\/p>\n<p>Ion Lupu, specialistul \u00een securitatea penitenciar\u0103 din cadrul UIP, a declarat anterior pentru Sputnik c\u0103 tergiversarea \u00eenceperii construc\u0163iei pu\u015fc\u0103riei se explic\u0103 prin lipsa \u00een Moldova a unei companii de asisten\u0163\u0103 tehnic\u0103. \u201e<em>O asemenea companie urmeaz\u0103 s\u0103 ne ajute \u00een managementul personalului care s\u0103 proiecteze \u015fi s\u0103 construiasc\u0103 penitenciarul<\/em>\u201d, a declarat Lupu.<\/p>\n<p>\u00cemprumutul de 39 de milioane de lei pentru construc\u0163ia unui nou complex penitenciar urmeaz\u0103 s\u0103 fie \u00eentors din banii cet\u0103\u0163enilor. \u00cenchisoarea va fi construit\u0103 la 9 kilometri de Chi\u015fin\u0103u, \u00een apropiere de Bubuieci. Pu\u015fc\u0103ria va avea o capacitate de aproape 1600 de persoane.<\/p>\n<p>Sistemul penitenciar al Republicii Moldova administreaz\u0103 17 institu\u0163ii penitenciare. Cinci institu\u0163ii penitenciare au statut de izolator de urm\u0103rire penal\u0103, un penitenciar este destinat deten\u0163iei minorilor, o institu\u0163ie penitenciar\u0103 este destinat\u0103 deten\u0163iei condamnatelor de gen feminin, exist\u00e2nd \u015fi un penitenciar cu statut de spital \u00een care sunt trata\u0163i de\u0163inu\u0163ii. Celelalte 9 institu\u0163ii penitenciare sunt destinate isp\u0103\u015firii pedepselor privative de libertate.<\/p>\n<p>Cel mai mare num\u0103r de de\u0163inu\u0163i este concentrat \u00een Penitenciarul nr. 13  din Chi\u015fin\u0103u, unde se afl\u0103 \u015fi ex-premierul liberal-democrat Vladimir Filat. Aceast\u0103 institu\u0163ie penitenciar\u0103 g\u0103zduie\u015fte anual peste 12 mii de persoane.<\/p>\n","protected":false},"excerpt":{"rendered":"<p>Ministerul Justi\u0163iei \u015fi Departamentul Institu\u0163iilor Penitenciare anun\u0163\u0103 despre \u00eenceputul elabor\u0103rii unui Plan opera\u0163ional pentru construc\u0163ia unui penitenciar de tip european \u00een locul Penitenciarului nr.13 din Chi\u015fin\u0103u, informeaz\u0103 Point.md. Un nou Plan opera\u0163ional pentru construc\u0163ia unui penitenciar de tip european \u00een locul Penitenciarului nr.13 din Chi\u015fin\u0103u urmeaz\u0103 s\u0103 fie elaborat \u00een cel mai scurt timp. O [&hellip;]<\/p>\n","protected":false},"author":4,"featured_media":7085,"comment_status":"closed","ping_status":"closed","sticky":false,"template":"","format":"standard","meta":{"footnotes":""},"categories":[6349],"tags":[],"class_list":["post-7084","post","type-post","status-publish","format-standard","has-post-thumbnail","hentry","category-social"],"yoast_head":"<!-- This site is optimized with the Yoast SEO plugin v27.4 - https:\/\/yoast.com\/product\/yoast-seo-wordpress\/ -->\n<title>O NOU\u0102 PU\u0218C\u0102RIE, \u00ceN LOCUL CELEI UNDE ST\u0102 FILAT - BTV<\/title>\n<meta name=\"robots\" content=\"index, follow, max-snippet:-1, max-image-preview:large, max-video-preview:-1\" \/>\n<link rel=\"canonical\" href=\"https:\/\/www.btv.md\/ro\/o-noua-puscarie-in-locul-celei-unde-sta-filat\/\" \/>\n<meta property=\"og:locale\" content=\"ro_RO\" \/>\n<meta property=\"og:type\" content=\"article\" \/>\n<meta property=\"og:title\" content=\"O NOU\u0102 PU\u0218C\u0102RIE, \u00ceN LOCUL CELEI UNDE ST\u0102 FILAT - BTV\" \/>\n<meta property=\"og:description\" content=\"Ministerul Justi\u0163iei \u015fi Departamentul Institu\u0163iilor Penitenciare anun\u0163\u0103 despre \u00eenceputul elabor\u0103rii unui Plan opera\u0163ional pentru construc\u0163ia unui penitenciar de tip european \u00een locul Penitenciarului nr.13 din Chi\u015fin\u0103u, informeaz\u0103 Point.md. Un nou Plan opera\u0163ional pentru construc\u0163ia unui penitenciar de tip european \u00een locul Penitenciarului nr.13 din Chi\u015fin\u0103u urmeaz\u0103 s\u0103 fie elaborat \u00een cel mai scurt timp. O [&hellip;]\" \/>\n<meta property=\"og:url\" content=\"https:\/\/www.btv.md\/ro\/o-noua-puscarie-in-locul-celei-unde-sta-filat\/\" \/>\n<meta property=\"og:site_name\" content=\"BTV\" \/>\n<meta property=\"article:publisher\" content=\"https:\/\/www.facebook.com\/btvmoldova\/\" \/>\n<meta property=\"article:published_time\" content=\"2016-02-15T12:02:38+00:00\" \/>\n<meta property=\"og:image\" content=\"https:\/\/www.btv.md\/wp-content\/uploads\/2016\/02\/88_big.jpg\" \/>\n\t<meta property=\"og:image:width\" content=\"620\" \/>\n\t<meta property=\"og:image:height\" content=\"389\" \/>\n\t<meta property=\"og:image:type\" content=\"image\/jpeg\" \/>\n<meta name=\"author\" content=\"admin\" \/>\n<meta name=\"twitter:label1\" content=\"Scris de\" \/>\n\t<meta name=\"twitter:data1\" content=\"admin\" \/>\n\t<meta name=\"twitter:label2\" content=\"Timp estimat pentru citire\" \/>\n\t<meta name=\"twitter:data2\" content=\"2 minute\" \/>\n<script type=\"application\/ld+json\" class=\"yoast-schema-graph\">{\"@context\":\"https:\\\/\\\/schema.org\",\"@graph\":[{\"@type\":\"Article\",\"@id\":\"https:\\\/\\\/www.btv.md\\\/ro\\\/o-noua-puscarie-in-locul-celei-unde-sta-filat\\\/#article\",\"isPartOf\":{\"@id\":\"https:\\\/\\\/www.btv.md\\\/ro\\\/o-noua-puscarie-in-locul-celei-unde-sta-filat\\\/\"},\"author\":{\"name\":\"admin\",\"@id\":\"https:\\\/\\\/www.btv.md\\\/#\\\/schema\\\/person\\\/8fadce81561b3ce2c34c46dadc4ccbf2\"},\"headline\":\"O NOU\u0102 PU\u0218C\u0102RIE, \u00ceN LOCUL CELEI UNDE ST\u0102 FILAT\",\"datePublished\":\"2016-02-15T12:02:38+00:00\",\"mainEntityOfPage\":{\"@id\":\"https:\\\/\\\/www.btv.md\\\/ro\\\/o-noua-puscarie-in-locul-celei-unde-sta-filat\\\/\"},\"wordCount\":490,\"image\":{\"@id\":\"https:\\\/\\\/www.btv.md\\\/ro\\\/o-noua-puscarie-in-locul-celei-unde-sta-filat\\\/#primaryimage\"},\"thumbnailUrl\":\"https:\\\/\\\/www.btv.md\\\/wp-content\\\/uploads\\\/2016\\\/02\\\/88_big.jpg\",\"articleSection\":[\"Social\"],\"inLanguage\":\"ro-RO\"},{\"@type\":\"WebPage\",\"@id\":\"https:\\\/\\\/www.btv.md\\\/ro\\\/o-noua-puscarie-in-locul-celei-unde-sta-filat\\\/\",\"url\":\"https:\\\/\\\/www.btv.md\\\/ro\\\/o-noua-puscarie-in-locul-celei-unde-sta-filat\\\/\",\"name\":\"O NOU\u0102 PU\u0218C\u0102RIE, \u00ceN LOCUL CELEI UNDE ST\u0102 FILAT - BTV\",\"isPartOf\":{\"@id\":\"https:\\\/\\\/www.btv.md\\\/#website\"},\"primaryImageOfPage\":{\"@id\":\"https:\\\/\\\/www.btv.md\\\/ro\\\/o-noua-puscarie-in-locul-celei-unde-sta-filat\\\/#primaryimage\"},\"image\":{\"@id\":\"https:\\\/\\\/www.btv.md\\\/ro\\\/o-noua-puscarie-in-locul-celei-unde-sta-filat\\\/#primaryimage\"},\"thumbnailUrl\":\"https:\\\/\\\/www.btv.md\\\/wp-content\\\/uploads\\\/2016\\\/02\\\/88_big.jpg\",\"datePublished\":\"2016-02-15T12:02:38+00:00\",\"author\":{\"@id\":\"https:\\\/\\\/www.btv.md\\\/#\\\/schema\\\/person\\\/8fadce81561b3ce2c34c46dadc4ccbf2\"},\"inLanguage\":\"ro-RO\",\"potentialAction\":[{\"@type\":\"ReadAction\",\"target\":[\"https:\\\/\\\/www.btv.md\\\/ro\\\/o-noua-puscarie-in-locul-celei-unde-sta-filat\\\/\"]}]},{\"@type\":\"ImageObject\",\"inLanguage\":\"ro-RO\",\"@id\":\"https:\\\/\\\/www.btv.md\\\/ro\\\/o-noua-puscarie-in-locul-celei-unde-sta-filat\\\/#primaryimage\",\"url\":\"https:\\\/\\\/www.btv.md\\\/wp-content\\\/uploads\\\/2016\\\/02\\\/88_big.jpg\",\"contentUrl\":\"https:\\\/\\\/www.btv.md\\\/wp-content\\\/uploads\\\/2016\\\/02\\\/88_big.jpg\",\"width\":620,\"height\":389,\"caption\":\"wikimapia.org\"},{\"@type\":\"WebSite\",\"@id\":\"https:\\\/\\\/www.btv.md\\\/#website\",\"url\":\"https:\\\/\\\/www.btv.md\\\/\",\"name\":\"BTV\",\"description\":\"\u0411\u0435\u043b\u044c\u0446\u043a\u043e\u0435 \u0442\u0435\u043b\u0435\u0432\u0438\u0434\u0435\u043d\u0438\u0435\",\"potentialAction\":[{\"@type\":\"SearchAction\",\"target\":{\"@type\":\"EntryPoint\",\"urlTemplate\":\"https:\\\/\\\/www.btv.md\\\/?s={search_term_string}\"},\"query-input\":{\"@type\":\"PropertyValueSpecification\",\"valueRequired\":true,\"valueName\":\"search_term_string\"}}],\"inLanguage\":\"ro-RO\"},{\"@type\":\"Person\",\"@id\":\"https:\\\/\\\/www.btv.md\\\/#\\\/schema\\\/person\\\/8fadce81561b3ce2c34c46dadc4ccbf2\",\"name\":\"admin\"}]}<\/script>\n<!-- \/ Yoast SEO plugin. -->","yoast_head_json":{"title":"O NOU\u0102 PU\u0218C\u0102RIE, \u00ceN LOCUL CELEI UNDE ST\u0102 FILAT - BTV","robots":{"index":"index","follow":"follow","max-snippet":"max-snippet:-1","max-image-preview":"max-image-preview:large","max-video-preview":"max-video-preview:-1"},"canonical":"https:\/\/www.btv.md\/ro\/o-noua-puscarie-in-locul-celei-unde-sta-filat\/","og_locale":"ro_RO","og_type":"article","og_title":"O NOU\u0102 PU\u0218C\u0102RIE, \u00ceN LOCUL CELEI UNDE ST\u0102 FILAT - BTV","og_description":"Ministerul Justi\u0163iei \u015fi Departamentul Institu\u0163iilor Penitenciare anun\u0163\u0103 despre \u00eenceputul elabor\u0103rii unui Plan opera\u0163ional pentru construc\u0163ia unui penitenciar de tip european \u00een locul Penitenciarului nr.13 din Chi\u015fin\u0103u, informeaz\u0103 Point.md. Un nou Plan opera\u0163ional pentru construc\u0163ia unui penitenciar de tip european \u00een locul Penitenciarului nr.13 din Chi\u015fin\u0103u urmeaz\u0103 s\u0103 fie elaborat \u00een cel mai scurt timp. O [&hellip;]","og_url":"https:\/\/www.btv.md\/ro\/o-noua-puscarie-in-locul-celei-unde-sta-filat\/","og_site_name":"BTV","article_publisher":"https:\/\/www.facebook.com\/btvmoldova\/","article_published_time":"2016-02-15T12:02:38+00:00","og_image":[{"width":620,"height":389,"url":"https:\/\/www.btv.md\/wp-content\/uploads\/2016\/02\/88_big.jpg","type":"image\/jpeg"}],"author":"admin","twitter_misc":{"Scris de":"admin","Timp estimat pentru citire":"2 minute"},"schema":{"@context":"https:\/\/schema.org","@graph":[{"@type":"Article","@id":"https:\/\/www.btv.md\/ro\/o-noua-puscarie-in-locul-celei-unde-sta-filat\/#article","isPartOf":{"@id":"https:\/\/www.btv.md\/ro\/o-noua-puscarie-in-locul-celei-unde-sta-filat\/"},"author":{"name":"admin","@id":"https:\/\/www.btv.md\/#\/schema\/person\/8fadce81561b3ce2c34c46dadc4ccbf2"},"headline":"O NOU\u0102 PU\u0218C\u0102RIE, \u00ceN LOCUL CELEI UNDE ST\u0102 FILAT","datePublished":"2016-02-15T12:02:38+00:00","mainEntityOfPage":{"@id":"https:\/\/www.btv.md\/ro\/o-noua-puscarie-in-locul-celei-unde-sta-filat\/"},"wordCount":490,"image":{"@id":"https:\/\/www.btv.md\/ro\/o-noua-puscarie-in-locul-celei-unde-sta-filat\/#primaryimage"},"thumbnailUrl":"https:\/\/www.btv.md\/wp-content\/uploads\/2016\/02\/88_big.jpg","articleSection":["Social"],"inLanguage":"ro-RO"},{"@type":"WebPage","@id":"https:\/\/www.btv.md\/ro\/o-noua-puscarie-in-locul-celei-unde-sta-filat\/","url":"https:\/\/www.btv.md\/ro\/o-noua-puscarie-in-locul-celei-unde-sta-filat\/","name":"O NOU\u0102 PU\u0218C\u0102RIE, \u00ceN LOCUL CELEI UNDE ST\u0102 FILAT - BTV","isPartOf":{"@id":"https:\/\/www.btv.md\/#website"},"primaryImageOfPage":{"@id":"https:\/\/www.btv.md\/ro\/o-noua-puscarie-in-locul-celei-unde-sta-filat\/#primaryimage"},"image":{"@id":"https:\/\/www.btv.md\/ro\/o-noua-puscarie-in-locul-celei-unde-sta-filat\/#primaryimage"},"thumbnailUrl":"https:\/\/www.btv.md\/wp-content\/uploads\/2016\/02\/88_big.jpg","datePublished":"2016-02-15T12:02:38+00:00","author":{"@id":"https:\/\/www.btv.md\/#\/schema\/person\/8fadce81561b3ce2c34c46dadc4ccbf2"},"inLanguage":"ro-RO","potentialAction":[{"@type":"ReadAction","target":["https:\/\/www.btv.md\/ro\/o-noua-puscarie-in-locul-celei-unde-sta-filat\/"]}]},{"@type":"ImageObject","inLanguage":"ro-RO","@id":"https:\/\/www.btv.md\/ro\/o-noua-puscarie-in-locul-celei-unde-sta-filat\/#primaryimage","url":"https:\/\/www.btv.md\/wp-content\/uploads\/2016\/02\/88_big.jpg","contentUrl":"https:\/\/www.btv.md\/wp-content\/uploads\/2016\/02\/88_big.jpg","width":620,"height":389,"caption":"wikimapia.org"},{"@type":"WebSite","@id":"https:\/\/www.btv.md\/#website","url":"https:\/\/www.btv.md\/","name":"BTV","description":"\u0411\u0435\u043b\u044c\u0446\u043a\u043e\u0435 \u0442\u0435\u043b\u0435\u0432\u0438\u0434\u0435\u043d\u0438\u0435","potentialAction":[{"@type":"SearchAction","target":{"@type":"EntryPoint","urlTemplate":"https:\/\/www.btv.md\/?s={search_term_string}"},"query-input":{"@type":"PropertyValueSpecification","valueRequired":true,"valueName":"search_term_string"}}],"inLanguage":"ro-RO"},{"@type":"Person","@id":"https:\/\/www.btv.md\/#\/schema\/person\/8fadce81561b3ce2c34c46dadc4ccbf2","name":"admin"}]}},"_links":{"self":[{"href":"https:\/\/www.btv.md\/ro\/wp-json\/wp\/v2\/posts\/7084","targetHints":{"allow":["GET"]}}],"collection":[{"href":"https:\/\/www.btv.md\/ro\/wp-json\/wp\/v2\/posts"}],"about":[{"href":"https:\/\/www.btv.md\/ro\/wp-json\/wp\/v2\/types\/post"}],"author":[{"embeddable":true,"href":"https:\/\/www.btv.md\/ro\/wp-json\/wp\/v2\/users\/4"}],"replies":[{"embeddable":true,"href":"https:\/\/www.btv.md\/ro\/wp-json\/wp\/v2\/comments?post=7084"}],"version-history":[{"count":0,"href":"https:\/\/www.btv.md\/ro\/wp-json\/wp\/v2\/posts\/7084\/revisions"}],"wp:featuredmedia":[{"embeddable":true,"href":"https:\/\/www.btv.md\/ro\/wp-json\/wp\/v2\/media\/7085"}],"wp:attachment":[{"href":"https:\/\/www.btv.md\/ro\/wp-json\/wp\/v2\/media?parent=7084"}],"wp:term":[{"taxonomy":"category","embeddable":true,"href":"https:\/\/www.btv.md\/ro\/wp-json\/wp\/v2\/categories?post=7084"},{"taxonomy":"post_tag","embeddable":true,"href":"https:\/\/www.btv.md\/ro\/wp-json\/wp\/v2\/tags?post=7084"}],"curies":[{"name":"wp","href":"https:\/\/api.w.org\/{rel}","templated":true}]}}