{"id":7087,"date":"2016-02-15T15:49:15","date_gmt":"2016-02-15T12:49:15","guid":{"rendered":"http:\/\/btv.md\/?p=7087"},"modified":"2016-02-15T17:29:10","modified_gmt":"2016-02-15T14:29:10","slug":"elevii-colegiilor-isi-verifica-cunostintele-la-olimpiada-zonala","status":"publish","type":"post","link":"https:\/\/www.btv.md\/ro\/elevii-colegiilor-isi-verifica-cunostintele-la-olimpiada-zonala\/","title":{"rendered":"ELEVII  COLEGIILOR  \u00ce\u0218I  VERIFIC\u0102  CUNO\u0218TIN\u021aELE  LA  OLIMPIADA  ZONAL\u0102"},"content":{"rendered":"<p><strong>Cei mai buni elevi ai colegiilor din nordul \u021b\u0103rii \u0219i-au dat \u00eent\u00e2lnire, s\u00e2mb\u0103t\u0103, la Olimpiada Zonal\u0103, care s-a desf\u0103\u0219urat \u00een incinta Universit\u0103\u021bii de Stat \u201eAlecu Russo \u201d din B\u0103l\u021bi. Ace\u0219tia au concurat pentru prima dat\u0103 la probele de limba \u0219i literatura rom\u00e2n\u0103 c\u00e2t \u0219i limbi moderne. <\/strong><\/p>\n<p>Prorectorul pentru activitatea \u0219tiin\u021bific\u0103  \u0219i rela\u021bii interna\u021bionale, Valentina Pri\u021bcan, a specificat c\u0103 acest eveniment \u00eencearc\u0103 s\u0103 scoat\u0103 \u00een valoare atitudinile \u0219i capacit\u0103\u021bile tinerilor.<\/p>\n<p>Cu un cuv\u00e2nt de sus\u021binere pentru participan\u021bi a venit \u0219i de\u021bin\u0103toarea bursei pre\u0219edintelui Republicii Moldova, Gabriela Lopotenco.<\/p>\n<p>Proba de concurs a constat din dou\u0103 p\u0103r\u021bi cea teoretic\u0103 \u0219i practic\u0103. Proba teoretic\u0103  reprezint\u0103 un test \u00een format electronic, care faciliteaz\u0103 at\u00e2t munca evaluatorului c\u00e2t \u0219i a elevului. <\/p>\n<p>Potrivit lectorului universitar, Zinaida Dolin\u021b\u0103, la evenimentul de s\u00e2mb\u0103t\u0103 au participat  peste 200 de elevi.<\/p>\n<p>Lectorul universitar a precizat c\u0103 la Olimpiada Zonal\u0103, sunt selecta\u021bi elevii care s-au remarcat prin reu\u0219ite la Olimpiada \u0219colar\u0103. Iar ce-i mai buni, care vor putea trece cu brio \u0219i aceast\u0103 etap\u0103 vor ajunge la Olimpiada Republican\u0103.<\/p>\n<p>Cinci ani la r\u00e2nd \u00een cadrul universit\u0103\u021bii se desf\u0103\u0219urau  Olimpiade numai  la disciplinele biologie, chimie \u0219i geografie.<\/p>\n<p><iframe width=\"420\" height=\"315\" data-src=\"https:\/\/www.youtube.com\/embed\/BZwzb9ltZbg\" frameborder=\"0\" allowfullscreen src=\"data:image\/svg+xml;base64,PHN2ZyB3aWR0aD0iMSIgaGVpZ2h0PSIxIiB4bWxucz0iaHR0cDovL3d3dy53My5vcmcvMjAwMC9zdmciPjwvc3ZnPg==\" class=\"lazyload\" data-load-mode=\"1\"><\/iframe><\/p>\n","protected":false},"excerpt":{"rendered":"<p>Cei mai buni elevi ai colegiilor din nordul \u021b\u0103rii \u0219i-au dat \u00eent\u00e2lnire, s\u00e2mb\u0103t\u0103, la Olimpiada Zonal\u0103, care s-a desf\u0103\u0219urat \u00een incinta Universit\u0103\u021bii de Stat \u201eAlecu Russo \u201d din B\u0103l\u021bi. Ace\u0219tia au concurat pentru prima dat\u0103 la probele de limba \u0219i literatura rom\u00e2n\u0103 c\u00e2t \u0219i limbi moderne. Prorectorul pentru activitatea \u0219tiin\u021bific\u0103 \u0219i rela\u021bii interna\u021bionale, Valentina Pri\u021bcan, [&hellip;]<\/p>\n","protected":false},"author":4,"featured_media":7088,"comment_status":"closed","ping_status":"closed","sticky":false,"template":"","format":"standard","meta":{"footnotes":""},"categories":[6353],"tags":[],"class_list":["post-7087","post","type-post","status-publish","format-standard","has-post-thumbnail","hentry","category-oras"],"yoast_head":"<!-- This site is optimized with the Yoast SEO plugin v27.4 - https:\/\/yoast.com\/product\/yoast-seo-wordpress\/ -->\n<title>ELEVII COLEGIILOR \u00ce\u0218I VERIFIC\u0102 CUNO\u0218TIN\u021aELE LA OLIMPIADA ZONAL\u0102  - BTV<\/title>\n<meta name=\"robots\" content=\"index, follow, max-snippet:-1, max-image-preview:large, max-video-preview:-1\" \/>\n<link rel=\"canonical\" href=\"https:\/\/www.btv.md\/ro\/elevii-colegiilor-isi-verifica-cunostintele-la-olimpiada-zonala\/\" \/>\n<meta property=\"og:locale\" content=\"ro_RO\" \/>\n<meta property=\"og:type\" content=\"article\" \/>\n<meta property=\"og:title\" content=\"ELEVII COLEGIILOR \u00ce\u0218I VERIFIC\u0102 CUNO\u0218TIN\u021aELE LA OLIMPIADA ZONAL\u0102  - BTV\" \/>\n<meta property=\"og:description\" content=\"Cei mai buni elevi ai colegiilor din nordul \u021b\u0103rii \u0219i-au dat \u00eent\u00e2lnire, s\u00e2mb\u0103t\u0103, la Olimpiada Zonal\u0103, care s-a desf\u0103\u0219urat \u00een incinta Universit\u0103\u021bii de Stat \u201eAlecu Russo \u201d din B\u0103l\u021bi. Ace\u0219tia au concurat pentru prima dat\u0103 la probele de limba \u0219i literatura rom\u00e2n\u0103 c\u00e2t \u0219i limbi moderne. Prorectorul pentru activitatea \u0219tiin\u021bific\u0103 \u0219i rela\u021bii interna\u021bionale, Valentina Pri\u021bcan, [&hellip;]\" \/>\n<meta property=\"og:url\" content=\"https:\/\/www.btv.md\/ro\/elevii-colegiilor-isi-verifica-cunostintele-la-olimpiada-zonala\/\" \/>\n<meta property=\"og:site_name\" content=\"BTV\" \/>\n<meta property=\"article:publisher\" content=\"https:\/\/www.facebook.com\/btvmoldova\/\" \/>\n<meta property=\"article:published_time\" content=\"2016-02-15T12:49:15+00:00\" \/>\n<meta property=\"article:modified_time\" content=\"2016-02-15T14:29:10+00:00\" \/>\n<meta property=\"og:image\" content=\"https:\/\/www.btv.md\/wp-content\/uploads\/2016\/02\/olimpiada.png\" \/>\n\t<meta property=\"og:image:width\" content=\"997\" \/>\n\t<meta property=\"og:image:height\" content=\"563\" \/>\n\t<meta property=\"og:image:type\" content=\"image\/png\" \/>\n<meta name=\"author\" content=\"admin\" \/>\n<meta name=\"twitter:label1\" content=\"Scris de\" \/>\n\t<meta name=\"twitter:data1\" content=\"admin\" \/>\n\t<meta name=\"twitter:label2\" content=\"Timp estimat pentru citire\" \/>\n\t<meta name=\"twitter:data2\" content=\"1 minut\" \/>\n<script type=\"application\/ld+json\" class=\"yoast-schema-graph\">{\"@context\":\"https:\\\/\\\/schema.org\",\"@graph\":[{\"@type\":\"Article\",\"@id\":\"https:\\\/\\\/www.btv.md\\\/ro\\\/elevii-colegiilor-isi-verifica-cunostintele-la-olimpiada-zonala\\\/#article\",\"isPartOf\":{\"@id\":\"https:\\\/\\\/www.btv.md\\\/ro\\\/elevii-colegiilor-isi-verifica-cunostintele-la-olimpiada-zonala\\\/\"},\"author\":{\"name\":\"admin\",\"@id\":\"https:\\\/\\\/www.btv.md\\\/#\\\/schema\\\/person\\\/8fadce81561b3ce2c34c46dadc4ccbf2\"},\"headline\":\"ELEVII COLEGIILOR \u00ce\u0218I VERIFIC\u0102 CUNO\u0218TIN\u021aELE LA OLIMPIADA ZONAL\u0102\",\"datePublished\":\"2016-02-15T12:49:15+00:00\",\"dateModified\":\"2016-02-15T14:29:10+00:00\",\"mainEntityOfPage\":{\"@id\":\"https:\\\/\\\/www.btv.md\\\/ro\\\/elevii-colegiilor-isi-verifica-cunostintele-la-olimpiada-zonala\\\/\"},\"wordCount\":224,\"image\":{\"@id\":\"https:\\\/\\\/www.btv.md\\\/ro\\\/elevii-colegiilor-isi-verifica-cunostintele-la-olimpiada-zonala\\\/#primaryimage\"},\"thumbnailUrl\":\"https:\\\/\\\/www.btv.md\\\/wp-content\\\/uploads\\\/2016\\\/02\\\/olimpiada.png\",\"articleSection\":[\"Ora\u0219\"],\"inLanguage\":\"ro-RO\"},{\"@type\":\"WebPage\",\"@id\":\"https:\\\/\\\/www.btv.md\\\/ro\\\/elevii-colegiilor-isi-verifica-cunostintele-la-olimpiada-zonala\\\/\",\"url\":\"https:\\\/\\\/www.btv.md\\\/ro\\\/elevii-colegiilor-isi-verifica-cunostintele-la-olimpiada-zonala\\\/\",\"name\":\"ELEVII COLEGIILOR \u00ce\u0218I VERIFIC\u0102 CUNO\u0218TIN\u021aELE LA OLIMPIADA ZONAL\u0102 - BTV\",\"isPartOf\":{\"@id\":\"https:\\\/\\\/www.btv.md\\\/#website\"},\"primaryImageOfPage\":{\"@id\":\"https:\\\/\\\/www.btv.md\\\/ro\\\/elevii-colegiilor-isi-verifica-cunostintele-la-olimpiada-zonala\\\/#primaryimage\"},\"image\":{\"@id\":\"https:\\\/\\\/www.btv.md\\\/ro\\\/elevii-colegiilor-isi-verifica-cunostintele-la-olimpiada-zonala\\\/#primaryimage\"},\"thumbnailUrl\":\"https:\\\/\\\/www.btv.md\\\/wp-content\\\/uploads\\\/2016\\\/02\\\/olimpiada.png\",\"datePublished\":\"2016-02-15T12:49:15+00:00\",\"dateModified\":\"2016-02-15T14:29:10+00:00\",\"author\":{\"@id\":\"https:\\\/\\\/www.btv.md\\\/#\\\/schema\\\/person\\\/8fadce81561b3ce2c34c46dadc4ccbf2\"},\"inLanguage\":\"ro-RO\",\"potentialAction\":[{\"@type\":\"ReadAction\",\"target\":[\"https:\\\/\\\/www.btv.md\\\/ro\\\/elevii-colegiilor-isi-verifica-cunostintele-la-olimpiada-zonala\\\/\"]}]},{\"@type\":\"ImageObject\",\"inLanguage\":\"ro-RO\",\"@id\":\"https:\\\/\\\/www.btv.md\\\/ro\\\/elevii-colegiilor-isi-verifica-cunostintele-la-olimpiada-zonala\\\/#primaryimage\",\"url\":\"https:\\\/\\\/www.btv.md\\\/wp-content\\\/uploads\\\/2016\\\/02\\\/olimpiada.png\",\"contentUrl\":\"https:\\\/\\\/www.btv.md\\\/wp-content\\\/uploads\\\/2016\\\/02\\\/olimpiada.png\",\"width\":997,\"height\":563},{\"@type\":\"WebSite\",\"@id\":\"https:\\\/\\\/www.btv.md\\\/#website\",\"url\":\"https:\\\/\\\/www.btv.md\\\/\",\"name\":\"BTV\",\"description\":\"\u0411\u0435\u043b\u044c\u0446\u043a\u043e\u0435 \u0442\u0435\u043b\u0435\u0432\u0438\u0434\u0435\u043d\u0438\u0435\",\"potentialAction\":[{\"@type\":\"SearchAction\",\"target\":{\"@type\":\"EntryPoint\",\"urlTemplate\":\"https:\\\/\\\/www.btv.md\\\/?s={search_term_string}\"},\"query-input\":{\"@type\":\"PropertyValueSpecification\",\"valueRequired\":true,\"valueName\":\"search_term_string\"}}],\"inLanguage\":\"ro-RO\"},{\"@type\":\"Person\",\"@id\":\"https:\\\/\\\/www.btv.md\\\/#\\\/schema\\\/person\\\/8fadce81561b3ce2c34c46dadc4ccbf2\",\"name\":\"admin\"}]}<\/script>\n<!-- \/ Yoast SEO plugin. -->","yoast_head_json":{"title":"ELEVII COLEGIILOR \u00ce\u0218I VERIFIC\u0102 CUNO\u0218TIN\u021aELE LA OLIMPIADA ZONAL\u0102  - BTV","robots":{"index":"index","follow":"follow","max-snippet":"max-snippet:-1","max-image-preview":"max-image-preview:large","max-video-preview":"max-video-preview:-1"},"canonical":"https:\/\/www.btv.md\/ro\/elevii-colegiilor-isi-verifica-cunostintele-la-olimpiada-zonala\/","og_locale":"ro_RO","og_type":"article","og_title":"ELEVII COLEGIILOR \u00ce\u0218I VERIFIC\u0102 CUNO\u0218TIN\u021aELE LA OLIMPIADA ZONAL\u0102  - BTV","og_description":"Cei mai buni elevi ai colegiilor din nordul \u021b\u0103rii \u0219i-au dat \u00eent\u00e2lnire, s\u00e2mb\u0103t\u0103, la Olimpiada Zonal\u0103, care s-a desf\u0103\u0219urat \u00een incinta Universit\u0103\u021bii de Stat \u201eAlecu Russo \u201d din B\u0103l\u021bi. Ace\u0219tia au concurat pentru prima dat\u0103 la probele de limba \u0219i literatura rom\u00e2n\u0103 c\u00e2t \u0219i limbi moderne. Prorectorul pentru activitatea \u0219tiin\u021bific\u0103 \u0219i rela\u021bii interna\u021bionale, Valentina Pri\u021bcan, [&hellip;]","og_url":"https:\/\/www.btv.md\/ro\/elevii-colegiilor-isi-verifica-cunostintele-la-olimpiada-zonala\/","og_site_name":"BTV","article_publisher":"https:\/\/www.facebook.com\/btvmoldova\/","article_published_time":"2016-02-15T12:49:15+00:00","article_modified_time":"2016-02-15T14:29:10+00:00","og_image":[{"width":997,"height":563,"url":"https:\/\/www.btv.md\/wp-content\/uploads\/2016\/02\/olimpiada.png","type":"image\/png"}],"author":"admin","twitter_misc":{"Scris de":"admin","Timp estimat pentru citire":"1 minut"},"schema":{"@context":"https:\/\/schema.org","@graph":[{"@type":"Article","@id":"https:\/\/www.btv.md\/ro\/elevii-colegiilor-isi-verifica-cunostintele-la-olimpiada-zonala\/#article","isPartOf":{"@id":"https:\/\/www.btv.md\/ro\/elevii-colegiilor-isi-verifica-cunostintele-la-olimpiada-zonala\/"},"author":{"name":"admin","@id":"https:\/\/www.btv.md\/#\/schema\/person\/8fadce81561b3ce2c34c46dadc4ccbf2"},"headline":"ELEVII COLEGIILOR \u00ce\u0218I VERIFIC\u0102 CUNO\u0218TIN\u021aELE LA OLIMPIADA ZONAL\u0102","datePublished":"2016-02-15T12:49:15+00:00","dateModified":"2016-02-15T14:29:10+00:00","mainEntityOfPage":{"@id":"https:\/\/www.btv.md\/ro\/elevii-colegiilor-isi-verifica-cunostintele-la-olimpiada-zonala\/"},"wordCount":224,"image":{"@id":"https:\/\/www.btv.md\/ro\/elevii-colegiilor-isi-verifica-cunostintele-la-olimpiada-zonala\/#primaryimage"},"thumbnailUrl":"https:\/\/www.btv.md\/wp-content\/uploads\/2016\/02\/olimpiada.png","articleSection":["Ora\u0219"],"inLanguage":"ro-RO"},{"@type":"WebPage","@id":"https:\/\/www.btv.md\/ro\/elevii-colegiilor-isi-verifica-cunostintele-la-olimpiada-zonala\/","url":"https:\/\/www.btv.md\/ro\/elevii-colegiilor-isi-verifica-cunostintele-la-olimpiada-zonala\/","name":"ELEVII COLEGIILOR \u00ce\u0218I VERIFIC\u0102 CUNO\u0218TIN\u021aELE LA OLIMPIADA ZONAL\u0102 - BTV","isPartOf":{"@id":"https:\/\/www.btv.md\/#website"},"primaryImageOfPage":{"@id":"https:\/\/www.btv.md\/ro\/elevii-colegiilor-isi-verifica-cunostintele-la-olimpiada-zonala\/#primaryimage"},"image":{"@id":"https:\/\/www.btv.md\/ro\/elevii-colegiilor-isi-verifica-cunostintele-la-olimpiada-zonala\/#primaryimage"},"thumbnailUrl":"https:\/\/www.btv.md\/wp-content\/uploads\/2016\/02\/olimpiada.png","datePublished":"2016-02-15T12:49:15+00:00","dateModified":"2016-02-15T14:29:10+00:00","author":{"@id":"https:\/\/www.btv.md\/#\/schema\/person\/8fadce81561b3ce2c34c46dadc4ccbf2"},"inLanguage":"ro-RO","potentialAction":[{"@type":"ReadAction","target":["https:\/\/www.btv.md\/ro\/elevii-colegiilor-isi-verifica-cunostintele-la-olimpiada-zonala\/"]}]},{"@type":"ImageObject","inLanguage":"ro-RO","@id":"https:\/\/www.btv.md\/ro\/elevii-colegiilor-isi-verifica-cunostintele-la-olimpiada-zonala\/#primaryimage","url":"https:\/\/www.btv.md\/wp-content\/uploads\/2016\/02\/olimpiada.png","contentUrl":"https:\/\/www.btv.md\/wp-content\/uploads\/2016\/02\/olimpiada.png","width":997,"height":563},{"@type":"WebSite","@id":"https:\/\/www.btv.md\/#website","url":"https:\/\/www.btv.md\/","name":"BTV","description":"\u0411\u0435\u043b\u044c\u0446\u043a\u043e\u0435 \u0442\u0435\u043b\u0435\u0432\u0438\u0434\u0435\u043d\u0438\u0435","potentialAction":[{"@type":"SearchAction","target":{"@type":"EntryPoint","urlTemplate":"https:\/\/www.btv.md\/?s={search_term_string}"},"query-input":{"@type":"PropertyValueSpecification","valueRequired":true,"valueName":"search_term_string"}}],"inLanguage":"ro-RO"},{"@type":"Person","@id":"https:\/\/www.btv.md\/#\/schema\/person\/8fadce81561b3ce2c34c46dadc4ccbf2","name":"admin"}]}},"_links":{"self":[{"href":"https:\/\/www.btv.md\/ro\/wp-json\/wp\/v2\/posts\/7087","targetHints":{"allow":["GET"]}}],"collection":[{"href":"https:\/\/www.btv.md\/ro\/wp-json\/wp\/v2\/posts"}],"about":[{"href":"https:\/\/www.btv.md\/ro\/wp-json\/wp\/v2\/types\/post"}],"author":[{"embeddable":true,"href":"https:\/\/www.btv.md\/ro\/wp-json\/wp\/v2\/users\/4"}],"replies":[{"embeddable":true,"href":"https:\/\/www.btv.md\/ro\/wp-json\/wp\/v2\/comments?post=7087"}],"version-history":[{"count":0,"href":"https:\/\/www.btv.md\/ro\/wp-json\/wp\/v2\/posts\/7087\/revisions"}],"wp:featuredmedia":[{"embeddable":true,"href":"https:\/\/www.btv.md\/ro\/wp-json\/wp\/v2\/media\/7088"}],"wp:attachment":[{"href":"https:\/\/www.btv.md\/ro\/wp-json\/wp\/v2\/media?parent=7087"}],"wp:term":[{"taxonomy":"category","embeddable":true,"href":"https:\/\/www.btv.md\/ro\/wp-json\/wp\/v2\/categories?post=7087"},{"taxonomy":"post_tag","embeddable":true,"href":"https:\/\/www.btv.md\/ro\/wp-json\/wp\/v2\/tags?post=7087"}],"curies":[{"name":"wp","href":"https:\/\/api.w.org\/{rel}","templated":true}]}}