{"id":7116,"date":"2016-02-15T16:45:44","date_gmt":"2016-02-15T13:45:44","guid":{"rendered":"http:\/\/btv.md\/?p=7116"},"modified":"2016-02-15T16:45:44","modified_gmt":"2016-02-15T13:45:44","slug":"cancerul-face-victime-in-randul-copiilor","status":"publish","type":"post","link":"https:\/\/www.btv.md\/ro\/cancerul-face-victime-in-randul-copiilor\/","title":{"rendered":"CANCERUL  FACE  VICTIME  \u00ceN  R\u00c2NDUL  COPIILOR"},"content":{"rendered":"<p><strong>Cancerul face victime \u00een r\u00e2ndul copiilor. De la \u00eenceputul anului curent doar \u00een municipiul B\u0103l\u021bi un copil \u0219i-a pierdut via\u021ba din cauza acestei maladii. \u0218eful Sec\u021biei Chirurgie Pediatric\u0103, Anatol Bernic, spune c\u0103 cea mai mare problem\u0103 este adresarea tardiv\u0103 la medic.<\/strong><\/p>\n<p>\u201e<em>Problema de baz\u0103 este adresarea tardiv\u0103 la medic. De cele mai multe ori boala este depistat\u0103 \u00eent\u00e2mpl\u0103tor, \u00een urma unor altor consulta\u021bii. Dac\u0103 p\u0103rin\u021bii nu atrag aten\u021bia la comportamentul copilului, la pielea copilului, c\u00e2nd se adreseaz\u0103 nu mai pot fi trata\u021bi<\/em>\u201d.  <\/p>\n<p>Anul trecut, al\u021bi doi copii au decedat din cauza cancerului. La moment, la Spitalul Clinic Municipal B\u0103l\u021bi sunt \u00eenregistra\u021bi 53 de copii care sufer\u0103 de diferite tumori. Din ace\u0219tia, 19 sunt diagnostica\u021bi cu cancer, de cele mai multe ori, leucemie. <\/p>\n<p>La nivel mondial, din 100.000 de copii, 15 sufer\u0103 de patologii oncologice. \u00cen sus\u021binerea acestora la data de 15 februarie este marcat\u0103 Ziua Interna\u021bional\u0103 a Copilului cu Cancer.<\/p>\n<p><iframe width=\"420\" height=\"315\" data-src=\"https:\/\/www.youtube.com\/embed\/6d9eUuqqKyY\" frameborder=\"0\" allowfullscreen src=\"data:image\/svg+xml;base64,PHN2ZyB3aWR0aD0iMSIgaGVpZ2h0PSIxIiB4bWxucz0iaHR0cDovL3d3dy53My5vcmcvMjAwMC9zdmciPjwvc3ZnPg==\" class=\"lazyload\" data-load-mode=\"1\"><\/iframe><\/p>\n","protected":false},"excerpt":{"rendered":"<p>Cancerul face victime \u00een r\u00e2ndul copiilor. De la \u00eenceputul anului curent doar \u00een municipiul B\u0103l\u021bi un copil \u0219i-a pierdut via\u021ba din cauza acestei maladii. \u0218eful Sec\u021biei Chirurgie Pediatric\u0103, Anatol Bernic, spune c\u0103 cea mai mare problem\u0103 este adresarea tardiv\u0103 la medic. \u201eProblema de baz\u0103 este adresarea tardiv\u0103 la medic. De cele mai multe ori boala [&hellip;]<\/p>\n","protected":false},"author":4,"featured_media":7117,"comment_status":"closed","ping_status":"closed","sticky":false,"template":"","format":"standard","meta":{"footnotes":""},"categories":[6353],"tags":[],"class_list":["post-7116","post","type-post","status-publish","format-standard","has-post-thumbnail","hentry","category-oras"],"yoast_head":"<!-- This site is optimized with the Yoast SEO plugin v27.4 - https:\/\/yoast.com\/product\/yoast-seo-wordpress\/ -->\n<title>CANCERUL FACE VICTIME \u00ceN R\u00c2NDUL COPIILOR - BTV<\/title>\n<meta name=\"robots\" content=\"index, follow, max-snippet:-1, max-image-preview:large, max-video-preview:-1\" \/>\n<link rel=\"canonical\" href=\"https:\/\/www.btv.md\/ro\/cancerul-face-victime-in-randul-copiilor\/\" \/>\n<meta property=\"og:locale\" content=\"ro_RO\" \/>\n<meta property=\"og:type\" content=\"article\" \/>\n<meta property=\"og:title\" content=\"CANCERUL FACE VICTIME \u00ceN R\u00c2NDUL COPIILOR - BTV\" \/>\n<meta property=\"og:description\" content=\"Cancerul face victime \u00een r\u00e2ndul copiilor. De la \u00eenceputul anului curent doar \u00een municipiul B\u0103l\u021bi un copil \u0219i-a pierdut via\u021ba din cauza acestei maladii. \u0218eful Sec\u021biei Chirurgie Pediatric\u0103, Anatol Bernic, spune c\u0103 cea mai mare problem\u0103 este adresarea tardiv\u0103 la medic. \u201eProblema de baz\u0103 este adresarea tardiv\u0103 la medic. De cele mai multe ori boala [&hellip;]\" \/>\n<meta property=\"og:url\" content=\"https:\/\/www.btv.md\/ro\/cancerul-face-victime-in-randul-copiilor\/\" \/>\n<meta property=\"og:site_name\" content=\"BTV\" \/>\n<meta property=\"article:publisher\" content=\"https:\/\/www.facebook.com\/btvmoldova\/\" \/>\n<meta property=\"article:published_time\" content=\"2016-02-15T13:45:44+00:00\" \/>\n<meta property=\"og:image\" content=\"https:\/\/www.btv.md\/wp-content\/uploads\/2016\/02\/3.jpg\" \/>\n\t<meta property=\"og:image:width\" content=\"2048\" \/>\n\t<meta property=\"og:image:height\" content=\"1536\" \/>\n\t<meta property=\"og:image:type\" content=\"image\/jpeg\" \/>\n<meta name=\"author\" content=\"admin\" \/>\n<meta name=\"twitter:label1\" content=\"Scris de\" \/>\n\t<meta name=\"twitter:data1\" content=\"admin\" \/>\n\t<meta name=\"twitter:label2\" content=\"Timp estimat pentru citire\" \/>\n\t<meta name=\"twitter:data2\" content=\"1 minut\" \/>\n<script type=\"application\/ld+json\" class=\"yoast-schema-graph\">{\"@context\":\"https:\\\/\\\/schema.org\",\"@graph\":[{\"@type\":\"Article\",\"@id\":\"https:\\\/\\\/www.btv.md\\\/ro\\\/cancerul-face-victime-in-randul-copiilor\\\/#article\",\"isPartOf\":{\"@id\":\"https:\\\/\\\/www.btv.md\\\/ro\\\/cancerul-face-victime-in-randul-copiilor\\\/\"},\"author\":{\"name\":\"admin\",\"@id\":\"https:\\\/\\\/www.btv.md\\\/#\\\/schema\\\/person\\\/8fadce81561b3ce2c34c46dadc4ccbf2\"},\"headline\":\"CANCERUL FACE VICTIME \u00ceN R\u00c2NDUL COPIILOR\",\"datePublished\":\"2016-02-15T13:45:44+00:00\",\"mainEntityOfPage\":{\"@id\":\"https:\\\/\\\/www.btv.md\\\/ro\\\/cancerul-face-victime-in-randul-copiilor\\\/\"},\"wordCount\":173,\"image\":{\"@id\":\"https:\\\/\\\/www.btv.md\\\/ro\\\/cancerul-face-victime-in-randul-copiilor\\\/#primaryimage\"},\"thumbnailUrl\":\"https:\\\/\\\/www.btv.md\\\/wp-content\\\/uploads\\\/2016\\\/02\\\/3.jpg\",\"articleSection\":[\"Ora\u0219\"],\"inLanguage\":\"ro-RO\"},{\"@type\":\"WebPage\",\"@id\":\"https:\\\/\\\/www.btv.md\\\/ro\\\/cancerul-face-victime-in-randul-copiilor\\\/\",\"url\":\"https:\\\/\\\/www.btv.md\\\/ro\\\/cancerul-face-victime-in-randul-copiilor\\\/\",\"name\":\"CANCERUL FACE VICTIME \u00ceN R\u00c2NDUL COPIILOR - BTV\",\"isPartOf\":{\"@id\":\"https:\\\/\\\/www.btv.md\\\/#website\"},\"primaryImageOfPage\":{\"@id\":\"https:\\\/\\\/www.btv.md\\\/ro\\\/cancerul-face-victime-in-randul-copiilor\\\/#primaryimage\"},\"image\":{\"@id\":\"https:\\\/\\\/www.btv.md\\\/ro\\\/cancerul-face-victime-in-randul-copiilor\\\/#primaryimage\"},\"thumbnailUrl\":\"https:\\\/\\\/www.btv.md\\\/wp-content\\\/uploads\\\/2016\\\/02\\\/3.jpg\",\"datePublished\":\"2016-02-15T13:45:44+00:00\",\"author\":{\"@id\":\"https:\\\/\\\/www.btv.md\\\/#\\\/schema\\\/person\\\/8fadce81561b3ce2c34c46dadc4ccbf2\"},\"inLanguage\":\"ro-RO\",\"potentialAction\":[{\"@type\":\"ReadAction\",\"target\":[\"https:\\\/\\\/www.btv.md\\\/ro\\\/cancerul-face-victime-in-randul-copiilor\\\/\"]}]},{\"@type\":\"ImageObject\",\"inLanguage\":\"ro-RO\",\"@id\":\"https:\\\/\\\/www.btv.md\\\/ro\\\/cancerul-face-victime-in-randul-copiilor\\\/#primaryimage\",\"url\":\"https:\\\/\\\/www.btv.md\\\/wp-content\\\/uploads\\\/2016\\\/02\\\/3.jpg\",\"contentUrl\":\"https:\\\/\\\/www.btv.md\\\/wp-content\\\/uploads\\\/2016\\\/02\\\/3.jpg\",\"width\":2048,\"height\":1536,\"caption\":\"www.paulaherlo.ro\"},{\"@type\":\"WebSite\",\"@id\":\"https:\\\/\\\/www.btv.md\\\/#website\",\"url\":\"https:\\\/\\\/www.btv.md\\\/\",\"name\":\"BTV\",\"description\":\"\u0411\u0435\u043b\u044c\u0446\u043a\u043e\u0435 \u0442\u0435\u043b\u0435\u0432\u0438\u0434\u0435\u043d\u0438\u0435\",\"potentialAction\":[{\"@type\":\"SearchAction\",\"target\":{\"@type\":\"EntryPoint\",\"urlTemplate\":\"https:\\\/\\\/www.btv.md\\\/?s={search_term_string}\"},\"query-input\":{\"@type\":\"PropertyValueSpecification\",\"valueRequired\":true,\"valueName\":\"search_term_string\"}}],\"inLanguage\":\"ro-RO\"},{\"@type\":\"Person\",\"@id\":\"https:\\\/\\\/www.btv.md\\\/#\\\/schema\\\/person\\\/8fadce81561b3ce2c34c46dadc4ccbf2\",\"name\":\"admin\"}]}<\/script>\n<!-- \/ Yoast SEO plugin. -->","yoast_head_json":{"title":"CANCERUL FACE VICTIME \u00ceN R\u00c2NDUL COPIILOR - BTV","robots":{"index":"index","follow":"follow","max-snippet":"max-snippet:-1","max-image-preview":"max-image-preview:large","max-video-preview":"max-video-preview:-1"},"canonical":"https:\/\/www.btv.md\/ro\/cancerul-face-victime-in-randul-copiilor\/","og_locale":"ro_RO","og_type":"article","og_title":"CANCERUL FACE VICTIME \u00ceN R\u00c2NDUL COPIILOR - BTV","og_description":"Cancerul face victime \u00een r\u00e2ndul copiilor. De la \u00eenceputul anului curent doar \u00een municipiul B\u0103l\u021bi un copil \u0219i-a pierdut via\u021ba din cauza acestei maladii. \u0218eful Sec\u021biei Chirurgie Pediatric\u0103, Anatol Bernic, spune c\u0103 cea mai mare problem\u0103 este adresarea tardiv\u0103 la medic. \u201eProblema de baz\u0103 este adresarea tardiv\u0103 la medic. De cele mai multe ori boala [&hellip;]","og_url":"https:\/\/www.btv.md\/ro\/cancerul-face-victime-in-randul-copiilor\/","og_site_name":"BTV","article_publisher":"https:\/\/www.facebook.com\/btvmoldova\/","article_published_time":"2016-02-15T13:45:44+00:00","og_image":[{"width":2048,"height":1536,"url":"https:\/\/www.btv.md\/wp-content\/uploads\/2016\/02\/3.jpg","type":"image\/jpeg"}],"author":"admin","twitter_misc":{"Scris de":"admin","Timp estimat pentru citire":"1 minut"},"schema":{"@context":"https:\/\/schema.org","@graph":[{"@type":"Article","@id":"https:\/\/www.btv.md\/ro\/cancerul-face-victime-in-randul-copiilor\/#article","isPartOf":{"@id":"https:\/\/www.btv.md\/ro\/cancerul-face-victime-in-randul-copiilor\/"},"author":{"name":"admin","@id":"https:\/\/www.btv.md\/#\/schema\/person\/8fadce81561b3ce2c34c46dadc4ccbf2"},"headline":"CANCERUL FACE VICTIME \u00ceN R\u00c2NDUL COPIILOR","datePublished":"2016-02-15T13:45:44+00:00","mainEntityOfPage":{"@id":"https:\/\/www.btv.md\/ro\/cancerul-face-victime-in-randul-copiilor\/"},"wordCount":173,"image":{"@id":"https:\/\/www.btv.md\/ro\/cancerul-face-victime-in-randul-copiilor\/#primaryimage"},"thumbnailUrl":"https:\/\/www.btv.md\/wp-content\/uploads\/2016\/02\/3.jpg","articleSection":["Ora\u0219"],"inLanguage":"ro-RO"},{"@type":"WebPage","@id":"https:\/\/www.btv.md\/ro\/cancerul-face-victime-in-randul-copiilor\/","url":"https:\/\/www.btv.md\/ro\/cancerul-face-victime-in-randul-copiilor\/","name":"CANCERUL FACE VICTIME \u00ceN R\u00c2NDUL COPIILOR - BTV","isPartOf":{"@id":"https:\/\/www.btv.md\/#website"},"primaryImageOfPage":{"@id":"https:\/\/www.btv.md\/ro\/cancerul-face-victime-in-randul-copiilor\/#primaryimage"},"image":{"@id":"https:\/\/www.btv.md\/ro\/cancerul-face-victime-in-randul-copiilor\/#primaryimage"},"thumbnailUrl":"https:\/\/www.btv.md\/wp-content\/uploads\/2016\/02\/3.jpg","datePublished":"2016-02-15T13:45:44+00:00","author":{"@id":"https:\/\/www.btv.md\/#\/schema\/person\/8fadce81561b3ce2c34c46dadc4ccbf2"},"inLanguage":"ro-RO","potentialAction":[{"@type":"ReadAction","target":["https:\/\/www.btv.md\/ro\/cancerul-face-victime-in-randul-copiilor\/"]}]},{"@type":"ImageObject","inLanguage":"ro-RO","@id":"https:\/\/www.btv.md\/ro\/cancerul-face-victime-in-randul-copiilor\/#primaryimage","url":"https:\/\/www.btv.md\/wp-content\/uploads\/2016\/02\/3.jpg","contentUrl":"https:\/\/www.btv.md\/wp-content\/uploads\/2016\/02\/3.jpg","width":2048,"height":1536,"caption":"www.paulaherlo.ro"},{"@type":"WebSite","@id":"https:\/\/www.btv.md\/#website","url":"https:\/\/www.btv.md\/","name":"BTV","description":"\u0411\u0435\u043b\u044c\u0446\u043a\u043e\u0435 \u0442\u0435\u043b\u0435\u0432\u0438\u0434\u0435\u043d\u0438\u0435","potentialAction":[{"@type":"SearchAction","target":{"@type":"EntryPoint","urlTemplate":"https:\/\/www.btv.md\/?s={search_term_string}"},"query-input":{"@type":"PropertyValueSpecification","valueRequired":true,"valueName":"search_term_string"}}],"inLanguage":"ro-RO"},{"@type":"Person","@id":"https:\/\/www.btv.md\/#\/schema\/person\/8fadce81561b3ce2c34c46dadc4ccbf2","name":"admin"}]}},"_links":{"self":[{"href":"https:\/\/www.btv.md\/ro\/wp-json\/wp\/v2\/posts\/7116","targetHints":{"allow":["GET"]}}],"collection":[{"href":"https:\/\/www.btv.md\/ro\/wp-json\/wp\/v2\/posts"}],"about":[{"href":"https:\/\/www.btv.md\/ro\/wp-json\/wp\/v2\/types\/post"}],"author":[{"embeddable":true,"href":"https:\/\/www.btv.md\/ro\/wp-json\/wp\/v2\/users\/4"}],"replies":[{"embeddable":true,"href":"https:\/\/www.btv.md\/ro\/wp-json\/wp\/v2\/comments?post=7116"}],"version-history":[{"count":0,"href":"https:\/\/www.btv.md\/ro\/wp-json\/wp\/v2\/posts\/7116\/revisions"}],"wp:featuredmedia":[{"embeddable":true,"href":"https:\/\/www.btv.md\/ro\/wp-json\/wp\/v2\/media\/7117"}],"wp:attachment":[{"href":"https:\/\/www.btv.md\/ro\/wp-json\/wp\/v2\/media?parent=7116"}],"wp:term":[{"taxonomy":"category","embeddable":true,"href":"https:\/\/www.btv.md\/ro\/wp-json\/wp\/v2\/categories?post=7116"},{"taxonomy":"post_tag","embeddable":true,"href":"https:\/\/www.btv.md\/ro\/wp-json\/wp\/v2\/tags?post=7116"}],"curies":[{"name":"wp","href":"https:\/\/api.w.org\/{rel}","templated":true}]}}