{"id":7137,"date":"2016-02-15T18:21:19","date_gmt":"2016-02-15T15:21:19","guid":{"rendered":"http:\/\/btv.md\/?p=7137"},"modified":"2016-02-15T18:21:19","modified_gmt":"2016-02-15T15:21:19","slug":"seful-intreprinderii-de-stat-retinut-pentru-luare-de-mita","status":"publish","type":"post","link":"https:\/\/www.btv.md\/ro\/seful-intreprinderii-de-stat-retinut-pentru-luare-de-mita\/","title":{"rendered":"\u0218EFUL \u00ceNTREPRINDERII DE STAT, RE\u021aINUT PENTRU LUARE DE MIT\u0102"},"content":{"rendered":"<p><strong>\u0218eful \u00centreprinderei silvice de Stat \u201eEdine\u0163\u201d a Agen\u0163iei \u201eMoldsilva\u201d \u0219i fiul acestuia, au fost re\u021binu\u021bi  de ofi\u021berii Serviciului protec\u0163ie intern\u0103 \u015fi anticorup\u0163ie (SPIA) al MAI \u0219i procurorii Serviciului Nord al Procuraturii Anticorup\u0163ie, fiind cerceta\u021bi penal \u00eentr-un dosar de corup\u021bie.<\/strong><\/p>\n<p>Potrivit for\u021belor de ordine suspectul a primit mit\u0103 \u00een valoare  de 3000 de euro de la un locuitor al raionului Edine\u021b, pentru a-l angaja pe fiul acestuia \u00een calitate de P\u0103durar. Sub controlul ofi\u0163erilor SPIA, a fost documentat faptul transmiterii sumei de 1500 de euro, aceasta constituind prima tran\u015f\u0103 din suma total\u0103. La \u00eent\u00eelnirea stabilit\u0103, s-a prezentat fiul b\u0103nuitului, care a ac\u021bionat ca intermediar la transmiterea banilor.<\/p>\n<p>Ofi\u021berii SPIA au efectuat perchezi\u021bii \u00een automobilul t\u00e2n\u0103rului c\u00e2t \u0219i a tat\u0103lui s\u0103u, \u00een umra acestora au fost depistate dou\u0103 pistoale de model \u201eBenelli\u201d \u0219i \u201eBaikal\u201d, dou\u0103 arme de v\u00e2n\u0103toare de model \u201cTOZ-34ep\u201d \u0219i \u201cJG-ANSHIITR-ULM GERMANY\u201d cu lunet\u0103, 796 de cartu\u0219e, un cu\u0163it de v\u00een\u0103toare \u0219i o arm\u0103 tactic\u0103 de model \u201eSVD\u201d.<\/p>\n<p>La solicitarea angaja\u0163ilor SPIA, de a prezenta actele ce permit dreptul de proprietate asupra armelor de\u0163inute, au fost prezentate doar 2 permise \u00een loc de 7,  iar armele men\u0163ionate nu erau p\u0103strate \u00een conformitate cu prevederile legale.<\/p>\n<p>La moment, cei doi b\u0103nui\u021bi sunt re\u021binu\u021bi \u0219i se afl\u0103 \u00een izolatorul de deten\u0163ie preventiv\u0103 al Inspectoratului de poli\u021bie Flore\u015fti. <\/p>\n<p>Pe numele acestora, Procuratura Anticorup\u0163ie a intentat mai multe cauze penale. Dac\u0103 va fi dovedit\u0103 vinov\u0103\u0163ia acestora, b\u0103nui\u0163ii risc\u0103 p\u00een\u0103 la 10 ani de \u00eenchisoare, cu amend\u0103 de p\u00een\u0103 la 160 mii lei \u0219i cu privarea de a ocupa func\u0163ii publice sau de a exercita o anumit\u0103 activitate de la 7 la 10 ani.<\/p>\n","protected":false},"excerpt":{"rendered":"<p>\u0218eful \u00centreprinderei silvice de Stat \u201eEdine\u0163\u201d a Agen\u0163iei \u201eMoldsilva\u201d \u0219i fiul acestuia, au fost re\u021binu\u021bi de ofi\u021berii Serviciului protec\u0163ie intern\u0103 \u015fi anticorup\u0163ie (SPIA) al MAI \u0219i procurorii Serviciului Nord al Procuraturii Anticorup\u0163ie, fiind cerceta\u021bi penal \u00eentr-un dosar de corup\u021bie. Potrivit for\u021belor de ordine suspectul a primit mit\u0103 \u00een valoare de 3000 de euro de la [&hellip;]<\/p>\n","protected":false},"author":4,"featured_media":7138,"comment_status":"closed","ping_status":"closed","sticky":false,"template":"","format":"standard","meta":{"footnotes":""},"categories":[6351],"tags":[],"class_list":["post-7137","post","type-post","status-publish","format-standard","has-post-thumbnail","hentry","category-incidente"],"yoast_head":"<!-- This site is optimized with the Yoast SEO plugin v27.4 - https:\/\/yoast.com\/product\/yoast-seo-wordpress\/ -->\n<title>\u0218EFUL \u00ceNTREPRINDERII DE STAT, RE\u021aINUT PENTRU LUARE DE MIT\u0102 - BTV<\/title>\n<meta name=\"robots\" content=\"index, follow, max-snippet:-1, max-image-preview:large, max-video-preview:-1\" \/>\n<link rel=\"canonical\" href=\"https:\/\/www.btv.md\/ro\/seful-intreprinderii-de-stat-retinut-pentru-luare-de-mita\/\" \/>\n<meta property=\"og:locale\" content=\"ro_RO\" \/>\n<meta property=\"og:type\" content=\"article\" \/>\n<meta property=\"og:title\" content=\"\u0218EFUL \u00ceNTREPRINDERII DE STAT, RE\u021aINUT PENTRU LUARE DE MIT\u0102 - BTV\" \/>\n<meta property=\"og:description\" content=\"\u0218eful \u00centreprinderei silvice de Stat \u201eEdine\u0163\u201d a Agen\u0163iei \u201eMoldsilva\u201d \u0219i fiul acestuia, au fost re\u021binu\u021bi de ofi\u021berii Serviciului protec\u0163ie intern\u0103 \u015fi anticorup\u0163ie (SPIA) al MAI \u0219i procurorii Serviciului Nord al Procuraturii Anticorup\u0163ie, fiind cerceta\u021bi penal \u00eentr-un dosar de corup\u021bie. Potrivit for\u021belor de ordine suspectul a primit mit\u0103 \u00een valoare de 3000 de euro de la [&hellip;]\" \/>\n<meta property=\"og:url\" content=\"https:\/\/www.btv.md\/ro\/seful-intreprinderii-de-stat-retinut-pentru-luare-de-mita\/\" \/>\n<meta property=\"og:site_name\" content=\"BTV\" \/>\n<meta property=\"article:publisher\" content=\"https:\/\/www.facebook.com\/btvmoldova\/\" \/>\n<meta property=\"article:published_time\" content=\"2016-02-15T15:21:19+00:00\" \/>\n<meta property=\"og:image\" content=\"https:\/\/www.btv.md\/wp-content\/uploads\/2016\/02\/mai-1.jpg\" \/>\n\t<meta property=\"og:image:width\" content=\"528\" \/>\n\t<meta property=\"og:image:height\" content=\"333\" \/>\n\t<meta property=\"og:image:type\" content=\"image\/jpeg\" \/>\n<meta name=\"author\" content=\"admin\" \/>\n<meta name=\"twitter:label1\" content=\"Scris de\" \/>\n\t<meta name=\"twitter:data1\" content=\"admin\" \/>\n\t<meta name=\"twitter:label2\" content=\"Timp estimat pentru citire\" \/>\n\t<meta name=\"twitter:data2\" content=\"2 minute\" \/>\n<script type=\"application\/ld+json\" class=\"yoast-schema-graph\">{\"@context\":\"https:\\\/\\\/schema.org\",\"@graph\":[{\"@type\":\"Article\",\"@id\":\"https:\\\/\\\/www.btv.md\\\/ro\\\/seful-intreprinderii-de-stat-retinut-pentru-luare-de-mita\\\/#article\",\"isPartOf\":{\"@id\":\"https:\\\/\\\/www.btv.md\\\/ro\\\/seful-intreprinderii-de-stat-retinut-pentru-luare-de-mita\\\/\"},\"author\":{\"name\":\"admin\",\"@id\":\"https:\\\/\\\/www.btv.md\\\/#\\\/schema\\\/person\\\/8fadce81561b3ce2c34c46dadc4ccbf2\"},\"headline\":\"\u0218EFUL \u00ceNTREPRINDERII DE STAT, RE\u021aINUT PENTRU LUARE DE MIT\u0102\",\"datePublished\":\"2016-02-15T15:21:19+00:00\",\"mainEntityOfPage\":{\"@id\":\"https:\\\/\\\/www.btv.md\\\/ro\\\/seful-intreprinderii-de-stat-retinut-pentru-luare-de-mita\\\/\"},\"wordCount\":317,\"image\":{\"@id\":\"https:\\\/\\\/www.btv.md\\\/ro\\\/seful-intreprinderii-de-stat-retinut-pentru-luare-de-mita\\\/#primaryimage\"},\"thumbnailUrl\":\"https:\\\/\\\/www.btv.md\\\/wp-content\\\/uploads\\\/2016\\\/02\\\/mai-1.jpg\",\"articleSection\":[\"Incidente\"],\"inLanguage\":\"ro-RO\"},{\"@type\":\"WebPage\",\"@id\":\"https:\\\/\\\/www.btv.md\\\/ro\\\/seful-intreprinderii-de-stat-retinut-pentru-luare-de-mita\\\/\",\"url\":\"https:\\\/\\\/www.btv.md\\\/ro\\\/seful-intreprinderii-de-stat-retinut-pentru-luare-de-mita\\\/\",\"name\":\"\u0218EFUL \u00ceNTREPRINDERII DE STAT, RE\u021aINUT PENTRU LUARE DE MIT\u0102 - BTV\",\"isPartOf\":{\"@id\":\"https:\\\/\\\/www.btv.md\\\/#website\"},\"primaryImageOfPage\":{\"@id\":\"https:\\\/\\\/www.btv.md\\\/ro\\\/seful-intreprinderii-de-stat-retinut-pentru-luare-de-mita\\\/#primaryimage\"},\"image\":{\"@id\":\"https:\\\/\\\/www.btv.md\\\/ro\\\/seful-intreprinderii-de-stat-retinut-pentru-luare-de-mita\\\/#primaryimage\"},\"thumbnailUrl\":\"https:\\\/\\\/www.btv.md\\\/wp-content\\\/uploads\\\/2016\\\/02\\\/mai-1.jpg\",\"datePublished\":\"2016-02-15T15:21:19+00:00\",\"author\":{\"@id\":\"https:\\\/\\\/www.btv.md\\\/#\\\/schema\\\/person\\\/8fadce81561b3ce2c34c46dadc4ccbf2\"},\"inLanguage\":\"ro-RO\",\"potentialAction\":[{\"@type\":\"ReadAction\",\"target\":[\"https:\\\/\\\/www.btv.md\\\/ro\\\/seful-intreprinderii-de-stat-retinut-pentru-luare-de-mita\\\/\"]}]},{\"@type\":\"ImageObject\",\"inLanguage\":\"ro-RO\",\"@id\":\"https:\\\/\\\/www.btv.md\\\/ro\\\/seful-intreprinderii-de-stat-retinut-pentru-luare-de-mita\\\/#primaryimage\",\"url\":\"https:\\\/\\\/www.btv.md\\\/wp-content\\\/uploads\\\/2016\\\/02\\\/mai-1.jpg\",\"contentUrl\":\"https:\\\/\\\/www.btv.md\\\/wp-content\\\/uploads\\\/2016\\\/02\\\/mai-1.jpg\",\"width\":528,\"height\":333,\"caption\":\"http:\\\/\\\/oficial.md\\\/\"},{\"@type\":\"WebSite\",\"@id\":\"https:\\\/\\\/www.btv.md\\\/#website\",\"url\":\"https:\\\/\\\/www.btv.md\\\/\",\"name\":\"BTV\",\"description\":\"\u0411\u0435\u043b\u044c\u0446\u043a\u043e\u0435 \u0442\u0435\u043b\u0435\u0432\u0438\u0434\u0435\u043d\u0438\u0435\",\"potentialAction\":[{\"@type\":\"SearchAction\",\"target\":{\"@type\":\"EntryPoint\",\"urlTemplate\":\"https:\\\/\\\/www.btv.md\\\/?s={search_term_string}\"},\"query-input\":{\"@type\":\"PropertyValueSpecification\",\"valueRequired\":true,\"valueName\":\"search_term_string\"}}],\"inLanguage\":\"ro-RO\"},{\"@type\":\"Person\",\"@id\":\"https:\\\/\\\/www.btv.md\\\/#\\\/schema\\\/person\\\/8fadce81561b3ce2c34c46dadc4ccbf2\",\"name\":\"admin\"}]}<\/script>\n<!-- \/ Yoast SEO plugin. -->","yoast_head_json":{"title":"\u0218EFUL \u00ceNTREPRINDERII DE STAT, RE\u021aINUT PENTRU LUARE DE MIT\u0102 - BTV","robots":{"index":"index","follow":"follow","max-snippet":"max-snippet:-1","max-image-preview":"max-image-preview:large","max-video-preview":"max-video-preview:-1"},"canonical":"https:\/\/www.btv.md\/ro\/seful-intreprinderii-de-stat-retinut-pentru-luare-de-mita\/","og_locale":"ro_RO","og_type":"article","og_title":"\u0218EFUL \u00ceNTREPRINDERII DE STAT, RE\u021aINUT PENTRU LUARE DE MIT\u0102 - BTV","og_description":"\u0218eful \u00centreprinderei silvice de Stat \u201eEdine\u0163\u201d a Agen\u0163iei \u201eMoldsilva\u201d \u0219i fiul acestuia, au fost re\u021binu\u021bi de ofi\u021berii Serviciului protec\u0163ie intern\u0103 \u015fi anticorup\u0163ie (SPIA) al MAI \u0219i procurorii Serviciului Nord al Procuraturii Anticorup\u0163ie, fiind cerceta\u021bi penal \u00eentr-un dosar de corup\u021bie. Potrivit for\u021belor de ordine suspectul a primit mit\u0103 \u00een valoare de 3000 de euro de la [&hellip;]","og_url":"https:\/\/www.btv.md\/ro\/seful-intreprinderii-de-stat-retinut-pentru-luare-de-mita\/","og_site_name":"BTV","article_publisher":"https:\/\/www.facebook.com\/btvmoldova\/","article_published_time":"2016-02-15T15:21:19+00:00","og_image":[{"width":528,"height":333,"url":"https:\/\/www.btv.md\/wp-content\/uploads\/2016\/02\/mai-1.jpg","type":"image\/jpeg"}],"author":"admin","twitter_misc":{"Scris de":"admin","Timp estimat pentru citire":"2 minute"},"schema":{"@context":"https:\/\/schema.org","@graph":[{"@type":"Article","@id":"https:\/\/www.btv.md\/ro\/seful-intreprinderii-de-stat-retinut-pentru-luare-de-mita\/#article","isPartOf":{"@id":"https:\/\/www.btv.md\/ro\/seful-intreprinderii-de-stat-retinut-pentru-luare-de-mita\/"},"author":{"name":"admin","@id":"https:\/\/www.btv.md\/#\/schema\/person\/8fadce81561b3ce2c34c46dadc4ccbf2"},"headline":"\u0218EFUL \u00ceNTREPRINDERII DE STAT, RE\u021aINUT PENTRU LUARE DE MIT\u0102","datePublished":"2016-02-15T15:21:19+00:00","mainEntityOfPage":{"@id":"https:\/\/www.btv.md\/ro\/seful-intreprinderii-de-stat-retinut-pentru-luare-de-mita\/"},"wordCount":317,"image":{"@id":"https:\/\/www.btv.md\/ro\/seful-intreprinderii-de-stat-retinut-pentru-luare-de-mita\/#primaryimage"},"thumbnailUrl":"https:\/\/www.btv.md\/wp-content\/uploads\/2016\/02\/mai-1.jpg","articleSection":["Incidente"],"inLanguage":"ro-RO"},{"@type":"WebPage","@id":"https:\/\/www.btv.md\/ro\/seful-intreprinderii-de-stat-retinut-pentru-luare-de-mita\/","url":"https:\/\/www.btv.md\/ro\/seful-intreprinderii-de-stat-retinut-pentru-luare-de-mita\/","name":"\u0218EFUL \u00ceNTREPRINDERII DE STAT, RE\u021aINUT PENTRU LUARE DE MIT\u0102 - BTV","isPartOf":{"@id":"https:\/\/www.btv.md\/#website"},"primaryImageOfPage":{"@id":"https:\/\/www.btv.md\/ro\/seful-intreprinderii-de-stat-retinut-pentru-luare-de-mita\/#primaryimage"},"image":{"@id":"https:\/\/www.btv.md\/ro\/seful-intreprinderii-de-stat-retinut-pentru-luare-de-mita\/#primaryimage"},"thumbnailUrl":"https:\/\/www.btv.md\/wp-content\/uploads\/2016\/02\/mai-1.jpg","datePublished":"2016-02-15T15:21:19+00:00","author":{"@id":"https:\/\/www.btv.md\/#\/schema\/person\/8fadce81561b3ce2c34c46dadc4ccbf2"},"inLanguage":"ro-RO","potentialAction":[{"@type":"ReadAction","target":["https:\/\/www.btv.md\/ro\/seful-intreprinderii-de-stat-retinut-pentru-luare-de-mita\/"]}]},{"@type":"ImageObject","inLanguage":"ro-RO","@id":"https:\/\/www.btv.md\/ro\/seful-intreprinderii-de-stat-retinut-pentru-luare-de-mita\/#primaryimage","url":"https:\/\/www.btv.md\/wp-content\/uploads\/2016\/02\/mai-1.jpg","contentUrl":"https:\/\/www.btv.md\/wp-content\/uploads\/2016\/02\/mai-1.jpg","width":528,"height":333,"caption":"http:\/\/oficial.md\/"},{"@type":"WebSite","@id":"https:\/\/www.btv.md\/#website","url":"https:\/\/www.btv.md\/","name":"BTV","description":"\u0411\u0435\u043b\u044c\u0446\u043a\u043e\u0435 \u0442\u0435\u043b\u0435\u0432\u0438\u0434\u0435\u043d\u0438\u0435","potentialAction":[{"@type":"SearchAction","target":{"@type":"EntryPoint","urlTemplate":"https:\/\/www.btv.md\/?s={search_term_string}"},"query-input":{"@type":"PropertyValueSpecification","valueRequired":true,"valueName":"search_term_string"}}],"inLanguage":"ro-RO"},{"@type":"Person","@id":"https:\/\/www.btv.md\/#\/schema\/person\/8fadce81561b3ce2c34c46dadc4ccbf2","name":"admin"}]}},"_links":{"self":[{"href":"https:\/\/www.btv.md\/ro\/wp-json\/wp\/v2\/posts\/7137","targetHints":{"allow":["GET"]}}],"collection":[{"href":"https:\/\/www.btv.md\/ro\/wp-json\/wp\/v2\/posts"}],"about":[{"href":"https:\/\/www.btv.md\/ro\/wp-json\/wp\/v2\/types\/post"}],"author":[{"embeddable":true,"href":"https:\/\/www.btv.md\/ro\/wp-json\/wp\/v2\/users\/4"}],"replies":[{"embeddable":true,"href":"https:\/\/www.btv.md\/ro\/wp-json\/wp\/v2\/comments?post=7137"}],"version-history":[{"count":0,"href":"https:\/\/www.btv.md\/ro\/wp-json\/wp\/v2\/posts\/7137\/revisions"}],"wp:featuredmedia":[{"embeddable":true,"href":"https:\/\/www.btv.md\/ro\/wp-json\/wp\/v2\/media\/7138"}],"wp:attachment":[{"href":"https:\/\/www.btv.md\/ro\/wp-json\/wp\/v2\/media?parent=7137"}],"wp:term":[{"taxonomy":"category","embeddable":true,"href":"https:\/\/www.btv.md\/ro\/wp-json\/wp\/v2\/categories?post=7137"},{"taxonomy":"post_tag","embeddable":true,"href":"https:\/\/www.btv.md\/ro\/wp-json\/wp\/v2\/tags?post=7137"}],"curies":[{"name":"wp","href":"https:\/\/api.w.org\/{rel}","templated":true}]}}