{"id":7162,"date":"2016-02-16T14:41:44","date_gmt":"2016-02-16T11:41:44","guid":{"rendered":"http:\/\/btv.md\/?p=7162"},"modified":"2016-02-16T14:41:44","modified_gmt":"2016-02-16T11:41:44","slug":"in-februarie-baltenii-vor-plati-mai-putin-pentru-caldura","status":"publish","type":"post","link":"https:\/\/www.btv.md\/ro\/in-februarie-baltenii-vor-plati-mai-putin-pentru-caldura\/","title":{"rendered":"\u00cen februarie b\u0103l\u021benii vor pl\u0103ti mai pu\u021bin pentru c\u0103ldur\u0103"},"content":{"rendered":"<p><strong>\u00cen luna februarie b\u0103l\u021benii vor pl\u0103ti mai pu\u021bin pentru c\u0103ldur\u0103. Din cauza iernii bl\u00e2nde, reprezentan\u021bii Cet-Nord au redus temperatura de livrare a agentului termic aproape \u00een jum\u0103tate. Informa\u021bia a fost confirmat\u0103 de c\u0103tre directorul general SA Cet-Nord, Ion Gologan, care a dat asigur\u0103ri c\u0103 facturile pentru consumul din luna februarie vor fi cu mult mai mici dec\u00e2t facturile din luna ianuarie. <\/strong><\/p>\n<p>\u201e<em>Vor economisi cu siguran\u021b\u0103. Dac\u0103 \u00een luna ianuarie erau 93-95 de grade la tur, acum avem doar 51 de grade<\/em>\u201d.<\/p>\n<p>Reducerea temperaturilor din calorifere a fost sim\u021bit\u0103 de c\u0103tre consumatori, care salut\u0103 ideea doar pentru a pl\u0103ti mai pu\u021bin.<\/p>\n<p>\u201e<em>Dac\u0103 e cald afar\u0103 e cald \u0219i \u00een apartament. Consider c\u0103 trebuie de redus din c\u0103ldur\u0103 pentru ca s\u0103 pl\u0103tim mai pu\u021bin<\/em>\u201d.<\/p>\n<p>\u201e<em>Totul depinde de oameni. Dac\u0103 au copii mici au nevoie s\u0103 le fie mai cald. Mie de exemplu \u00eemi convine s\u0103 reduc\u0103 temperatura<\/em>\u201d.<\/p>\n<p>\u201e<em>Acum afar\u0103 este cald, se poate de economisit. Se cheltuie mult gaz, dar gazul e scump<\/em>\u201d.<\/p>\n<p>Sezonul de \u00eenc\u0103lzire 2015-2016 a \u00eenceput \u00een data de 12 octombrie. O eventual\u0103 deconectare a agentului termic \u00eenc\u0103 nu se prevede.<\/p>\n<p><iframe width=\"420\" height=\"315\" data-src=\"https:\/\/www.youtube.com\/embed\/Xf2TvIkZh7M\" frameborder=\"0\" allowfullscreen src=\"data:image\/svg+xml;base64,PHN2ZyB3aWR0aD0iMSIgaGVpZ2h0PSIxIiB4bWxucz0iaHR0cDovL3d3dy53My5vcmcvMjAwMC9zdmciPjwvc3ZnPg==\" class=\"lazyload\" data-load-mode=\"1\"><\/iframe><\/p>\n","protected":false},"excerpt":{"rendered":"<p>\u00cen luna februarie b\u0103l\u021benii vor pl\u0103ti mai pu\u021bin pentru c\u0103ldur\u0103. Din cauza iernii bl\u00e2nde, reprezentan\u021bii Cet-Nord au redus temperatura de livrare a agentului termic aproape \u00een jum\u0103tate. Informa\u021bia a fost confirmat\u0103 de c\u0103tre directorul general SA Cet-Nord, Ion Gologan, care a dat asigur\u0103ri c\u0103 facturile pentru consumul din luna februarie vor fi cu mult mai [&hellip;]<\/p>\n","protected":false},"author":4,"featured_media":7163,"comment_status":"closed","ping_status":"closed","sticky":false,"template":"","format":"standard","meta":{"footnotes":""},"categories":[6353],"tags":[],"class_list":["post-7162","post","type-post","status-publish","format-standard","has-post-thumbnail","hentry","category-oras"],"yoast_head":"<!-- This site is optimized with the Yoast SEO plugin v27.4 - https:\/\/yoast.com\/product\/yoast-seo-wordpress\/ -->\n<title>\u00cen februarie b\u0103l\u021benii vor pl\u0103ti mai pu\u021bin pentru c\u0103ldur\u0103 - BTV<\/title>\n<meta name=\"robots\" content=\"index, follow, max-snippet:-1, max-image-preview:large, max-video-preview:-1\" \/>\n<link rel=\"canonical\" href=\"https:\/\/www.btv.md\/ro\/in-februarie-baltenii-vor-plati-mai-putin-pentru-caldura\/\" \/>\n<meta property=\"og:locale\" content=\"ro_RO\" \/>\n<meta property=\"og:type\" content=\"article\" \/>\n<meta property=\"og:title\" content=\"\u00cen februarie b\u0103l\u021benii vor pl\u0103ti mai pu\u021bin pentru c\u0103ldur\u0103 - BTV\" \/>\n<meta property=\"og:description\" content=\"\u00cen luna februarie b\u0103l\u021benii vor pl\u0103ti mai pu\u021bin pentru c\u0103ldur\u0103. Din cauza iernii bl\u00e2nde, reprezentan\u021bii Cet-Nord au redus temperatura de livrare a agentului termic aproape \u00een jum\u0103tate. Informa\u021bia a fost confirmat\u0103 de c\u0103tre directorul general SA Cet-Nord, Ion Gologan, care a dat asigur\u0103ri c\u0103 facturile pentru consumul din luna februarie vor fi cu mult mai [&hellip;]\" \/>\n<meta property=\"og:url\" content=\"https:\/\/www.btv.md\/ro\/in-februarie-baltenii-vor-plati-mai-putin-pentru-caldura\/\" \/>\n<meta property=\"og:site_name\" content=\"BTV\" \/>\n<meta property=\"article:publisher\" content=\"https:\/\/www.facebook.com\/btvmoldova\/\" \/>\n<meta property=\"article:published_time\" content=\"2016-02-16T11:41:44+00:00\" \/>\n<meta property=\"og:image\" content=\"https:\/\/www.btv.md\/wp-content\/uploads\/2016\/02\/caldura.png\" \/>\n\t<meta property=\"og:image:width\" content=\"923\" \/>\n\t<meta property=\"og:image:height\" content=\"587\" \/>\n\t<meta property=\"og:image:type\" content=\"image\/png\" \/>\n<meta name=\"author\" content=\"admin\" \/>\n<meta name=\"twitter:label1\" content=\"Scris de\" \/>\n\t<meta name=\"twitter:data1\" content=\"admin\" \/>\n\t<meta name=\"twitter:label2\" content=\"Timp estimat pentru citire\" \/>\n\t<meta name=\"twitter:data2\" content=\"1 minut\" \/>\n<script type=\"application\/ld+json\" class=\"yoast-schema-graph\">{\"@context\":\"https:\\\/\\\/schema.org\",\"@graph\":[{\"@type\":\"Article\",\"@id\":\"https:\\\/\\\/www.btv.md\\\/ro\\\/in-februarie-baltenii-vor-plati-mai-putin-pentru-caldura\\\/#article\",\"isPartOf\":{\"@id\":\"https:\\\/\\\/www.btv.md\\\/ro\\\/in-februarie-baltenii-vor-plati-mai-putin-pentru-caldura\\\/\"},\"author\":{\"name\":\"admin\",\"@id\":\"https:\\\/\\\/www.btv.md\\\/#\\\/schema\\\/person\\\/8fadce81561b3ce2c34c46dadc4ccbf2\"},\"headline\":\"\u00cen februarie b\u0103l\u021benii vor pl\u0103ti mai pu\u021bin pentru c\u0103ldur\u0103\",\"datePublished\":\"2016-02-16T11:41:44+00:00\",\"mainEntityOfPage\":{\"@id\":\"https:\\\/\\\/www.btv.md\\\/ro\\\/in-februarie-baltenii-vor-plati-mai-putin-pentru-caldura\\\/\"},\"wordCount\":214,\"image\":{\"@id\":\"https:\\\/\\\/www.btv.md\\\/ro\\\/in-februarie-baltenii-vor-plati-mai-putin-pentru-caldura\\\/#primaryimage\"},\"thumbnailUrl\":\"https:\\\/\\\/www.btv.md\\\/wp-content\\\/uploads\\\/2016\\\/02\\\/caldura.png\",\"articleSection\":[\"Ora\u0219\"],\"inLanguage\":\"ro-RO\"},{\"@type\":\"WebPage\",\"@id\":\"https:\\\/\\\/www.btv.md\\\/ro\\\/in-februarie-baltenii-vor-plati-mai-putin-pentru-caldura\\\/\",\"url\":\"https:\\\/\\\/www.btv.md\\\/ro\\\/in-februarie-baltenii-vor-plati-mai-putin-pentru-caldura\\\/\",\"name\":\"\u00cen februarie b\u0103l\u021benii vor pl\u0103ti mai pu\u021bin pentru c\u0103ldur\u0103 - BTV\",\"isPartOf\":{\"@id\":\"https:\\\/\\\/www.btv.md\\\/#website\"},\"primaryImageOfPage\":{\"@id\":\"https:\\\/\\\/www.btv.md\\\/ro\\\/in-februarie-baltenii-vor-plati-mai-putin-pentru-caldura\\\/#primaryimage\"},\"image\":{\"@id\":\"https:\\\/\\\/www.btv.md\\\/ro\\\/in-februarie-baltenii-vor-plati-mai-putin-pentru-caldura\\\/#primaryimage\"},\"thumbnailUrl\":\"https:\\\/\\\/www.btv.md\\\/wp-content\\\/uploads\\\/2016\\\/02\\\/caldura.png\",\"datePublished\":\"2016-02-16T11:41:44+00:00\",\"author\":{\"@id\":\"https:\\\/\\\/www.btv.md\\\/#\\\/schema\\\/person\\\/8fadce81561b3ce2c34c46dadc4ccbf2\"},\"inLanguage\":\"ro-RO\",\"potentialAction\":[{\"@type\":\"ReadAction\",\"target\":[\"https:\\\/\\\/www.btv.md\\\/ro\\\/in-februarie-baltenii-vor-plati-mai-putin-pentru-caldura\\\/\"]}]},{\"@type\":\"ImageObject\",\"inLanguage\":\"ro-RO\",\"@id\":\"https:\\\/\\\/www.btv.md\\\/ro\\\/in-februarie-baltenii-vor-plati-mai-putin-pentru-caldura\\\/#primaryimage\",\"url\":\"https:\\\/\\\/www.btv.md\\\/wp-content\\\/uploads\\\/2016\\\/02\\\/caldura.png\",\"contentUrl\":\"https:\\\/\\\/www.btv.md\\\/wp-content\\\/uploads\\\/2016\\\/02\\\/caldura.png\",\"width\":923,\"height\":587},{\"@type\":\"WebSite\",\"@id\":\"https:\\\/\\\/www.btv.md\\\/#website\",\"url\":\"https:\\\/\\\/www.btv.md\\\/\",\"name\":\"BTV\",\"description\":\"\u0411\u0435\u043b\u044c\u0446\u043a\u043e\u0435 \u0442\u0435\u043b\u0435\u0432\u0438\u0434\u0435\u043d\u0438\u0435\",\"potentialAction\":[{\"@type\":\"SearchAction\",\"target\":{\"@type\":\"EntryPoint\",\"urlTemplate\":\"https:\\\/\\\/www.btv.md\\\/?s={search_term_string}\"},\"query-input\":{\"@type\":\"PropertyValueSpecification\",\"valueRequired\":true,\"valueName\":\"search_term_string\"}}],\"inLanguage\":\"ro-RO\"},{\"@type\":\"Person\",\"@id\":\"https:\\\/\\\/www.btv.md\\\/#\\\/schema\\\/person\\\/8fadce81561b3ce2c34c46dadc4ccbf2\",\"name\":\"admin\"}]}<\/script>\n<!-- \/ Yoast SEO plugin. -->","yoast_head_json":{"title":"\u00cen februarie b\u0103l\u021benii vor pl\u0103ti mai pu\u021bin pentru c\u0103ldur\u0103 - BTV","robots":{"index":"index","follow":"follow","max-snippet":"max-snippet:-1","max-image-preview":"max-image-preview:large","max-video-preview":"max-video-preview:-1"},"canonical":"https:\/\/www.btv.md\/ro\/in-februarie-baltenii-vor-plati-mai-putin-pentru-caldura\/","og_locale":"ro_RO","og_type":"article","og_title":"\u00cen februarie b\u0103l\u021benii vor pl\u0103ti mai pu\u021bin pentru c\u0103ldur\u0103 - BTV","og_description":"\u00cen luna februarie b\u0103l\u021benii vor pl\u0103ti mai pu\u021bin pentru c\u0103ldur\u0103. Din cauza iernii bl\u00e2nde, reprezentan\u021bii Cet-Nord au redus temperatura de livrare a agentului termic aproape \u00een jum\u0103tate. Informa\u021bia a fost confirmat\u0103 de c\u0103tre directorul general SA Cet-Nord, Ion Gologan, care a dat asigur\u0103ri c\u0103 facturile pentru consumul din luna februarie vor fi cu mult mai [&hellip;]","og_url":"https:\/\/www.btv.md\/ro\/in-februarie-baltenii-vor-plati-mai-putin-pentru-caldura\/","og_site_name":"BTV","article_publisher":"https:\/\/www.facebook.com\/btvmoldova\/","article_published_time":"2016-02-16T11:41:44+00:00","og_image":[{"width":923,"height":587,"url":"https:\/\/www.btv.md\/wp-content\/uploads\/2016\/02\/caldura.png","type":"image\/png"}],"author":"admin","twitter_misc":{"Scris de":"admin","Timp estimat pentru citire":"1 minut"},"schema":{"@context":"https:\/\/schema.org","@graph":[{"@type":"Article","@id":"https:\/\/www.btv.md\/ro\/in-februarie-baltenii-vor-plati-mai-putin-pentru-caldura\/#article","isPartOf":{"@id":"https:\/\/www.btv.md\/ro\/in-februarie-baltenii-vor-plati-mai-putin-pentru-caldura\/"},"author":{"name":"admin","@id":"https:\/\/www.btv.md\/#\/schema\/person\/8fadce81561b3ce2c34c46dadc4ccbf2"},"headline":"\u00cen februarie b\u0103l\u021benii vor pl\u0103ti mai pu\u021bin pentru c\u0103ldur\u0103","datePublished":"2016-02-16T11:41:44+00:00","mainEntityOfPage":{"@id":"https:\/\/www.btv.md\/ro\/in-februarie-baltenii-vor-plati-mai-putin-pentru-caldura\/"},"wordCount":214,"image":{"@id":"https:\/\/www.btv.md\/ro\/in-februarie-baltenii-vor-plati-mai-putin-pentru-caldura\/#primaryimage"},"thumbnailUrl":"https:\/\/www.btv.md\/wp-content\/uploads\/2016\/02\/caldura.png","articleSection":["Ora\u0219"],"inLanguage":"ro-RO"},{"@type":"WebPage","@id":"https:\/\/www.btv.md\/ro\/in-februarie-baltenii-vor-plati-mai-putin-pentru-caldura\/","url":"https:\/\/www.btv.md\/ro\/in-februarie-baltenii-vor-plati-mai-putin-pentru-caldura\/","name":"\u00cen februarie b\u0103l\u021benii vor pl\u0103ti mai pu\u021bin pentru c\u0103ldur\u0103 - BTV","isPartOf":{"@id":"https:\/\/www.btv.md\/#website"},"primaryImageOfPage":{"@id":"https:\/\/www.btv.md\/ro\/in-februarie-baltenii-vor-plati-mai-putin-pentru-caldura\/#primaryimage"},"image":{"@id":"https:\/\/www.btv.md\/ro\/in-februarie-baltenii-vor-plati-mai-putin-pentru-caldura\/#primaryimage"},"thumbnailUrl":"https:\/\/www.btv.md\/wp-content\/uploads\/2016\/02\/caldura.png","datePublished":"2016-02-16T11:41:44+00:00","author":{"@id":"https:\/\/www.btv.md\/#\/schema\/person\/8fadce81561b3ce2c34c46dadc4ccbf2"},"inLanguage":"ro-RO","potentialAction":[{"@type":"ReadAction","target":["https:\/\/www.btv.md\/ro\/in-februarie-baltenii-vor-plati-mai-putin-pentru-caldura\/"]}]},{"@type":"ImageObject","inLanguage":"ro-RO","@id":"https:\/\/www.btv.md\/ro\/in-februarie-baltenii-vor-plati-mai-putin-pentru-caldura\/#primaryimage","url":"https:\/\/www.btv.md\/wp-content\/uploads\/2016\/02\/caldura.png","contentUrl":"https:\/\/www.btv.md\/wp-content\/uploads\/2016\/02\/caldura.png","width":923,"height":587},{"@type":"WebSite","@id":"https:\/\/www.btv.md\/#website","url":"https:\/\/www.btv.md\/","name":"BTV","description":"\u0411\u0435\u043b\u044c\u0446\u043a\u043e\u0435 \u0442\u0435\u043b\u0435\u0432\u0438\u0434\u0435\u043d\u0438\u0435","potentialAction":[{"@type":"SearchAction","target":{"@type":"EntryPoint","urlTemplate":"https:\/\/www.btv.md\/?s={search_term_string}"},"query-input":{"@type":"PropertyValueSpecification","valueRequired":true,"valueName":"search_term_string"}}],"inLanguage":"ro-RO"},{"@type":"Person","@id":"https:\/\/www.btv.md\/#\/schema\/person\/8fadce81561b3ce2c34c46dadc4ccbf2","name":"admin"}]}},"_links":{"self":[{"href":"https:\/\/www.btv.md\/ro\/wp-json\/wp\/v2\/posts\/7162","targetHints":{"allow":["GET"]}}],"collection":[{"href":"https:\/\/www.btv.md\/ro\/wp-json\/wp\/v2\/posts"}],"about":[{"href":"https:\/\/www.btv.md\/ro\/wp-json\/wp\/v2\/types\/post"}],"author":[{"embeddable":true,"href":"https:\/\/www.btv.md\/ro\/wp-json\/wp\/v2\/users\/4"}],"replies":[{"embeddable":true,"href":"https:\/\/www.btv.md\/ro\/wp-json\/wp\/v2\/comments?post=7162"}],"version-history":[{"count":0,"href":"https:\/\/www.btv.md\/ro\/wp-json\/wp\/v2\/posts\/7162\/revisions"}],"wp:featuredmedia":[{"embeddable":true,"href":"https:\/\/www.btv.md\/ro\/wp-json\/wp\/v2\/media\/7163"}],"wp:attachment":[{"href":"https:\/\/www.btv.md\/ro\/wp-json\/wp\/v2\/media?parent=7162"}],"wp:term":[{"taxonomy":"category","embeddable":true,"href":"https:\/\/www.btv.md\/ro\/wp-json\/wp\/v2\/categories?post=7162"},{"taxonomy":"post_tag","embeddable":true,"href":"https:\/\/www.btv.md\/ro\/wp-json\/wp\/v2\/tags?post=7162"}],"curies":[{"name":"wp","href":"https:\/\/api.w.org\/{rel}","templated":true}]}}