{"id":7168,"date":"2016-02-16T15:29:14","date_gmt":"2016-02-16T12:29:14","guid":{"rendered":"http:\/\/btv.md\/?p=7168"},"modified":"2016-02-16T15:29:14","modified_gmt":"2016-02-16T12:29:14","slug":"republica-moldova-a-mai-pierdut-un-dosar-la-cedo-din-cauza-tratamentului-inuman-din-partea-politistilor","status":"publish","type":"post","link":"https:\/\/www.btv.md\/ro\/republica-moldova-a-mai-pierdut-un-dosar-la-cedo-din-cauza-tratamentului-inuman-din-partea-politistilor\/","title":{"rendered":"REPUBLICA MOLDOVA A MAI PIERDUT UN DOSAR LA CEDO DIN CAUZA TRATAMENTULUI INUMAN DIN PARTEA POLI\u021aI\u0218TILOR"},"content":{"rendered":"<p><strong>Curtea European\u0103 a Drepturilor Omului (CEDO) a condamnat Republica Moldova \u00een cauza cet\u0103\u021benului Ion Caracet contra Moldovei \u015fi a obligat Guvernul de la Chi\u015fin\u0103u s\u0103-i achite victimei prejudiciu \u00een valoare de peste 13 mii de euro. <\/strong><\/p>\n<p>Potrivit unui comunicat al Asocia\u0163iei \u201eJuri\u015ftii pentru Drepturile Omului\u201d, Curtea a f\u0103cut public\u0103 decizia \u00een data de 16 februarie. Cazul moldoveanului Ion Caracet a ajuns la CEDO dup\u0103 ce poli\u0163i\u015ftii l-au torturat \u00eentr-un dosar deschis pentru pentru comitetrea unui jaf. \u00cen data de 13 martie 2009, reclamantul, \u00eempreun\u0103 cu alte 5 persoane au fost arestate fiind suspecta\u021bi de comiterea unui jaf de arme.<\/p>\n<p>Reclamantul a sus\u021binut c\u0103 a fost b\u0103tut de poli\u021bi\u0219ti \u00een momentul re\u021binerii sale, precum \u0219i pe timpul arestului preventiv, \u00een \u00eencercarea de a ob\u021bine de la el o m\u0103rturisire, ulterior acesta a fost supus relelor tratamente, \u00een particular, acesta a fost lovit cu butelii din material plastic umplute cu ap\u0103, astfel \u00eenc\u00e2t s\u0103 nu i se lase urme vizibile pe corp.<\/p>\n<p>Cu cinci zile mai t\u00e2rziu, \u00een urma unei expertize medico-legale, expertul a constatat pe corpul reclamantului echimoze pe pleoapa dreapt\u0103 \u0219i escoria\u021bii \u00een jurul nasului \u0219i la genunchiul st\u00e2ng. Un al doilea raport medical, eliberat la data de 09 aprilie 2009, nu a identificat nici o leziune corporal\u0103 vizibil\u0103.<\/p>\n<p>\u00cen data de  16 martie 2009, reclamantul a fost plasat \u00een arest preventiv pentru o perioad\u0103 de 10 zile, perioad\u0103 care a fost prelungit\u0103 pentru \u00eentreaga desf\u0103\u0219urare a urm\u0103ririi penale. Instan\u021bele au justificat prelungirea arestului preventiv referindu-se la gravitatea faptei, complexitatea cauzei \u0219i riscul eschiv\u0103rii de la urm\u0103rire, reclamantul ar putea prejudicia cursul anchetei \u0219i perturba ordinea public\u0103.<\/p>\n<p>Reclamantul a contestat \u00eencheierile de prelungire a arestului preventiv, \u00eens\u0103 acestea au fost respinse de Curtea de Apel.<\/p>\n<p>Reclamantului a fost recunoscut vinovat de infrac\u0163iunea imputat\u0103 \u0219i condamnat la 10 ani de \u00eenchisoare.<\/p>\n<p>\u00cen fa\u021ba Cur\u021bii reclamantul s-a pl\u00e2ns de violarea articolului 3 din Conven\u021bia pentru drepturile omului care prevede interzicerea tratamentelor inumane sau degradante \u0219i articolului 13 \u00een care este precizat c\u0103 fiecare persoan\u0103 are dreptul la un remediu efectiv, sus\u021bin\u00e2nd c\u0103 a fost maltratat \u00een timpul re\u021binerii \u0219i pe durata arestului preventiv \u0219i c\u0103 nu s-a efectuat nici o investiga\u021bie efectiv\u0103 \u00een acest sens.<\/p>\n<p>Aceste considera\u021bii au fost suficiente pentru Curte s\u0103 concluzioneze c\u0103 deten\u021bia preventiv\u0103 pentru mai mult de paisprezece luni \u0219i jum\u0103tate nu a fost bazat\u0103 pe motive relevante \u0219i suficiente.<\/p>\n<p>Reclamantul a pretins suma de 95,000 Euro cu titlu de prejudiciu moral, \u0219i 3,810 Euro cu titlu de costuri \u0219i cheltuieli.<\/p>\n<p>Curtea a acordat reclamantului cu titlul de prejudiciu moral suma de 12, 000 de Euro \u0219i suma de 1,600 de Euro cu titlu de costuri \u0219i cheltuieli.<\/p>\n","protected":false},"excerpt":{"rendered":"<p>Curtea European\u0103 a Drepturilor Omului (CEDO) a condamnat Republica Moldova \u00een cauza cet\u0103\u021benului Ion Caracet contra Moldovei \u015fi a obligat Guvernul de la Chi\u015fin\u0103u s\u0103-i achite victimei prejudiciu \u00een valoare de peste 13 mii de euro. Potrivit unui comunicat al Asocia\u0163iei \u201eJuri\u015ftii pentru Drepturile Omului\u201d, Curtea a f\u0103cut public\u0103 decizia \u00een data de 16 februarie. [&hellip;]<\/p>\n","protected":false},"author":4,"featured_media":7169,"comment_status":"closed","ping_status":"closed","sticky":false,"template":"","format":"standard","meta":{"footnotes":""},"categories":[6349],"tags":[],"class_list":["post-7168","post","type-post","status-publish","format-standard","has-post-thumbnail","hentry","category-social"],"yoast_head":"<!-- This site is optimized with the Yoast SEO plugin v27.4 - https:\/\/yoast.com\/product\/yoast-seo-wordpress\/ -->\n<title>REPUBLICA MOLDOVA A MAI PIERDUT UN DOSAR LA CEDO DIN CAUZA TRATAMENTULUI INUMAN DIN PARTEA POLI\u021aI\u0218TILOR - BTV<\/title>\n<meta name=\"robots\" content=\"index, follow, max-snippet:-1, max-image-preview:large, max-video-preview:-1\" \/>\n<link rel=\"canonical\" href=\"https:\/\/www.btv.md\/ro\/republica-moldova-a-mai-pierdut-un-dosar-la-cedo-din-cauza-tratamentului-inuman-din-partea-politistilor\/\" \/>\n<meta property=\"og:locale\" content=\"ro_RO\" \/>\n<meta property=\"og:type\" content=\"article\" \/>\n<meta property=\"og:title\" content=\"REPUBLICA MOLDOVA A MAI PIERDUT UN DOSAR LA CEDO DIN CAUZA TRATAMENTULUI INUMAN DIN PARTEA POLI\u021aI\u0218TILOR - BTV\" \/>\n<meta property=\"og:description\" content=\"Curtea European\u0103 a Drepturilor Omului (CEDO) a condamnat Republica Moldova \u00een cauza cet\u0103\u021benului Ion Caracet contra Moldovei \u015fi a obligat Guvernul de la Chi\u015fin\u0103u s\u0103-i achite victimei prejudiciu \u00een valoare de peste 13 mii de euro. Potrivit unui comunicat al Asocia\u0163iei \u201eJuri\u015ftii pentru Drepturile Omului\u201d, Curtea a f\u0103cut public\u0103 decizia \u00een data de 16 februarie. [&hellip;]\" \/>\n<meta property=\"og:url\" content=\"https:\/\/www.btv.md\/ro\/republica-moldova-a-mai-pierdut-un-dosar-la-cedo-din-cauza-tratamentului-inuman-din-partea-politistilor\/\" \/>\n<meta property=\"og:site_name\" content=\"BTV\" \/>\n<meta property=\"article:publisher\" content=\"https:\/\/www.facebook.com\/btvmoldova\/\" \/>\n<meta property=\"article:published_time\" content=\"2016-02-16T12:29:14+00:00\" \/>\n<meta property=\"og:image\" content=\"https:\/\/www.btv.md\/wp-content\/uploads\/2016\/02\/cedo1.jpg\" \/>\n\t<meta property=\"og:image:width\" content=\"700\" \/>\n\t<meta property=\"og:image:height\" content=\"485\" \/>\n\t<meta property=\"og:image:type\" content=\"image\/jpeg\" \/>\n<meta name=\"author\" content=\"admin\" \/>\n<meta name=\"twitter:label1\" content=\"Scris de\" \/>\n\t<meta name=\"twitter:data1\" content=\"admin\" \/>\n\t<meta name=\"twitter:label2\" content=\"Timp estimat pentru citire\" \/>\n\t<meta name=\"twitter:data2\" content=\"2 minute\" \/>\n<script type=\"application\/ld+json\" class=\"yoast-schema-graph\">{\"@context\":\"https:\\\/\\\/schema.org\",\"@graph\":[{\"@type\":\"Article\",\"@id\":\"https:\\\/\\\/www.btv.md\\\/ro\\\/republica-moldova-a-mai-pierdut-un-dosar-la-cedo-din-cauza-tratamentului-inuman-din-partea-politistilor\\\/#article\",\"isPartOf\":{\"@id\":\"https:\\\/\\\/www.btv.md\\\/ro\\\/republica-moldova-a-mai-pierdut-un-dosar-la-cedo-din-cauza-tratamentului-inuman-din-partea-politistilor\\\/\"},\"author\":{\"name\":\"admin\",\"@id\":\"https:\\\/\\\/www.btv.md\\\/#\\\/schema\\\/person\\\/8fadce81561b3ce2c34c46dadc4ccbf2\"},\"headline\":\"REPUBLICA MOLDOVA A MAI PIERDUT UN DOSAR LA CEDO DIN CAUZA TRATAMENTULUI INUMAN DIN PARTEA POLI\u021aI\u0218TILOR\",\"datePublished\":\"2016-02-16T12:29:14+00:00\",\"mainEntityOfPage\":{\"@id\":\"https:\\\/\\\/www.btv.md\\\/ro\\\/republica-moldova-a-mai-pierdut-un-dosar-la-cedo-din-cauza-tratamentului-inuman-din-partea-politistilor\\\/\"},\"wordCount\":478,\"image\":{\"@id\":\"https:\\\/\\\/www.btv.md\\\/ro\\\/republica-moldova-a-mai-pierdut-un-dosar-la-cedo-din-cauza-tratamentului-inuman-din-partea-politistilor\\\/#primaryimage\"},\"thumbnailUrl\":\"https:\\\/\\\/www.btv.md\\\/wp-content\\\/uploads\\\/2016\\\/02\\\/cedo1.jpg\",\"articleSection\":[\"Social\"],\"inLanguage\":\"ro-RO\"},{\"@type\":\"WebPage\",\"@id\":\"https:\\\/\\\/www.btv.md\\\/ro\\\/republica-moldova-a-mai-pierdut-un-dosar-la-cedo-din-cauza-tratamentului-inuman-din-partea-politistilor\\\/\",\"url\":\"https:\\\/\\\/www.btv.md\\\/ro\\\/republica-moldova-a-mai-pierdut-un-dosar-la-cedo-din-cauza-tratamentului-inuman-din-partea-politistilor\\\/\",\"name\":\"REPUBLICA MOLDOVA A MAI PIERDUT UN DOSAR LA CEDO DIN CAUZA TRATAMENTULUI INUMAN DIN PARTEA POLI\u021aI\u0218TILOR - BTV\",\"isPartOf\":{\"@id\":\"https:\\\/\\\/www.btv.md\\\/#website\"},\"primaryImageOfPage\":{\"@id\":\"https:\\\/\\\/www.btv.md\\\/ro\\\/republica-moldova-a-mai-pierdut-un-dosar-la-cedo-din-cauza-tratamentului-inuman-din-partea-politistilor\\\/#primaryimage\"},\"image\":{\"@id\":\"https:\\\/\\\/www.btv.md\\\/ro\\\/republica-moldova-a-mai-pierdut-un-dosar-la-cedo-din-cauza-tratamentului-inuman-din-partea-politistilor\\\/#primaryimage\"},\"thumbnailUrl\":\"https:\\\/\\\/www.btv.md\\\/wp-content\\\/uploads\\\/2016\\\/02\\\/cedo1.jpg\",\"datePublished\":\"2016-02-16T12:29:14+00:00\",\"author\":{\"@id\":\"https:\\\/\\\/www.btv.md\\\/#\\\/schema\\\/person\\\/8fadce81561b3ce2c34c46dadc4ccbf2\"},\"inLanguage\":\"ro-RO\",\"potentialAction\":[{\"@type\":\"ReadAction\",\"target\":[\"https:\\\/\\\/www.btv.md\\\/ro\\\/republica-moldova-a-mai-pierdut-un-dosar-la-cedo-din-cauza-tratamentului-inuman-din-partea-politistilor\\\/\"]}]},{\"@type\":\"ImageObject\",\"inLanguage\":\"ro-RO\",\"@id\":\"https:\\\/\\\/www.btv.md\\\/ro\\\/republica-moldova-a-mai-pierdut-un-dosar-la-cedo-din-cauza-tratamentului-inuman-din-partea-politistilor\\\/#primaryimage\",\"url\":\"https:\\\/\\\/www.btv.md\\\/wp-content\\\/uploads\\\/2016\\\/02\\\/cedo1.jpg\",\"contentUrl\":\"https:\\\/\\\/www.btv.md\\\/wp-content\\\/uploads\\\/2016\\\/02\\\/cedo1.jpg\",\"width\":700,\"height\":485,\"caption\":\"inliniedreapta.net\"},{\"@type\":\"WebSite\",\"@id\":\"https:\\\/\\\/www.btv.md\\\/#website\",\"url\":\"https:\\\/\\\/www.btv.md\\\/\",\"name\":\"BTV\",\"description\":\"\u0411\u0435\u043b\u044c\u0446\u043a\u043e\u0435 \u0442\u0435\u043b\u0435\u0432\u0438\u0434\u0435\u043d\u0438\u0435\",\"potentialAction\":[{\"@type\":\"SearchAction\",\"target\":{\"@type\":\"EntryPoint\",\"urlTemplate\":\"https:\\\/\\\/www.btv.md\\\/?s={search_term_string}\"},\"query-input\":{\"@type\":\"PropertyValueSpecification\",\"valueRequired\":true,\"valueName\":\"search_term_string\"}}],\"inLanguage\":\"ro-RO\"},{\"@type\":\"Person\",\"@id\":\"https:\\\/\\\/www.btv.md\\\/#\\\/schema\\\/person\\\/8fadce81561b3ce2c34c46dadc4ccbf2\",\"name\":\"admin\"}]}<\/script>\n<!-- \/ Yoast SEO plugin. -->","yoast_head_json":{"title":"REPUBLICA MOLDOVA A MAI PIERDUT UN DOSAR LA CEDO DIN CAUZA TRATAMENTULUI INUMAN DIN PARTEA POLI\u021aI\u0218TILOR - BTV","robots":{"index":"index","follow":"follow","max-snippet":"max-snippet:-1","max-image-preview":"max-image-preview:large","max-video-preview":"max-video-preview:-1"},"canonical":"https:\/\/www.btv.md\/ro\/republica-moldova-a-mai-pierdut-un-dosar-la-cedo-din-cauza-tratamentului-inuman-din-partea-politistilor\/","og_locale":"ro_RO","og_type":"article","og_title":"REPUBLICA MOLDOVA A MAI PIERDUT UN DOSAR LA CEDO DIN CAUZA TRATAMENTULUI INUMAN DIN PARTEA POLI\u021aI\u0218TILOR - BTV","og_description":"Curtea European\u0103 a Drepturilor Omului (CEDO) a condamnat Republica Moldova \u00een cauza cet\u0103\u021benului Ion Caracet contra Moldovei \u015fi a obligat Guvernul de la Chi\u015fin\u0103u s\u0103-i achite victimei prejudiciu \u00een valoare de peste 13 mii de euro. Potrivit unui comunicat al Asocia\u0163iei \u201eJuri\u015ftii pentru Drepturile Omului\u201d, Curtea a f\u0103cut public\u0103 decizia \u00een data de 16 februarie. [&hellip;]","og_url":"https:\/\/www.btv.md\/ro\/republica-moldova-a-mai-pierdut-un-dosar-la-cedo-din-cauza-tratamentului-inuman-din-partea-politistilor\/","og_site_name":"BTV","article_publisher":"https:\/\/www.facebook.com\/btvmoldova\/","article_published_time":"2016-02-16T12:29:14+00:00","og_image":[{"width":700,"height":485,"url":"https:\/\/www.btv.md\/wp-content\/uploads\/2016\/02\/cedo1.jpg","type":"image\/jpeg"}],"author":"admin","twitter_misc":{"Scris de":"admin","Timp estimat pentru citire":"2 minute"},"schema":{"@context":"https:\/\/schema.org","@graph":[{"@type":"Article","@id":"https:\/\/www.btv.md\/ro\/republica-moldova-a-mai-pierdut-un-dosar-la-cedo-din-cauza-tratamentului-inuman-din-partea-politistilor\/#article","isPartOf":{"@id":"https:\/\/www.btv.md\/ro\/republica-moldova-a-mai-pierdut-un-dosar-la-cedo-din-cauza-tratamentului-inuman-din-partea-politistilor\/"},"author":{"name":"admin","@id":"https:\/\/www.btv.md\/#\/schema\/person\/8fadce81561b3ce2c34c46dadc4ccbf2"},"headline":"REPUBLICA MOLDOVA A MAI PIERDUT UN DOSAR LA CEDO DIN CAUZA TRATAMENTULUI INUMAN DIN PARTEA POLI\u021aI\u0218TILOR","datePublished":"2016-02-16T12:29:14+00:00","mainEntityOfPage":{"@id":"https:\/\/www.btv.md\/ro\/republica-moldova-a-mai-pierdut-un-dosar-la-cedo-din-cauza-tratamentului-inuman-din-partea-politistilor\/"},"wordCount":478,"image":{"@id":"https:\/\/www.btv.md\/ro\/republica-moldova-a-mai-pierdut-un-dosar-la-cedo-din-cauza-tratamentului-inuman-din-partea-politistilor\/#primaryimage"},"thumbnailUrl":"https:\/\/www.btv.md\/wp-content\/uploads\/2016\/02\/cedo1.jpg","articleSection":["Social"],"inLanguage":"ro-RO"},{"@type":"WebPage","@id":"https:\/\/www.btv.md\/ro\/republica-moldova-a-mai-pierdut-un-dosar-la-cedo-din-cauza-tratamentului-inuman-din-partea-politistilor\/","url":"https:\/\/www.btv.md\/ro\/republica-moldova-a-mai-pierdut-un-dosar-la-cedo-din-cauza-tratamentului-inuman-din-partea-politistilor\/","name":"REPUBLICA MOLDOVA A MAI PIERDUT UN DOSAR LA CEDO DIN CAUZA TRATAMENTULUI INUMAN DIN PARTEA POLI\u021aI\u0218TILOR - BTV","isPartOf":{"@id":"https:\/\/www.btv.md\/#website"},"primaryImageOfPage":{"@id":"https:\/\/www.btv.md\/ro\/republica-moldova-a-mai-pierdut-un-dosar-la-cedo-din-cauza-tratamentului-inuman-din-partea-politistilor\/#primaryimage"},"image":{"@id":"https:\/\/www.btv.md\/ro\/republica-moldova-a-mai-pierdut-un-dosar-la-cedo-din-cauza-tratamentului-inuman-din-partea-politistilor\/#primaryimage"},"thumbnailUrl":"https:\/\/www.btv.md\/wp-content\/uploads\/2016\/02\/cedo1.jpg","datePublished":"2016-02-16T12:29:14+00:00","author":{"@id":"https:\/\/www.btv.md\/#\/schema\/person\/8fadce81561b3ce2c34c46dadc4ccbf2"},"inLanguage":"ro-RO","potentialAction":[{"@type":"ReadAction","target":["https:\/\/www.btv.md\/ro\/republica-moldova-a-mai-pierdut-un-dosar-la-cedo-din-cauza-tratamentului-inuman-din-partea-politistilor\/"]}]},{"@type":"ImageObject","inLanguage":"ro-RO","@id":"https:\/\/www.btv.md\/ro\/republica-moldova-a-mai-pierdut-un-dosar-la-cedo-din-cauza-tratamentului-inuman-din-partea-politistilor\/#primaryimage","url":"https:\/\/www.btv.md\/wp-content\/uploads\/2016\/02\/cedo1.jpg","contentUrl":"https:\/\/www.btv.md\/wp-content\/uploads\/2016\/02\/cedo1.jpg","width":700,"height":485,"caption":"inliniedreapta.net"},{"@type":"WebSite","@id":"https:\/\/www.btv.md\/#website","url":"https:\/\/www.btv.md\/","name":"BTV","description":"\u0411\u0435\u043b\u044c\u0446\u043a\u043e\u0435 \u0442\u0435\u043b\u0435\u0432\u0438\u0434\u0435\u043d\u0438\u0435","potentialAction":[{"@type":"SearchAction","target":{"@type":"EntryPoint","urlTemplate":"https:\/\/www.btv.md\/?s={search_term_string}"},"query-input":{"@type":"PropertyValueSpecification","valueRequired":true,"valueName":"search_term_string"}}],"inLanguage":"ro-RO"},{"@type":"Person","@id":"https:\/\/www.btv.md\/#\/schema\/person\/8fadce81561b3ce2c34c46dadc4ccbf2","name":"admin"}]}},"_links":{"self":[{"href":"https:\/\/www.btv.md\/ro\/wp-json\/wp\/v2\/posts\/7168","targetHints":{"allow":["GET"]}}],"collection":[{"href":"https:\/\/www.btv.md\/ro\/wp-json\/wp\/v2\/posts"}],"about":[{"href":"https:\/\/www.btv.md\/ro\/wp-json\/wp\/v2\/types\/post"}],"author":[{"embeddable":true,"href":"https:\/\/www.btv.md\/ro\/wp-json\/wp\/v2\/users\/4"}],"replies":[{"embeddable":true,"href":"https:\/\/www.btv.md\/ro\/wp-json\/wp\/v2\/comments?post=7168"}],"version-history":[{"count":0,"href":"https:\/\/www.btv.md\/ro\/wp-json\/wp\/v2\/posts\/7168\/revisions"}],"wp:featuredmedia":[{"embeddable":true,"href":"https:\/\/www.btv.md\/ro\/wp-json\/wp\/v2\/media\/7169"}],"wp:attachment":[{"href":"https:\/\/www.btv.md\/ro\/wp-json\/wp\/v2\/media?parent=7168"}],"wp:term":[{"taxonomy":"category","embeddable":true,"href":"https:\/\/www.btv.md\/ro\/wp-json\/wp\/v2\/categories?post=7168"},{"taxonomy":"post_tag","embeddable":true,"href":"https:\/\/www.btv.md\/ro\/wp-json\/wp\/v2\/tags?post=7168"}],"curies":[{"name":"wp","href":"https:\/\/api.w.org\/{rel}","templated":true}]}}