{"id":7171,"date":"2016-02-16T16:42:01","date_gmt":"2016-02-16T13:42:01","guid":{"rendered":"http:\/\/btv.md\/?p=7171"},"modified":"2016-02-16T16:42:01","modified_gmt":"2016-02-16T13:42:01","slug":"hasis-spaniol-confiscat-la-punctul-vamal-tudora","status":"publish","type":"post","link":"https:\/\/www.btv.md\/ro\/hasis-spaniol-confiscat-la-punctul-vamal-tudora\/","title":{"rendered":"HA\u0218IS  SPANIOL  CONFISCAT  LA  PUNCTUL  VAMAL  TUDORA"},"content":{"rendered":"<p><strong>Trei b\u0103rba\u021bi, cu v\u00eersta cuprins\u0103 \u00eentre 26 \u0219i 31 de ani, sunt suspecta\u021bi  de trafic de droguri. Potrivit for\u021belor de ordine b\u0103nui\u021bii domicilia\u021bi \u00een raionul S\u00e2ngerei \u0219i Ialoveni transportau ha\u0219i\u0219 din Spania \u0219i \u00eel comercializau \u00een Federa\u021bia Rus\u0103.<\/strong><\/p>\n<p>Suspec\u021bii au fost re\u021binu\u021bi \u00een timp  ce se deplasau pe traseul \u0218tefan Vod\u0103, \u00een direc\u021bia punctului vamal Tudora. \u00cen interiorul camionului, poli\u021bi\u0219tii au depistat 23 de kg de ha\u0219i\u0219.  <\/p>\n<p>Ulterior, au fost realizate perchezi\u021bii \u0219i  la domiciliul unui  suspect, poli\u021bi\u0219tii  au  depistat \u00eentr-o \u00eenc\u0103pere auxiliar\u0103 din curtea casei, \u00eengropate \u00een p\u0103m\u00eent, alte  18 kg  de ha\u0219i\u0219.  <\/p>\n<p>Dac\u0103 vor fi g\u0103si\u021bi vinova\u021bi, suspec\u021bii risc\u0103  de la 7 p\u00een\u0103 la 15 ani de \u00eenchisoare. <\/p>\n<p><iframe width=\"420\" height=\"315\" data-src=\"https:\/\/www.youtube.com\/embed\/6BkWPl3NLeo\" frameborder=\"0\" allowfullscreen src=\"data:image\/svg+xml;base64,PHN2ZyB3aWR0aD0iMSIgaGVpZ2h0PSIxIiB4bWxucz0iaHR0cDovL3d3dy53My5vcmcvMjAwMC9zdmciPjwvc3ZnPg==\" class=\"lazyload\" data-load-mode=\"1\"><\/iframe><\/p>\n","protected":false},"excerpt":{"rendered":"<p>Trei b\u0103rba\u021bi, cu v\u00eersta cuprins\u0103 \u00eentre 26 \u0219i 31 de ani, sunt suspecta\u021bi de trafic de droguri. Potrivit for\u021belor de ordine b\u0103nui\u021bii domicilia\u021bi \u00een raionul S\u00e2ngerei \u0219i Ialoveni transportau ha\u0219i\u0219 din Spania \u0219i \u00eel comercializau \u00een Federa\u021bia Rus\u0103. Suspec\u021bii au fost re\u021binu\u021bi \u00een timp ce se deplasau pe traseul \u0218tefan Vod\u0103, \u00een direc\u021bia punctului vamal [&hellip;]<\/p>\n","protected":false},"author":4,"featured_media":7172,"comment_status":"closed","ping_status":"closed","sticky":false,"template":"","format":"standard","meta":{"footnotes":""},"categories":[6351],"tags":[],"class_list":["post-7171","post","type-post","status-publish","format-standard","has-post-thumbnail","hentry","category-incidente"],"yoast_head":"<!-- This site is optimized with the Yoast SEO plugin v27.4 - https:\/\/yoast.com\/product\/yoast-seo-wordpress\/ -->\n<title>HA\u0218IS SPANIOL CONFISCAT LA PUNCTUL VAMAL TUDORA  - BTV<\/title>\n<meta name=\"robots\" content=\"index, follow, max-snippet:-1, max-image-preview:large, max-video-preview:-1\" \/>\n<link rel=\"canonical\" href=\"https:\/\/www.btv.md\/ro\/hasis-spaniol-confiscat-la-punctul-vamal-tudora\/\" \/>\n<meta property=\"og:locale\" content=\"ro_RO\" \/>\n<meta property=\"og:type\" content=\"article\" \/>\n<meta property=\"og:title\" content=\"HA\u0218IS SPANIOL CONFISCAT LA PUNCTUL VAMAL TUDORA  - BTV\" \/>\n<meta property=\"og:description\" content=\"Trei b\u0103rba\u021bi, cu v\u00eersta cuprins\u0103 \u00eentre 26 \u0219i 31 de ani, sunt suspecta\u021bi de trafic de droguri. Potrivit for\u021belor de ordine b\u0103nui\u021bii domicilia\u021bi \u00een raionul S\u00e2ngerei \u0219i Ialoveni transportau ha\u0219i\u0219 din Spania \u0219i \u00eel comercializau \u00een Federa\u021bia Rus\u0103. Suspec\u021bii au fost re\u021binu\u021bi \u00een timp ce se deplasau pe traseul \u0218tefan Vod\u0103, \u00een direc\u021bia punctului vamal [&hellip;]\" \/>\n<meta property=\"og:url\" content=\"https:\/\/www.btv.md\/ro\/hasis-spaniol-confiscat-la-punctul-vamal-tudora\/\" \/>\n<meta property=\"og:site_name\" content=\"BTV\" \/>\n<meta property=\"article:publisher\" content=\"https:\/\/www.facebook.com\/btvmoldova\/\" \/>\n<meta property=\"article:published_time\" content=\"2016-02-16T13:42:01+00:00\" \/>\n<meta property=\"og:image\" content=\"https:\/\/www.btv.md\/wp-content\/uploads\/2016\/02\/big-41-de-kg-de-hasis-transportate-din-spania-confiscate-in-rm-drogurile-urmau-sa-ajunga-pe-piata-neagra-din-rusia.jpg\" \/>\n\t<meta property=\"og:image:width\" content=\"460\" \/>\n\t<meta property=\"og:image:height\" content=\"270\" \/>\n\t<meta property=\"og:image:type\" content=\"image\/jpeg\" \/>\n<meta name=\"author\" content=\"admin\" \/>\n<meta name=\"twitter:label1\" content=\"Scris de\" \/>\n\t<meta name=\"twitter:data1\" content=\"admin\" \/>\n\t<meta name=\"twitter:label2\" content=\"Timp estimat pentru citire\" \/>\n\t<meta name=\"twitter:data2\" content=\"1 minut\" \/>\n<script type=\"application\/ld+json\" class=\"yoast-schema-graph\">{\"@context\":\"https:\\\/\\\/schema.org\",\"@graph\":[{\"@type\":\"Article\",\"@id\":\"https:\\\/\\\/www.btv.md\\\/ro\\\/hasis-spaniol-confiscat-la-punctul-vamal-tudora\\\/#article\",\"isPartOf\":{\"@id\":\"https:\\\/\\\/www.btv.md\\\/ro\\\/hasis-spaniol-confiscat-la-punctul-vamal-tudora\\\/\"},\"author\":{\"name\":\"admin\",\"@id\":\"https:\\\/\\\/www.btv.md\\\/#\\\/schema\\\/person\\\/8fadce81561b3ce2c34c46dadc4ccbf2\"},\"headline\":\"HA\u0218IS SPANIOL CONFISCAT LA PUNCTUL VAMAL TUDORA\",\"datePublished\":\"2016-02-16T13:42:01+00:00\",\"mainEntityOfPage\":{\"@id\":\"https:\\\/\\\/www.btv.md\\\/ro\\\/hasis-spaniol-confiscat-la-punctul-vamal-tudora\\\/\"},\"wordCount\":142,\"image\":{\"@id\":\"https:\\\/\\\/www.btv.md\\\/ro\\\/hasis-spaniol-confiscat-la-punctul-vamal-tudora\\\/#primaryimage\"},\"thumbnailUrl\":\"https:\\\/\\\/www.btv.md\\\/wp-content\\\/uploads\\\/2016\\\/02\\\/big-41-de-kg-de-hasis-transportate-din-spania-confiscate-in-rm-drogurile-urmau-sa-ajunga-pe-piata-neagra-din-rusia.jpg\",\"articleSection\":[\"Incidente\"],\"inLanguage\":\"ro-RO\"},{\"@type\":\"WebPage\",\"@id\":\"https:\\\/\\\/www.btv.md\\\/ro\\\/hasis-spaniol-confiscat-la-punctul-vamal-tudora\\\/\",\"url\":\"https:\\\/\\\/www.btv.md\\\/ro\\\/hasis-spaniol-confiscat-la-punctul-vamal-tudora\\\/\",\"name\":\"HA\u0218IS SPANIOL CONFISCAT LA PUNCTUL VAMAL TUDORA - BTV\",\"isPartOf\":{\"@id\":\"https:\\\/\\\/www.btv.md\\\/#website\"},\"primaryImageOfPage\":{\"@id\":\"https:\\\/\\\/www.btv.md\\\/ro\\\/hasis-spaniol-confiscat-la-punctul-vamal-tudora\\\/#primaryimage\"},\"image\":{\"@id\":\"https:\\\/\\\/www.btv.md\\\/ro\\\/hasis-spaniol-confiscat-la-punctul-vamal-tudora\\\/#primaryimage\"},\"thumbnailUrl\":\"https:\\\/\\\/www.btv.md\\\/wp-content\\\/uploads\\\/2016\\\/02\\\/big-41-de-kg-de-hasis-transportate-din-spania-confiscate-in-rm-drogurile-urmau-sa-ajunga-pe-piata-neagra-din-rusia.jpg\",\"datePublished\":\"2016-02-16T13:42:01+00:00\",\"author\":{\"@id\":\"https:\\\/\\\/www.btv.md\\\/#\\\/schema\\\/person\\\/8fadce81561b3ce2c34c46dadc4ccbf2\"},\"inLanguage\":\"ro-RO\",\"potentialAction\":[{\"@type\":\"ReadAction\",\"target\":[\"https:\\\/\\\/www.btv.md\\\/ro\\\/hasis-spaniol-confiscat-la-punctul-vamal-tudora\\\/\"]}]},{\"@type\":\"ImageObject\",\"inLanguage\":\"ro-RO\",\"@id\":\"https:\\\/\\\/www.btv.md\\\/ro\\\/hasis-spaniol-confiscat-la-punctul-vamal-tudora\\\/#primaryimage\",\"url\":\"https:\\\/\\\/www.btv.md\\\/wp-content\\\/uploads\\\/2016\\\/02\\\/big-41-de-kg-de-hasis-transportate-din-spania-confiscate-in-rm-drogurile-urmau-sa-ajunga-pe-piata-neagra-din-rusia.jpg\",\"contentUrl\":\"https:\\\/\\\/www.btv.md\\\/wp-content\\\/uploads\\\/2016\\\/02\\\/big-41-de-kg-de-hasis-transportate-din-spania-confiscate-in-rm-drogurile-urmau-sa-ajunga-pe-piata-neagra-din-rusia.jpg\",\"width\":460,\"height\":270,\"caption\":\"jurnal.md\"},{\"@type\":\"WebSite\",\"@id\":\"https:\\\/\\\/www.btv.md\\\/#website\",\"url\":\"https:\\\/\\\/www.btv.md\\\/\",\"name\":\"BTV\",\"description\":\"\u0411\u0435\u043b\u044c\u0446\u043a\u043e\u0435 \u0442\u0435\u043b\u0435\u0432\u0438\u0434\u0435\u043d\u0438\u0435\",\"potentialAction\":[{\"@type\":\"SearchAction\",\"target\":{\"@type\":\"EntryPoint\",\"urlTemplate\":\"https:\\\/\\\/www.btv.md\\\/?s={search_term_string}\"},\"query-input\":{\"@type\":\"PropertyValueSpecification\",\"valueRequired\":true,\"valueName\":\"search_term_string\"}}],\"inLanguage\":\"ro-RO\"},{\"@type\":\"Person\",\"@id\":\"https:\\\/\\\/www.btv.md\\\/#\\\/schema\\\/person\\\/8fadce81561b3ce2c34c46dadc4ccbf2\",\"name\":\"admin\"}]}<\/script>\n<!-- \/ Yoast SEO plugin. -->","yoast_head_json":{"title":"HA\u0218IS SPANIOL CONFISCAT LA PUNCTUL VAMAL TUDORA  - BTV","robots":{"index":"index","follow":"follow","max-snippet":"max-snippet:-1","max-image-preview":"max-image-preview:large","max-video-preview":"max-video-preview:-1"},"canonical":"https:\/\/www.btv.md\/ro\/hasis-spaniol-confiscat-la-punctul-vamal-tudora\/","og_locale":"ro_RO","og_type":"article","og_title":"HA\u0218IS SPANIOL CONFISCAT LA PUNCTUL VAMAL TUDORA  - BTV","og_description":"Trei b\u0103rba\u021bi, cu v\u00eersta cuprins\u0103 \u00eentre 26 \u0219i 31 de ani, sunt suspecta\u021bi de trafic de droguri. Potrivit for\u021belor de ordine b\u0103nui\u021bii domicilia\u021bi \u00een raionul S\u00e2ngerei \u0219i Ialoveni transportau ha\u0219i\u0219 din Spania \u0219i \u00eel comercializau \u00een Federa\u021bia Rus\u0103. Suspec\u021bii au fost re\u021binu\u021bi \u00een timp ce se deplasau pe traseul \u0218tefan Vod\u0103, \u00een direc\u021bia punctului vamal [&hellip;]","og_url":"https:\/\/www.btv.md\/ro\/hasis-spaniol-confiscat-la-punctul-vamal-tudora\/","og_site_name":"BTV","article_publisher":"https:\/\/www.facebook.com\/btvmoldova\/","article_published_time":"2016-02-16T13:42:01+00:00","og_image":[{"width":460,"height":270,"url":"https:\/\/www.btv.md\/wp-content\/uploads\/2016\/02\/big-41-de-kg-de-hasis-transportate-din-spania-confiscate-in-rm-drogurile-urmau-sa-ajunga-pe-piata-neagra-din-rusia.jpg","type":"image\/jpeg"}],"author":"admin","twitter_misc":{"Scris de":"admin","Timp estimat pentru citire":"1 minut"},"schema":{"@context":"https:\/\/schema.org","@graph":[{"@type":"Article","@id":"https:\/\/www.btv.md\/ro\/hasis-spaniol-confiscat-la-punctul-vamal-tudora\/#article","isPartOf":{"@id":"https:\/\/www.btv.md\/ro\/hasis-spaniol-confiscat-la-punctul-vamal-tudora\/"},"author":{"name":"admin","@id":"https:\/\/www.btv.md\/#\/schema\/person\/8fadce81561b3ce2c34c46dadc4ccbf2"},"headline":"HA\u0218IS SPANIOL CONFISCAT LA PUNCTUL VAMAL TUDORA","datePublished":"2016-02-16T13:42:01+00:00","mainEntityOfPage":{"@id":"https:\/\/www.btv.md\/ro\/hasis-spaniol-confiscat-la-punctul-vamal-tudora\/"},"wordCount":142,"image":{"@id":"https:\/\/www.btv.md\/ro\/hasis-spaniol-confiscat-la-punctul-vamal-tudora\/#primaryimage"},"thumbnailUrl":"https:\/\/www.btv.md\/wp-content\/uploads\/2016\/02\/big-41-de-kg-de-hasis-transportate-din-spania-confiscate-in-rm-drogurile-urmau-sa-ajunga-pe-piata-neagra-din-rusia.jpg","articleSection":["Incidente"],"inLanguage":"ro-RO"},{"@type":"WebPage","@id":"https:\/\/www.btv.md\/ro\/hasis-spaniol-confiscat-la-punctul-vamal-tudora\/","url":"https:\/\/www.btv.md\/ro\/hasis-spaniol-confiscat-la-punctul-vamal-tudora\/","name":"HA\u0218IS SPANIOL CONFISCAT LA PUNCTUL VAMAL TUDORA - BTV","isPartOf":{"@id":"https:\/\/www.btv.md\/#website"},"primaryImageOfPage":{"@id":"https:\/\/www.btv.md\/ro\/hasis-spaniol-confiscat-la-punctul-vamal-tudora\/#primaryimage"},"image":{"@id":"https:\/\/www.btv.md\/ro\/hasis-spaniol-confiscat-la-punctul-vamal-tudora\/#primaryimage"},"thumbnailUrl":"https:\/\/www.btv.md\/wp-content\/uploads\/2016\/02\/big-41-de-kg-de-hasis-transportate-din-spania-confiscate-in-rm-drogurile-urmau-sa-ajunga-pe-piata-neagra-din-rusia.jpg","datePublished":"2016-02-16T13:42:01+00:00","author":{"@id":"https:\/\/www.btv.md\/#\/schema\/person\/8fadce81561b3ce2c34c46dadc4ccbf2"},"inLanguage":"ro-RO","potentialAction":[{"@type":"ReadAction","target":["https:\/\/www.btv.md\/ro\/hasis-spaniol-confiscat-la-punctul-vamal-tudora\/"]}]},{"@type":"ImageObject","inLanguage":"ro-RO","@id":"https:\/\/www.btv.md\/ro\/hasis-spaniol-confiscat-la-punctul-vamal-tudora\/#primaryimage","url":"https:\/\/www.btv.md\/wp-content\/uploads\/2016\/02\/big-41-de-kg-de-hasis-transportate-din-spania-confiscate-in-rm-drogurile-urmau-sa-ajunga-pe-piata-neagra-din-rusia.jpg","contentUrl":"https:\/\/www.btv.md\/wp-content\/uploads\/2016\/02\/big-41-de-kg-de-hasis-transportate-din-spania-confiscate-in-rm-drogurile-urmau-sa-ajunga-pe-piata-neagra-din-rusia.jpg","width":460,"height":270,"caption":"jurnal.md"},{"@type":"WebSite","@id":"https:\/\/www.btv.md\/#website","url":"https:\/\/www.btv.md\/","name":"BTV","description":"\u0411\u0435\u043b\u044c\u0446\u043a\u043e\u0435 \u0442\u0435\u043b\u0435\u0432\u0438\u0434\u0435\u043d\u0438\u0435","potentialAction":[{"@type":"SearchAction","target":{"@type":"EntryPoint","urlTemplate":"https:\/\/www.btv.md\/?s={search_term_string}"},"query-input":{"@type":"PropertyValueSpecification","valueRequired":true,"valueName":"search_term_string"}}],"inLanguage":"ro-RO"},{"@type":"Person","@id":"https:\/\/www.btv.md\/#\/schema\/person\/8fadce81561b3ce2c34c46dadc4ccbf2","name":"admin"}]}},"_links":{"self":[{"href":"https:\/\/www.btv.md\/ro\/wp-json\/wp\/v2\/posts\/7171","targetHints":{"allow":["GET"]}}],"collection":[{"href":"https:\/\/www.btv.md\/ro\/wp-json\/wp\/v2\/posts"}],"about":[{"href":"https:\/\/www.btv.md\/ro\/wp-json\/wp\/v2\/types\/post"}],"author":[{"embeddable":true,"href":"https:\/\/www.btv.md\/ro\/wp-json\/wp\/v2\/users\/4"}],"replies":[{"embeddable":true,"href":"https:\/\/www.btv.md\/ro\/wp-json\/wp\/v2\/comments?post=7171"}],"version-history":[{"count":0,"href":"https:\/\/www.btv.md\/ro\/wp-json\/wp\/v2\/posts\/7171\/revisions"}],"wp:featuredmedia":[{"embeddable":true,"href":"https:\/\/www.btv.md\/ro\/wp-json\/wp\/v2\/media\/7172"}],"wp:attachment":[{"href":"https:\/\/www.btv.md\/ro\/wp-json\/wp\/v2\/media?parent=7171"}],"wp:term":[{"taxonomy":"category","embeddable":true,"href":"https:\/\/www.btv.md\/ro\/wp-json\/wp\/v2\/categories?post=7171"},{"taxonomy":"post_tag","embeddable":true,"href":"https:\/\/www.btv.md\/ro\/wp-json\/wp\/v2\/tags?post=7171"}],"curies":[{"name":"wp","href":"https:\/\/api.w.org\/{rel}","templated":true}]}}