{"id":7175,"date":"2016-02-16T16:52:57","date_gmt":"2016-02-16T13:52:57","guid":{"rendered":"http:\/\/btv.md\/?p=7175"},"modified":"2016-02-16T16:52:57","modified_gmt":"2016-02-16T13:52:57","slug":"condamnat-la-14-ani-de-inchisoare-pentru-violul-nepoatei-minore","status":"publish","type":"post","link":"https:\/\/www.btv.md\/ro\/condamnat-la-14-ani-de-inchisoare-pentru-violul-nepoatei-minore\/","title":{"rendered":"CONDAMNAT  LA  14 ANI  DE  \u00ceNCHISOARE PENTRU  VIOLUL  NEPOATEI  MINORE"},"content":{"rendered":"<p><strong>Procurorii au contestat sentin\u0163a prin care un b\u0103rbat a fost achitat pentru comiterea ac\u0163iunilor violente cu caracter sexual. <\/strong><\/p>\n<p>Potrivit procurorilor, pe parcursul anilor 2011 \u2013 2013,inculpatul, \u00een v\u00e2rst\u0103 de 63 de ani, \u015fi-a agresat sexual nepoata minor\u0103. La \u00eenceputul anului 2013, rudele feti\u021bei au observat o schimbare \u00een comportamentul ei, iar dup\u0103 ce au aflat ce i s-a \u00eent\u00e2mplat, imediat au anun\u0163at poli\u0163ia. <\/p>\n<p>\u00cen februarie 2014, instan\u0163a de fond l-a condamnat pe inculpat pentru comiterea violului la 12 ani de \u00eenchisoare fiind achitat de s\u0103v\u00e2r\u015firea ac\u0163iunilor violente cu caracter sexual pe motiv c\u0103 nu s-a constatat existen\u0163a faptei infrac\u0163iunii.<\/p>\n<p>Procurorii au contestat sentin\u0163a consider\u00e2nd-o ilegal\u0103, astfel Curtea de Apel B\u0103l\u0163i a dispus rejudecarea cauzei, recunosc\u00e2nd inculpatul vinovat de comiterea ac\u0163iunilor violente cu caracter sexual, stabilindu-i o pedeaps\u0103 definitiv\u0103 de 14 ani priva\u0163iune de libertate.<\/p>\n<p>Inculpatul este cet\u0103\u0163ean al Federa\u0163iei Ruse \u0219i este c\u0103s\u0103torit cu bunica victimei de c\u00e2\u0163iva ani, iar dup\u0103 incident femeia a divor\u0163at de acesta. <\/p>\n<p>Decizia poate fi atacat\u0103.<\/p>\n<p><iframe width=\"420\" height=\"315\" data-src=\"https:\/\/www.youtube.com\/embed\/Yaps25_JcHg\" frameborder=\"0\" allowfullscreen src=\"data:image\/svg+xml;base64,PHN2ZyB3aWR0aD0iMSIgaGVpZ2h0PSIxIiB4bWxucz0iaHR0cDovL3d3dy53My5vcmcvMjAwMC9zdmciPjwvc3ZnPg==\" class=\"lazyload\" data-load-mode=\"1\"><\/iframe><\/p>\n","protected":false},"excerpt":{"rendered":"<p>Procurorii au contestat sentin\u0163a prin care un b\u0103rbat a fost achitat pentru comiterea ac\u0163iunilor violente cu caracter sexual. Potrivit procurorilor, pe parcursul anilor 2011 \u2013 2013,inculpatul, \u00een v\u00e2rst\u0103 de 63 de ani, \u015fi-a agresat sexual nepoata minor\u0103. La \u00eenceputul anului 2013, rudele feti\u021bei au observat o schimbare \u00een comportamentul ei, iar dup\u0103 ce au aflat [&hellip;]<\/p>\n","protected":false},"author":4,"featured_media":7176,"comment_status":"closed","ping_status":"closed","sticky":false,"template":"","format":"standard","meta":{"footnotes":""},"categories":[6353],"tags":[],"class_list":["post-7175","post","type-post","status-publish","format-standard","has-post-thumbnail","hentry","category-oras"],"yoast_head":"<!-- This site is optimized with the Yoast SEO plugin v27.4 - https:\/\/yoast.com\/product\/yoast-seo-wordpress\/ -->\n<title>CONDAMNAT LA 14 ANI DE \u00ceNCHISOARE PENTRU VIOLUL NEPOATEI MINORE - BTV<\/title>\n<meta name=\"robots\" content=\"index, follow, max-snippet:-1, max-image-preview:large, max-video-preview:-1\" \/>\n<link rel=\"canonical\" href=\"https:\/\/www.btv.md\/ro\/condamnat-la-14-ani-de-inchisoare-pentru-violul-nepoatei-minore\/\" \/>\n<meta property=\"og:locale\" content=\"ro_RO\" \/>\n<meta property=\"og:type\" content=\"article\" \/>\n<meta property=\"og:title\" content=\"CONDAMNAT LA 14 ANI DE \u00ceNCHISOARE PENTRU VIOLUL NEPOATEI MINORE - BTV\" \/>\n<meta property=\"og:description\" content=\"Procurorii au contestat sentin\u0163a prin care un b\u0103rbat a fost achitat pentru comiterea ac\u0163iunilor violente cu caracter sexual. Potrivit procurorilor, pe parcursul anilor 2011 \u2013 2013,inculpatul, \u00een v\u00e2rst\u0103 de 63 de ani, \u015fi-a agresat sexual nepoata minor\u0103. La \u00eenceputul anului 2013, rudele feti\u021bei au observat o schimbare \u00een comportamentul ei, iar dup\u0103 ce au aflat [&hellip;]\" \/>\n<meta property=\"og:url\" content=\"https:\/\/www.btv.md\/ro\/condamnat-la-14-ani-de-inchisoare-pentru-violul-nepoatei-minore\/\" \/>\n<meta property=\"og:site_name\" content=\"BTV\" \/>\n<meta property=\"article:publisher\" content=\"https:\/\/www.facebook.com\/btvmoldova\/\" \/>\n<meta property=\"article:published_time\" content=\"2016-02-16T13:52:57+00:00\" \/>\n<meta property=\"og:image\" content=\"https:\/\/www.btv.md\/wp-content\/uploads\/2016\/02\/img_2006761_thumbs_600x440_3105511.jpg\" \/>\n\t<meta property=\"og:image:width\" content=\"600\" \/>\n\t<meta property=\"og:image:height\" content=\"390\" \/>\n\t<meta property=\"og:image:type\" content=\"image\/jpeg\" \/>\n<meta name=\"author\" content=\"admin\" \/>\n<meta name=\"twitter:label1\" content=\"Scris de\" \/>\n\t<meta name=\"twitter:data1\" content=\"admin\" \/>\n\t<meta name=\"twitter:label2\" content=\"Timp estimat pentru citire\" \/>\n\t<meta name=\"twitter:data2\" content=\"1 minut\" \/>\n<script type=\"application\/ld+json\" class=\"yoast-schema-graph\">{\"@context\":\"https:\\\/\\\/schema.org\",\"@graph\":[{\"@type\":\"Article\",\"@id\":\"https:\\\/\\\/www.btv.md\\\/ro\\\/condamnat-la-14-ani-de-inchisoare-pentru-violul-nepoatei-minore\\\/#article\",\"isPartOf\":{\"@id\":\"https:\\\/\\\/www.btv.md\\\/ro\\\/condamnat-la-14-ani-de-inchisoare-pentru-violul-nepoatei-minore\\\/\"},\"author\":{\"name\":\"admin\",\"@id\":\"https:\\\/\\\/www.btv.md\\\/#\\\/schema\\\/person\\\/8fadce81561b3ce2c34c46dadc4ccbf2\"},\"headline\":\"CONDAMNAT LA 14 ANI DE \u00ceNCHISOARE PENTRU VIOLUL NEPOATEI MINORE\",\"datePublished\":\"2016-02-16T13:52:57+00:00\",\"mainEntityOfPage\":{\"@id\":\"https:\\\/\\\/www.btv.md\\\/ro\\\/condamnat-la-14-ani-de-inchisoare-pentru-violul-nepoatei-minore\\\/\"},\"wordCount\":191,\"image\":{\"@id\":\"https:\\\/\\\/www.btv.md\\\/ro\\\/condamnat-la-14-ani-de-inchisoare-pentru-violul-nepoatei-minore\\\/#primaryimage\"},\"thumbnailUrl\":\"https:\\\/\\\/www.btv.md\\\/wp-content\\\/uploads\\\/2016\\\/02\\\/img_2006761_thumbs_600x440_3105511.jpg\",\"articleSection\":[\"Ora\u0219\"],\"inLanguage\":\"ro-RO\"},{\"@type\":\"WebPage\",\"@id\":\"https:\\\/\\\/www.btv.md\\\/ro\\\/condamnat-la-14-ani-de-inchisoare-pentru-violul-nepoatei-minore\\\/\",\"url\":\"https:\\\/\\\/www.btv.md\\\/ro\\\/condamnat-la-14-ani-de-inchisoare-pentru-violul-nepoatei-minore\\\/\",\"name\":\"CONDAMNAT LA 14 ANI DE \u00ceNCHISOARE PENTRU VIOLUL NEPOATEI MINORE - BTV\",\"isPartOf\":{\"@id\":\"https:\\\/\\\/www.btv.md\\\/#website\"},\"primaryImageOfPage\":{\"@id\":\"https:\\\/\\\/www.btv.md\\\/ro\\\/condamnat-la-14-ani-de-inchisoare-pentru-violul-nepoatei-minore\\\/#primaryimage\"},\"image\":{\"@id\":\"https:\\\/\\\/www.btv.md\\\/ro\\\/condamnat-la-14-ani-de-inchisoare-pentru-violul-nepoatei-minore\\\/#primaryimage\"},\"thumbnailUrl\":\"https:\\\/\\\/www.btv.md\\\/wp-content\\\/uploads\\\/2016\\\/02\\\/img_2006761_thumbs_600x440_3105511.jpg\",\"datePublished\":\"2016-02-16T13:52:57+00:00\",\"author\":{\"@id\":\"https:\\\/\\\/www.btv.md\\\/#\\\/schema\\\/person\\\/8fadce81561b3ce2c34c46dadc4ccbf2\"},\"inLanguage\":\"ro-RO\",\"potentialAction\":[{\"@type\":\"ReadAction\",\"target\":[\"https:\\\/\\\/www.btv.md\\\/ro\\\/condamnat-la-14-ani-de-inchisoare-pentru-violul-nepoatei-minore\\\/\"]}]},{\"@type\":\"ImageObject\",\"inLanguage\":\"ro-RO\",\"@id\":\"https:\\\/\\\/www.btv.md\\\/ro\\\/condamnat-la-14-ani-de-inchisoare-pentru-violul-nepoatei-minore\\\/#primaryimage\",\"url\":\"https:\\\/\\\/www.btv.md\\\/wp-content\\\/uploads\\\/2016\\\/02\\\/img_2006761_thumbs_600x440_3105511.jpg\",\"contentUrl\":\"https:\\\/\\\/www.btv.md\\\/wp-content\\\/uploads\\\/2016\\\/02\\\/img_2006761_thumbs_600x440_3105511.jpg\",\"width\":600,\"height\":390,\"caption\":\"protv.md\"},{\"@type\":\"WebSite\",\"@id\":\"https:\\\/\\\/www.btv.md\\\/#website\",\"url\":\"https:\\\/\\\/www.btv.md\\\/\",\"name\":\"BTV\",\"description\":\"\u0411\u0435\u043b\u044c\u0446\u043a\u043e\u0435 \u0442\u0435\u043b\u0435\u0432\u0438\u0434\u0435\u043d\u0438\u0435\",\"potentialAction\":[{\"@type\":\"SearchAction\",\"target\":{\"@type\":\"EntryPoint\",\"urlTemplate\":\"https:\\\/\\\/www.btv.md\\\/?s={search_term_string}\"},\"query-input\":{\"@type\":\"PropertyValueSpecification\",\"valueRequired\":true,\"valueName\":\"search_term_string\"}}],\"inLanguage\":\"ro-RO\"},{\"@type\":\"Person\",\"@id\":\"https:\\\/\\\/www.btv.md\\\/#\\\/schema\\\/person\\\/8fadce81561b3ce2c34c46dadc4ccbf2\",\"name\":\"admin\"}]}<\/script>\n<!-- \/ Yoast SEO plugin. -->","yoast_head_json":{"title":"CONDAMNAT LA 14 ANI DE \u00ceNCHISOARE PENTRU VIOLUL NEPOATEI MINORE - BTV","robots":{"index":"index","follow":"follow","max-snippet":"max-snippet:-1","max-image-preview":"max-image-preview:large","max-video-preview":"max-video-preview:-1"},"canonical":"https:\/\/www.btv.md\/ro\/condamnat-la-14-ani-de-inchisoare-pentru-violul-nepoatei-minore\/","og_locale":"ro_RO","og_type":"article","og_title":"CONDAMNAT LA 14 ANI DE \u00ceNCHISOARE PENTRU VIOLUL NEPOATEI MINORE - BTV","og_description":"Procurorii au contestat sentin\u0163a prin care un b\u0103rbat a fost achitat pentru comiterea ac\u0163iunilor violente cu caracter sexual. Potrivit procurorilor, pe parcursul anilor 2011 \u2013 2013,inculpatul, \u00een v\u00e2rst\u0103 de 63 de ani, \u015fi-a agresat sexual nepoata minor\u0103. La \u00eenceputul anului 2013, rudele feti\u021bei au observat o schimbare \u00een comportamentul ei, iar dup\u0103 ce au aflat [&hellip;]","og_url":"https:\/\/www.btv.md\/ro\/condamnat-la-14-ani-de-inchisoare-pentru-violul-nepoatei-minore\/","og_site_name":"BTV","article_publisher":"https:\/\/www.facebook.com\/btvmoldova\/","article_published_time":"2016-02-16T13:52:57+00:00","og_image":[{"width":600,"height":390,"url":"https:\/\/www.btv.md\/wp-content\/uploads\/2016\/02\/img_2006761_thumbs_600x440_3105511.jpg","type":"image\/jpeg"}],"author":"admin","twitter_misc":{"Scris de":"admin","Timp estimat pentru citire":"1 minut"},"schema":{"@context":"https:\/\/schema.org","@graph":[{"@type":"Article","@id":"https:\/\/www.btv.md\/ro\/condamnat-la-14-ani-de-inchisoare-pentru-violul-nepoatei-minore\/#article","isPartOf":{"@id":"https:\/\/www.btv.md\/ro\/condamnat-la-14-ani-de-inchisoare-pentru-violul-nepoatei-minore\/"},"author":{"name":"admin","@id":"https:\/\/www.btv.md\/#\/schema\/person\/8fadce81561b3ce2c34c46dadc4ccbf2"},"headline":"CONDAMNAT LA 14 ANI DE \u00ceNCHISOARE PENTRU VIOLUL NEPOATEI MINORE","datePublished":"2016-02-16T13:52:57+00:00","mainEntityOfPage":{"@id":"https:\/\/www.btv.md\/ro\/condamnat-la-14-ani-de-inchisoare-pentru-violul-nepoatei-minore\/"},"wordCount":191,"image":{"@id":"https:\/\/www.btv.md\/ro\/condamnat-la-14-ani-de-inchisoare-pentru-violul-nepoatei-minore\/#primaryimage"},"thumbnailUrl":"https:\/\/www.btv.md\/wp-content\/uploads\/2016\/02\/img_2006761_thumbs_600x440_3105511.jpg","articleSection":["Ora\u0219"],"inLanguage":"ro-RO"},{"@type":"WebPage","@id":"https:\/\/www.btv.md\/ro\/condamnat-la-14-ani-de-inchisoare-pentru-violul-nepoatei-minore\/","url":"https:\/\/www.btv.md\/ro\/condamnat-la-14-ani-de-inchisoare-pentru-violul-nepoatei-minore\/","name":"CONDAMNAT LA 14 ANI DE \u00ceNCHISOARE PENTRU VIOLUL NEPOATEI MINORE - BTV","isPartOf":{"@id":"https:\/\/www.btv.md\/#website"},"primaryImageOfPage":{"@id":"https:\/\/www.btv.md\/ro\/condamnat-la-14-ani-de-inchisoare-pentru-violul-nepoatei-minore\/#primaryimage"},"image":{"@id":"https:\/\/www.btv.md\/ro\/condamnat-la-14-ani-de-inchisoare-pentru-violul-nepoatei-minore\/#primaryimage"},"thumbnailUrl":"https:\/\/www.btv.md\/wp-content\/uploads\/2016\/02\/img_2006761_thumbs_600x440_3105511.jpg","datePublished":"2016-02-16T13:52:57+00:00","author":{"@id":"https:\/\/www.btv.md\/#\/schema\/person\/8fadce81561b3ce2c34c46dadc4ccbf2"},"inLanguage":"ro-RO","potentialAction":[{"@type":"ReadAction","target":["https:\/\/www.btv.md\/ro\/condamnat-la-14-ani-de-inchisoare-pentru-violul-nepoatei-minore\/"]}]},{"@type":"ImageObject","inLanguage":"ro-RO","@id":"https:\/\/www.btv.md\/ro\/condamnat-la-14-ani-de-inchisoare-pentru-violul-nepoatei-minore\/#primaryimage","url":"https:\/\/www.btv.md\/wp-content\/uploads\/2016\/02\/img_2006761_thumbs_600x440_3105511.jpg","contentUrl":"https:\/\/www.btv.md\/wp-content\/uploads\/2016\/02\/img_2006761_thumbs_600x440_3105511.jpg","width":600,"height":390,"caption":"protv.md"},{"@type":"WebSite","@id":"https:\/\/www.btv.md\/#website","url":"https:\/\/www.btv.md\/","name":"BTV","description":"\u0411\u0435\u043b\u044c\u0446\u043a\u043e\u0435 \u0442\u0435\u043b\u0435\u0432\u0438\u0434\u0435\u043d\u0438\u0435","potentialAction":[{"@type":"SearchAction","target":{"@type":"EntryPoint","urlTemplate":"https:\/\/www.btv.md\/?s={search_term_string}"},"query-input":{"@type":"PropertyValueSpecification","valueRequired":true,"valueName":"search_term_string"}}],"inLanguage":"ro-RO"},{"@type":"Person","@id":"https:\/\/www.btv.md\/#\/schema\/person\/8fadce81561b3ce2c34c46dadc4ccbf2","name":"admin"}]}},"_links":{"self":[{"href":"https:\/\/www.btv.md\/ro\/wp-json\/wp\/v2\/posts\/7175","targetHints":{"allow":["GET"]}}],"collection":[{"href":"https:\/\/www.btv.md\/ro\/wp-json\/wp\/v2\/posts"}],"about":[{"href":"https:\/\/www.btv.md\/ro\/wp-json\/wp\/v2\/types\/post"}],"author":[{"embeddable":true,"href":"https:\/\/www.btv.md\/ro\/wp-json\/wp\/v2\/users\/4"}],"replies":[{"embeddable":true,"href":"https:\/\/www.btv.md\/ro\/wp-json\/wp\/v2\/comments?post=7175"}],"version-history":[{"count":0,"href":"https:\/\/www.btv.md\/ro\/wp-json\/wp\/v2\/posts\/7175\/revisions"}],"wp:featuredmedia":[{"embeddable":true,"href":"https:\/\/www.btv.md\/ro\/wp-json\/wp\/v2\/media\/7176"}],"wp:attachment":[{"href":"https:\/\/www.btv.md\/ro\/wp-json\/wp\/v2\/media?parent=7175"}],"wp:term":[{"taxonomy":"category","embeddable":true,"href":"https:\/\/www.btv.md\/ro\/wp-json\/wp\/v2\/categories?post=7175"},{"taxonomy":"post_tag","embeddable":true,"href":"https:\/\/www.btv.md\/ro\/wp-json\/wp\/v2\/tags?post=7175"}],"curies":[{"name":"wp","href":"https:\/\/api.w.org\/{rel}","templated":true}]}}